{"id":255734,"date":"2022-10-31T16:40:09","date_gmt":"2022-10-31T15:40:09","guid":{"rendered":"https:\/\/www.intoscana.it\/it\/?p=255734"},"modified":"2022-10-31T16:59:51","modified_gmt":"2022-10-31T15:59:51","slug":"tim-burton-lucca-comics-mercoledi","status":"publish","type":"post","link":"https:\/\/www.intoscana.it\/it\/tim-burton-lucca-comics-mercoledi\/","title":{"rendered":"Lucca Comics: \u00e8 il giorno di Tim Burton che presenta &#8220;Mercoled\u00ec&#8221; eroina dalla forza silenziosa"},"content":{"rendered":"<p><strong>Luned\u00ec 31 ottobre, <\/strong>Halloween, <a href=\"https:\/\/www.intoscana.it\/it\/articolo\/tim-burton-lucca-comics-and-games-2022\/\" target=\"_blank\" rel=\"noopener\"><strong>Tim Burton<\/strong><\/a> uno dei maestri pi\u00f9 visionari del cinema mondiale \u00e8 intervenuto al <a href=\"https:\/\/www.intoscana.it\/it\/articolo\/turismo-alla-scoperta-di-una-toscana-fantasy-con-lucca-comicsgames\/\" target=\"_blank\" rel=\"noopener\"><strong>Lucca Comics and Games<\/strong> <\/a>per presentare la sua ultima &#8220;fatica&#8221; ovvero la serie realizzata per Netflix <strong><i>&#8220;Mercoled\u00ec&#8221;\u00a0<\/i><\/strong>l&#8217;iconica\u00a0adolescente della<strong> famiglia Addams<\/strong> interpretata sa<strong> Jenna Ortega.<\/strong><\/p>\n<p>Un racconto teen comedy\/mystery\/fantasy in<strong> otto episodi &#8220;un po&#8217; horror&#8221;<\/strong> che debutter\u00e0 online il <strong>23 novembre.<\/strong><\/p>\n<p>Ad accoglierlo un pubblico di <strong>oltre 8 mila persone in Piazza San Michele,<\/strong> tra fan e una schiera di <strong>cosplayer di Mercoled\u00ec<\/strong> (omaggiata indossando la parrucca con le sue iconiche ed inconfondibili trecce) e della Famiglia Addams al completo.<\/p>\n<p><span class=\"citazione\">Ho avuto problemi di salute mentale per met\u00e0 della mia vita e mi identifico in Mercoled\u00ec. Per me \u00e8 una fonte di ispirazione. Lei \u00e8 molto chiara, diretta, dice quello che prova. Questo la porta a mettersi nei guai nei confronti degli altri, ma a livello simbolico ha una forza silenziosa e semplice che per me \u00e8 molto importante<\/span><\/p>\n<p><em>&#8220;Mi sono sempre sentito come Mercoled\u00ec da teenager, sarei benissimo potuto essere lei<\/em> &#8211; ha dichiarato<strong> Burton in conferenza stampa a <a href=\"https:\/\/www.intoscana.it\/it\/articolo\/inaugurazione-lucca-comics-2022\/\" target=\"_blank\" rel=\"noopener\">Lucca Comics and Games<\/a> all&#8217;ANSA<\/strong>\u00a0-. <em>Avevo lo stesso punto di vista in bianco e nero. E&#8217; stata sempre rappresentata come una bambina, ma a me interessava vedere come reagisse a scuola, con gli insegnanti, all&#8217;andare in terapia&#8221;.<\/em><\/p>\n<p><strong>La famiglia Addams<\/strong> creata negli anni &#8217;30 da Charles Addams \u00e8 tornata pi\u00f9 volte sul piccolo e grande schermo: <em>&#8220;Sono cresciuto guardando la serie e soprattutto leggendo i fumetti &#8211; <\/em><strong>ha spiegato il regista,<\/strong> che aveva anche avviato un progetto poi abbandonato di un film in stop motion sul tema <em>-. La famiglia Addams \u00e8 l&#8217;emblema della famiglia strana, come lo sono, in fondo, tutte le famiglie&#8221;. <\/em>Poi <em>&#8220;la maggior parte dei bambini \u00e8 imbarazzata dai genitori&#8230; immaginatevi avere Morticia come madre, si andrebbe fuori di matto&#8221;.<\/em><\/p>\n<figure id=\"post-250168 media-250168\" class=\"align-none\"><img decoding=\"async\" src=\"https:\/\/www.intoscana.it\/wp-content\/uploads\/mercoledi-netflix-tim-burton-serie-tv.jpg\" alt=\"\" \/><\/figure>\n<p>Raccontare <strong>Mercoled\u00ec<\/strong> riporta Burton anche a trattare temi come<strong> l&#8217;accettazione di s\u00e9 e la propria emotivit\u00e0<\/strong>: <em>&#8220;<strong>Ho avuto problemi di salute mentale per met\u00e0 della mia vita e mi identifico in Mercoled\u00ec<\/strong><\/em>&#8211; sottolinea <em>-. Per me \u00e8 una fonte di ispirazione. Lei \u00e8 molto chiara, diretta, dice quello che prova. Questo la porta a mettersi nei guai nei confronti degli altri, ma <strong>a livello simbolico ha una forza silenziosa e semplice che per me \u00e8 molto importante&#8221;.<\/strong><\/em><\/p>\n<p>Nella serie troviamo la protagonista (Ortega) che dopo un &#8216;incidente&#8217; nel precedente liceo viene iscritta dai genitori <strong>Morticia (Catherine Zeta Jones) e Gomez (Luis Guzm\u00e1n)<\/strong> alla scuola che avevano frequentato anche loro, la<strong> Nevermore Academy,<\/strong> specializzata nell&#8217;educare &#8220;mostri, freaks e &#8216;reietti'&#8221; (tra gli studenti famosi del passato Edgar Allan Poe) diretta dalla preside Larissa Weems (Gwendoline Christie).<\/p>\n<p>Per la laconica teenager \u00e8 l&#8217;occasione di fare una serie di bizzarri incontri ma anche di iniziare a indagare su una serie di violenti e inspiegabili omicidi. Nel cast, fra gli altri, anche Isaac Ordonez (Pugsley Addams), Emma Myers, Hunter Doohan, Joy Sunday, Naomi J Ogawa, Riki Lindhome e <strong>Christina Ricci, qui professoressa della scuola,<\/strong> e gi\u00e0 straordinaria interprete di Mercoled\u00ec nei film del 1991 e 1993.<\/p>\n<p><strong>Mercoled\u00ec <\/strong><em>&#8220;va in una scuola per reietti e si sente reietta fra i reietti &#8211;<\/em><strong> aggiunge Burton &#8211;<\/strong><em> \u00e8 quello che ho provato tutta la mia vita, nei confronti della scuola, dei genitori, degli altri. Questo progetto mi corrisponde&#8221;.<\/em><\/p>\n<p>Per il regista \u00e8 &#8220;<em>un personaggio iconico e non ci sarebbe stata la serie senza Jenna. Non era facile trovare chi potesse incarnarla, lei lo fa molto anche attraverso i suoi occhi. Jenna \u00e8 una persona con molta forza di carattere e riflette il personaggio che \u00e8 in bianco e nero, ma fa trasparire qualche lato umano, senza tradire la sua essenza&#8221;.\u00a0<\/em>\u00a0<div class=\"focuson\"><a href=\"https:\/\/www.intoscana.it\/it\/articolo\/inaugurazione-lucca-comics-2022\/\"><img decoding=\"async\" class=\"lazy\" src=\"https:\/\/www.intoscana.it\/wp-content\/uploads\/lucca_comics_2021_18.jpg\" style=\"\">\n                <div class=\"cat\">Lucca Comics and Games<\/div>\n                <h4>Tutti gli appuntamenti pi\u00f9 importanti<\/h4><\/a>\n              <\/div><\/p>\n<p>Tra gli aspetti che Tim Burton ha in comune con Mercoled\u00ec c&#8217;\u00e8 anche la<strong> diffidenza per web e social: <\/strong><em><strong>&#8220;<\/strong>Io ho paura di internet &#8211; <\/em><strong>ha detto sorridendo<\/strong><em> -. Ogni volta che vado a cercare qualcosa mi ritrovo in qualche buco nero come video con inquietanti gatti&#8230; E&#8217; uno strumento nato per il bene, ma mi sembra spesso spesso venga utilizzato per il male&#8221;.<\/em><\/p>\n<p>Il debutto come regista di serie l&#8217;ha vissuto con naturalezza: &#8220;<em>Era interessante lavorare a un ritmo diverso, qui c&#8217;\u00e8 una cottura pi\u00f9 lenta, \u00e8 stato molto piacevole. Ho dato la linea generale e gli altri registi l&#8217;hanno portata avanti&#8221;. Comunque &#8220;il mio primo primo amore sono i film, e penso, spero &#8211; <\/em><strong>conclude &#8211; <\/strong><em>che ci sia ancora spazio per il cinema&#8221;.<\/em><\/p>\n<figure id=\"post-255742 media-255742\" class=\"align-none\"><img decoding=\"async\" src=\"https:\/\/www.intoscana.it\/wp-content\/uploads\/WEDNESDAY_105_Unit_00921R.pkjlz5wzz8_thumbnail-2.jpg\" alt=\"\" \/><\/figure>\n<div class=\"titleimg\">Mercoled\u00ec Netflix<\/div>\n","protected":false},"excerpt":{"rendered":"<p>Halloween speciale per Tim Burton a Lucca per presentare la sua nuova serie Netflix ispirata al celebre personaggio della Famiglia Addams<\/p>\n","protected":false},"author":525,"featured_media":255737,"comment_status":"open","ping_status":"open","sticky":false,"template":"","format":"standard","meta":{"_acf_changed":false,"footnotes":""},"categories":[493],"tags":[188,170,4539],"class_list":["post-255734","post","type-post","status-publish","format-standard","has-post-thumbnail","hentry","category-cultura","tag-cinema","tag-lucca","tag-lucca-comics"],"acf":[],"yoast_head":"<!-- This site is optimized with the Yoast SEO Premium plugin v24.2 (Yoast SEO v25.6) - https:\/\/yoast.com\/wordpress\/plugins\/seo\/ -->\n<title>Lucca Comics: \u00e8 il giorno di Tim Burton che presenta &quot;Mercoled\u00ec&quot; eroina dalla forza silenziosa - intoscana<\/title>\n<meta name=\"description\" content=\"Halloween speciale per Tim Burton a Lucca per presentare la sua nuova serie Netflix ispirata al celebre personaggio della Famiglia Addams\" \/>\n<meta name=\"robots\" content=\"index, follow, max-snippet:-1, max-image-preview:large, max-video-preview:-1\" \/>\n<link rel=\"canonical\" href=\"https:\/\/www.intoscana.it\/it\/tim-burton-lucca-comics-mercoledi\/\" \/>\n<meta property=\"og:locale\" content=\"it_IT\" \/>\n<meta property=\"og:type\" content=\"article\" \/>\n<meta property=\"og:title\" content=\"Lucca Comics: \u00e8 il giorno di Tim Burton che presenta &quot;Mercoled\u00ec&quot; eroina dalla forza silenziosa\" \/>\n<meta property=\"og:description\" content=\"Halloween speciale per Tim Burton a Lucca per presentare la sua nuova serie Netflix ispirata al celebre personaggio della Famiglia Addams\" \/>\n<meta property=\"og:url\" content=\"https:\/\/www.intoscana.it\/it\/tim-burton-lucca-comics-mercoledi\/\" \/>\n<meta property=\"og:site_name\" content=\"intoscana\" \/>\n<meta property=\"article:publisher\" content=\"https:\/\/www.facebook.com\/intoscana.it\" \/>\n<meta property=\"article:published_time\" content=\"2022-10-31T15:40:09+00:00\" \/>\n<meta property=\"article:modified_time\" content=\"2022-10-31T15:59:51+00:00\" \/>\n<meta property=\"og:image\" content=\"https:\/\/www.intoscana.it\/wp-content\/uploads\/313408835_5774325219296759_2894582152294104875_n.jpg\" \/>\n\t<meta property=\"og:image:width\" content=\"1600\" \/>\n\t<meta property=\"og:image:height\" content=\"1067\" \/>\n\t<meta property=\"og:image:type\" content=\"image\/jpeg\" \/>\n<meta name=\"author\" content=\"Redazione\" \/>\n<meta name=\"twitter:card\" content=\"summary_large_image\" \/>\n<meta name=\"twitter:creator\" content=\"@intoscana\" \/>\n<meta name=\"twitter:site\" content=\"@intoscana\" \/>\n<meta name=\"twitter:label1\" content=\"Written by\" \/>\n\t<meta name=\"twitter:data1\" content=\"Redazione\" \/>\n\t<meta name=\"twitter:label2\" content=\"Est. reading time\" \/>\n\t<meta name=\"twitter:data2\" content=\"4 minuti\" \/>\n<script type=\"application\/ld+json\" class=\"yoast-schema-graph\">{\"@context\":\"https:\/\/schema.org\",\"@graph\":[{\"@type\":\"WebPage\",\"@id\":\"https:\/\/www.intoscana.it\/it\/tim-burton-lucca-comics-mercoledi\/\",\"url\":\"https:\/\/www.intoscana.it\/it\/tim-burton-lucca-comics-mercoledi\/\",\"name\":\"Lucca Comics: \u00e8 il giorno di Tim Burton che presenta \\\"Mercoled\u00ec\\\" eroina dalla forza silenziosa - intoscana\",\"isPartOf\":{\"@id\":\"https:\/\/www.intoscana.it\/it\/#website\"},\"primaryImageOfPage\":{\"@id\":\"https:\/\/www.intoscana.it\/it\/tim-burton-lucca-comics-mercoledi\/#primaryimage\"},\"image\":{\"@id\":\"https:\/\/www.intoscana.it\/it\/tim-burton-lucca-comics-mercoledi\/#primaryimage\"},\"thumbnailUrl\":\"https:\/\/www.intoscana.it\/wp-content\/uploads\/313408835_5774325219296759_2894582152294104875_n.jpg\",\"datePublished\":\"2022-10-31T15:40:09+00:00\",\"dateModified\":\"2022-10-31T15:59:51+00:00\",\"author\":{\"@id\":\"https:\/\/www.intoscana.it\/it\/#\/schema\/person\/9223810753230f20bd670fdd322661f8\"},\"description\":\"Halloween speciale per Tim Burton a Lucca per presentare la sua nuova serie Netflix ispirata al celebre personaggio della Famiglia Addams\",\"breadcrumb\":{\"@id\":\"https:\/\/www.intoscana.it\/it\/tim-burton-lucca-comics-mercoledi\/#breadcrumb\"},\"inLanguage\":\"it-IT\",\"potentialAction\":[{\"@type\":\"ReadAction\",\"target\":[\"https:\/\/www.intoscana.it\/it\/tim-burton-lucca-comics-mercoledi\/\"]}]},{\"@type\":\"ImageObject\",\"inLanguage\":\"it-IT\",\"@id\":\"https:\/\/www.intoscana.it\/it\/tim-burton-lucca-comics-mercoledi\/#primaryimage\",\"url\":\"https:\/\/www.intoscana.it\/wp-content\/uploads\/313408835_5774325219296759_2894582152294104875_n.jpg\",\"contentUrl\":\"https:\/\/www.intoscana.it\/wp-content\/uploads\/313408835_5774325219296759_2894582152294104875_n.jpg\",\"width\":1600,\"height\":1067},{\"@type\":\"BreadcrumbList\",\"@id\":\"https:\/\/www.intoscana.it\/it\/tim-burton-lucca-comics-mercoledi\/#breadcrumb\",\"itemListElement\":[{\"@type\":\"ListItem\",\"position\":1,\"name\":\"Home\",\"item\":\"https:\/\/www.intoscana.it\/it\/\"},{\"@type\":\"ListItem\",\"position\":2,\"name\":\"Lucca Comics: \u00e8 il giorno di Tim Burton che presenta &#8220;Mercoled\u00ec&#8221; eroina dalla forza silenziosa\"}]},{\"@type\":\"WebSite\",\"@id\":\"https:\/\/www.intoscana.it\/it\/#website\",\"url\":\"https:\/\/www.intoscana.it\/it\/\",\"name\":\"intoscana\",\"description\":\"\",\"potentialAction\":[{\"@type\":\"SearchAction\",\"target\":{\"@type\":\"EntryPoint\",\"urlTemplate\":\"https:\/\/www.intoscana.it\/it\/?s={search_term_string}\"},\"query-input\":{\"@type\":\"PropertyValueSpecification\",\"valueRequired\":true,\"valueName\":\"search_term_string\"}}],\"inLanguage\":\"it-IT\"},{\"@type\":\"Person\",\"@id\":\"https:\/\/www.intoscana.it\/it\/#\/schema\/person\/9223810753230f20bd670fdd322661f8\",\"name\":\"Redazione\",\"url\":\"https:\/\/www.intoscana.it\/it\/author\/redazione\/\"}]}<\/script>\n<!-- \/ Yoast SEO Premium plugin. -->","yoast_head_json":{"title":"Lucca Comics: \u00e8 il giorno di Tim Burton che presenta \"Mercoled\u00ec\" eroina dalla forza silenziosa - intoscana","description":"Halloween speciale per Tim Burton a Lucca per presentare la sua nuova serie Netflix ispirata al celebre personaggio della Famiglia Addams","robots":{"index":"index","follow":"follow","max-snippet":"max-snippet:-1","max-image-preview":"max-image-preview:large","max-video-preview":"max-video-preview:-1"},"canonical":"https:\/\/www.intoscana.it\/it\/tim-burton-lucca-comics-mercoledi\/","og_locale":"it_IT","og_type":"article","og_title":"Lucca Comics: \u00e8 il giorno di Tim Burton che presenta \"Mercoled\u00ec\" eroina dalla forza silenziosa","og_description":"Halloween speciale per Tim Burton a Lucca per presentare la sua nuova serie Netflix ispirata al celebre personaggio della Famiglia Addams","og_url":"https:\/\/www.intoscana.it\/it\/tim-burton-lucca-comics-mercoledi\/","og_site_name":"intoscana","article_publisher":"https:\/\/www.facebook.com\/intoscana.it","article_published_time":"2022-10-31T15:40:09+00:00","article_modified_time":"2022-10-31T15:59:51+00:00","og_image":[{"width":1600,"height":1067,"url":"https:\/\/www.intoscana.it\/wp-content\/uploads\/313408835_5774325219296759_2894582152294104875_n.jpg","type":"image\/jpeg"}],"author":"Redazione","twitter_card":"summary_large_image","twitter_creator":"@intoscana","twitter_site":"@intoscana","twitter_misc":{"Written by":"Redazione","Est. reading time":"4 minuti"},"schema":{"@context":"https:\/\/schema.org","@graph":[{"@type":"WebPage","@id":"https:\/\/www.intoscana.it\/it\/tim-burton-lucca-comics-mercoledi\/","url":"https:\/\/www.intoscana.it\/it\/tim-burton-lucca-comics-mercoledi\/","name":"Lucca Comics: \u00e8 il giorno di Tim Burton che presenta \"Mercoled\u00ec\" eroina dalla forza silenziosa - intoscana","isPartOf":{"@id":"https:\/\/www.intoscana.it\/it\/#website"},"primaryImageOfPage":{"@id":"https:\/\/www.intoscana.it\/it\/tim-burton-lucca-comics-mercoledi\/#primaryimage"},"image":{"@id":"https:\/\/www.intoscana.it\/it\/tim-burton-lucca-comics-mercoledi\/#primaryimage"},"thumbnailUrl":"https:\/\/www.intoscana.it\/wp-content\/uploads\/313408835_5774325219296759_2894582152294104875_n.jpg","datePublished":"2022-10-31T15:40:09+00:00","dateModified":"2022-10-31T15:59:51+00:00","author":{"@id":"https:\/\/www.intoscana.it\/it\/#\/schema\/person\/9223810753230f20bd670fdd322661f8"},"description":"Halloween speciale per Tim Burton a Lucca per presentare la sua nuova serie Netflix ispirata al celebre personaggio della Famiglia Addams","breadcrumb":{"@id":"https:\/\/www.intoscana.it\/it\/tim-burton-lucca-comics-mercoledi\/#breadcrumb"},"inLanguage":"it-IT","potentialAction":[{"@type":"ReadAction","target":["https:\/\/www.intoscana.it\/it\/tim-burton-lucca-comics-mercoledi\/"]}]},{"@type":"ImageObject","inLanguage":"it-IT","@id":"https:\/\/www.intoscana.it\/it\/tim-burton-lucca-comics-mercoledi\/#primaryimage","url":"https:\/\/www.intoscana.it\/wp-content\/uploads\/313408835_5774325219296759_2894582152294104875_n.jpg","contentUrl":"https:\/\/www.intoscana.it\/wp-content\/uploads\/313408835_5774325219296759_2894582152294104875_n.jpg","width":1600,"height":1067},{"@type":"BreadcrumbList","@id":"https:\/\/www.intoscana.it\/it\/tim-burton-lucca-comics-mercoledi\/#breadcrumb","itemListElement":[{"@type":"ListItem","position":1,"name":"Home","item":"https:\/\/www.intoscana.it\/it\/"},{"@type":"ListItem","position":2,"name":"Lucca Comics: \u00e8 il giorno di Tim Burton che presenta &#8220;Mercoled\u00ec&#8221; eroina dalla forza silenziosa"}]},{"@type":"WebSite","@id":"https:\/\/www.intoscana.it\/it\/#website","url":"https:\/\/www.intoscana.it\/it\/","name":"intoscana","description":"","potentialAction":[{"@type":"SearchAction","target":{"@type":"EntryPoint","urlTemplate":"https:\/\/www.intoscana.it\/it\/?s={search_term_string}"},"query-input":{"@type":"PropertyValueSpecification","valueRequired":true,"valueName":"search_term_string"}}],"inLanguage":"it-IT"},{"@type":"Person","@id":"https:\/\/www.intoscana.it\/it\/#\/schema\/person\/9223810753230f20bd670fdd322661f8","name":"Redazione","url":"https:\/\/www.intoscana.it\/it\/author\/redazione\/"}]}},"_links":{"self":[{"href":"https:\/\/www.intoscana.it\/it\/wp-json\/wp\/v2\/posts\/255734","targetHints":{"allow":["GET"]}}],"collection":[{"href":"https:\/\/www.intoscana.it\/it\/wp-json\/wp\/v2\/posts"}],"about":[{"href":"https:\/\/www.intoscana.it\/it\/wp-json\/wp\/v2\/types\/post"}],"author":[{"embeddable":true,"href":"https:\/\/www.intoscana.it\/it\/wp-json\/wp\/v2\/users\/525"}],"replies":[{"embeddable":true,"href":"https:\/\/www.intoscana.it\/it\/wp-json\/wp\/v2\/comments?post=255734"}],"version-history":[{"count":0,"href":"https:\/\/www.intoscana.it\/it\/wp-json\/wp\/v2\/posts\/255734\/revisions"}],"wp:featuredmedia":[{"embeddable":true,"href":"https:\/\/www.intoscana.it\/it\/wp-json\/wp\/v2\/media\/255737"}],"wp:attachment":[{"href":"https:\/\/www.intoscana.it\/it\/wp-json\/wp\/v2\/media?parent=255734"}],"wp:term":[{"taxonomy":"category","embeddable":true,"href":"https:\/\/www.intoscana.it\/it\/wp-json\/wp\/v2\/categories?post=255734"},{"taxonomy":"post_tag","embeddable":true,"href":"https:\/\/www.intoscana.it\/it\/wp-json\/wp\/v2\/tags?post=255734"}],"curies":[{"name":"wp","href":"https:\/\/api.w.org\/{rel}","templated":true}]}}