{"id":256052,"date":"2022-11-03T16:24:37","date_gmt":"2022-11-03T15:24:37","guid":{"rendered":"https:\/\/www.intoscana.it\/it\/?p=256052"},"modified":"2022-11-03T16:24:37","modified_gmt":"2022-11-03T15:24:37","slug":"florence-percussion-festival-tre-giorni-dedicati-al-ritmo-con-workshop-laboratori-e-concerti","status":"publish","type":"post","link":"https:\/\/www.intoscana.it\/it\/florence-percussion-festival-tre-giorni-dedicati-al-ritmo-con-workshop-laboratori-e-concerti\/","title":{"rendered":"Florence Percussion Festival: tre giorni dedicati al ritmo con workshop, laboratori e concerti"},"content":{"rendered":"<p><strong>Dal 4 al 6 novembre<\/strong> presso lo<strong> Chapiteau<\/strong> di <strong>InStabile Culture in Movimento<\/strong> in via della Funga arriva il <em><strong>&#8220;Florence Percussion Festival&#8221;<\/strong><\/em> il primo festival delle percussioni a Firenze.<\/p>\n<p>Il progetto nasce nasce da un\u2019idea dei musicisti <strong>Chiara Di Gangi e Dario Castiello<\/strong> con l\u2019obiettivo di proporre alla citt\u00e0 di Firenze un evento dedicato al ritmo e con l\u2019intento di promuovere e divulgare le culture popolari italiane, europee ed extraeuropee, facilitare l\u2019incontro tra artisti e coinvolgere il tessuto sociale toscano.<\/p>\n<p>In programma tre giorni di <strong>concerti,\u00a0workshop, formazione<\/strong> con ospiti del calibro di <strong>Alfio Antico, Peixe Do Coco e Zam Moustapha Demb\u00e9l\u00e9.<\/strong><\/p>\n<p><strong>L\u2019accesso ai concerti sar\u00e0 a ingresso libero<\/strong>, mentre per partecipare ai workshop \u00e8 richiesta una quota d\u2019iscrizione.<\/p>\n<p>Inoltre il festival ospiter\u00e0 diversi artigiani toscani specializzati nella realizzazione di strumenti a percussioni che si rivelano delle vere e proprie opere d\u2019arte e di ingegneria. Ogni espositore porta con s\u00e9 un bagaglio esperienziale e tanti anni di ricerca per ottenere strumenti di altissima manifattura. Tra gli artigiani: <strong>Wara Store, Season Percussion, Pape Cajon, WOM, Onda Handpan, La Mano di Davide e Trigo do Pandeiro.<\/strong><\/p>\n<figure id=\"post-256048 media-256048\" class=\"align-none\"><img decoding=\"async\" src=\"https:\/\/www.intoscana.it\/wp-content\/uploads\/Zam-Moustapha-Dembele.jpg\" alt=\"\" \/><\/figure>\n<div class=\"titleimg\">Zam Moustapha Demb\u00e9l\u00e9<\/div>\n<h3>I concerti<\/h3>\n<p>Il Festival prende il via con un&#8217;anteprima <strong>gioved\u00ec 3 novembre<\/strong> alle 19:30 nel Bistrot di InStabile arrivano infatti i <strong>Peixe Do Coco,<\/strong> con i loro ritmi brasiliani.<\/p>\n<p><strong>Venerd\u00ec 4<\/strong> alle ore 21:30, per la giornata inaugurale, salir\u00e0 sul palco di InStabile <strong>Alfio Antico<\/strong>: grande artista e musicista siciliano, \u00e8 riuscito a costruire uno stile musicale unico grazie alle sua conoscenza e ai suoi profondi legami con la tradizione e alla sua grande creativit\u00e0, diventando cos\u00ec il pi\u00f9 grande portavoce al mondo del suo strumento, il tamburo a cornice. Dar\u00e0 voce ai suoi tamburi con un concerto &#8211; Semu suli semu tutti (Siamo sole siamo tutti). I suoi racconti sono protagonisti, il suono del suo tamburo \u00e8 l\u2019alfabeto con cui costruisce la sua narrazione. Possiede pi\u00f9 di 200 tamburi, tutti rigorosamente costruiti e intarsiati da lui, a mano. Ogni tamburo rappresenta un momento della sua vita e ogni tamburo \u00e8 presente in scena con la sua personalit\u00e0 e il suo suono unico.<\/p>\n<p>Aprir\u00e0 il concerto <strong>Gennaro Scarpato con un Viaggio Sonoro<\/strong> che ci accompagner\u00e0 nei suoni delle percussioni pi\u00f9 antiche del mondo fino ad arrivare ai giorni d\u2019oggi. Tra i suoni pi\u00f9 ancestrali come il didgeridoo e gli antichi tamburi sciamanici degli indiani d\u2019America ai litofoni preistorici alle campane tibetane. Sar\u00e0 un viaggio, un\u2019esperienza emozionale. Performance Fondazione Luigi Tronci. Concerto a Biglietteria: 15\u20ac Intero \\ 12\u20ac Ridotto (over 60, tessera arci) \\ 6\u20ac (bambini da 4 a 13 anni).<\/p>\n<p><strong>Sabato 5<\/strong> alle ore 21:30 verremo trasportati dai ritmi tradizionali di<strong> Zam Moustapha Demb\u00e9l\u00e9 &#8211; Griot del Mali<\/strong> e musicisti italiani. Il concerto \u00e8 uno spettacolo in cui la musica suggestiva della kora, si mescola alle narrazioni del griot, alla forte energia del legno del balafon e al ritmo delle percussioni. Moustapha Demb\u00e9l\u00e9, detto Zam, \u00e8 un griot del Mali, musicista polistrumentista, cantante, compositore e artigiano che costruisce i suoi stessi strumenti musicali tradizionali, secondo gli antichi rituali.<\/p>\n<p>Aprir\u00e0 il Concerto <strong>Giovanni Imparato, u<\/strong>no dei pi\u00f9 grandi esponenti della musica afrocubana in Italia.\u00a0Artista, percussionista, cantante e compositore partenopeo<strong>, \u00e8 un session man dal 1980<\/strong>. Si \u00e8 esibito e ha collaborato con diversi artisti italiani e internazionali, Eugenio Bennato, Nino d\u2019Angelo, Lucio Dalla, Eros Ramazzotti, Andrea Bocelli, Riccardo Cocciante, Mina, Ray Charles, Isaac Delgado, John Zorn, Lazaro Ros, Goyo Hernandez. La sua performance dal nome, Canto e Coro Afrocubano, spazier\u00e0 dal panorama del Son, Guaracha, Salsa alla Rumba, con canti di culto di matrice liturgica del Congo. Concerto a Biglietteria: 10\u20ac Intero \\ 8\u20ac Ridotto (over 60, tessera arci) \\ 6\u20ac (bambini da 4 a 13 anni).<\/p>\n<p><strong>Domenica 6<\/strong> alle ore 19:00 il Festival si chiude con la <strong>Percussion Jam<\/strong> che coinvolger\u00e0 la maggior parte dei musicisti presenti. Una performance ritmica ed esplosiva, piena di sorprese.<\/p>\n<h3>Workshop e laboratori<\/h3>\n<p><strong>Il Florence Purcussion Festival<\/strong> propone workshop e laboratori per tutte le et\u00e0 sul ritmo e su strumenti a percussioni che appartengono a varie tradizioni e culture del mondo. Un\u2019occasione per approcciarsi alla musica, per formarsi e per conoscere le tante sfumature del ritmo con il suo immenso bagaglio culturale.<\/p>\n<p>Sono coinvolti principalmente artisti fiorentini e toscani con <strong>una ricca equipe artistica<\/strong> che vede coinvolti Filomena Menna, Chiara Di Gangi, Dario Castiello, Drum Circle Firenze, Francesco Gherardi, Gabriele Pozzolini, Gennaro Scarpato, John Russo, Marco Carloni, Marco Massari, Matteo Scarpettini e Stefano Bocciolini, special guest Stefano Baroni e Giovanni Imparato.<\/p>\n<figure id=\"post-256046 media-256046\" class=\"align-none\"><img decoding=\"async\" src=\"https:\/\/www.intoscana.it\/wp-content\/uploads\/Florence-Percussion-Festival.jpeg\" alt=\"\" \/><\/figure>\n<div class=\"titleimg\">Florence Percussion Festival<\/div>\n<p>&nbsp;<\/p>\n<p>&nbsp;<\/p>\n<p>&nbsp;<\/p>\n","protected":false},"excerpt":{"rendered":"<p>Dal 4 al 6 novembre 2022 tre concerti, 15 workshop, 32 ore di formazione, 7 artigiani del suono e 30 realt\u00e0 coinvolte. Tra gli ospiti: Alfio Antico, Peixe Do Coco e Zam Moustapha Demb\u00e9l\u00e9<\/p>\n","protected":false},"author":525,"featured_media":256045,"comment_status":"open","ping_status":"open","sticky":false,"template":"","format":"standard","meta":{"_acf_changed":false,"footnotes":""},"categories":[14],"tags":[216,228,202],"class_list":["post-256052","post","type-post","status-publish","format-standard","has-post-thumbnail","hentry","category-musica","tag-concerti","tag-festival","tag-firenze"],"acf":[],"yoast_head":"<!-- This site is optimized with the Yoast SEO Premium plugin v24.2 (Yoast SEO v25.6) - https:\/\/yoast.com\/wordpress\/plugins\/seo\/ -->\n<title>Florence Percussion Festival: tre giorni dedicati al ritmo con workshop, laboratori e concerti - intoscana<\/title>\n<meta name=\"description\" content=\"Dal 4 al 6 novembre 2022 tre concerti, 15 workshop, 32 ore di formazione, 7 artigiani del suono e 30 realt\u00e0 coinvolte\" \/>\n<meta name=\"robots\" content=\"index, follow, max-snippet:-1, max-image-preview:large, max-video-preview:-1\" \/>\n<link rel=\"canonical\" href=\"https:\/\/www.intoscana.it\/it\/florence-percussion-festival-tre-giorni-dedicati-al-ritmo-con-workshop-laboratori-e-concerti\/\" \/>\n<meta property=\"og:locale\" content=\"it_IT\" \/>\n<meta property=\"og:type\" content=\"article\" \/>\n<meta property=\"og:title\" content=\"Florence Percussion Festival: tre giorni dedicati al ritmo con workshop, laboratori e concerti\" \/>\n<meta property=\"og:description\" content=\"Dal 4 al 6 novembre 2022 tre concerti, 15 workshop, 32 ore di formazione, 7 artigiani del suono e 30 realt\u00e0 coinvolte\" \/>\n<meta property=\"og:url\" content=\"https:\/\/www.intoscana.it\/it\/florence-percussion-festival-tre-giorni-dedicati-al-ritmo-con-workshop-laboratori-e-concerti\/\" \/>\n<meta property=\"og:site_name\" content=\"intoscana\" \/>\n<meta property=\"article:publisher\" content=\"https:\/\/www.facebook.com\/intoscana.it\" \/>\n<meta property=\"article:published_time\" content=\"2022-11-03T15:24:37+00:00\" \/>\n<meta property=\"og:image\" content=\"https:\/\/www.intoscana.it\/wp-content\/uploads\/Alfio-Antico-foto-credit-Julia-Martins.jpg\" \/>\n\t<meta property=\"og:image:width\" content=\"1690\" \/>\n\t<meta property=\"og:image:height\" content=\"1128\" \/>\n\t<meta property=\"og:image:type\" content=\"image\/jpeg\" \/>\n<meta name=\"author\" content=\"Redazione\" \/>\n<meta name=\"twitter:card\" content=\"summary_large_image\" \/>\n<meta name=\"twitter:creator\" content=\"@intoscana\" \/>\n<meta name=\"twitter:site\" content=\"@intoscana\" \/>\n<meta name=\"twitter:label1\" content=\"Written by\" \/>\n\t<meta name=\"twitter:data1\" content=\"Redazione\" \/>\n\t<meta name=\"twitter:label2\" content=\"Est. reading time\" \/>\n\t<meta name=\"twitter:data2\" content=\"4 minuti\" \/>\n<script type=\"application\/ld+json\" class=\"yoast-schema-graph\">{\"@context\":\"https:\/\/schema.org\",\"@graph\":[{\"@type\":\"WebPage\",\"@id\":\"https:\/\/www.intoscana.it\/it\/florence-percussion-festival-tre-giorni-dedicati-al-ritmo-con-workshop-laboratori-e-concerti\/\",\"url\":\"https:\/\/www.intoscana.it\/it\/florence-percussion-festival-tre-giorni-dedicati-al-ritmo-con-workshop-laboratori-e-concerti\/\",\"name\":\"Florence Percussion Festival: tre giorni dedicati al ritmo con workshop, laboratori e concerti - intoscana\",\"isPartOf\":{\"@id\":\"https:\/\/www.intoscana.it\/it\/#website\"},\"primaryImageOfPage\":{\"@id\":\"https:\/\/www.intoscana.it\/it\/florence-percussion-festival-tre-giorni-dedicati-al-ritmo-con-workshop-laboratori-e-concerti\/#primaryimage\"},\"image\":{\"@id\":\"https:\/\/www.intoscana.it\/it\/florence-percussion-festival-tre-giorni-dedicati-al-ritmo-con-workshop-laboratori-e-concerti\/#primaryimage\"},\"thumbnailUrl\":\"https:\/\/www.intoscana.it\/wp-content\/uploads\/Alfio-Antico-foto-credit-Julia-Martins.jpg\",\"datePublished\":\"2022-11-03T15:24:37+00:00\",\"author\":{\"@id\":\"https:\/\/www.intoscana.it\/it\/#\/schema\/person\/9223810753230f20bd670fdd322661f8\"},\"description\":\"Dal 4 al 6 novembre 2022 tre concerti, 15 workshop, 32 ore di formazione, 7 artigiani del suono e 30 realt\u00e0 coinvolte\",\"breadcrumb\":{\"@id\":\"https:\/\/www.intoscana.it\/it\/florence-percussion-festival-tre-giorni-dedicati-al-ritmo-con-workshop-laboratori-e-concerti\/#breadcrumb\"},\"inLanguage\":\"it-IT\",\"potentialAction\":[{\"@type\":\"ReadAction\",\"target\":[\"https:\/\/www.intoscana.it\/it\/florence-percussion-festival-tre-giorni-dedicati-al-ritmo-con-workshop-laboratori-e-concerti\/\"]}]},{\"@type\":\"ImageObject\",\"inLanguage\":\"it-IT\",\"@id\":\"https:\/\/www.intoscana.it\/it\/florence-percussion-festival-tre-giorni-dedicati-al-ritmo-con-workshop-laboratori-e-concerti\/#primaryimage\",\"url\":\"https:\/\/www.intoscana.it\/wp-content\/uploads\/Alfio-Antico-foto-credit-Julia-Martins.jpg\",\"contentUrl\":\"https:\/\/www.intoscana.it\/wp-content\/uploads\/Alfio-Antico-foto-credit-Julia-Martins.jpg\",\"width\":1690,\"height\":1128},{\"@type\":\"BreadcrumbList\",\"@id\":\"https:\/\/www.intoscana.it\/it\/florence-percussion-festival-tre-giorni-dedicati-al-ritmo-con-workshop-laboratori-e-concerti\/#breadcrumb\",\"itemListElement\":[{\"@type\":\"ListItem\",\"position\":1,\"name\":\"Home\",\"item\":\"https:\/\/www.intoscana.it\/it\/\"},{\"@type\":\"ListItem\",\"position\":2,\"name\":\"Florence Percussion Festival: tre giorni dedicati al ritmo con workshop, laboratori e concerti\"}]},{\"@type\":\"WebSite\",\"@id\":\"https:\/\/www.intoscana.it\/it\/#website\",\"url\":\"https:\/\/www.intoscana.it\/it\/\",\"name\":\"intoscana\",\"description\":\"\",\"potentialAction\":[{\"@type\":\"SearchAction\",\"target\":{\"@type\":\"EntryPoint\",\"urlTemplate\":\"https:\/\/www.intoscana.it\/it\/?s={search_term_string}\"},\"query-input\":{\"@type\":\"PropertyValueSpecification\",\"valueRequired\":true,\"valueName\":\"search_term_string\"}}],\"inLanguage\":\"it-IT\"},{\"@type\":\"Person\",\"@id\":\"https:\/\/www.intoscana.it\/it\/#\/schema\/person\/9223810753230f20bd670fdd322661f8\",\"name\":\"Redazione\",\"url\":\"https:\/\/www.intoscana.it\/it\/author\/redazione\/\"}]}<\/script>\n<!-- \/ Yoast SEO Premium plugin. -->","yoast_head_json":{"title":"Florence Percussion Festival: tre giorni dedicati al ritmo con workshop, laboratori e concerti - intoscana","description":"Dal 4 al 6 novembre 2022 tre concerti, 15 workshop, 32 ore di formazione, 7 artigiani del suono e 30 realt\u00e0 coinvolte","robots":{"index":"index","follow":"follow","max-snippet":"max-snippet:-1","max-image-preview":"max-image-preview:large","max-video-preview":"max-video-preview:-1"},"canonical":"https:\/\/www.intoscana.it\/it\/florence-percussion-festival-tre-giorni-dedicati-al-ritmo-con-workshop-laboratori-e-concerti\/","og_locale":"it_IT","og_type":"article","og_title":"Florence Percussion Festival: tre giorni dedicati al ritmo con workshop, laboratori e concerti","og_description":"Dal 4 al 6 novembre 2022 tre concerti, 15 workshop, 32 ore di formazione, 7 artigiani del suono e 30 realt\u00e0 coinvolte","og_url":"https:\/\/www.intoscana.it\/it\/florence-percussion-festival-tre-giorni-dedicati-al-ritmo-con-workshop-laboratori-e-concerti\/","og_site_name":"intoscana","article_publisher":"https:\/\/www.facebook.com\/intoscana.it","article_published_time":"2022-11-03T15:24:37+00:00","og_image":[{"width":1690,"height":1128,"url":"https:\/\/www.intoscana.it\/wp-content\/uploads\/Alfio-Antico-foto-credit-Julia-Martins.jpg","type":"image\/jpeg"}],"author":"Redazione","twitter_card":"summary_large_image","twitter_creator":"@intoscana","twitter_site":"@intoscana","twitter_misc":{"Written by":"Redazione","Est. reading time":"4 minuti"},"schema":{"@context":"https:\/\/schema.org","@graph":[{"@type":"WebPage","@id":"https:\/\/www.intoscana.it\/it\/florence-percussion-festival-tre-giorni-dedicati-al-ritmo-con-workshop-laboratori-e-concerti\/","url":"https:\/\/www.intoscana.it\/it\/florence-percussion-festival-tre-giorni-dedicati-al-ritmo-con-workshop-laboratori-e-concerti\/","name":"Florence Percussion Festival: tre giorni dedicati al ritmo con workshop, laboratori e concerti - intoscana","isPartOf":{"@id":"https:\/\/www.intoscana.it\/it\/#website"},"primaryImageOfPage":{"@id":"https:\/\/www.intoscana.it\/it\/florence-percussion-festival-tre-giorni-dedicati-al-ritmo-con-workshop-laboratori-e-concerti\/#primaryimage"},"image":{"@id":"https:\/\/www.intoscana.it\/it\/florence-percussion-festival-tre-giorni-dedicati-al-ritmo-con-workshop-laboratori-e-concerti\/#primaryimage"},"thumbnailUrl":"https:\/\/www.intoscana.it\/wp-content\/uploads\/Alfio-Antico-foto-credit-Julia-Martins.jpg","datePublished":"2022-11-03T15:24:37+00:00","author":{"@id":"https:\/\/www.intoscana.it\/it\/#\/schema\/person\/9223810753230f20bd670fdd322661f8"},"description":"Dal 4 al 6 novembre 2022 tre concerti, 15 workshop, 32 ore di formazione, 7 artigiani del suono e 30 realt\u00e0 coinvolte","breadcrumb":{"@id":"https:\/\/www.intoscana.it\/it\/florence-percussion-festival-tre-giorni-dedicati-al-ritmo-con-workshop-laboratori-e-concerti\/#breadcrumb"},"inLanguage":"it-IT","potentialAction":[{"@type":"ReadAction","target":["https:\/\/www.intoscana.it\/it\/florence-percussion-festival-tre-giorni-dedicati-al-ritmo-con-workshop-laboratori-e-concerti\/"]}]},{"@type":"ImageObject","inLanguage":"it-IT","@id":"https:\/\/www.intoscana.it\/it\/florence-percussion-festival-tre-giorni-dedicati-al-ritmo-con-workshop-laboratori-e-concerti\/#primaryimage","url":"https:\/\/www.intoscana.it\/wp-content\/uploads\/Alfio-Antico-foto-credit-Julia-Martins.jpg","contentUrl":"https:\/\/www.intoscana.it\/wp-content\/uploads\/Alfio-Antico-foto-credit-Julia-Martins.jpg","width":1690,"height":1128},{"@type":"BreadcrumbList","@id":"https:\/\/www.intoscana.it\/it\/florence-percussion-festival-tre-giorni-dedicati-al-ritmo-con-workshop-laboratori-e-concerti\/#breadcrumb","itemListElement":[{"@type":"ListItem","position":1,"name":"Home","item":"https:\/\/www.intoscana.it\/it\/"},{"@type":"ListItem","position":2,"name":"Florence Percussion Festival: tre giorni dedicati al ritmo con workshop, laboratori e concerti"}]},{"@type":"WebSite","@id":"https:\/\/www.intoscana.it\/it\/#website","url":"https:\/\/www.intoscana.it\/it\/","name":"intoscana","description":"","potentialAction":[{"@type":"SearchAction","target":{"@type":"EntryPoint","urlTemplate":"https:\/\/www.intoscana.it\/it\/?s={search_term_string}"},"query-input":{"@type":"PropertyValueSpecification","valueRequired":true,"valueName":"search_term_string"}}],"inLanguage":"it-IT"},{"@type":"Person","@id":"https:\/\/www.intoscana.it\/it\/#\/schema\/person\/9223810753230f20bd670fdd322661f8","name":"Redazione","url":"https:\/\/www.intoscana.it\/it\/author\/redazione\/"}]}},"_links":{"self":[{"href":"https:\/\/www.intoscana.it\/it\/wp-json\/wp\/v2\/posts\/256052","targetHints":{"allow":["GET"]}}],"collection":[{"href":"https:\/\/www.intoscana.it\/it\/wp-json\/wp\/v2\/posts"}],"about":[{"href":"https:\/\/www.intoscana.it\/it\/wp-json\/wp\/v2\/types\/post"}],"author":[{"embeddable":true,"href":"https:\/\/www.intoscana.it\/it\/wp-json\/wp\/v2\/users\/525"}],"replies":[{"embeddable":true,"href":"https:\/\/www.intoscana.it\/it\/wp-json\/wp\/v2\/comments?post=256052"}],"version-history":[{"count":0,"href":"https:\/\/www.intoscana.it\/it\/wp-json\/wp\/v2\/posts\/256052\/revisions"}],"wp:featuredmedia":[{"embeddable":true,"href":"https:\/\/www.intoscana.it\/it\/wp-json\/wp\/v2\/media\/256045"}],"wp:attachment":[{"href":"https:\/\/www.intoscana.it\/it\/wp-json\/wp\/v2\/media?parent=256052"}],"wp:term":[{"taxonomy":"category","embeddable":true,"href":"https:\/\/www.intoscana.it\/it\/wp-json\/wp\/v2\/categories?post=256052"},{"taxonomy":"post_tag","embeddable":true,"href":"https:\/\/www.intoscana.it\/it\/wp-json\/wp\/v2\/tags?post=256052"}],"curies":[{"name":"wp","href":"https:\/\/api.w.org\/{rel}","templated":true}]}}