{"id":256112,"date":"2022-11-04T10:12:06","date_gmt":"2022-11-04T09:12:06","guid":{"rendered":"https:\/\/www.intoscana.it\/it\/?p=256112"},"modified":"2022-11-04T10:58:54","modified_gmt":"2022-11-04T09:58:54","slug":"note-di-lavoro-otto-fotografi-alla-fondazione-studio-marangoni-raccontano-la-toscana","status":"publish","type":"post","link":"https:\/\/www.intoscana.it\/it\/note-di-lavoro-otto-fotografi-alla-fondazione-studio-marangoni-raccontano-la-toscana\/","title":{"rendered":"&#8220;Note di lavoro&#8221;: otto fotografi alla Fondazione Studio Marangoni raccontano la Toscana"},"content":{"rendered":"<p>Grazie al contributo di <strong><a href=\"https:\/\/www.intoscana.it\/it\/articolo\/la-toscana-delle-donne-sette-giorni-di-eventi-per-riflettere-su-diritti-salute-sport\/\" target=\"_blank\" rel=\"noopener\">Regione Toscana<\/a>, <a href=\"https:\/\/www.intoscana.it\/it\/articolo\/conto-alla-rovescia-per-next-generation-fest-la-genz-si-da-appuntamento-a-firenze\/\" target=\"_blank\" rel=\"noopener\">Giovanis\u00ec<\/a> e Toscanaincontemporanea <\/strong>otto giovani artisti\u00a0emergenti hanno potuto partecipare ad un percorso di <strong>alta formazione gratuita<\/strong> nella nostra regione.<\/p>\n<p>Il risultato \u00e8 il progetto espositivo <em><strong>\u201cNote di lavoro. Un&#8217; indagine sul rapporto tra lavoro e territorio\u201d<\/strong><\/em>\u00a0curato dal fotografo <strong>Michele Borzoni<\/strong> di<a href=\"https:\/\/www.intoscana.it\/it\/articolo\/il-palazzo-pretorio-di-figline-diventa-il-tempio-della-fotografia-per-raccontare-il-territorio\/\" target=\"_blank\" rel=\"noopener\"><strong> TerraProject<\/strong><\/a>, che sar\u00e0 aperto <strong>dal 4 novembre al 1\u00b0 dicembre<\/strong> presso la <strong>Fondazione Studio Marangoni.<\/strong><\/p>\n<p><strong>I giovani fotografi<\/strong> hanno analizzato il <strong>rapporto tra essere umano e lavoro<\/strong> e come questo cambia il mondo e la societ\u00e0 in cui viviamo: dallo\u00a0sfruttamento delle risorse del territorio toscano dal <strong>Chianti alle <a href=\"https:\/\/www.intoscana.it\/it\/articolo\/david-kobra-carrara\/\" target=\"_blank\" rel=\"noopener\">Alpi Apuane<\/a>,<\/strong>\u00a0dallo spopolamento della cosiddetta <strong>Valle del Diavolo,<\/strong>\u00a0alle <strong>infrastrutture autostradali<\/strong> viste come \u201cnon luoghi\u201d per eccellenza, fino al mito dei <a href=\"https:\/\/www.intoscana.it\/it\/articolo\/alberese-ultimi-butteri\/\" target=\"_blank\" rel=\"noopener\"><strong>butteri maremmani<\/strong>.<\/a><\/p>\n<p>E poi ancora la rigenerazione degli <a href=\"https:\/\/www.intoscana.it\/it\/articolo\/patto-tessile-regione-prato\/\" target=\"_blank\" rel=\"noopener\"><strong>scarti del tessile<\/strong><\/a> in beni di alta qualit\u00e0 e gli<strong> orafi bengalesi nel territorio aretino.<\/strong><\/p>\n<p><em>\u201cLavoro e territorio sono le due parole chiave che hanno guidato le fotografe e i fotografi che hanno partecipato al workshop L\u2019esperienza del luoghi &#8211; <\/em><strong>afferma il curatore Michele Borzoni. <\/strong><em>\u201cLa mostra Note di lavoro si inserisce in una pi\u00f9 ampia iniziativa legata alla memoria di Gabriele Basilico, che dedica tutta la sua carriera di fotografo allo studio del paesaggio e dell\u2019architettura, e alla pi\u00f9 complessa relazione tra uomo e spazio.<\/em><br \/>\n<em>Tutti questi progetti nascono dall\u2019esigenza di voler dare risalto ad una delle tematiche pi\u00f9 cruciali del nostro tempo. Nella storia della fotografia, lavoro e territorio infatti sono stati spesso affrontati ponendo la produzione e la manifattura al centro dell\u2019indagine. Oggi gli autori in mostra presso la galleria della Fondazione Studio Marangoni affrontano i temi del cambiamento nel mondo del lavoro, della memoria e della trasformazione del paesaggio.\u00a0 Da una parte il cambiamento nei processi produttivi, ma anche il cambiamento delle origini geografiche e culturali dei lavoratori, dall\u2019altra la trasformazione del paesaggio antropizzato e dell\u2019inesauribile riflessione tra la necessit\u00e0 di lavorare e sfruttare un territorio ed al tempo stesso la necessit\u00e0 di tutelarlo. Infine il tema della memoria, del lavoro che non esiste pi\u00f9 o che con il tempo si \u00e8 trasformato ed \u00e8 diventato altro. La memoria personale di un lavoratore o la memoria di un luogo diventano tema di indagine per la fotografia\u201d.\u00a0<\/em><\/p>\n<figure id=\"post-255920 media-255920\" class=\"align-none\"><img decoding=\"async\" src=\"https:\/\/www.intoscana.it\/wp-content\/uploads\/Note-di-lavoro-foto-di-Leonardo-Bocci.jpg\" alt=\"\" \/><\/figure>\n<div class=\"titleimg\"><em>Note di lavoro foto di Leonardo Bocci<\/em><\/div>\n<h3>Gli otto artisti in mostra<\/h3>\n<p>In <strong><em>\u201cTracce\u201d<\/em> St\u00e9phane Giraudeau<\/strong> racconta lo sfruttamento delle risorse del territorio toscano che porta alla presenza di aziende e siti di produzione che non riescono ad integrarsi facilmente nel paesaggio. Lo mutano, lo tagliano, lo vincolano per sempre. A volte, con queste tracce, si trova un equilibrio, a volte semplicemente ci si abitua, altre volte invece ci si rende conto che siamo arrivati al limite. <strong>Cementifici, cave, discariche, miniere<\/strong> e con minor impatto aziende vinicole sono alcuni esempi di come la mano dell\u2019uomo sul territorio crei un cambiamento importante con cui dobbiamo convivere.<\/p>\n<p><strong>Matteo Capone<\/strong> con<em><strong> \u201cFrom Waste to Good\u201d<\/strong><\/em> prova invece a raccontare il processo virtuoso che nel distretto pratese \u00a0porta alla trasformazione degli <strong>scarti del tessile<\/strong> in beni di alta qualit\u00e0. Da decenni le ditte raccolgono e selezionano balle di stracci (il 50% si riutilizza, una parte si ricicla e il 3% va in discarica) che, dopo una serie di processi manuali e meccanici, vengono rigenerati.<\/p>\n<p>Per raccontare il rapporto che c\u2019\u00e8 tra le <strong>Alpi Apuane<\/strong> e la provincia di Massa-Carrara <strong>Luca Gasparro<\/strong> ha utilizzato il pensiero di uno scultore che vive in quei luoghi, ma che non esiste.\u00a0In <em><strong>\u201cDentro la montagna, dentro s\u00e9\u201d <\/strong><\/em>attraverso un espediente narrativo ha indagato come l\u2019Uomo, nel sistema di vita di oggi, trasformi da sopravvivenza a sfruttamento i motivi di lavoro e legame con un territorio. Pensando a una persona che non opera al solo fine del guadagno, ha delineato l\u2019immagine di uno scultore che vive il lavoro con il marmo sia come urgenza creativa sia come fonte di turbamento, come se l\u2019escavazione della montagna si specchiasse dentro il s\u00e9.<\/p>\n<p>La <strong>rete autostradale italiana<\/strong> \u00e8 il non luogo pi\u00f9 grande della nazione, un infrastruttura che permette a migliaia di persone di spostarsi ma anche di lavorare, stazionando in ambienti spesso non convenzionali. Affascinato da questo vasto ecosistema,<strong> Leonardo Bocci<\/strong> esplora il rapporto tra la componente umana ed il paesaggio, che coesistono in un equilibrio talvolta surreale.<\/p>\n<p>Tra il metallo pi\u00f9 prezioso ed il cibo pi\u00f9 povero del mondo sembra esserci un divario insormontabile, eppure c\u2019\u00e8 qualcuno per cui l\u2019oro e il riso rappresentano due elementi inseparabili. I cittadini bengalesi che circa quarant\u2019anni fa si sono insediati nel territorio aretino lo sanno bene, e per alcuni di loro l\u2019esperienza maturata \u00e8 stata l\u2019origine di un\u2019attivit\u00e0 imprenditoriale nel settore orafo.\u00a0Con <strong><em>&#8220;Gold &amp; Rice&#8221;<\/em> Francesco Andreoli<\/strong> racconta come le nuove generazioni hanno imparato a vivere nel contrasto di questi due elementi: le mani con cui lucidano e saldano preziosi sono le stesse che, tingendosi di giallo, gli permettono di cibarsi del loro piatto popolare.<\/p>\n<p>Nell\u2019alta Val di Cecina in Toscana, detta <strong>Valle del Diavolo<\/strong> a causa dei suoi soffioni, viene prodotta l\u20198% dell\u2019energia geotermica mondiale. A <strong>Larderello<\/strong> \u00e8 nata la prima centrale geotermica al mondo e il paese rappresenta uno dei primi esperimenti di villaggio operaio italiani. Pensato non solo come un dormitorio, negli anni 60, grazia al progetto dell\u2019architetto Giovanni Michelucci, il paese aveva servizi che allora si potevano trovare solo nelle grandi citt\u00e0: piscina geotermica, cinema, scuole e campi sportivi. Ad oggi, a causa delle scarse opportunit\u00e0 lavorative e della mancanza di infrastrutture adeguate, Larderello soffre di un lento spopolamento che le amministrazioni locali stanno cercando di combattere. Tutto ci\u00f2 \u00e8 documentato da <strong>Francesca Spedalieri<\/strong> nella sua ricerca fotografica intitolata<em><strong> \u201cLa terra fuma\u201d.<\/strong><\/em><\/p>\n<p>C&#8217;\u00e8 poi<em><strong>\u00a0\u201cAucco\u201d<\/strong> <\/em>di <strong>Christian Velcich<\/strong>. Aucco \u00e8 il termine maremmano che indica <strong>l&#8217;urlo del buttero per richiamare il bestiame.<\/strong> Il buttero \u00e8 stato fino a non molto tempo fa una figura insostituibile in Maremma, era il mandriano, l&#8217;uomo preposto alla cura degli animali allevati allo stato brado che raggiungeva a dorso dei robusti cavalli autoctoni.\u00a0Oggi la pratica e i valori del Buttero sono portati avanti da alcune associazioni in maniera folkloristica o seguendo le tradizioni nella piana di Alberese. Decido quindi di documentare il loro mito, l\u2019essenza di un personaggio dall&#8217;alone eroico che rappresentava e rappresenta il simbolo di questa terra antica.<\/p>\n<p>Infine <em><strong>&#8220;A PLACE TO CALL C.A.S.A.&#8221;<\/strong> <\/em>di <strong>Martina Morini<\/strong>. Quando nel \u00a01947 la C.A.S.A. (<strong>Cementeria Apuana Societ\u00e1 Anonima<\/strong>) riapre i battenti a<strong> Carrara<\/strong>, sono gli anni della ricostruzione, e del \u201cmiracolo economico\u201d. La nascita della classe operaia, la prosperit\u00e0, i vantaggi abitativi, le garanzie del lavoro tramandato di padre in figlio non lasciano presagire la parabola discendente che comincer\u00e0 nel giro di qualche decennio. Il 10 dicembre 2008 dopo anni di progressiva riduzione del personale, la cementeria chiuder\u00e0 ufficialmente mettendo un punto alla sua storia operaia e aziendale non senza lasciare tracce sul territorio e sulla vita di chi vi ha lavorato per tre generazioni.<\/p>\n<figure id=\"post-255919 media-255919\" class=\"align-none\"><img decoding=\"async\" src=\"https:\/\/www.intoscana.it\/wp-content\/uploads\/Note-di-lavoro-foto-di-Francesco-Andreoli.jpg\" alt=\"\" \/><\/figure>\n<div class=\"titleimg\"><em>Note di lavoro foto di Francesco Andreoli<\/em><\/div>\n","protected":false},"excerpt":{"rendered":"<p>Grazie al contributo di Regione Toscana, Giovanis\u00ec e Toscanaincontemporanea otto giovani artisti\u00a0emergenti hanno potuto partecipare ad un percorso di alta formazione gratuita nella nostra regione<\/p>\n","protected":false},"author":525,"featured_media":255922,"comment_status":"open","ping_status":"open","sticky":false,"template":"","format":"standard","meta":{"_acf_changed":false,"footnotes":""},"categories":[493],"tags":[242,222],"class_list":["post-256112","post","type-post","status-publish","format-standard","has-post-thumbnail","hentry","category-cultura","tag-fotografia","tag-mostre"],"acf":[],"yoast_head":"<!-- This site is optimized with the Yoast SEO Premium plugin v24.2 (Yoast SEO v25.6) - https:\/\/yoast.com\/wordpress\/plugins\/seo\/ -->\n<title>Alla Fondazione Marangoni la mostra Note di lavoro - intoscana<\/title>\n<meta name=\"description\" content=\"Una mostra realizzata grazie al contributo di Regione Toscana, Giovani s\u00ec e Toscanaincontemporanea da otto giovani artisti\u00a0emergenti espongono\" \/>\n<meta name=\"robots\" content=\"index, follow, max-snippet:-1, max-image-preview:large, max-video-preview:-1\" \/>\n<link rel=\"canonical\" href=\"https:\/\/www.intoscana.it\/it\/note-di-lavoro-otto-fotografi-alla-fondazione-studio-marangoni-raccontano-la-toscana\/\" \/>\n<meta property=\"og:locale\" content=\"it_IT\" \/>\n<meta property=\"og:type\" content=\"article\" \/>\n<meta property=\"og:title\" content=\"&quot;Note di lavoro&quot;: otto fotografi alla Fondazione Studio Marangoni raccontano la Toscana\" \/>\n<meta property=\"og:description\" content=\"Una mostra realizzata grazie al contributo di Regione Toscana, Giovani s\u00ec e Toscanaincontemporanea da otto giovani artisti\u00a0emergenti espongono\" \/>\n<meta property=\"og:url\" content=\"https:\/\/www.intoscana.it\/it\/note-di-lavoro-otto-fotografi-alla-fondazione-studio-marangoni-raccontano-la-toscana\/\" \/>\n<meta property=\"og:site_name\" content=\"intoscana\" \/>\n<meta property=\"article:publisher\" content=\"https:\/\/www.facebook.com\/intoscana.it\" \/>\n<meta property=\"article:published_time\" content=\"2022-11-04T09:12:06+00:00\" \/>\n<meta property=\"article:modified_time\" content=\"2022-11-04T09:58:54+00:00\" \/>\n<meta property=\"og:image\" content=\"https:\/\/www.intoscana.it\/wp-content\/uploads\/Note-di-lavoro-foto-di-Matteo-Capone.jpg\" \/>\n\t<meta property=\"og:image:width\" content=\"945\" \/>\n\t<meta property=\"og:image:height\" content=\"675\" \/>\n\t<meta property=\"og:image:type\" content=\"image\/jpeg\" \/>\n<meta name=\"author\" content=\"Redazione\" \/>\n<meta name=\"twitter:card\" content=\"summary_large_image\" \/>\n<meta name=\"twitter:creator\" content=\"@intoscana\" \/>\n<meta name=\"twitter:site\" content=\"@intoscana\" \/>\n<meta name=\"twitter:label1\" content=\"Written by\" \/>\n\t<meta name=\"twitter:data1\" content=\"Redazione\" \/>\n\t<meta name=\"twitter:label2\" content=\"Est. reading time\" \/>\n\t<meta name=\"twitter:data2\" content=\"6 minuti\" \/>\n<script type=\"application\/ld+json\" class=\"yoast-schema-graph\">{\"@context\":\"https:\/\/schema.org\",\"@graph\":[{\"@type\":\"WebPage\",\"@id\":\"https:\/\/www.intoscana.it\/it\/note-di-lavoro-otto-fotografi-alla-fondazione-studio-marangoni-raccontano-la-toscana\/\",\"url\":\"https:\/\/www.intoscana.it\/it\/note-di-lavoro-otto-fotografi-alla-fondazione-studio-marangoni-raccontano-la-toscana\/\",\"name\":\"Alla Fondazione Marangoni la mostra Note di lavoro - intoscana\",\"isPartOf\":{\"@id\":\"https:\/\/www.intoscana.it\/it\/#website\"},\"primaryImageOfPage\":{\"@id\":\"https:\/\/www.intoscana.it\/it\/note-di-lavoro-otto-fotografi-alla-fondazione-studio-marangoni-raccontano-la-toscana\/#primaryimage\"},\"image\":{\"@id\":\"https:\/\/www.intoscana.it\/it\/note-di-lavoro-otto-fotografi-alla-fondazione-studio-marangoni-raccontano-la-toscana\/#primaryimage\"},\"thumbnailUrl\":\"https:\/\/www.intoscana.it\/wp-content\/uploads\/Note-di-lavoro-foto-di-Matteo-Capone.jpg\",\"datePublished\":\"2022-11-04T09:12:06+00:00\",\"dateModified\":\"2022-11-04T09:58:54+00:00\",\"author\":{\"@id\":\"https:\/\/www.intoscana.it\/it\/#\/schema\/person\/9223810753230f20bd670fdd322661f8\"},\"description\":\"Una mostra realizzata grazie al contributo di Regione Toscana, Giovani s\u00ec e Toscanaincontemporanea da otto giovani artisti\u00a0emergenti espongono\",\"breadcrumb\":{\"@id\":\"https:\/\/www.intoscana.it\/it\/note-di-lavoro-otto-fotografi-alla-fondazione-studio-marangoni-raccontano-la-toscana\/#breadcrumb\"},\"inLanguage\":\"it-IT\",\"potentialAction\":[{\"@type\":\"ReadAction\",\"target\":[\"https:\/\/www.intoscana.it\/it\/note-di-lavoro-otto-fotografi-alla-fondazione-studio-marangoni-raccontano-la-toscana\/\"]}]},{\"@type\":\"ImageObject\",\"inLanguage\":\"it-IT\",\"@id\":\"https:\/\/www.intoscana.it\/it\/note-di-lavoro-otto-fotografi-alla-fondazione-studio-marangoni-raccontano-la-toscana\/#primaryimage\",\"url\":\"https:\/\/www.intoscana.it\/wp-content\/uploads\/Note-di-lavoro-foto-di-Matteo-Capone.jpg\",\"contentUrl\":\"https:\/\/www.intoscana.it\/wp-content\/uploads\/Note-di-lavoro-foto-di-Matteo-Capone.jpg\",\"width\":945,\"height\":675},{\"@type\":\"BreadcrumbList\",\"@id\":\"https:\/\/www.intoscana.it\/it\/note-di-lavoro-otto-fotografi-alla-fondazione-studio-marangoni-raccontano-la-toscana\/#breadcrumb\",\"itemListElement\":[{\"@type\":\"ListItem\",\"position\":1,\"name\":\"Home\",\"item\":\"https:\/\/www.intoscana.it\/it\/\"},{\"@type\":\"ListItem\",\"position\":2,\"name\":\"&#8220;Note di lavoro&#8221;: otto fotografi alla Fondazione Studio Marangoni raccontano la Toscana\"}]},{\"@type\":\"WebSite\",\"@id\":\"https:\/\/www.intoscana.it\/it\/#website\",\"url\":\"https:\/\/www.intoscana.it\/it\/\",\"name\":\"intoscana\",\"description\":\"\",\"potentialAction\":[{\"@type\":\"SearchAction\",\"target\":{\"@type\":\"EntryPoint\",\"urlTemplate\":\"https:\/\/www.intoscana.it\/it\/?s={search_term_string}\"},\"query-input\":{\"@type\":\"PropertyValueSpecification\",\"valueRequired\":true,\"valueName\":\"search_term_string\"}}],\"inLanguage\":\"it-IT\"},{\"@type\":\"Person\",\"@id\":\"https:\/\/www.intoscana.it\/it\/#\/schema\/person\/9223810753230f20bd670fdd322661f8\",\"name\":\"Redazione\",\"url\":\"https:\/\/www.intoscana.it\/it\/author\/redazione\/\"}]}<\/script>\n<!-- \/ Yoast SEO Premium plugin. -->","yoast_head_json":{"title":"Alla Fondazione Marangoni la mostra Note di lavoro - intoscana","description":"Una mostra realizzata grazie al contributo di Regione Toscana, Giovani s\u00ec e Toscanaincontemporanea da otto giovani artisti\u00a0emergenti espongono","robots":{"index":"index","follow":"follow","max-snippet":"max-snippet:-1","max-image-preview":"max-image-preview:large","max-video-preview":"max-video-preview:-1"},"canonical":"https:\/\/www.intoscana.it\/it\/note-di-lavoro-otto-fotografi-alla-fondazione-studio-marangoni-raccontano-la-toscana\/","og_locale":"it_IT","og_type":"article","og_title":"\"Note di lavoro\": otto fotografi alla Fondazione Studio Marangoni raccontano la Toscana","og_description":"Una mostra realizzata grazie al contributo di Regione Toscana, Giovani s\u00ec e Toscanaincontemporanea da otto giovani artisti\u00a0emergenti espongono","og_url":"https:\/\/www.intoscana.it\/it\/note-di-lavoro-otto-fotografi-alla-fondazione-studio-marangoni-raccontano-la-toscana\/","og_site_name":"intoscana","article_publisher":"https:\/\/www.facebook.com\/intoscana.it","article_published_time":"2022-11-04T09:12:06+00:00","article_modified_time":"2022-11-04T09:58:54+00:00","og_image":[{"width":945,"height":675,"url":"https:\/\/www.intoscana.it\/wp-content\/uploads\/Note-di-lavoro-foto-di-Matteo-Capone.jpg","type":"image\/jpeg"}],"author":"Redazione","twitter_card":"summary_large_image","twitter_creator":"@intoscana","twitter_site":"@intoscana","twitter_misc":{"Written by":"Redazione","Est. reading time":"6 minuti"},"schema":{"@context":"https:\/\/schema.org","@graph":[{"@type":"WebPage","@id":"https:\/\/www.intoscana.it\/it\/note-di-lavoro-otto-fotografi-alla-fondazione-studio-marangoni-raccontano-la-toscana\/","url":"https:\/\/www.intoscana.it\/it\/note-di-lavoro-otto-fotografi-alla-fondazione-studio-marangoni-raccontano-la-toscana\/","name":"Alla Fondazione Marangoni la mostra Note di lavoro - intoscana","isPartOf":{"@id":"https:\/\/www.intoscana.it\/it\/#website"},"primaryImageOfPage":{"@id":"https:\/\/www.intoscana.it\/it\/note-di-lavoro-otto-fotografi-alla-fondazione-studio-marangoni-raccontano-la-toscana\/#primaryimage"},"image":{"@id":"https:\/\/www.intoscana.it\/it\/note-di-lavoro-otto-fotografi-alla-fondazione-studio-marangoni-raccontano-la-toscana\/#primaryimage"},"thumbnailUrl":"https:\/\/www.intoscana.it\/wp-content\/uploads\/Note-di-lavoro-foto-di-Matteo-Capone.jpg","datePublished":"2022-11-04T09:12:06+00:00","dateModified":"2022-11-04T09:58:54+00:00","author":{"@id":"https:\/\/www.intoscana.it\/it\/#\/schema\/person\/9223810753230f20bd670fdd322661f8"},"description":"Una mostra realizzata grazie al contributo di Regione Toscana, Giovani s\u00ec e Toscanaincontemporanea da otto giovani artisti\u00a0emergenti espongono","breadcrumb":{"@id":"https:\/\/www.intoscana.it\/it\/note-di-lavoro-otto-fotografi-alla-fondazione-studio-marangoni-raccontano-la-toscana\/#breadcrumb"},"inLanguage":"it-IT","potentialAction":[{"@type":"ReadAction","target":["https:\/\/www.intoscana.it\/it\/note-di-lavoro-otto-fotografi-alla-fondazione-studio-marangoni-raccontano-la-toscana\/"]}]},{"@type":"ImageObject","inLanguage":"it-IT","@id":"https:\/\/www.intoscana.it\/it\/note-di-lavoro-otto-fotografi-alla-fondazione-studio-marangoni-raccontano-la-toscana\/#primaryimage","url":"https:\/\/www.intoscana.it\/wp-content\/uploads\/Note-di-lavoro-foto-di-Matteo-Capone.jpg","contentUrl":"https:\/\/www.intoscana.it\/wp-content\/uploads\/Note-di-lavoro-foto-di-Matteo-Capone.jpg","width":945,"height":675},{"@type":"BreadcrumbList","@id":"https:\/\/www.intoscana.it\/it\/note-di-lavoro-otto-fotografi-alla-fondazione-studio-marangoni-raccontano-la-toscana\/#breadcrumb","itemListElement":[{"@type":"ListItem","position":1,"name":"Home","item":"https:\/\/www.intoscana.it\/it\/"},{"@type":"ListItem","position":2,"name":"&#8220;Note di lavoro&#8221;: otto fotografi alla Fondazione Studio Marangoni raccontano la Toscana"}]},{"@type":"WebSite","@id":"https:\/\/www.intoscana.it\/it\/#website","url":"https:\/\/www.intoscana.it\/it\/","name":"intoscana","description":"","potentialAction":[{"@type":"SearchAction","target":{"@type":"EntryPoint","urlTemplate":"https:\/\/www.intoscana.it\/it\/?s={search_term_string}"},"query-input":{"@type":"PropertyValueSpecification","valueRequired":true,"valueName":"search_term_string"}}],"inLanguage":"it-IT"},{"@type":"Person","@id":"https:\/\/www.intoscana.it\/it\/#\/schema\/person\/9223810753230f20bd670fdd322661f8","name":"Redazione","url":"https:\/\/www.intoscana.it\/it\/author\/redazione\/"}]}},"_links":{"self":[{"href":"https:\/\/www.intoscana.it\/it\/wp-json\/wp\/v2\/posts\/256112","targetHints":{"allow":["GET"]}}],"collection":[{"href":"https:\/\/www.intoscana.it\/it\/wp-json\/wp\/v2\/posts"}],"about":[{"href":"https:\/\/www.intoscana.it\/it\/wp-json\/wp\/v2\/types\/post"}],"author":[{"embeddable":true,"href":"https:\/\/www.intoscana.it\/it\/wp-json\/wp\/v2\/users\/525"}],"replies":[{"embeddable":true,"href":"https:\/\/www.intoscana.it\/it\/wp-json\/wp\/v2\/comments?post=256112"}],"version-history":[{"count":0,"href":"https:\/\/www.intoscana.it\/it\/wp-json\/wp\/v2\/posts\/256112\/revisions"}],"wp:featuredmedia":[{"embeddable":true,"href":"https:\/\/www.intoscana.it\/it\/wp-json\/wp\/v2\/media\/255922"}],"wp:attachment":[{"href":"https:\/\/www.intoscana.it\/it\/wp-json\/wp\/v2\/media?parent=256112"}],"wp:term":[{"taxonomy":"category","embeddable":true,"href":"https:\/\/www.intoscana.it\/it\/wp-json\/wp\/v2\/categories?post=256112"},{"taxonomy":"post_tag","embeddable":true,"href":"https:\/\/www.intoscana.it\/it\/wp-json\/wp\/v2\/tags?post=256112"}],"curies":[{"name":"wp","href":"https:\/\/api.w.org\/{rel}","templated":true}]}}