{"id":256218,"date":"2022-11-04T17:07:52","date_gmt":"2022-11-04T16:07:52","guid":{"rendered":"https:\/\/www.intoscana.it\/it\/?p=256218"},"modified":"2022-11-04T17:12:39","modified_gmt":"2022-11-04T16:12:39","slug":"oltre-il-palco-del-next-generation-fest-genz-sotto-la-lente-nellintoscanatalk","status":"publish","type":"post","link":"https:\/\/www.intoscana.it\/it\/oltre-il-palco-del-next-generation-fest-genz-sotto-la-lente-nellintoscanatalk\/","title":{"rendered":"Oltre il palco del Next Generation Fest: GenZ sotto la lente nell&#8217;intoscanatalk"},"content":{"rendered":"<p>Sul palco del Teatro del Maggio Musicale Fiorentino si alterneranno le voci, i sogni e le proposte dei ragazzi della <strong>generazione Z<\/strong>. In contemporanea, nel foyer, <mark>istituzioni e esperti, operatori economici e giovani daranno il loro contributo alla discussione con approfondimenti e punti di vista interessanti in un talk show organizzato dalla redazione di intoscana.it.<\/mark> Il 5 novembre il <a href=\"https:\/\/www.intoscana.it\/it\/articolo\/conto-alla-rovescia-per-next-generation-fest-la-genz-si-da-appuntamento-a-firenze\/\" target=\"_blank\" rel=\"noopener\">Next Generation Fest\u00a0<\/a> &#8211; organizzato da <strong>Regione Toscana<\/strong> e <strong>Giovanis\u00ec<\/strong> per l&#8217;Anno europeo dei Giovani &#8211; porter\u00e0 a Firenze il cuore battente dell&#8217;Europa dei giovani, per parlare di sostenibilit\u00e0 e creativit\u00e0, inclusione e cittadinanza, innovazione e digitale.<\/p>\n<p>Nel salotto allestito nel teatro, moderati dal direttore della testata Davide de Crescenzo e dalle giornaliste Simona Bellocci e Giulia Rafanelli, verranno intervistati per buona parte della giornata massimi rappresentanti delle istituzioni locali e nazionali, delle categorie economiche, imprese, studenti e professori. Professionalit\u00e0 e competenze diverse chiamate a confrontarsi su questioni di stringente attualit\u00e0 o di visione, per raccontare cosi si \u00e8 fatto e si far\u00e0 per aiutare i giovani ad essere partecipi e protagonisti della societ\u00e0, cittadini d&#8217;Europa sempre pi\u00f9 consapevoli dei loro diritti e doveri.<\/p>\n<h3><em>Gli ospiti del salatto di intoscana.it<\/em><\/h3>\n<p>Ad aprire il talk show saranno il presidente della Regione Toscana, <strong>Eugenio Giani<\/strong>, e <strong>Bernard Dika<\/strong>, suo consigliere per le politiche giovanili. Saranno presenti, nel corso della giornata, anche l&#8217;assessora regionale <strong>Serena Spinelli<\/strong> (politiche sociali) e l&#8217;assessore <strong>Stefano Ciuoffo<\/strong> (innovazione).<\/p>\n<p>Si confronteranno sui temi della <strong>legalit\u00e0<\/strong> i prefetti di Firenze e Massa Carrara, giuristi, professori universitari, polizia postale, l&#8217;arma dei carabinieri. Verr\u00e0 raccontata l&#8217;esperienza dell&#8217;Accademia Navale di Livorno.<\/p>\n<p>Si parler\u00e0 molto di <strong>lavoro<\/strong>, <strong>impresa<\/strong> e <strong>innovazione<\/strong> con sindacati, il mondo dell&#8217;alta formazione (Big Academy e Agile Academy), rappresentati di Confesercenti, Confartigianto e Confindustria. <strong>Volontariato<\/strong> e servizio civile saranno al centro del dibattito che si svilupper\u00e0 con Cesvot, Coni e Caritas.La partecipazione sar\u00e0 protagonista nel panel con i rappresentati degli studenti, della consulta nazionale giovani e nella consulta degli studenti. Spazio anche alle riflessioni dell&#8217;associazione Lorenzo Guarnieri per la sicurezza stradale.<\/p>\n<p>Il talk show sar\u00e0 disponibile sul portale intoscana.it, sulla pagina Facebook e sul canale youtube di intoscana.it.<\/p>\n","protected":false},"excerpt":{"rendered":"<p>Istituzioni, esperti, imprese e mondo del lavoro si alterneranno nel salotto della redazione di intoscana.it. Interviste, dibattiti e commenti sulla giornata-evento dedicata ai giovani al Teatro del Maggio di Firenze<\/p>\n","protected":false},"author":545,"featured_media":194743,"comment_status":"open","ping_status":"open","sticky":false,"template":"","format":"standard","meta":{"_acf_changed":false,"footnotes":""},"categories":[493],"tags":[6547],"class_list":["post-256218","post","type-post","status-publish","format-standard","has-post-thumbnail","hentry","category-cultura","tag-next-generation-fest"],"acf":[],"yoast_head":"<!-- This site is optimized with the Yoast SEO Premium plugin v24.2 (Yoast SEO v25.6) - https:\/\/yoast.com\/wordpress\/plugins\/seo\/ -->\n<title>Oltre il palco del Next Generation Fest: GenZ sotto la lente nell&#039;intoscanatalk - intoscana<\/title>\n<meta name=\"description\" content=\"Istituzioni, esperti, imprese e mondo del lavoro si alterneranno nel salotto della redazione di intoscana.it. Interviste, dibattiti e commenti sulla giornata-evento dedicata ai giovani al Teatro del Maggio di Firenze\" \/>\n<meta name=\"robots\" content=\"index, follow, max-snippet:-1, max-image-preview:large, max-video-preview:-1\" \/>\n<link rel=\"canonical\" href=\"https:\/\/www.intoscana.it\/it\/oltre-il-palco-del-next-generation-fest-genz-sotto-la-lente-nellintoscanatalk\/\" \/>\n<meta property=\"og:locale\" content=\"it_IT\" \/>\n<meta property=\"og:type\" content=\"article\" \/>\n<meta property=\"og:title\" content=\"Oltre il palco del Next Generation Fest: GenZ sotto la lente nell&#039;intoscanatalk\" \/>\n<meta property=\"og:description\" content=\"Istituzioni, esperti, imprese e mondo del lavoro si alterneranno nel salotto della redazione di intoscana.it. Interviste, dibattiti e commenti sulla giornata-evento dedicata ai giovani al Teatro del Maggio di Firenze\" \/>\n<meta property=\"og:url\" content=\"https:\/\/www.intoscana.it\/it\/oltre-il-palco-del-next-generation-fest-genz-sotto-la-lente-nellintoscanatalk\/\" \/>\n<meta property=\"og:site_name\" content=\"intoscana\" \/>\n<meta property=\"article:publisher\" content=\"https:\/\/www.facebook.com\/intoscana.it\" \/>\n<meta property=\"article:published_time\" content=\"2022-11-04T16:07:52+00:00\" \/>\n<meta property=\"article:modified_time\" content=\"2022-11-04T16:12:39+00:00\" \/>\n<meta property=\"og:image\" content=\"https:\/\/www.intoscana.it\/wp-content\/uploads\/PFI_5704_1298-scaled.jpg\" \/>\n\t<meta property=\"og:image:width\" content=\"2048\" \/>\n\t<meta property=\"og:image:height\" content=\"1363\" \/>\n\t<meta property=\"og:image:type\" content=\"image\/jpeg\" \/>\n<meta name=\"author\" content=\"Clara D&#039;Acunto\" \/>\n<meta name=\"twitter:card\" content=\"summary_large_image\" \/>\n<meta name=\"twitter:creator\" content=\"@intoscana\" \/>\n<meta name=\"twitter:site\" content=\"@intoscana\" \/>\n<meta name=\"twitter:label1\" content=\"Written by\" \/>\n\t<meta name=\"twitter:data1\" content=\"Clara D&#039;Acunto\" \/>\n\t<meta name=\"twitter:label2\" content=\"Est. reading time\" \/>\n\t<meta name=\"twitter:data2\" content=\"2 minuti\" \/>\n<script type=\"application\/ld+json\" class=\"yoast-schema-graph\">{\"@context\":\"https:\/\/schema.org\",\"@graph\":[{\"@type\":\"WebPage\",\"@id\":\"https:\/\/www.intoscana.it\/it\/oltre-il-palco-del-next-generation-fest-genz-sotto-la-lente-nellintoscanatalk\/\",\"url\":\"https:\/\/www.intoscana.it\/it\/oltre-il-palco-del-next-generation-fest-genz-sotto-la-lente-nellintoscanatalk\/\",\"name\":\"Oltre il palco del Next Generation Fest: GenZ sotto la lente nell'intoscanatalk - intoscana\",\"isPartOf\":{\"@id\":\"https:\/\/www.intoscana.it\/it\/#website\"},\"primaryImageOfPage\":{\"@id\":\"https:\/\/www.intoscana.it\/it\/oltre-il-palco-del-next-generation-fest-genz-sotto-la-lente-nellintoscanatalk\/#primaryimage\"},\"image\":{\"@id\":\"https:\/\/www.intoscana.it\/it\/oltre-il-palco-del-next-generation-fest-genz-sotto-la-lente-nellintoscanatalk\/#primaryimage\"},\"thumbnailUrl\":\"https:\/\/www.intoscana.it\/wp-content\/uploads\/PFI_5704_1298-scaled.jpg\",\"datePublished\":\"2022-11-04T16:07:52+00:00\",\"dateModified\":\"2022-11-04T16:12:39+00:00\",\"author\":{\"@id\":\"https:\/\/www.intoscana.it\/it\/#\/schema\/person\/137419af9ef5d385bde52864a841e6ce\"},\"description\":\"Istituzioni, esperti, imprese e mondo del lavoro si alterneranno nel salotto della redazione di intoscana.it. Interviste, dibattiti e commenti sulla giornata-evento dedicata ai giovani al Teatro del Maggio di Firenze\",\"breadcrumb\":{\"@id\":\"https:\/\/www.intoscana.it\/it\/oltre-il-palco-del-next-generation-fest-genz-sotto-la-lente-nellintoscanatalk\/#breadcrumb\"},\"inLanguage\":\"it-IT\",\"potentialAction\":[{\"@type\":\"ReadAction\",\"target\":[\"https:\/\/www.intoscana.it\/it\/oltre-il-palco-del-next-generation-fest-genz-sotto-la-lente-nellintoscanatalk\/\"]}]},{\"@type\":\"ImageObject\",\"inLanguage\":\"it-IT\",\"@id\":\"https:\/\/www.intoscana.it\/it\/oltre-il-palco-del-next-generation-fest-genz-sotto-la-lente-nellintoscanatalk\/#primaryimage\",\"url\":\"https:\/\/www.intoscana.it\/wp-content\/uploads\/PFI_5704_1298-scaled.jpg\",\"contentUrl\":\"https:\/\/www.intoscana.it\/wp-content\/uploads\/PFI_5704_1298-scaled.jpg\",\"width\":2048,\"height\":1363,\"caption\":\"Siete Presente\"},{\"@type\":\"BreadcrumbList\",\"@id\":\"https:\/\/www.intoscana.it\/it\/oltre-il-palco-del-next-generation-fest-genz-sotto-la-lente-nellintoscanatalk\/#breadcrumb\",\"itemListElement\":[{\"@type\":\"ListItem\",\"position\":1,\"name\":\"Home\",\"item\":\"https:\/\/www.intoscana.it\/it\/\"},{\"@type\":\"ListItem\",\"position\":2,\"name\":\"Oltre il palco del Next Generation Fest: GenZ sotto la lente nell&#8217;intoscanatalk\"}]},{\"@type\":\"WebSite\",\"@id\":\"https:\/\/www.intoscana.it\/it\/#website\",\"url\":\"https:\/\/www.intoscana.it\/it\/\",\"name\":\"intoscana\",\"description\":\"\",\"potentialAction\":[{\"@type\":\"SearchAction\",\"target\":{\"@type\":\"EntryPoint\",\"urlTemplate\":\"https:\/\/www.intoscana.it\/it\/?s={search_term_string}\"},\"query-input\":{\"@type\":\"PropertyValueSpecification\",\"valueRequired\":true,\"valueName\":\"search_term_string\"}}],\"inLanguage\":\"it-IT\"},{\"@type\":\"Person\",\"@id\":\"https:\/\/www.intoscana.it\/it\/#\/schema\/person\/137419af9ef5d385bde52864a841e6ce\",\"name\":\"Clara D'Acunto\",\"url\":\"https:\/\/www.intoscana.it\/it\/author\/clara-d_acunto\/\"}]}<\/script>\n<!-- \/ Yoast SEO Premium plugin. -->","yoast_head_json":{"title":"Oltre il palco del Next Generation Fest: GenZ sotto la lente nell'intoscanatalk - intoscana","description":"Istituzioni, esperti, imprese e mondo del lavoro si alterneranno nel salotto della redazione di intoscana.it. Interviste, dibattiti e commenti sulla giornata-evento dedicata ai giovani al Teatro del Maggio di Firenze","robots":{"index":"index","follow":"follow","max-snippet":"max-snippet:-1","max-image-preview":"max-image-preview:large","max-video-preview":"max-video-preview:-1"},"canonical":"https:\/\/www.intoscana.it\/it\/oltre-il-palco-del-next-generation-fest-genz-sotto-la-lente-nellintoscanatalk\/","og_locale":"it_IT","og_type":"article","og_title":"Oltre il palco del Next Generation Fest: GenZ sotto la lente nell'intoscanatalk","og_description":"Istituzioni, esperti, imprese e mondo del lavoro si alterneranno nel salotto della redazione di intoscana.it. Interviste, dibattiti e commenti sulla giornata-evento dedicata ai giovani al Teatro del Maggio di Firenze","og_url":"https:\/\/www.intoscana.it\/it\/oltre-il-palco-del-next-generation-fest-genz-sotto-la-lente-nellintoscanatalk\/","og_site_name":"intoscana","article_publisher":"https:\/\/www.facebook.com\/intoscana.it","article_published_time":"2022-11-04T16:07:52+00:00","article_modified_time":"2022-11-04T16:12:39+00:00","og_image":[{"width":2048,"height":1363,"url":"https:\/\/www.intoscana.it\/wp-content\/uploads\/PFI_5704_1298-scaled.jpg","type":"image\/jpeg"}],"author":"Clara D'Acunto","twitter_card":"summary_large_image","twitter_creator":"@intoscana","twitter_site":"@intoscana","twitter_misc":{"Written by":"Clara D'Acunto","Est. reading time":"2 minuti"},"schema":{"@context":"https:\/\/schema.org","@graph":[{"@type":"WebPage","@id":"https:\/\/www.intoscana.it\/it\/oltre-il-palco-del-next-generation-fest-genz-sotto-la-lente-nellintoscanatalk\/","url":"https:\/\/www.intoscana.it\/it\/oltre-il-palco-del-next-generation-fest-genz-sotto-la-lente-nellintoscanatalk\/","name":"Oltre il palco del Next Generation Fest: GenZ sotto la lente nell'intoscanatalk - intoscana","isPartOf":{"@id":"https:\/\/www.intoscana.it\/it\/#website"},"primaryImageOfPage":{"@id":"https:\/\/www.intoscana.it\/it\/oltre-il-palco-del-next-generation-fest-genz-sotto-la-lente-nellintoscanatalk\/#primaryimage"},"image":{"@id":"https:\/\/www.intoscana.it\/it\/oltre-il-palco-del-next-generation-fest-genz-sotto-la-lente-nellintoscanatalk\/#primaryimage"},"thumbnailUrl":"https:\/\/www.intoscana.it\/wp-content\/uploads\/PFI_5704_1298-scaled.jpg","datePublished":"2022-11-04T16:07:52+00:00","dateModified":"2022-11-04T16:12:39+00:00","author":{"@id":"https:\/\/www.intoscana.it\/it\/#\/schema\/person\/137419af9ef5d385bde52864a841e6ce"},"description":"Istituzioni, esperti, imprese e mondo del lavoro si alterneranno nel salotto della redazione di intoscana.it. Interviste, dibattiti e commenti sulla giornata-evento dedicata ai giovani al Teatro del Maggio di Firenze","breadcrumb":{"@id":"https:\/\/www.intoscana.it\/it\/oltre-il-palco-del-next-generation-fest-genz-sotto-la-lente-nellintoscanatalk\/#breadcrumb"},"inLanguage":"it-IT","potentialAction":[{"@type":"ReadAction","target":["https:\/\/www.intoscana.it\/it\/oltre-il-palco-del-next-generation-fest-genz-sotto-la-lente-nellintoscanatalk\/"]}]},{"@type":"ImageObject","inLanguage":"it-IT","@id":"https:\/\/www.intoscana.it\/it\/oltre-il-palco-del-next-generation-fest-genz-sotto-la-lente-nellintoscanatalk\/#primaryimage","url":"https:\/\/www.intoscana.it\/wp-content\/uploads\/PFI_5704_1298-scaled.jpg","contentUrl":"https:\/\/www.intoscana.it\/wp-content\/uploads\/PFI_5704_1298-scaled.jpg","width":2048,"height":1363,"caption":"Siete Presente"},{"@type":"BreadcrumbList","@id":"https:\/\/www.intoscana.it\/it\/oltre-il-palco-del-next-generation-fest-genz-sotto-la-lente-nellintoscanatalk\/#breadcrumb","itemListElement":[{"@type":"ListItem","position":1,"name":"Home","item":"https:\/\/www.intoscana.it\/it\/"},{"@type":"ListItem","position":2,"name":"Oltre il palco del Next Generation Fest: GenZ sotto la lente nell&#8217;intoscanatalk"}]},{"@type":"WebSite","@id":"https:\/\/www.intoscana.it\/it\/#website","url":"https:\/\/www.intoscana.it\/it\/","name":"intoscana","description":"","potentialAction":[{"@type":"SearchAction","target":{"@type":"EntryPoint","urlTemplate":"https:\/\/www.intoscana.it\/it\/?s={search_term_string}"},"query-input":{"@type":"PropertyValueSpecification","valueRequired":true,"valueName":"search_term_string"}}],"inLanguage":"it-IT"},{"@type":"Person","@id":"https:\/\/www.intoscana.it\/it\/#\/schema\/person\/137419af9ef5d385bde52864a841e6ce","name":"Clara D'Acunto","url":"https:\/\/www.intoscana.it\/it\/author\/clara-d_acunto\/"}]}},"_links":{"self":[{"href":"https:\/\/www.intoscana.it\/it\/wp-json\/wp\/v2\/posts\/256218","targetHints":{"allow":["GET"]}}],"collection":[{"href":"https:\/\/www.intoscana.it\/it\/wp-json\/wp\/v2\/posts"}],"about":[{"href":"https:\/\/www.intoscana.it\/it\/wp-json\/wp\/v2\/types\/post"}],"author":[{"embeddable":true,"href":"https:\/\/www.intoscana.it\/it\/wp-json\/wp\/v2\/users\/545"}],"replies":[{"embeddable":true,"href":"https:\/\/www.intoscana.it\/it\/wp-json\/wp\/v2\/comments?post=256218"}],"version-history":[{"count":0,"href":"https:\/\/www.intoscana.it\/it\/wp-json\/wp\/v2\/posts\/256218\/revisions"}],"wp:featuredmedia":[{"embeddable":true,"href":"https:\/\/www.intoscana.it\/it\/wp-json\/wp\/v2\/media\/194743"}],"wp:attachment":[{"href":"https:\/\/www.intoscana.it\/it\/wp-json\/wp\/v2\/media?parent=256218"}],"wp:term":[{"taxonomy":"category","embeddable":true,"href":"https:\/\/www.intoscana.it\/it\/wp-json\/wp\/v2\/categories?post=256218"},{"taxonomy":"post_tag","embeddable":true,"href":"https:\/\/www.intoscana.it\/it\/wp-json\/wp\/v2\/tags?post=256218"}],"curies":[{"name":"wp","href":"https:\/\/api.w.org\/{rel}","templated":true}]}}