{"id":256775,"date":"2022-11-08T09:46:08","date_gmt":"2022-11-08T08:46:08","guid":{"rendered":"https:\/\/www.intoscana.it\/it\/?p=256775"},"modified":"2022-11-09T10:24:32","modified_gmt":"2022-11-09T09:24:32","slug":"qualita-di-vita-classifica-citta","status":"publish","type":"post","link":"https:\/\/www.intoscana.it\/it\/qualita-di-vita-classifica-citta\/","title":{"rendered":"Firenze al quarto posto nella classifica sulla qualit\u00e0 della vita delle citt\u00e0 italiane"},"content":{"rendered":"<p>\u00c8 stato pubblicato l&#8217;annuale <strong>Rapporto sulla Qualit\u00e0 della Vita in Italia<\/strong>, realizzato da <strong>ItaliaOggi<\/strong> con l&#8217;<strong>Universit\u00e0 La Sapienza di Roma<\/strong>, in collaborazione con <strong>Cattolica Assicurazioni.<\/strong><\/p>\n<p>Lo studio che analizza una vasto range di parametri come\u00a0affari e lavoro, ambiente, istruzione e formazione, reddito e ricchezza, sicurezza sociale, tempo libero,\u00a0evidenzia <strong>una netta spaccatura tra Centro-Nord, da un lato, Sud e Isole, dall&#8217;altro:<\/strong> nessuna provincia meridionale o insulare, infatti, \u00e8 nel gruppo delle <strong>32 di testa.<\/strong><\/p>\n<p>La qualit\u00e0 della vita \u00e8 risultata, secondo l&#8217;indagine, \u00e8 <strong>buona o accettabile in 64 su 107 province italiane,<\/strong> con un miglioramento rispetto all&#8217;anno passato.<\/p>\n<p>Lo studio infine evidenzia come le <strong>grandi aree urbane abbiano retto meglio alla pandemia<\/strong> che ha invece affossato ulteriormente diverse aree meridionali e insulari.<\/p>\n<p>In cima alla <strong>classifica per la qualit\u00e0 della vita<\/strong> c&#8217;\u00e8 <strong>Trento,<\/strong> grazie agli eccellenti piazzamenti conquistati in quasi tutti gli ambiti considerati: otto su nove.<\/p>\n<p>L&#8217;ultima classificata quest&#8217;anno \u00e8 <strong>Crotone<\/strong> a causa di\u00a0diverse criticit\u00e0 in molti degli aspetti relativi alla qualit\u00e0 della vita.<\/p>\n<p>Tornando alle prime della classe,<strong> in seconda e terza posizione,<\/strong> salgono di un gradino rispetto alla scorsa edizione, rispettivamente,<strong> Bolzano e Bologna<\/strong>; <a href=\"https:\/\/www.intoscana.it\/it\/articolo\/celebrity-hunted-riparte-da-firenze-la-terza-edizione-della-caccia-al-vip\/\" target=\"_blank\" rel=\"noopener\"><strong>Firenze<\/strong><\/a> scala due posti, conquistando il<strong> quarto posto<\/strong>, e <strong>Milano resta stabile al quinto<\/strong>.<\/p>\n<p>Bel balzo da parte di <strong><a href=\"https:\/\/www.intoscana.it\/it\/articolo\/siena-apertura-bottini\/\" target=\"_blank\" rel=\"noopener\">Siena<\/a> da 12\/ma a sesta classificata<\/strong>, mentre Parma, prima lo scorso anno, scivola alla settima casella della classifica generale.<\/p>\n<p>In fondo classifica, invece, si trovano i &#8220;soliti noti&#8221; che si muovono su \u00e8 gi\u00f9 senza grandi scossoni: subito sopra Crotone ci sono in discesa <strong>Siracusa<\/strong> (106 da 104) e <strong>Caltanissetta<\/strong> (105 da 101), e in lieve risalita<strong> Napoli<\/strong> (104 da 106).<\/p>\n<figure id=\"post-224194 media-224194\" class=\"align-none\"><img decoding=\"async\" src=\"https:\/\/www.intoscana.it\/wp-content\/uploads\/siena-a-cavallo-camporegio.jpg\" alt=\"\" \/><\/figure>\n<div class=\"titleimg\">Siena &#8211; \u00a9 Strade di Siena<\/div>\n<h3>Le citt\u00e0 toscane<\/h3>\n<p>In Toscana \u00e8 ancora<strong> Firenze che svetta,<\/strong> con una performance ottima in senso assoluto tanto da salire di due posizioni rispetto all&#8217;anno scorso e sistemarsi ai piedi del podio: dal sesto al quarto posto.<\/p>\n<p><strong>Sale anche Siena<\/strong>, che dal dodicesimo posto sale in sesta posizione. <strong>La terza citt\u00e0 toscana in graduatoria \u00e8 Pisa,<\/strong> che sale dal 25esimo al 19esimo posto.<\/p>\n<p>La maggior parte delle altre province toscane si trova a met\u00e0 classifica: <strong>Arezzo<\/strong> 38esima (era al numero 33),<strong> Lucca<\/strong> 41esima (era 45esima)<strong>, Livorno<\/strong> alla posizione 45 (era alla 47), <strong>Massa-Carrara<\/strong> alla posizione 48 (dalla 51).<\/p>\n<p>Scivolone anche per <strong>Grosseto<\/strong> che passa dal 31esimo al 55esimo posto. A chiudere la classifica toscana ci sono <strong>Pistoia<\/strong> (che per\u00f2 risale dal 71esimo al 57esimo posto) e <strong>Prato,<\/strong> che perde una posizione e passa dal 59esimo al 60esimo posto.<\/p>\n","protected":false},"excerpt":{"rendered":"<p>Dal dodicesimo posto Siena sale in sesta posizione, mentre la terza citt\u00e0 toscana in graduatoria \u00e8 Pisa, che sale dal 25esimo al 19esimo posto<\/p>\n","protected":false},"author":525,"featured_media":235625,"comment_status":"open","ping_status":"open","sticky":false,"template":"","format":"standard","meta":{"_acf_changed":false,"footnotes":""},"categories":[494],"tags":[202,203,164],"class_list":["post-256775","post","type-post","status-publish","format-standard","has-post-thumbnail","hentry","category-attualita","tag-firenze","tag-pisa","tag-siena"],"acf":[],"yoast_head":"<!-- This site is optimized with the Yoast SEO Premium plugin v24.2 (Yoast SEO v25.6) - https:\/\/yoast.com\/wordpress\/plugins\/seo\/ -->\n<title>Firenze al quarto posto nella classifica sulla qualit\u00e0 della vita - intoscana<\/title>\n<meta name=\"description\" content=\"Sale Siena che dal dodicesimo posto sale in sesta posizione, mentre la terza citt\u00e0 toscana in graduatoria \u00e8 Pisa che sale\" \/>\n<meta name=\"robots\" content=\"index, follow, max-snippet:-1, max-image-preview:large, max-video-preview:-1\" \/>\n<link rel=\"canonical\" href=\"https:\/\/www.intoscana.it\/it\/qualita-di-vita-classifica-citta\/\" \/>\n<meta property=\"og:locale\" content=\"it_IT\" \/>\n<meta property=\"og:type\" content=\"article\" \/>\n<meta property=\"og:title\" content=\"Firenze al quarto posto nella classifica sulla qualit\u00e0 della vita delle citt\u00e0 italiane\" \/>\n<meta property=\"og:description\" content=\"Sale Siena che dal dodicesimo posto sale in sesta posizione, mentre la terza citt\u00e0 toscana in graduatoria \u00e8 Pisa che sale\" \/>\n<meta property=\"og:url\" content=\"https:\/\/www.intoscana.it\/it\/qualita-di-vita-classifica-citta\/\" \/>\n<meta property=\"og:site_name\" content=\"intoscana\" \/>\n<meta property=\"article:publisher\" content=\"https:\/\/www.facebook.com\/intoscana.it\" \/>\n<meta property=\"article:published_time\" content=\"2022-11-08T08:46:08+00:00\" \/>\n<meta property=\"article:modified_time\" content=\"2022-11-09T09:24:32+00:00\" \/>\n<meta property=\"og:image\" content=\"https:\/\/www.intoscana.it\/wp-content\/uploads\/Turisti-a-Firenze-1-scaled.jpg\" \/>\n\t<meta property=\"og:image:width\" content=\"2048\" \/>\n\t<meta property=\"og:image:height\" content=\"1594\" \/>\n\t<meta property=\"og:image:type\" content=\"image\/jpeg\" \/>\n<meta name=\"author\" content=\"Redazione\" \/>\n<meta name=\"twitter:card\" content=\"summary_large_image\" \/>\n<meta name=\"twitter:creator\" content=\"@intoscana\" \/>\n<meta name=\"twitter:site\" content=\"@intoscana\" \/>\n<meta name=\"twitter:label1\" content=\"Written by\" \/>\n\t<meta name=\"twitter:data1\" content=\"Redazione\" \/>\n\t<meta name=\"twitter:label2\" content=\"Est. reading time\" \/>\n\t<meta name=\"twitter:data2\" content=\"2 minuti\" \/>\n<script type=\"application\/ld+json\" class=\"yoast-schema-graph\">{\"@context\":\"https:\/\/schema.org\",\"@graph\":[{\"@type\":\"WebPage\",\"@id\":\"https:\/\/www.intoscana.it\/it\/qualita-di-vita-classifica-citta\/\",\"url\":\"https:\/\/www.intoscana.it\/it\/qualita-di-vita-classifica-citta\/\",\"name\":\"Firenze al quarto posto nella classifica sulla qualit\u00e0 della vita - intoscana\",\"isPartOf\":{\"@id\":\"https:\/\/www.intoscana.it\/it\/#website\"},\"primaryImageOfPage\":{\"@id\":\"https:\/\/www.intoscana.it\/it\/qualita-di-vita-classifica-citta\/#primaryimage\"},\"image\":{\"@id\":\"https:\/\/www.intoscana.it\/it\/qualita-di-vita-classifica-citta\/#primaryimage\"},\"thumbnailUrl\":\"https:\/\/www.intoscana.it\/wp-content\/uploads\/Turisti-a-Firenze-1-scaled.jpg\",\"datePublished\":\"2022-11-08T08:46:08+00:00\",\"dateModified\":\"2022-11-09T09:24:32+00:00\",\"author\":{\"@id\":\"https:\/\/www.intoscana.it\/it\/#\/schema\/person\/9223810753230f20bd670fdd322661f8\"},\"description\":\"Sale Siena che dal dodicesimo posto sale in sesta posizione, mentre la terza citt\u00e0 toscana in graduatoria \u00e8 Pisa che sale\",\"breadcrumb\":{\"@id\":\"https:\/\/www.intoscana.it\/it\/qualita-di-vita-classifica-citta\/#breadcrumb\"},\"inLanguage\":\"it-IT\",\"potentialAction\":[{\"@type\":\"ReadAction\",\"target\":[\"https:\/\/www.intoscana.it\/it\/qualita-di-vita-classifica-citta\/\"]}]},{\"@type\":\"ImageObject\",\"inLanguage\":\"it-IT\",\"@id\":\"https:\/\/www.intoscana.it\/it\/qualita-di-vita-classifica-citta\/#primaryimage\",\"url\":\"https:\/\/www.intoscana.it\/wp-content\/uploads\/Turisti-a-Firenze-1-scaled.jpg\",\"contentUrl\":\"https:\/\/www.intoscana.it\/wp-content\/uploads\/Turisti-a-Firenze-1-scaled.jpg\",\"width\":2048,\"height\":1594,\"caption\":\"Turisti a Firenze in piazza del Duomo\"},{\"@type\":\"BreadcrumbList\",\"@id\":\"https:\/\/www.intoscana.it\/it\/qualita-di-vita-classifica-citta\/#breadcrumb\",\"itemListElement\":[{\"@type\":\"ListItem\",\"position\":1,\"name\":\"Home\",\"item\":\"https:\/\/www.intoscana.it\/it\/\"},{\"@type\":\"ListItem\",\"position\":2,\"name\":\"Firenze al quarto posto nella classifica sulla qualit\u00e0 della vita delle citt\u00e0 italiane\"}]},{\"@type\":\"WebSite\",\"@id\":\"https:\/\/www.intoscana.it\/it\/#website\",\"url\":\"https:\/\/www.intoscana.it\/it\/\",\"name\":\"intoscana\",\"description\":\"\",\"potentialAction\":[{\"@type\":\"SearchAction\",\"target\":{\"@type\":\"EntryPoint\",\"urlTemplate\":\"https:\/\/www.intoscana.it\/it\/?s={search_term_string}\"},\"query-input\":{\"@type\":\"PropertyValueSpecification\",\"valueRequired\":true,\"valueName\":\"search_term_string\"}}],\"inLanguage\":\"it-IT\"},{\"@type\":\"Person\",\"@id\":\"https:\/\/www.intoscana.it\/it\/#\/schema\/person\/9223810753230f20bd670fdd322661f8\",\"name\":\"Redazione\",\"url\":\"https:\/\/www.intoscana.it\/it\/author\/redazione\/\"}]}<\/script>\n<!-- \/ Yoast SEO Premium plugin. -->","yoast_head_json":{"title":"Firenze al quarto posto nella classifica sulla qualit\u00e0 della vita - intoscana","description":"Sale Siena che dal dodicesimo posto sale in sesta posizione, mentre la terza citt\u00e0 toscana in graduatoria \u00e8 Pisa che sale","robots":{"index":"index","follow":"follow","max-snippet":"max-snippet:-1","max-image-preview":"max-image-preview:large","max-video-preview":"max-video-preview:-1"},"canonical":"https:\/\/www.intoscana.it\/it\/qualita-di-vita-classifica-citta\/","og_locale":"it_IT","og_type":"article","og_title":"Firenze al quarto posto nella classifica sulla qualit\u00e0 della vita delle citt\u00e0 italiane","og_description":"Sale Siena che dal dodicesimo posto sale in sesta posizione, mentre la terza citt\u00e0 toscana in graduatoria \u00e8 Pisa che sale","og_url":"https:\/\/www.intoscana.it\/it\/qualita-di-vita-classifica-citta\/","og_site_name":"intoscana","article_publisher":"https:\/\/www.facebook.com\/intoscana.it","article_published_time":"2022-11-08T08:46:08+00:00","article_modified_time":"2022-11-09T09:24:32+00:00","og_image":[{"width":2048,"height":1594,"url":"https:\/\/www.intoscana.it\/wp-content\/uploads\/Turisti-a-Firenze-1-scaled.jpg","type":"image\/jpeg"}],"author":"Redazione","twitter_card":"summary_large_image","twitter_creator":"@intoscana","twitter_site":"@intoscana","twitter_misc":{"Written by":"Redazione","Est. reading time":"2 minuti"},"schema":{"@context":"https:\/\/schema.org","@graph":[{"@type":"WebPage","@id":"https:\/\/www.intoscana.it\/it\/qualita-di-vita-classifica-citta\/","url":"https:\/\/www.intoscana.it\/it\/qualita-di-vita-classifica-citta\/","name":"Firenze al quarto posto nella classifica sulla qualit\u00e0 della vita - intoscana","isPartOf":{"@id":"https:\/\/www.intoscana.it\/it\/#website"},"primaryImageOfPage":{"@id":"https:\/\/www.intoscana.it\/it\/qualita-di-vita-classifica-citta\/#primaryimage"},"image":{"@id":"https:\/\/www.intoscana.it\/it\/qualita-di-vita-classifica-citta\/#primaryimage"},"thumbnailUrl":"https:\/\/www.intoscana.it\/wp-content\/uploads\/Turisti-a-Firenze-1-scaled.jpg","datePublished":"2022-11-08T08:46:08+00:00","dateModified":"2022-11-09T09:24:32+00:00","author":{"@id":"https:\/\/www.intoscana.it\/it\/#\/schema\/person\/9223810753230f20bd670fdd322661f8"},"description":"Sale Siena che dal dodicesimo posto sale in sesta posizione, mentre la terza citt\u00e0 toscana in graduatoria \u00e8 Pisa che sale","breadcrumb":{"@id":"https:\/\/www.intoscana.it\/it\/qualita-di-vita-classifica-citta\/#breadcrumb"},"inLanguage":"it-IT","potentialAction":[{"@type":"ReadAction","target":["https:\/\/www.intoscana.it\/it\/qualita-di-vita-classifica-citta\/"]}]},{"@type":"ImageObject","inLanguage":"it-IT","@id":"https:\/\/www.intoscana.it\/it\/qualita-di-vita-classifica-citta\/#primaryimage","url":"https:\/\/www.intoscana.it\/wp-content\/uploads\/Turisti-a-Firenze-1-scaled.jpg","contentUrl":"https:\/\/www.intoscana.it\/wp-content\/uploads\/Turisti-a-Firenze-1-scaled.jpg","width":2048,"height":1594,"caption":"Turisti a Firenze in piazza del Duomo"},{"@type":"BreadcrumbList","@id":"https:\/\/www.intoscana.it\/it\/qualita-di-vita-classifica-citta\/#breadcrumb","itemListElement":[{"@type":"ListItem","position":1,"name":"Home","item":"https:\/\/www.intoscana.it\/it\/"},{"@type":"ListItem","position":2,"name":"Firenze al quarto posto nella classifica sulla qualit\u00e0 della vita delle citt\u00e0 italiane"}]},{"@type":"WebSite","@id":"https:\/\/www.intoscana.it\/it\/#website","url":"https:\/\/www.intoscana.it\/it\/","name":"intoscana","description":"","potentialAction":[{"@type":"SearchAction","target":{"@type":"EntryPoint","urlTemplate":"https:\/\/www.intoscana.it\/it\/?s={search_term_string}"},"query-input":{"@type":"PropertyValueSpecification","valueRequired":true,"valueName":"search_term_string"}}],"inLanguage":"it-IT"},{"@type":"Person","@id":"https:\/\/www.intoscana.it\/it\/#\/schema\/person\/9223810753230f20bd670fdd322661f8","name":"Redazione","url":"https:\/\/www.intoscana.it\/it\/author\/redazione\/"}]}},"_links":{"self":[{"href":"https:\/\/www.intoscana.it\/it\/wp-json\/wp\/v2\/posts\/256775","targetHints":{"allow":["GET"]}}],"collection":[{"href":"https:\/\/www.intoscana.it\/it\/wp-json\/wp\/v2\/posts"}],"about":[{"href":"https:\/\/www.intoscana.it\/it\/wp-json\/wp\/v2\/types\/post"}],"author":[{"embeddable":true,"href":"https:\/\/www.intoscana.it\/it\/wp-json\/wp\/v2\/users\/525"}],"replies":[{"embeddable":true,"href":"https:\/\/www.intoscana.it\/it\/wp-json\/wp\/v2\/comments?post=256775"}],"version-history":[{"count":0,"href":"https:\/\/www.intoscana.it\/it\/wp-json\/wp\/v2\/posts\/256775\/revisions"}],"wp:featuredmedia":[{"embeddable":true,"href":"https:\/\/www.intoscana.it\/it\/wp-json\/wp\/v2\/media\/235625"}],"wp:attachment":[{"href":"https:\/\/www.intoscana.it\/it\/wp-json\/wp\/v2\/media?parent=256775"}],"wp:term":[{"taxonomy":"category","embeddable":true,"href":"https:\/\/www.intoscana.it\/it\/wp-json\/wp\/v2\/categories?post=256775"},{"taxonomy":"post_tag","embeddable":true,"href":"https:\/\/www.intoscana.it\/it\/wp-json\/wp\/v2\/tags?post=256775"}],"curies":[{"name":"wp","href":"https:\/\/api.w.org\/{rel}","templated":true}]}}