{"id":257281,"date":"2022-11-10T18:28:58","date_gmt":"2022-11-10T17:28:58","guid":{"rendered":"https:\/\/www.intoscana.it\/it\/?p=257281"},"modified":"2022-11-13T21:13:31","modified_gmt":"2022-11-13T20:13:31","slug":"covid-gonfalone-dargento-allinfettivologo-francesco-menichetti","status":"publish","type":"post","link":"https:\/\/www.intoscana.it\/it\/covid-gonfalone-dargento-allinfettivologo-francesco-menichetti\/","title":{"rendered":"Covid, gonfalone d&#8217;argento all&#8217;infettivologo Francesco Menichetti"},"content":{"rendered":"<p>Il Gonfalone d\u2019argento va al professor <strong>Francesco Menichetti<\/strong>. La pi\u00f9 alta onorificenza dell\u2019Assemblea toscana \u00e8 stata conferita all\u2019<strong>infettivologo pisano<\/strong> <mark>per il ruolo significativo che ha avuto durante la pandemia nel coadiuvare le istituzioni con pareri e indicazioni di particolare rilevo scientifico<\/mark>.<\/p>\n<p>In relazione al Covid ha condotto studi sul <strong>plasma e anticorpi monoclonali<\/strong>. Studia ora il <strong>Long-Covid<\/strong> e si dedica all\u2019<strong>assistenza dei pazienti<\/strong> colpiti da questa patologia complessa e ancora poco conosciuta.<\/p>\n<p><iframe loading=\"lazy\" title=\"Gonfalone d\u2019argento a Menichetti, la dichiarazione dell'infettivologo\" src=\"https:\/\/www.youtube.com\/embed\/o8nTnZXSPco\" width=\"900\" height=\"506\" frameborder=\"0\" allowfullscreen=\"allowfullscreen\"><\/iframe><\/p>\n<p>\u201c<em>Sono orgoglioso di poter conferire il massimo riconoscimento del Consiglio regionale al professor Menichetti<\/em> \u2013 ha dichiarato il presidente del Consiglio regionale <strong>Antonio Mazzeo<\/strong> \u2013. <em>Questo vuole essere un premio alle sue qualit\u00e0 scientifiche, mediche, alla sua capacit\u00e0 di saper essere vicino al paziente, facendo ricerca di altissimo profilo. Menichetti \u00e8 uno di questi professionisti che quando vanno in pensione mancano e la sua mancanza si sente nel sistema sanitario<\/em>\u201d.<\/p>\n<p>Il Gonfalone, aggiunge Mazzeo, \u201c<em>\u00e8 anche un riconoscimento ai tanti professionisti della sanit\u00e0 toscana che sono stati impegnati in prima linea durante i tremendi mesi del Covid. La loro attivit\u00e0 di cura, di assistenza, ma anche di ricerca, ne hanno fatto un punto di riferimento a livello toscano, nazionale, ma anche internazionale<\/em>\u201d.<\/p>\n<p>\u201c<em>Si tratta per me di un motivo di profondo orgoglio, questo premio riconosce un impegno ultraventennale che ho speso all\u2019ospedale di Pisa a favore della sanit\u00e0 toscana<\/em> \u2013 ha sottolineato <strong>Francesco Menichetti<\/strong> \u2013. <em>La pandemia oggi \u00e8 pi\u00f9 favorevole per due buoni motivi: abbiamo un Paese largamente vaccinato, siamo tra i pi\u00f9 vaccinati d\u2019Europa e del mondo, la popolazione \u00e8 largamente protetta; le continue mutazioni virali fortunatamente non hanno virato al peggio, le varianti di Omicron sono ancora meno patogene del virus originale di Wuhan. Mi pare azzardato<\/em> \u2013 aggiunge \u2013 <em>liquidare l\u2019atteggiamento di prudenza e di attenzione, in particolare all\u2019interno degli ospedali e nei confronti degli operatori sanitari. Avrei continuato a mantenere l\u2019impegno vaccinale. I pazienti hanno diritto di essere assistiti da medici che credono nei vaccini, che fanno i vaccini e li mettono al riparo dal rischio<\/em>\u201d.<\/p>\n","protected":false},"excerpt":{"rendered":"<p>La pi\u00f9 alta onorificenza dell\u2019Assemblea toscana al professore pisano per il ruolo svolto durante la pandemia con pareri e indicazioni scientifiche<\/p>\n","protected":false},"author":525,"featured_media":257282,"comment_status":"open","ping_status":"open","sticky":false,"template":"","format":"standard","meta":{"_acf_changed":false,"footnotes":""},"categories":[4],"tags":[4760,4753,418],"class_list":["post-257281","post","type-post","status-publish","format-standard","has-post-thumbnail","hentry","category-storie","tag-antonio-mazzeo","tag-consiglio-regionale-della-toscana","tag-covid-19"],"acf":[],"yoast_head":"<!-- This site is optimized with the Yoast SEO Premium plugin v24.2 (Yoast SEO v25.6) - https:\/\/yoast.com\/wordpress\/plugins\/seo\/ -->\n<title>Gonfalone d&#039;argento all&#039;infettivologo Francesco Menichetti - intoscana<\/title>\n<meta name=\"description\" content=\"La pi\u00f9 alta onorificenza dell\u2019Assemblea toscana al professore per il ruolo svolto durante la pandemia con pareri e indicazioni scientifiche\" \/>\n<meta name=\"robots\" content=\"index, follow, max-snippet:-1, max-image-preview:large, max-video-preview:-1\" \/>\n<link rel=\"canonical\" href=\"https:\/\/www.intoscana.it\/it\/covid-gonfalone-dargento-allinfettivologo-francesco-menichetti\/\" \/>\n<meta property=\"og:locale\" content=\"it_IT\" \/>\n<meta property=\"og:type\" content=\"article\" \/>\n<meta property=\"og:title\" content=\"Covid, gonfalone d&#039;argento all&#039;infettivologo Francesco Menichetti\" \/>\n<meta property=\"og:description\" content=\"La pi\u00f9 alta onorificenza dell\u2019Assemblea toscana al professore per il ruolo svolto durante la pandemia con pareri e indicazioni scientifiche\" \/>\n<meta property=\"og:url\" content=\"https:\/\/www.intoscana.it\/it\/covid-gonfalone-dargento-allinfettivologo-francesco-menichetti\/\" \/>\n<meta property=\"og:site_name\" content=\"intoscana\" \/>\n<meta property=\"article:publisher\" content=\"https:\/\/www.facebook.com\/intoscana.it\" \/>\n<meta property=\"article:published_time\" content=\"2022-11-10T17:28:58+00:00\" \/>\n<meta property=\"article:modified_time\" content=\"2022-11-13T20:13:31+00:00\" \/>\n<meta property=\"og:image\" content=\"https:\/\/www.intoscana.it\/wp-content\/uploads\/Il-gonfalone-dargento-a-Francesco-Menichetti-1.jpeg\" \/>\n\t<meta property=\"og:image:width\" content=\"1024\" \/>\n\t<meta property=\"og:image:height\" content=\"625\" \/>\n\t<meta property=\"og:image:type\" content=\"image\/jpeg\" \/>\n<meta name=\"author\" content=\"Redazione\" \/>\n<meta name=\"twitter:card\" content=\"summary_large_image\" \/>\n<meta name=\"twitter:creator\" content=\"@intoscana\" \/>\n<meta name=\"twitter:site\" content=\"@intoscana\" \/>\n<meta name=\"twitter:label1\" content=\"Written by\" \/>\n\t<meta name=\"twitter:data1\" content=\"Redazione\" \/>\n\t<meta name=\"twitter:label2\" content=\"Est. reading time\" \/>\n\t<meta name=\"twitter:data2\" content=\"2 minuti\" \/>\n<script type=\"application\/ld+json\" class=\"yoast-schema-graph\">{\"@context\":\"https:\/\/schema.org\",\"@graph\":[{\"@type\":\"WebPage\",\"@id\":\"https:\/\/www.intoscana.it\/it\/covid-gonfalone-dargento-allinfettivologo-francesco-menichetti\/\",\"url\":\"https:\/\/www.intoscana.it\/it\/covid-gonfalone-dargento-allinfettivologo-francesco-menichetti\/\",\"name\":\"Gonfalone d'argento all'infettivologo Francesco Menichetti - intoscana\",\"isPartOf\":{\"@id\":\"https:\/\/www.intoscana.it\/it\/#website\"},\"primaryImageOfPage\":{\"@id\":\"https:\/\/www.intoscana.it\/it\/covid-gonfalone-dargento-allinfettivologo-francesco-menichetti\/#primaryimage\"},\"image\":{\"@id\":\"https:\/\/www.intoscana.it\/it\/covid-gonfalone-dargento-allinfettivologo-francesco-menichetti\/#primaryimage\"},\"thumbnailUrl\":\"https:\/\/www.intoscana.it\/wp-content\/uploads\/Il-gonfalone-dargento-a-Francesco-Menichetti-1.jpeg\",\"datePublished\":\"2022-11-10T17:28:58+00:00\",\"dateModified\":\"2022-11-13T20:13:31+00:00\",\"author\":{\"@id\":\"https:\/\/www.intoscana.it\/it\/#\/schema\/person\/9223810753230f20bd670fdd322661f8\"},\"description\":\"La pi\u00f9 alta onorificenza dell\u2019Assemblea toscana al professore per il ruolo svolto durante la pandemia con pareri e indicazioni scientifiche\",\"breadcrumb\":{\"@id\":\"https:\/\/www.intoscana.it\/it\/covid-gonfalone-dargento-allinfettivologo-francesco-menichetti\/#breadcrumb\"},\"inLanguage\":\"it-IT\",\"potentialAction\":[{\"@type\":\"ReadAction\",\"target\":[\"https:\/\/www.intoscana.it\/it\/covid-gonfalone-dargento-allinfettivologo-francesco-menichetti\/\"]}]},{\"@type\":\"ImageObject\",\"inLanguage\":\"it-IT\",\"@id\":\"https:\/\/www.intoscana.it\/it\/covid-gonfalone-dargento-allinfettivologo-francesco-menichetti\/#primaryimage\",\"url\":\"https:\/\/www.intoscana.it\/wp-content\/uploads\/Il-gonfalone-dargento-a-Francesco-Menichetti-1.jpeg\",\"contentUrl\":\"https:\/\/www.intoscana.it\/wp-content\/uploads\/Il-gonfalone-dargento-a-Francesco-Menichetti-1.jpeg\",\"width\":1024,\"height\":625},{\"@type\":\"BreadcrumbList\",\"@id\":\"https:\/\/www.intoscana.it\/it\/covid-gonfalone-dargento-allinfettivologo-francesco-menichetti\/#breadcrumb\",\"itemListElement\":[{\"@type\":\"ListItem\",\"position\":1,\"name\":\"Home\",\"item\":\"https:\/\/www.intoscana.it\/it\/\"},{\"@type\":\"ListItem\",\"position\":2,\"name\":\"Covid, gonfalone d&#8217;argento all&#8217;infettivologo Francesco Menichetti\"}]},{\"@type\":\"WebSite\",\"@id\":\"https:\/\/www.intoscana.it\/it\/#website\",\"url\":\"https:\/\/www.intoscana.it\/it\/\",\"name\":\"intoscana\",\"description\":\"\",\"potentialAction\":[{\"@type\":\"SearchAction\",\"target\":{\"@type\":\"EntryPoint\",\"urlTemplate\":\"https:\/\/www.intoscana.it\/it\/?s={search_term_string}\"},\"query-input\":{\"@type\":\"PropertyValueSpecification\",\"valueRequired\":true,\"valueName\":\"search_term_string\"}}],\"inLanguage\":\"it-IT\"},{\"@type\":\"Person\",\"@id\":\"https:\/\/www.intoscana.it\/it\/#\/schema\/person\/9223810753230f20bd670fdd322661f8\",\"name\":\"Redazione\",\"url\":\"https:\/\/www.intoscana.it\/it\/author\/redazione\/\"}]}<\/script>\n<!-- \/ Yoast SEO Premium plugin. -->","yoast_head_json":{"title":"Gonfalone d'argento all'infettivologo Francesco Menichetti - intoscana","description":"La pi\u00f9 alta onorificenza dell\u2019Assemblea toscana al professore per il ruolo svolto durante la pandemia con pareri e indicazioni scientifiche","robots":{"index":"index","follow":"follow","max-snippet":"max-snippet:-1","max-image-preview":"max-image-preview:large","max-video-preview":"max-video-preview:-1"},"canonical":"https:\/\/www.intoscana.it\/it\/covid-gonfalone-dargento-allinfettivologo-francesco-menichetti\/","og_locale":"it_IT","og_type":"article","og_title":"Covid, gonfalone d'argento all'infettivologo Francesco Menichetti","og_description":"La pi\u00f9 alta onorificenza dell\u2019Assemblea toscana al professore per il ruolo svolto durante la pandemia con pareri e indicazioni scientifiche","og_url":"https:\/\/www.intoscana.it\/it\/covid-gonfalone-dargento-allinfettivologo-francesco-menichetti\/","og_site_name":"intoscana","article_publisher":"https:\/\/www.facebook.com\/intoscana.it","article_published_time":"2022-11-10T17:28:58+00:00","article_modified_time":"2022-11-13T20:13:31+00:00","og_image":[{"width":1024,"height":625,"url":"https:\/\/www.intoscana.it\/wp-content\/uploads\/Il-gonfalone-dargento-a-Francesco-Menichetti-1.jpeg","type":"image\/jpeg"}],"author":"Redazione","twitter_card":"summary_large_image","twitter_creator":"@intoscana","twitter_site":"@intoscana","twitter_misc":{"Written by":"Redazione","Est. reading time":"2 minuti"},"schema":{"@context":"https:\/\/schema.org","@graph":[{"@type":"WebPage","@id":"https:\/\/www.intoscana.it\/it\/covid-gonfalone-dargento-allinfettivologo-francesco-menichetti\/","url":"https:\/\/www.intoscana.it\/it\/covid-gonfalone-dargento-allinfettivologo-francesco-menichetti\/","name":"Gonfalone d'argento all'infettivologo Francesco Menichetti - intoscana","isPartOf":{"@id":"https:\/\/www.intoscana.it\/it\/#website"},"primaryImageOfPage":{"@id":"https:\/\/www.intoscana.it\/it\/covid-gonfalone-dargento-allinfettivologo-francesco-menichetti\/#primaryimage"},"image":{"@id":"https:\/\/www.intoscana.it\/it\/covid-gonfalone-dargento-allinfettivologo-francesco-menichetti\/#primaryimage"},"thumbnailUrl":"https:\/\/www.intoscana.it\/wp-content\/uploads\/Il-gonfalone-dargento-a-Francesco-Menichetti-1.jpeg","datePublished":"2022-11-10T17:28:58+00:00","dateModified":"2022-11-13T20:13:31+00:00","author":{"@id":"https:\/\/www.intoscana.it\/it\/#\/schema\/person\/9223810753230f20bd670fdd322661f8"},"description":"La pi\u00f9 alta onorificenza dell\u2019Assemblea toscana al professore per il ruolo svolto durante la pandemia con pareri e indicazioni scientifiche","breadcrumb":{"@id":"https:\/\/www.intoscana.it\/it\/covid-gonfalone-dargento-allinfettivologo-francesco-menichetti\/#breadcrumb"},"inLanguage":"it-IT","potentialAction":[{"@type":"ReadAction","target":["https:\/\/www.intoscana.it\/it\/covid-gonfalone-dargento-allinfettivologo-francesco-menichetti\/"]}]},{"@type":"ImageObject","inLanguage":"it-IT","@id":"https:\/\/www.intoscana.it\/it\/covid-gonfalone-dargento-allinfettivologo-francesco-menichetti\/#primaryimage","url":"https:\/\/www.intoscana.it\/wp-content\/uploads\/Il-gonfalone-dargento-a-Francesco-Menichetti-1.jpeg","contentUrl":"https:\/\/www.intoscana.it\/wp-content\/uploads\/Il-gonfalone-dargento-a-Francesco-Menichetti-1.jpeg","width":1024,"height":625},{"@type":"BreadcrumbList","@id":"https:\/\/www.intoscana.it\/it\/covid-gonfalone-dargento-allinfettivologo-francesco-menichetti\/#breadcrumb","itemListElement":[{"@type":"ListItem","position":1,"name":"Home","item":"https:\/\/www.intoscana.it\/it\/"},{"@type":"ListItem","position":2,"name":"Covid, gonfalone d&#8217;argento all&#8217;infettivologo Francesco Menichetti"}]},{"@type":"WebSite","@id":"https:\/\/www.intoscana.it\/it\/#website","url":"https:\/\/www.intoscana.it\/it\/","name":"intoscana","description":"","potentialAction":[{"@type":"SearchAction","target":{"@type":"EntryPoint","urlTemplate":"https:\/\/www.intoscana.it\/it\/?s={search_term_string}"},"query-input":{"@type":"PropertyValueSpecification","valueRequired":true,"valueName":"search_term_string"}}],"inLanguage":"it-IT"},{"@type":"Person","@id":"https:\/\/www.intoscana.it\/it\/#\/schema\/person\/9223810753230f20bd670fdd322661f8","name":"Redazione","url":"https:\/\/www.intoscana.it\/it\/author\/redazione\/"}]}},"_links":{"self":[{"href":"https:\/\/www.intoscana.it\/it\/wp-json\/wp\/v2\/posts\/257281","targetHints":{"allow":["GET"]}}],"collection":[{"href":"https:\/\/www.intoscana.it\/it\/wp-json\/wp\/v2\/posts"}],"about":[{"href":"https:\/\/www.intoscana.it\/it\/wp-json\/wp\/v2\/types\/post"}],"author":[{"embeddable":true,"href":"https:\/\/www.intoscana.it\/it\/wp-json\/wp\/v2\/users\/525"}],"replies":[{"embeddable":true,"href":"https:\/\/www.intoscana.it\/it\/wp-json\/wp\/v2\/comments?post=257281"}],"version-history":[{"count":0,"href":"https:\/\/www.intoscana.it\/it\/wp-json\/wp\/v2\/posts\/257281\/revisions"}],"wp:featuredmedia":[{"embeddable":true,"href":"https:\/\/www.intoscana.it\/it\/wp-json\/wp\/v2\/media\/257282"}],"wp:attachment":[{"href":"https:\/\/www.intoscana.it\/it\/wp-json\/wp\/v2\/media?parent=257281"}],"wp:term":[{"taxonomy":"category","embeddable":true,"href":"https:\/\/www.intoscana.it\/it\/wp-json\/wp\/v2\/categories?post=257281"},{"taxonomy":"post_tag","embeddable":true,"href":"https:\/\/www.intoscana.it\/it\/wp-json\/wp\/v2\/tags?post=257281"}],"curies":[{"name":"wp","href":"https:\/\/api.w.org\/{rel}","templated":true}]}}