{"id":257335,"date":"2022-11-11T10:28:31","date_gmt":"2022-11-11T09:28:31","guid":{"rendered":"https:\/\/www.intoscana.it\/it\/?p=257335"},"modified":"2022-11-11T14:08:23","modified_gmt":"2022-11-11T13:08:23","slug":"affettivita-disabili-iacopo-melio","status":"publish","type":"post","link":"https:\/\/www.intoscana.it\/it\/affettivita-disabili-iacopo-melio\/","title":{"rendered":"Operatore all&#8217;affettivit\u00e0 per i disabili: la proposta di Iacopo Melio"},"content":{"rendered":"<p>Un atto che impegni la Giunta ad attivarsi per approfondire &#8220;la figura dell&#8221;<strong>Operatore all&#8217;emotivit\u00e0, all&#8217;affettivit\u00e0<\/strong>, alla corporeit\u00e0 e alla sessualit\u00e0&#8217; per<strong> persone con disabilit\u00e0<\/strong>&#8221; e a stimolare il Parlamento per rilanciare una proposta di legge. \u00c8 quanto ha depositato ieri nel Consiglio regionale della Toscana il consigliere Pd <strong>Iacopo Melio.<\/strong><\/p>\n<p><em>&#8220;Sono felice di annunciarvi<\/em> &#8211; ha scritto <a href=\"https:\/\/www.intoscana.it\/it\/articolo\/iacopo-melio-e-il-lato-positivo-sono-fortunato-il-mondo-si-e-fermato-e-io-ho-continuato-a-camminare-avanti\/\" target=\"_blank\" rel=\"noopener\">Melio<\/a> in un post Facebook &#8211; c<em>he, sulla scia di quanto fatto dall&#8217;amico Enzo Brogi <\/em><em>nella precedente legislatura, ho appena depositato un nuovo atto <\/em><em>(sottoscritto anche da altri colleghi del gruppo Pd, che <\/em><em>ringrazio) da portare in Consiglio affinch\u00e9 la Giunta si attivi <\/em><em>presso la<strong> Conferenza delle Regioni<\/strong> per approfondire, in quella <\/em><em>sede, la figura dell&#8221;Operatore all&#8217;emotivit\u00e0, all&#8217;affettivit\u00e0, <\/em><em>alla corporeit\u00e0 e alla sessualit\u00e0&#8217; per persone con disabilit\u00e0: <\/em><em>una professione che ha a che fare con un diritto fondamentale, <\/em><em>riguardante il <strong>benessere psicofisico ed emotivo<\/strong>, il cui <\/em><em>riconoscimento resta fermo in Parlamento da troppo tempo&#8221;<\/em>.<\/p>\n<h3>Un supporto terapeutico per le persone disabili e le loro famiglie<\/h3>\n<p>Per Iacopo Melio <em>&#8220;se questo Governo si ritiene tanto vicino alle persone con disabilit\u00e0 \u00e8 necessario che superi<strong> tab\u00f9 e pregiudizi<\/strong> attraverso la conoscenza e l&#8217;istituzione di una professione che niente ha a che vedere con il &#8216;sex work&#8217; ma con il <strong>supporto terapeutico<\/strong> anche per migliaia di famiglie disperate che oggi, in piena solitudine, sono incapaci di gestire situazioni assai pesanti in quanto prive di strumenti adeguati e supporti istituzionali. Per questo ho chiesto che la Regione Toscana, per quanto di sua competenza, stimoli il Parlamento per rilanciare una <strong>proposta di legg<\/strong>e in materia, da approvarsi quanto prima&#8221;.<\/em><\/p>\n","protected":false},"excerpt":{"rendered":"<p>Il consigliere regionale ha presentato un nuovo atto per una legge che garantisca questa figura per le persone con disabilit\u00e0<\/p>\n","protected":false},"author":525,"featured_media":169879,"comment_status":"open","ping_status":"open","sticky":false,"template":"","format":"standard","meta":{"_acf_changed":false,"footnotes":""},"categories":[494],"tags":[406,5691],"class_list":["post-257335","post","type-post","status-publish","format-standard","has-post-thumbnail","hentry","category-attualita","tag-disabilita","tag-psicologia"],"acf":[],"yoast_head":"<!-- This site is optimized with the Yoast SEO Premium plugin v24.2 (Yoast SEO v25.6) - https:\/\/yoast.com\/wordpress\/plugins\/seo\/ -->\n<title>Operatore all&#039;affettivit\u00e0 per i disabili: la proposta di Iacopo Melio - intoscana<\/title>\n<meta name=\"description\" content=\"Un operatore all&#039;emotivit\u00e0 e affettivit\u00e0 per le persone disabilI: \u00e8 la proposta di Iacopo Melio depositata presso il Consiglio regionale.\" \/>\n<meta name=\"robots\" content=\"index, follow, max-snippet:-1, max-image-preview:large, max-video-preview:-1\" \/>\n<link rel=\"canonical\" href=\"https:\/\/www.intoscana.it\/it\/affettivita-disabili-iacopo-melio\/\" \/>\n<meta property=\"og:locale\" content=\"it_IT\" \/>\n<meta property=\"og:type\" content=\"article\" \/>\n<meta property=\"og:title\" content=\"Operatore all&#039;affettivit\u00e0 per i disabili: la proposta di Iacopo Melio\" \/>\n<meta property=\"og:description\" content=\"Un operatore all&#039;emotivit\u00e0 e affettivit\u00e0 per le persone disabilI: \u00e8 la proposta di Iacopo Melio depositata presso il Consiglio regionale.\" \/>\n<meta property=\"og:url\" content=\"https:\/\/www.intoscana.it\/it\/affettivita-disabili-iacopo-melio\/\" \/>\n<meta property=\"og:site_name\" content=\"intoscana\" \/>\n<meta property=\"article:publisher\" content=\"https:\/\/www.facebook.com\/intoscana.it\" \/>\n<meta property=\"article:published_time\" content=\"2022-11-11T09:28:31+00:00\" \/>\n<meta property=\"article:modified_time\" content=\"2022-11-11T13:08:23+00:00\" \/>\n<meta property=\"og:image\" content=\"https:\/\/www.intoscana.it\/wp-content\/uploads\/melio.jpeg\" \/>\n\t<meta property=\"og:image:width\" content=\"2048\" \/>\n\t<meta property=\"og:image:height\" content=\"1363\" \/>\n\t<meta property=\"og:image:type\" content=\"image\/jpeg\" \/>\n<meta name=\"author\" content=\"Redazione\" \/>\n<meta name=\"twitter:card\" content=\"summary_large_image\" \/>\n<meta name=\"twitter:creator\" content=\"@intoscana\" \/>\n<meta name=\"twitter:site\" content=\"@intoscana\" \/>\n<meta name=\"twitter:label1\" content=\"Written by\" \/>\n\t<meta name=\"twitter:data1\" content=\"Redazione\" \/>\n\t<meta name=\"twitter:label2\" content=\"Est. reading time\" \/>\n\t<meta name=\"twitter:data2\" content=\"1 minuto\" \/>\n<script type=\"application\/ld+json\" class=\"yoast-schema-graph\">{\"@context\":\"https:\/\/schema.org\",\"@graph\":[{\"@type\":\"WebPage\",\"@id\":\"https:\/\/www.intoscana.it\/it\/affettivita-disabili-iacopo-melio\/\",\"url\":\"https:\/\/www.intoscana.it\/it\/affettivita-disabili-iacopo-melio\/\",\"name\":\"Operatore all'affettivit\u00e0 per i disabili: la proposta di Iacopo Melio - intoscana\",\"isPartOf\":{\"@id\":\"https:\/\/www.intoscana.it\/it\/#website\"},\"primaryImageOfPage\":{\"@id\":\"https:\/\/www.intoscana.it\/it\/affettivita-disabili-iacopo-melio\/#primaryimage\"},\"image\":{\"@id\":\"https:\/\/www.intoscana.it\/it\/affettivita-disabili-iacopo-melio\/#primaryimage\"},\"thumbnailUrl\":\"https:\/\/www.intoscana.it\/wp-content\/uploads\/melio.jpeg\",\"datePublished\":\"2022-11-11T09:28:31+00:00\",\"dateModified\":\"2022-11-11T13:08:23+00:00\",\"author\":{\"@id\":\"https:\/\/www.intoscana.it\/it\/#\/schema\/person\/9223810753230f20bd670fdd322661f8\"},\"description\":\"Un operatore all'emotivit\u00e0 e affettivit\u00e0 per le persone disabilI: \u00e8 la proposta di Iacopo Melio depositata presso il Consiglio regionale.\",\"breadcrumb\":{\"@id\":\"https:\/\/www.intoscana.it\/it\/affettivita-disabili-iacopo-melio\/#breadcrumb\"},\"inLanguage\":\"it-IT\",\"potentialAction\":[{\"@type\":\"ReadAction\",\"target\":[\"https:\/\/www.intoscana.it\/it\/affettivita-disabili-iacopo-melio\/\"]}]},{\"@type\":\"ImageObject\",\"inLanguage\":\"it-IT\",\"@id\":\"https:\/\/www.intoscana.it\/it\/affettivita-disabili-iacopo-melio\/#primaryimage\",\"url\":\"https:\/\/www.intoscana.it\/wp-content\/uploads\/melio.jpeg\",\"contentUrl\":\"https:\/\/www.intoscana.it\/wp-content\/uploads\/melio.jpeg\",\"width\":2048,\"height\":1363,\"caption\":\"Iacopo Melio\"},{\"@type\":\"BreadcrumbList\",\"@id\":\"https:\/\/www.intoscana.it\/it\/affettivita-disabili-iacopo-melio\/#breadcrumb\",\"itemListElement\":[{\"@type\":\"ListItem\",\"position\":1,\"name\":\"Home\",\"item\":\"https:\/\/www.intoscana.it\/it\/\"},{\"@type\":\"ListItem\",\"position\":2,\"name\":\"Operatore all&#8217;affettivit\u00e0 per i disabili: la proposta di Iacopo Melio\"}]},{\"@type\":\"WebSite\",\"@id\":\"https:\/\/www.intoscana.it\/it\/#website\",\"url\":\"https:\/\/www.intoscana.it\/it\/\",\"name\":\"intoscana\",\"description\":\"\",\"potentialAction\":[{\"@type\":\"SearchAction\",\"target\":{\"@type\":\"EntryPoint\",\"urlTemplate\":\"https:\/\/www.intoscana.it\/it\/?s={search_term_string}\"},\"query-input\":{\"@type\":\"PropertyValueSpecification\",\"valueRequired\":true,\"valueName\":\"search_term_string\"}}],\"inLanguage\":\"it-IT\"},{\"@type\":\"Person\",\"@id\":\"https:\/\/www.intoscana.it\/it\/#\/schema\/person\/9223810753230f20bd670fdd322661f8\",\"name\":\"Redazione\",\"url\":\"https:\/\/www.intoscana.it\/it\/author\/redazione\/\"}]}<\/script>\n<!-- \/ Yoast SEO Premium plugin. -->","yoast_head_json":{"title":"Operatore all'affettivit\u00e0 per i disabili: la proposta di Iacopo Melio - intoscana","description":"Un operatore all'emotivit\u00e0 e affettivit\u00e0 per le persone disabilI: \u00e8 la proposta di Iacopo Melio depositata presso il Consiglio regionale.","robots":{"index":"index","follow":"follow","max-snippet":"max-snippet:-1","max-image-preview":"max-image-preview:large","max-video-preview":"max-video-preview:-1"},"canonical":"https:\/\/www.intoscana.it\/it\/affettivita-disabili-iacopo-melio\/","og_locale":"it_IT","og_type":"article","og_title":"Operatore all'affettivit\u00e0 per i disabili: la proposta di Iacopo Melio","og_description":"Un operatore all'emotivit\u00e0 e affettivit\u00e0 per le persone disabilI: \u00e8 la proposta di Iacopo Melio depositata presso il Consiglio regionale.","og_url":"https:\/\/www.intoscana.it\/it\/affettivita-disabili-iacopo-melio\/","og_site_name":"intoscana","article_publisher":"https:\/\/www.facebook.com\/intoscana.it","article_published_time":"2022-11-11T09:28:31+00:00","article_modified_time":"2022-11-11T13:08:23+00:00","og_image":[{"width":2048,"height":1363,"url":"https:\/\/www.intoscana.it\/wp-content\/uploads\/melio.jpeg","type":"image\/jpeg"}],"author":"Redazione","twitter_card":"summary_large_image","twitter_creator":"@intoscana","twitter_site":"@intoscana","twitter_misc":{"Written by":"Redazione","Est. reading time":"1 minuto"},"schema":{"@context":"https:\/\/schema.org","@graph":[{"@type":"WebPage","@id":"https:\/\/www.intoscana.it\/it\/affettivita-disabili-iacopo-melio\/","url":"https:\/\/www.intoscana.it\/it\/affettivita-disabili-iacopo-melio\/","name":"Operatore all'affettivit\u00e0 per i disabili: la proposta di Iacopo Melio - intoscana","isPartOf":{"@id":"https:\/\/www.intoscana.it\/it\/#website"},"primaryImageOfPage":{"@id":"https:\/\/www.intoscana.it\/it\/affettivita-disabili-iacopo-melio\/#primaryimage"},"image":{"@id":"https:\/\/www.intoscana.it\/it\/affettivita-disabili-iacopo-melio\/#primaryimage"},"thumbnailUrl":"https:\/\/www.intoscana.it\/wp-content\/uploads\/melio.jpeg","datePublished":"2022-11-11T09:28:31+00:00","dateModified":"2022-11-11T13:08:23+00:00","author":{"@id":"https:\/\/www.intoscana.it\/it\/#\/schema\/person\/9223810753230f20bd670fdd322661f8"},"description":"Un operatore all'emotivit\u00e0 e affettivit\u00e0 per le persone disabilI: \u00e8 la proposta di Iacopo Melio depositata presso il Consiglio regionale.","breadcrumb":{"@id":"https:\/\/www.intoscana.it\/it\/affettivita-disabili-iacopo-melio\/#breadcrumb"},"inLanguage":"it-IT","potentialAction":[{"@type":"ReadAction","target":["https:\/\/www.intoscana.it\/it\/affettivita-disabili-iacopo-melio\/"]}]},{"@type":"ImageObject","inLanguage":"it-IT","@id":"https:\/\/www.intoscana.it\/it\/affettivita-disabili-iacopo-melio\/#primaryimage","url":"https:\/\/www.intoscana.it\/wp-content\/uploads\/melio.jpeg","contentUrl":"https:\/\/www.intoscana.it\/wp-content\/uploads\/melio.jpeg","width":2048,"height":1363,"caption":"Iacopo Melio"},{"@type":"BreadcrumbList","@id":"https:\/\/www.intoscana.it\/it\/affettivita-disabili-iacopo-melio\/#breadcrumb","itemListElement":[{"@type":"ListItem","position":1,"name":"Home","item":"https:\/\/www.intoscana.it\/it\/"},{"@type":"ListItem","position":2,"name":"Operatore all&#8217;affettivit\u00e0 per i disabili: la proposta di Iacopo Melio"}]},{"@type":"WebSite","@id":"https:\/\/www.intoscana.it\/it\/#website","url":"https:\/\/www.intoscana.it\/it\/","name":"intoscana","description":"","potentialAction":[{"@type":"SearchAction","target":{"@type":"EntryPoint","urlTemplate":"https:\/\/www.intoscana.it\/it\/?s={search_term_string}"},"query-input":{"@type":"PropertyValueSpecification","valueRequired":true,"valueName":"search_term_string"}}],"inLanguage":"it-IT"},{"@type":"Person","@id":"https:\/\/www.intoscana.it\/it\/#\/schema\/person\/9223810753230f20bd670fdd322661f8","name":"Redazione","url":"https:\/\/www.intoscana.it\/it\/author\/redazione\/"}]}},"_links":{"self":[{"href":"https:\/\/www.intoscana.it\/it\/wp-json\/wp\/v2\/posts\/257335","targetHints":{"allow":["GET"]}}],"collection":[{"href":"https:\/\/www.intoscana.it\/it\/wp-json\/wp\/v2\/posts"}],"about":[{"href":"https:\/\/www.intoscana.it\/it\/wp-json\/wp\/v2\/types\/post"}],"author":[{"embeddable":true,"href":"https:\/\/www.intoscana.it\/it\/wp-json\/wp\/v2\/users\/525"}],"replies":[{"embeddable":true,"href":"https:\/\/www.intoscana.it\/it\/wp-json\/wp\/v2\/comments?post=257335"}],"version-history":[{"count":0,"href":"https:\/\/www.intoscana.it\/it\/wp-json\/wp\/v2\/posts\/257335\/revisions"}],"wp:featuredmedia":[{"embeddable":true,"href":"https:\/\/www.intoscana.it\/it\/wp-json\/wp\/v2\/media\/169879"}],"wp:attachment":[{"href":"https:\/\/www.intoscana.it\/it\/wp-json\/wp\/v2\/media?parent=257335"}],"wp:term":[{"taxonomy":"category","embeddable":true,"href":"https:\/\/www.intoscana.it\/it\/wp-json\/wp\/v2\/categories?post=257335"},{"taxonomy":"post_tag","embeddable":true,"href":"https:\/\/www.intoscana.it\/it\/wp-json\/wp\/v2\/tags?post=257335"}],"curies":[{"name":"wp","href":"https:\/\/api.w.org\/{rel}","templated":true}]}}