{"id":257365,"date":"2022-11-11T12:22:54","date_gmt":"2022-11-11T11:22:54","guid":{"rendered":"https:\/\/www.intoscana.it\/it\/?p=257365"},"modified":"2022-11-11T12:23:31","modified_gmt":"2022-11-11T11:23:31","slug":"prato-carbon-neutral-neutralita-climatica","status":"publish","type":"post","link":"https:\/\/www.intoscana.it\/it\/prato-carbon-neutral-neutralita-climatica\/","title":{"rendered":"Prato Carbon Neutral: la road map verso la neutralit\u00e0 climatica"},"content":{"rendered":"<p>Sono partiti i lavori per <strong>Prato Carbon Neutral,<\/strong> il piano per diventare citt\u00e0 ad <strong>impatto climatico zero<\/strong> che adesso ha anche un <a href=\"https:\/\/www.comune.prato.it\/it\/prato-carbon-neutral\" target=\"_blank\" rel=\"noopener\">sito web<\/a> dedicato e prevede decine di <strong>incontri di codesign<\/strong>, ovvero tavoli di lavoro e partecipazione tra amministrazione e territorio. Il Comune di Prato infatti \u00e8 al lavoro per ingaggiare cittadini e stakeholder di riferimento sul territorio per arrivare a definire il Piano d\u2019Azione per la Neutralit\u00e0 Climatica al 2030 della citt\u00e0, che servir\u00e0 poi per firmare il contratto con la Commissione Europea agli inizi del prossimo anno.<\/p>\n<h3>Prato tra le 100 citt\u00e0 green scelte dalla Ue<\/h3>\n<p>L\u2019iniziativa nasce a seguito della <a href=\"https:\/\/www.intoscana.it\/it\/articolo\/firenze-e-prato-tra-le-nove-citta-italiane-a-zero-c02-nel-2030\/\" target=\"_blank\" rel=\"noopener\">selezione di Prato<\/a>, da parte della <strong>Commissione Europea<\/strong>, tra le 100 citt\u00e0 dell\u2019Unione che parteciperanno alla missione \u201c100 citt\u00e0 intelligenti e a impatto climatico zero entro il 2030\u201d, la cosiddetta \u201cmissione Citt\u00e0\u201d, missione per la quale si erano candidate ben 377 citt\u00e0 europee.<\/p>\n<p>Ognuna delle 100 citt\u00e0 battistrada che hanno raccolto la sfida di diventare a impatto climatico zero entro il 2030 sottoscriver\u00e0 un <strong>&#8220;Climate City Contract&#8221;,<\/strong> contratto adattato alle realt\u00e0 di ciascuna citt\u00e0 messo a punto in esito a un processo di co-creazione in modo da raccogliere le voci di tutti, a tutti i livelli.<\/p>\n<h3>Tavoli di partecipazione aperti ai cittadini<\/h3>\n<p>Il Climate City Contract dar\u00e0 alle persone e alla societ\u00e0 civile un ruolo attivo e metter\u00e0 a loro disposizione piattaforme nuove per agire e risorse migliori per progettare e attuare le <strong>azioni per il clima<\/strong>. Gli impegni chiari e tangibili assunti dalle citt\u00e0 nei contratti cittadini per il clima consentiranno loro di dialogare con le autorit\u00e0 europee, nazionali e regionali, e soprattutto con la popolazione, per conseguire questo ambizioso obiettivo.<\/p>\n<p>I tavoli di partecipazione sono gi\u00e0 cominciati &#8211; uno di questi ha coinvolto il consiglio degli studenti &#8211; ma resteranno aperti fino al 5 dicembre. I tavoli sono un luogo di confronto aperto per gli stakeholder che definiranno priorit\u00e0 e questioni da sottoporre al Comune, dall&#8217;efficientamento energetico all&#8217;<strong>economia circolare<\/strong>, dalla<strong> mobilit\u00e0 sostenibile<\/strong> all&#8217;agricoltura e forestazione urbano. I tavoli saranno coordinati dal dipartimento di design dell\u2019Universit\u00e0 di Firenze.<\/p>\n","protected":false},"excerpt":{"rendered":"<p>Il Comune lancia tavoli di partecipazione aperti ai cittadini per definire le politiche per arrivare alla neutralit\u00e0 climatica<\/p>\n","protected":false},"author":525,"featured_media":75290,"comment_status":"open","ping_status":"open","sticky":false,"template":"","format":"standard","meta":{"_acf_changed":false,"footnotes":""},"categories":[19],"tags":[259,5919],"class_list":["post-257365","post","type-post","status-publish","format-standard","has-post-thumbnail","hentry","category-ambiente","tag-prato","tag-toscana-carbon-neutral"],"acf":[],"yoast_head":"<!-- This site is optimized with the Yoast SEO Premium plugin v24.2 (Yoast SEO v25.6) - https:\/\/yoast.com\/wordpress\/plugins\/seo\/ -->\n<title>Prato Carbon Neutral: verso la neutralit\u00e0 climatica nel 2030 - intoscana<\/title>\n<meta name=\"description\" content=\"Al via il percorso di partecipazione aperto ai cittadini di Prato Carbon Neutral, per raggiungere la neutralit\u00e0 climatica nel 2030.\" \/>\n<meta name=\"robots\" content=\"index, follow, max-snippet:-1, max-image-preview:large, max-video-preview:-1\" \/>\n<link rel=\"canonical\" href=\"https:\/\/www.intoscana.it\/it\/prato-carbon-neutral-neutralita-climatica\/\" \/>\n<meta property=\"og:locale\" content=\"it_IT\" \/>\n<meta property=\"og:type\" content=\"article\" \/>\n<meta property=\"og:title\" content=\"Prato Carbon Neutral: la road map verso la neutralit\u00e0 climatica\" \/>\n<meta property=\"og:description\" content=\"Al via il percorso di partecipazione aperto ai cittadini di Prato Carbon Neutral, per raggiungere la neutralit\u00e0 climatica nel 2030.\" \/>\n<meta property=\"og:url\" content=\"https:\/\/www.intoscana.it\/it\/prato-carbon-neutral-neutralita-climatica\/\" \/>\n<meta property=\"og:site_name\" content=\"intoscana\" \/>\n<meta property=\"article:publisher\" content=\"https:\/\/www.facebook.com\/intoscana.it\" \/>\n<meta property=\"article:published_time\" content=\"2022-11-11T11:22:54+00:00\" \/>\n<meta property=\"article:modified_time\" content=\"2022-11-11T11:23:31+00:00\" \/>\n<meta property=\"og:image\" content=\"https:\/\/www.intoscana.it\/wp-content\/uploads\/ecologia-2000x1091-1.jpg\" \/>\n\t<meta property=\"og:image:width\" content=\"768\" \/>\n\t<meta property=\"og:image:height\" content=\"419\" \/>\n\t<meta property=\"og:image:type\" content=\"image\/jpeg\" \/>\n<meta name=\"author\" content=\"Redazione\" \/>\n<meta name=\"twitter:card\" content=\"summary_large_image\" \/>\n<meta name=\"twitter:creator\" content=\"@intoscana\" \/>\n<meta name=\"twitter:site\" content=\"@intoscana\" \/>\n<meta name=\"twitter:label1\" content=\"Written by\" \/>\n\t<meta name=\"twitter:data1\" content=\"Redazione\" \/>\n\t<meta name=\"twitter:label2\" content=\"Est. reading time\" \/>\n\t<meta name=\"twitter:data2\" content=\"2 minuti\" \/>\n<script type=\"application\/ld+json\" class=\"yoast-schema-graph\">{\"@context\":\"https:\/\/schema.org\",\"@graph\":[{\"@type\":\"WebPage\",\"@id\":\"https:\/\/www.intoscana.it\/it\/prato-carbon-neutral-neutralita-climatica\/\",\"url\":\"https:\/\/www.intoscana.it\/it\/prato-carbon-neutral-neutralita-climatica\/\",\"name\":\"Prato Carbon Neutral: verso la neutralit\u00e0 climatica nel 2030 - intoscana\",\"isPartOf\":{\"@id\":\"https:\/\/www.intoscana.it\/it\/#website\"},\"primaryImageOfPage\":{\"@id\":\"https:\/\/www.intoscana.it\/it\/prato-carbon-neutral-neutralita-climatica\/#primaryimage\"},\"image\":{\"@id\":\"https:\/\/www.intoscana.it\/it\/prato-carbon-neutral-neutralita-climatica\/#primaryimage\"},\"thumbnailUrl\":\"https:\/\/www.intoscana.it\/wp-content\/uploads\/ecologia-2000x1091-1.jpg\",\"datePublished\":\"2022-11-11T11:22:54+00:00\",\"dateModified\":\"2022-11-11T11:23:31+00:00\",\"author\":{\"@id\":\"https:\/\/www.intoscana.it\/it\/#\/schema\/person\/9223810753230f20bd670fdd322661f8\"},\"description\":\"Al via il percorso di partecipazione aperto ai cittadini di Prato Carbon Neutral, per raggiungere la neutralit\u00e0 climatica nel 2030.\",\"breadcrumb\":{\"@id\":\"https:\/\/www.intoscana.it\/it\/prato-carbon-neutral-neutralita-climatica\/#breadcrumb\"},\"inLanguage\":\"it-IT\",\"potentialAction\":[{\"@type\":\"ReadAction\",\"target\":[\"https:\/\/www.intoscana.it\/it\/prato-carbon-neutral-neutralita-climatica\/\"]}]},{\"@type\":\"ImageObject\",\"inLanguage\":\"it-IT\",\"@id\":\"https:\/\/www.intoscana.it\/it\/prato-carbon-neutral-neutralita-climatica\/#primaryimage\",\"url\":\"https:\/\/www.intoscana.it\/wp-content\/uploads\/ecologia-2000x1091-1.jpg\",\"contentUrl\":\"https:\/\/www.intoscana.it\/wp-content\/uploads\/ecologia-2000x1091-1.jpg\",\"width\":768,\"height\":419,\"caption\":\"Green economy\"},{\"@type\":\"BreadcrumbList\",\"@id\":\"https:\/\/www.intoscana.it\/it\/prato-carbon-neutral-neutralita-climatica\/#breadcrumb\",\"itemListElement\":[{\"@type\":\"ListItem\",\"position\":1,\"name\":\"Home\",\"item\":\"https:\/\/www.intoscana.it\/it\/\"},{\"@type\":\"ListItem\",\"position\":2,\"name\":\"Prato Carbon Neutral: la road map verso la neutralit\u00e0 climatica\"}]},{\"@type\":\"WebSite\",\"@id\":\"https:\/\/www.intoscana.it\/it\/#website\",\"url\":\"https:\/\/www.intoscana.it\/it\/\",\"name\":\"intoscana\",\"description\":\"\",\"potentialAction\":[{\"@type\":\"SearchAction\",\"target\":{\"@type\":\"EntryPoint\",\"urlTemplate\":\"https:\/\/www.intoscana.it\/it\/?s={search_term_string}\"},\"query-input\":{\"@type\":\"PropertyValueSpecification\",\"valueRequired\":true,\"valueName\":\"search_term_string\"}}],\"inLanguage\":\"it-IT\"},{\"@type\":\"Person\",\"@id\":\"https:\/\/www.intoscana.it\/it\/#\/schema\/person\/9223810753230f20bd670fdd322661f8\",\"name\":\"Redazione\",\"url\":\"https:\/\/www.intoscana.it\/it\/author\/redazione\/\"}]}<\/script>\n<!-- \/ Yoast SEO Premium plugin. -->","yoast_head_json":{"title":"Prato Carbon Neutral: verso la neutralit\u00e0 climatica nel 2030 - intoscana","description":"Al via il percorso di partecipazione aperto ai cittadini di Prato Carbon Neutral, per raggiungere la neutralit\u00e0 climatica nel 2030.","robots":{"index":"index","follow":"follow","max-snippet":"max-snippet:-1","max-image-preview":"max-image-preview:large","max-video-preview":"max-video-preview:-1"},"canonical":"https:\/\/www.intoscana.it\/it\/prato-carbon-neutral-neutralita-climatica\/","og_locale":"it_IT","og_type":"article","og_title":"Prato Carbon Neutral: la road map verso la neutralit\u00e0 climatica","og_description":"Al via il percorso di partecipazione aperto ai cittadini di Prato Carbon Neutral, per raggiungere la neutralit\u00e0 climatica nel 2030.","og_url":"https:\/\/www.intoscana.it\/it\/prato-carbon-neutral-neutralita-climatica\/","og_site_name":"intoscana","article_publisher":"https:\/\/www.facebook.com\/intoscana.it","article_published_time":"2022-11-11T11:22:54+00:00","article_modified_time":"2022-11-11T11:23:31+00:00","og_image":[{"width":768,"height":419,"url":"https:\/\/www.intoscana.it\/wp-content\/uploads\/ecologia-2000x1091-1.jpg","type":"image\/jpeg"}],"author":"Redazione","twitter_card":"summary_large_image","twitter_creator":"@intoscana","twitter_site":"@intoscana","twitter_misc":{"Written by":"Redazione","Est. reading time":"2 minuti"},"schema":{"@context":"https:\/\/schema.org","@graph":[{"@type":"WebPage","@id":"https:\/\/www.intoscana.it\/it\/prato-carbon-neutral-neutralita-climatica\/","url":"https:\/\/www.intoscana.it\/it\/prato-carbon-neutral-neutralita-climatica\/","name":"Prato Carbon Neutral: verso la neutralit\u00e0 climatica nel 2030 - intoscana","isPartOf":{"@id":"https:\/\/www.intoscana.it\/it\/#website"},"primaryImageOfPage":{"@id":"https:\/\/www.intoscana.it\/it\/prato-carbon-neutral-neutralita-climatica\/#primaryimage"},"image":{"@id":"https:\/\/www.intoscana.it\/it\/prato-carbon-neutral-neutralita-climatica\/#primaryimage"},"thumbnailUrl":"https:\/\/www.intoscana.it\/wp-content\/uploads\/ecologia-2000x1091-1.jpg","datePublished":"2022-11-11T11:22:54+00:00","dateModified":"2022-11-11T11:23:31+00:00","author":{"@id":"https:\/\/www.intoscana.it\/it\/#\/schema\/person\/9223810753230f20bd670fdd322661f8"},"description":"Al via il percorso di partecipazione aperto ai cittadini di Prato Carbon Neutral, per raggiungere la neutralit\u00e0 climatica nel 2030.","breadcrumb":{"@id":"https:\/\/www.intoscana.it\/it\/prato-carbon-neutral-neutralita-climatica\/#breadcrumb"},"inLanguage":"it-IT","potentialAction":[{"@type":"ReadAction","target":["https:\/\/www.intoscana.it\/it\/prato-carbon-neutral-neutralita-climatica\/"]}]},{"@type":"ImageObject","inLanguage":"it-IT","@id":"https:\/\/www.intoscana.it\/it\/prato-carbon-neutral-neutralita-climatica\/#primaryimage","url":"https:\/\/www.intoscana.it\/wp-content\/uploads\/ecologia-2000x1091-1.jpg","contentUrl":"https:\/\/www.intoscana.it\/wp-content\/uploads\/ecologia-2000x1091-1.jpg","width":768,"height":419,"caption":"Green economy"},{"@type":"BreadcrumbList","@id":"https:\/\/www.intoscana.it\/it\/prato-carbon-neutral-neutralita-climatica\/#breadcrumb","itemListElement":[{"@type":"ListItem","position":1,"name":"Home","item":"https:\/\/www.intoscana.it\/it\/"},{"@type":"ListItem","position":2,"name":"Prato Carbon Neutral: la road map verso la neutralit\u00e0 climatica"}]},{"@type":"WebSite","@id":"https:\/\/www.intoscana.it\/it\/#website","url":"https:\/\/www.intoscana.it\/it\/","name":"intoscana","description":"","potentialAction":[{"@type":"SearchAction","target":{"@type":"EntryPoint","urlTemplate":"https:\/\/www.intoscana.it\/it\/?s={search_term_string}"},"query-input":{"@type":"PropertyValueSpecification","valueRequired":true,"valueName":"search_term_string"}}],"inLanguage":"it-IT"},{"@type":"Person","@id":"https:\/\/www.intoscana.it\/it\/#\/schema\/person\/9223810753230f20bd670fdd322661f8","name":"Redazione","url":"https:\/\/www.intoscana.it\/it\/author\/redazione\/"}]}},"_links":{"self":[{"href":"https:\/\/www.intoscana.it\/it\/wp-json\/wp\/v2\/posts\/257365","targetHints":{"allow":["GET"]}}],"collection":[{"href":"https:\/\/www.intoscana.it\/it\/wp-json\/wp\/v2\/posts"}],"about":[{"href":"https:\/\/www.intoscana.it\/it\/wp-json\/wp\/v2\/types\/post"}],"author":[{"embeddable":true,"href":"https:\/\/www.intoscana.it\/it\/wp-json\/wp\/v2\/users\/525"}],"replies":[{"embeddable":true,"href":"https:\/\/www.intoscana.it\/it\/wp-json\/wp\/v2\/comments?post=257365"}],"version-history":[{"count":0,"href":"https:\/\/www.intoscana.it\/it\/wp-json\/wp\/v2\/posts\/257365\/revisions"}],"wp:featuredmedia":[{"embeddable":true,"href":"https:\/\/www.intoscana.it\/it\/wp-json\/wp\/v2\/media\/75290"}],"wp:attachment":[{"href":"https:\/\/www.intoscana.it\/it\/wp-json\/wp\/v2\/media?parent=257365"}],"wp:term":[{"taxonomy":"category","embeddable":true,"href":"https:\/\/www.intoscana.it\/it\/wp-json\/wp\/v2\/categories?post=257365"},{"taxonomy":"post_tag","embeddable":true,"href":"https:\/\/www.intoscana.it\/it\/wp-json\/wp\/v2\/tags?post=257365"}],"curies":[{"name":"wp","href":"https:\/\/api.w.org\/{rel}","templated":true}]}}