{"id":257757,"date":"2022-11-14T14:53:49","date_gmt":"2022-11-14T13:53:49","guid":{"rendered":"https:\/\/www.intoscana.it\/it\/?p=257757"},"modified":"2022-11-14T15:51:21","modified_gmt":"2022-11-14T14:51:21","slug":"a-prato-nasce-shine-rete-per-la-prevenzione-della-violenza-e-delle-molestie-nei-locali-notturni","status":"publish","type":"post","link":"https:\/\/www.intoscana.it\/it\/a-prato-nasce-shine-rete-per-la-prevenzione-della-violenza-e-delle-molestie-nei-locali-notturni\/","title":{"rendered":"A Prato nasce &#8220;Shine&#8221; rete per la prevenzione della violenza e delle molestie nei locali notturni"},"content":{"rendered":"<p>In occasione della <strong>Giornata contro la violenza sulle donne\u00a0<\/strong>luned\u00ec 14 novembre, nel <strong>Salone consiliare di Palazzo Comunale a Prato<\/strong> si \u00e8 tenuto un seminario sulla <strong>sicurezza urbana, la violenza di genere e i locali notturni<\/strong><\/p>\n<p>Il convegno, che rientra nell&#8217;ambito del pi\u00f9 ampio progetto<strong> SHINE &#8211; acronimo di Sexual Harassment in Nightlife Entertainment<\/strong> &#8211; ha visto coinvolti i principali stakeholder locali (individuati tra le <strong>associazioni di categoria, i gestori dei locali,<\/strong> le organizzazioni che si occupano di contrasto alla violenza di genere, la<strong> polizia locale e gli studenti<\/strong>) con l&#8217;obiettivo di creare una cultura comune per prevenire le molestie di genere negli ambienti in cui si svolge il divertimento.<\/p>\n<h3>Obiettivi del progetto SHINE<\/h3>\n<p>Uno dei principali risultati attesi da questo progetto, infatti, \u00e8 la creazione di un<strong> modello di lavoro replicabile<\/strong> costituito ad esempio dall&#8217;istituzione di <strong>sistemi di gestione di qualit\u00e0 dei locali notturni,<\/strong> locali no violence, locali sex all gender free, programmi di formazione e sessioni di sensibilizzazione del personale adibito a lavorare nei locali notturni, interventi di collaborazione con le istituzioni, sensibilizzazione ed educazione delle potenziali vittime e coinvolgimento attivo da parte dei testimoni.<\/p>\n<p>La finalit\u00e0 generale del progetto \u00e8 quella di<strong> sviluppare delle raccomandazioni pratiche ed un kit di strumenti per prevenire e combattere le molestie sessuali<\/strong> nei locali notturni attraverso la conduzione di ricerche che possano individuare<strong> le principali cause, i fattori scatenanti,<\/strong> cos\u00ec da comporre una serie di procedure ed un elenco di competenze che gli attori dei locali notturni dovrebbero apprendere per prevenire le molestie sessuali.<\/p>\n<h3>Un progetto europeo<\/h3>\n<p>Entro la fine dell\u2019anno ci sar\u00e0 un interscambio con le altre citt\u00e0 europee selezionate per il progetto. <strong>Prato, infatti, \u00e8 l&#8217;unica citt\u00e0 italiana ad essere stata selezionata<\/strong> insieme ad altre citt\u00e0 europee tra cui<strong> Strasburgo e Marsiglia (Francia), Leuven (Belgio) e Budapest (Ungheria)<\/strong>.<\/p>\n<p>La prossima sessione, che si svolger\u00e0 online, permetter\u00e0 di <strong>scambiare opinioni tra le diverse citt\u00e0 europee selezionate,<\/strong> allargando in maniera esponenziale la prospettiva e garantendo un grande arricchimento.<\/p>\n<p><em>&#8220;Sono stato al convegno \u201cUscire dalla violenza durante la pandemia: vecchie e nuove criticit\u00e0\u201d dove sono stati presentati i dati della presa in carico delle violenze di genere dai centri antiviolenza e dalle loro strutture di accoglienza, durante la pandemia e i vari lockdown. L\u00ec ho visto con i miei occhi numeri imbarazzanti per cui c&#8217;\u00e8 da vergognarsi.<\/em> &#8211; <strong>ha commentato il sindaco Matteo Biffoni<\/strong> &#8211; <em>Attraverso la collaborazione che si sta cercando di costruire oggi penso che in futuro questi numeri diminuiranno. Con il seminario &#8211; ha aggiunto Biffoni &#8211; posiamo un mattone di partenza in un contesto cos\u00ec difficile che tratta un tema grave e particolarmente importante come la violenza di genere. Si tratta di un percorso su cui lavorare insieme per rendere piacevole per tutti la vita notturna della citt\u00e0 in cui viviamo. Esprimo la mia gratitudine a tutti coloro che lavorano per trovare delle soluzioni&#8221;.<\/em><\/p>\n","protected":false},"excerpt":{"rendered":"<p>Le associazioni di categoria, i gestori dei locali, le organizzazioni che si occupano di contrasto alla violenza di genere, la polizia locale e gli studenti sono stati coinvolti per prevenire le molestie di genere negli ambienti in cui si svolge il divertimento<\/p>\n","protected":false},"author":525,"featured_media":103841,"comment_status":"open","ping_status":"open","sticky":false,"template":"","format":"standard","meta":{"_acf_changed":false,"footnotes":""},"categories":[494],"tags":[411,1547,259,6426,4615,4611],"class_list":["post-257757","post","type-post","status-publish","format-standard","has-post-thumbnail","hentry","category-attualita","tag-donne","tag-giornata-contro-la-violenza-sulle-donne","tag-prato","tag-violenza","tag-violenza-di-genere","tag-violenza-sulle-donne"],"acf":[],"yoast_head":"<!-- This site is optimized with the Yoast SEO Premium plugin v24.2 (Yoast SEO v25.6) - https:\/\/yoast.com\/wordpress\/plugins\/seo\/ -->\n<title>A Prato nasce &quot;Shine&quot; rete per la prevenzione della violenza e delle molestie nei locali notturni - intoscana<\/title>\n<meta name=\"description\" content=\"Obiettivo finale del progetto europeo \u00e8 prevenire le molestie di genere negli ambienti in cui si svolge il divertimento\" \/>\n<meta name=\"robots\" content=\"index, follow, max-snippet:-1, max-image-preview:large, max-video-preview:-1\" \/>\n<link rel=\"canonical\" href=\"https:\/\/www.intoscana.it\/it\/a-prato-nasce-shine-rete-per-la-prevenzione-della-violenza-e-delle-molestie-nei-locali-notturni\/\" \/>\n<meta property=\"og:locale\" content=\"it_IT\" \/>\n<meta property=\"og:type\" content=\"article\" \/>\n<meta property=\"og:title\" content=\"A Prato nasce &quot;Shine&quot; rete per la prevenzione della violenza e delle molestie nei locali notturni\" \/>\n<meta property=\"og:description\" content=\"Obiettivo finale del progetto europeo \u00e8 prevenire le molestie di genere negli ambienti in cui si svolge il divertimento\" \/>\n<meta property=\"og:url\" content=\"https:\/\/www.intoscana.it\/it\/a-prato-nasce-shine-rete-per-la-prevenzione-della-violenza-e-delle-molestie-nei-locali-notturni\/\" \/>\n<meta property=\"og:site_name\" content=\"intoscana\" \/>\n<meta property=\"article:publisher\" content=\"https:\/\/www.facebook.com\/intoscana.it\" \/>\n<meta property=\"article:published_time\" content=\"2022-11-14T13:53:49+00:00\" \/>\n<meta property=\"article:modified_time\" content=\"2022-11-14T14:51:21+00:00\" \/>\n<meta property=\"og:image\" content=\"https:\/\/www.intoscana.it\/wp-content\/uploads\/violenza-donne-12.jpg\" \/>\n\t<meta property=\"og:image:width\" content=\"638\" \/>\n\t<meta property=\"og:image:height\" content=\"382\" \/>\n\t<meta property=\"og:image:type\" content=\"image\/jpeg\" \/>\n<meta name=\"author\" content=\"Redazione\" \/>\n<meta name=\"twitter:card\" content=\"summary_large_image\" \/>\n<meta name=\"twitter:creator\" content=\"@intoscana\" \/>\n<meta name=\"twitter:site\" content=\"@intoscana\" \/>\n<meta name=\"twitter:label1\" content=\"Written by\" \/>\n\t<meta name=\"twitter:data1\" content=\"Redazione\" \/>\n\t<meta name=\"twitter:label2\" content=\"Est. reading time\" \/>\n\t<meta name=\"twitter:data2\" content=\"2 minuti\" \/>\n<script type=\"application\/ld+json\" class=\"yoast-schema-graph\">{\"@context\":\"https:\/\/schema.org\",\"@graph\":[{\"@type\":\"WebPage\",\"@id\":\"https:\/\/www.intoscana.it\/it\/a-prato-nasce-shine-rete-per-la-prevenzione-della-violenza-e-delle-molestie-nei-locali-notturni\/\",\"url\":\"https:\/\/www.intoscana.it\/it\/a-prato-nasce-shine-rete-per-la-prevenzione-della-violenza-e-delle-molestie-nei-locali-notturni\/\",\"name\":\"A Prato nasce \\\"Shine\\\" rete per la prevenzione della violenza e delle molestie nei locali notturni - intoscana\",\"isPartOf\":{\"@id\":\"https:\/\/www.intoscana.it\/it\/#website\"},\"primaryImageOfPage\":{\"@id\":\"https:\/\/www.intoscana.it\/it\/a-prato-nasce-shine-rete-per-la-prevenzione-della-violenza-e-delle-molestie-nei-locali-notturni\/#primaryimage\"},\"image\":{\"@id\":\"https:\/\/www.intoscana.it\/it\/a-prato-nasce-shine-rete-per-la-prevenzione-della-violenza-e-delle-molestie-nei-locali-notturni\/#primaryimage\"},\"thumbnailUrl\":\"https:\/\/www.intoscana.it\/wp-content\/uploads\/violenza-donne-12.jpg\",\"datePublished\":\"2022-11-14T13:53:49+00:00\",\"dateModified\":\"2022-11-14T14:51:21+00:00\",\"author\":{\"@id\":\"https:\/\/www.intoscana.it\/it\/#\/schema\/person\/9223810753230f20bd670fdd322661f8\"},\"description\":\"Obiettivo finale del progetto europeo \u00e8 prevenire le molestie di genere negli ambienti in cui si svolge il divertimento\",\"breadcrumb\":{\"@id\":\"https:\/\/www.intoscana.it\/it\/a-prato-nasce-shine-rete-per-la-prevenzione-della-violenza-e-delle-molestie-nei-locali-notturni\/#breadcrumb\"},\"inLanguage\":\"it-IT\",\"potentialAction\":[{\"@type\":\"ReadAction\",\"target\":[\"https:\/\/www.intoscana.it\/it\/a-prato-nasce-shine-rete-per-la-prevenzione-della-violenza-e-delle-molestie-nei-locali-notturni\/\"]}]},{\"@type\":\"ImageObject\",\"inLanguage\":\"it-IT\",\"@id\":\"https:\/\/www.intoscana.it\/it\/a-prato-nasce-shine-rete-per-la-prevenzione-della-violenza-e-delle-molestie-nei-locali-notturni\/#primaryimage\",\"url\":\"https:\/\/www.intoscana.it\/wp-content\/uploads\/violenza-donne-12.jpg\",\"contentUrl\":\"https:\/\/www.intoscana.it\/wp-content\/uploads\/violenza-donne-12.jpg\",\"width\":638,\"height\":382,\"caption\":\"Violenza sulle donne\"},{\"@type\":\"BreadcrumbList\",\"@id\":\"https:\/\/www.intoscana.it\/it\/a-prato-nasce-shine-rete-per-la-prevenzione-della-violenza-e-delle-molestie-nei-locali-notturni\/#breadcrumb\",\"itemListElement\":[{\"@type\":\"ListItem\",\"position\":1,\"name\":\"Home\",\"item\":\"https:\/\/www.intoscana.it\/it\/\"},{\"@type\":\"ListItem\",\"position\":2,\"name\":\"A Prato nasce &#8220;Shine&#8221; rete per la prevenzione della violenza e delle molestie nei locali notturni\"}]},{\"@type\":\"WebSite\",\"@id\":\"https:\/\/www.intoscana.it\/it\/#website\",\"url\":\"https:\/\/www.intoscana.it\/it\/\",\"name\":\"intoscana\",\"description\":\"\",\"potentialAction\":[{\"@type\":\"SearchAction\",\"target\":{\"@type\":\"EntryPoint\",\"urlTemplate\":\"https:\/\/www.intoscana.it\/it\/?s={search_term_string}\"},\"query-input\":{\"@type\":\"PropertyValueSpecification\",\"valueRequired\":true,\"valueName\":\"search_term_string\"}}],\"inLanguage\":\"it-IT\"},{\"@type\":\"Person\",\"@id\":\"https:\/\/www.intoscana.it\/it\/#\/schema\/person\/9223810753230f20bd670fdd322661f8\",\"name\":\"Redazione\",\"url\":\"https:\/\/www.intoscana.it\/it\/author\/redazione\/\"}]}<\/script>\n<!-- \/ Yoast SEO Premium plugin. -->","yoast_head_json":{"title":"A Prato nasce \"Shine\" rete per la prevenzione della violenza e delle molestie nei locali notturni - intoscana","description":"Obiettivo finale del progetto europeo \u00e8 prevenire le molestie di genere negli ambienti in cui si svolge il divertimento","robots":{"index":"index","follow":"follow","max-snippet":"max-snippet:-1","max-image-preview":"max-image-preview:large","max-video-preview":"max-video-preview:-1"},"canonical":"https:\/\/www.intoscana.it\/it\/a-prato-nasce-shine-rete-per-la-prevenzione-della-violenza-e-delle-molestie-nei-locali-notturni\/","og_locale":"it_IT","og_type":"article","og_title":"A Prato nasce \"Shine\" rete per la prevenzione della violenza e delle molestie nei locali notturni","og_description":"Obiettivo finale del progetto europeo \u00e8 prevenire le molestie di genere negli ambienti in cui si svolge il divertimento","og_url":"https:\/\/www.intoscana.it\/it\/a-prato-nasce-shine-rete-per-la-prevenzione-della-violenza-e-delle-molestie-nei-locali-notturni\/","og_site_name":"intoscana","article_publisher":"https:\/\/www.facebook.com\/intoscana.it","article_published_time":"2022-11-14T13:53:49+00:00","article_modified_time":"2022-11-14T14:51:21+00:00","og_image":[{"width":638,"height":382,"url":"https:\/\/www.intoscana.it\/wp-content\/uploads\/violenza-donne-12.jpg","type":"image\/jpeg"}],"author":"Redazione","twitter_card":"summary_large_image","twitter_creator":"@intoscana","twitter_site":"@intoscana","twitter_misc":{"Written by":"Redazione","Est. reading time":"2 minuti"},"schema":{"@context":"https:\/\/schema.org","@graph":[{"@type":"WebPage","@id":"https:\/\/www.intoscana.it\/it\/a-prato-nasce-shine-rete-per-la-prevenzione-della-violenza-e-delle-molestie-nei-locali-notturni\/","url":"https:\/\/www.intoscana.it\/it\/a-prato-nasce-shine-rete-per-la-prevenzione-della-violenza-e-delle-molestie-nei-locali-notturni\/","name":"A Prato nasce \"Shine\" rete per la prevenzione della violenza e delle molestie nei locali notturni - intoscana","isPartOf":{"@id":"https:\/\/www.intoscana.it\/it\/#website"},"primaryImageOfPage":{"@id":"https:\/\/www.intoscana.it\/it\/a-prato-nasce-shine-rete-per-la-prevenzione-della-violenza-e-delle-molestie-nei-locali-notturni\/#primaryimage"},"image":{"@id":"https:\/\/www.intoscana.it\/it\/a-prato-nasce-shine-rete-per-la-prevenzione-della-violenza-e-delle-molestie-nei-locali-notturni\/#primaryimage"},"thumbnailUrl":"https:\/\/www.intoscana.it\/wp-content\/uploads\/violenza-donne-12.jpg","datePublished":"2022-11-14T13:53:49+00:00","dateModified":"2022-11-14T14:51:21+00:00","author":{"@id":"https:\/\/www.intoscana.it\/it\/#\/schema\/person\/9223810753230f20bd670fdd322661f8"},"description":"Obiettivo finale del progetto europeo \u00e8 prevenire le molestie di genere negli ambienti in cui si svolge il divertimento","breadcrumb":{"@id":"https:\/\/www.intoscana.it\/it\/a-prato-nasce-shine-rete-per-la-prevenzione-della-violenza-e-delle-molestie-nei-locali-notturni\/#breadcrumb"},"inLanguage":"it-IT","potentialAction":[{"@type":"ReadAction","target":["https:\/\/www.intoscana.it\/it\/a-prato-nasce-shine-rete-per-la-prevenzione-della-violenza-e-delle-molestie-nei-locali-notturni\/"]}]},{"@type":"ImageObject","inLanguage":"it-IT","@id":"https:\/\/www.intoscana.it\/it\/a-prato-nasce-shine-rete-per-la-prevenzione-della-violenza-e-delle-molestie-nei-locali-notturni\/#primaryimage","url":"https:\/\/www.intoscana.it\/wp-content\/uploads\/violenza-donne-12.jpg","contentUrl":"https:\/\/www.intoscana.it\/wp-content\/uploads\/violenza-donne-12.jpg","width":638,"height":382,"caption":"Violenza sulle donne"},{"@type":"BreadcrumbList","@id":"https:\/\/www.intoscana.it\/it\/a-prato-nasce-shine-rete-per-la-prevenzione-della-violenza-e-delle-molestie-nei-locali-notturni\/#breadcrumb","itemListElement":[{"@type":"ListItem","position":1,"name":"Home","item":"https:\/\/www.intoscana.it\/it\/"},{"@type":"ListItem","position":2,"name":"A Prato nasce &#8220;Shine&#8221; rete per la prevenzione della violenza e delle molestie nei locali notturni"}]},{"@type":"WebSite","@id":"https:\/\/www.intoscana.it\/it\/#website","url":"https:\/\/www.intoscana.it\/it\/","name":"intoscana","description":"","potentialAction":[{"@type":"SearchAction","target":{"@type":"EntryPoint","urlTemplate":"https:\/\/www.intoscana.it\/it\/?s={search_term_string}"},"query-input":{"@type":"PropertyValueSpecification","valueRequired":true,"valueName":"search_term_string"}}],"inLanguage":"it-IT"},{"@type":"Person","@id":"https:\/\/www.intoscana.it\/it\/#\/schema\/person\/9223810753230f20bd670fdd322661f8","name":"Redazione","url":"https:\/\/www.intoscana.it\/it\/author\/redazione\/"}]}},"_links":{"self":[{"href":"https:\/\/www.intoscana.it\/it\/wp-json\/wp\/v2\/posts\/257757","targetHints":{"allow":["GET"]}}],"collection":[{"href":"https:\/\/www.intoscana.it\/it\/wp-json\/wp\/v2\/posts"}],"about":[{"href":"https:\/\/www.intoscana.it\/it\/wp-json\/wp\/v2\/types\/post"}],"author":[{"embeddable":true,"href":"https:\/\/www.intoscana.it\/it\/wp-json\/wp\/v2\/users\/525"}],"replies":[{"embeddable":true,"href":"https:\/\/www.intoscana.it\/it\/wp-json\/wp\/v2\/comments?post=257757"}],"version-history":[{"count":0,"href":"https:\/\/www.intoscana.it\/it\/wp-json\/wp\/v2\/posts\/257757\/revisions"}],"wp:featuredmedia":[{"embeddable":true,"href":"https:\/\/www.intoscana.it\/it\/wp-json\/wp\/v2\/media\/103841"}],"wp:attachment":[{"href":"https:\/\/www.intoscana.it\/it\/wp-json\/wp\/v2\/media?parent=257757"}],"wp:term":[{"taxonomy":"category","embeddable":true,"href":"https:\/\/www.intoscana.it\/it\/wp-json\/wp\/v2\/categories?post=257757"},{"taxonomy":"post_tag","embeddable":true,"href":"https:\/\/www.intoscana.it\/it\/wp-json\/wp\/v2\/tags?post=257757"}],"curies":[{"name":"wp","href":"https:\/\/api.w.org\/{rel}","templated":true}]}}