{"id":257889,"date":"2022-11-15T11:17:54","date_gmt":"2022-11-15T10:17:54","guid":{"rendered":"https:\/\/www.intoscana.it\/it\/?p=257889"},"modified":"2022-11-15T11:17:54","modified_gmt":"2022-11-15T10:17:54","slug":"ultimo-raduno-dellanno-a-coverciano-il-toscano-di-lorenzo-rimpianti-per-il-qatar-ma-ripartiamo-con-entusiamo","status":"publish","type":"post","link":"https:\/\/www.intoscana.it\/it\/ultimo-raduno-dellanno-a-coverciano-il-toscano-di-lorenzo-rimpianti-per-il-qatar-ma-ripartiamo-con-entusiamo\/","title":{"rendered":"L&#8217;ultimo raduno dell&#8217;anno a Coverciano, il toscano Di Lorenzo: &#8220;Rimpianti per il Qatar, ma ripartiamo con entusiamo&#8221;"},"content":{"rendered":"<p>Una manciata di malinconia, una buona dose di rimpianti per la mancata qualificazione ai mondiali del <strong>Qatar<\/strong> e parecchia voglia di ripartire. <mark>L&#8217;ultimo raduno del 2022 degli azzurri della nazionale di calcio a Coverciano, a Firenze, \u00e8 stato un po&#8217; come tirare le somme. Un bilancio di un periodo lungo quasi un paio d&#8217;anni, che paragonarlo alle montagne russe \u00e8 poco: prima sul tetto d&#8217;Europa e poi gi\u00f9, fino all&#8217;eliminazione dal campionato pi\u00f9 atteso.<\/mark><\/p>\n<p>A raccontare lo spirito della squadra \u00e8 il toscano <strong>Giovanni Di Lorenzo<\/strong>, nato a Castelnuovo Garfagnana e cresciuto a Ghivizzano, oggi capitano del Napoli. <mark>&#8220;Non andare al Mondiale \u00e8 un grande dispiacere, io cercher\u00f2 di portare in Nazionale l&#8217;entusiasmo del Napoli.<\/mark> E come abbiamo fatto nel mio club, quando abbiamo perso pedine importanti, \u00e8 giusto ripartire anche qui dai giovani&#8221;.\u00a0 Domenica 20 novembre si accenderano le luci sui Mondiali e gli azzurri, nonostante <a href=\"https:\/\/www.intoscana.it\/it\/articolo\/italia-vince-gli-europei-abbraccio-vialli-mancini\/\" target=\"_blank\" rel=\"noopener\">campioni d&#8217;Europa<\/a> in carica,\u00a0 saranno solo mesti spettatori.<\/p>\n<figure id=\"post-187327 media-187327\" class=\"align-none\"><img decoding=\"async\" src=\"https:\/\/www.intoscana.it\/wp-content\/uploads\/nazionale-italiana-di-calcio.jpg\" alt=\"\" \/><\/figure>\n<div class=\"titleimg\">&#8211; \u00a9 Nazionale Italiana di Calcio<\/div>\n<h3><em>Le amichevoli da giocare e i rimpianti per la mancata qualificazione dopo il trionfo agli Europei<\/em><\/h3>\n<p>Nel frattempo volano a Tirana, per disputare mercoled\u00ec 16 novembre la partita amichevole con l&#8217;Albania, e poi a Vienna per scendere in campo contro l&#8217;Austria, proprio domenica quando il mondo guarder\u00e0 al Qatar. Due partite che saranno un banco di prova per i giovani talenti, come i centrocampisti della Juventus Nicol\u00f2 Fagioli e Fabio Miretti, l&#8217;esterno dell&#8217;Empoli Fabiano Parisi e il pi\u00f9 giovane del gruppo, addirittura un minorenne: Simone Pafundi, 16 anni, attaccante dell&#8217;Udinese. E il ct della Nazionale <strong>Roberto Mancini<\/strong>, alla sua 56esima partita, sceglie di ripartire proprio da qui.<\/p>\n<figure id=\"post-184406 media-184406\" class=\"align-none\"><img decoding=\"async\" src=\"https:\/\/www.intoscana.it\/wp-content\/uploads\/Giovanni-di-Lorenzo-nelle-giovanili-della-Lucchese-03.jpeg\" alt=\"\" \/><\/figure>\n<div class=\"titleimg\">Giovanni di Lorenzo nelle giovanili della Lucchese<\/div>\n<p><mark>&#8220;Quando si vince e si raggiunge un traguardo importante come l&#8217;Europeo si tende ad abbassare inconsciamente un po&#8217; il livello di attenzione, pu\u00f2 essere stato anche questo fattore a incidere sulla nostra mancata qualificazione&#8221;, \u00e8 l&#8217;autocritica di Di Lorenzo.<\/mark> Il ricordo di quella vittoria \u00e8 ancora caldo e per questo brucia di pi\u00f9, anche nel capitano del Napoli che la scorsa estate si \u00e8 goduto la festa organizzata dalla sua gente.<\/p>\n<div class=\"focuson\"><a href=\"https:\/\/www.intoscana.it\/it\/articolo\/ghivizzano-azzurro-notte-magica-giovanni-di-lorenzo\/\"><img decoding=\"async\" class=\"lazy\" src=\"https:\/\/www.intoscana.it\/wp-content\/uploads\/Maxi-schermo-in-piazza-IV-Novembre-a-Ghivizzano.jpeg\" style=\"\">\n                <div class=\"cat\">La festa per Di Lorenzo<\/div>\n                <h4><\/h4><\/a>\n              <\/div>\n<p><strong>Ghivizzano<\/strong> \u00a0gli dedic\u00f2 infatti giorni e notti di baldoria, con le serate prima passate davanti al maxischermo in piazza sulle sedie di plastica bianca e poi a festeggiare il numero 2 pi\u00f9 amato.<\/p>\n<p>&#8220;I rimpianti sono molti &#8211; ammette\u00a0 &#8211; penso alla doppia sfida con la Svizzera e alla sconfitta con la Macedonia del Nord a Palermo. <mark>Ora per\u00f2 &#8211;\u00a0 \u00e8 il suo monito &#8211; dobbiamo affrontare queste amichevoli con lo spirito giusto. Sono importanti per il ranking e per questa maglia che \u00e8 sempre un onore indossare&#8221;.<\/mark><\/p>\n","protected":false},"excerpt":{"rendered":"<p>Le amichevoli della nazionale di calcio a ridosso dei (mancati) mondiali. Parla il calciatore di Ghivizzano: &#8220;Quando si raggiunge un traguardo importante come l&#8217;Europeo si tende ad abbassare l&#8217;attenzione, ora serve lo spirito giusto per onorare la maglia&#8221;<\/p>\n","protected":false},"author":545,"featured_media":103704,"comment_status":"open","ping_status":"open","sticky":false,"template":"","format":"standard","meta":{"_acf_changed":false,"footnotes":""},"categories":[4],"tags":[4564,5827],"class_list":["post-257889","post","type-post","status-publish","format-standard","has-post-thumbnail","hentry","category-storie","tag-coverciano","tag-nazionale-calcio"],"acf":[],"yoast_head":"<!-- This site is optimized with the Yoast SEO Premium plugin v24.2 (Yoast SEO v25.6) - https:\/\/yoast.com\/wordpress\/plugins\/seo\/ -->\n<title>Ultimo raduno 2022 a Coverciano, Di Lorenzo: &quot;Rimpianti per il Qatar&quot;<\/title>\n<meta name=\"description\" content=\"Le amichevoli della nazionale di calcio a ridosso dei (mancati) mondiali del Quatar. Parla il calciatore di Ghivizzano\" \/>\n<meta name=\"robots\" content=\"index, follow, max-snippet:-1, max-image-preview:large, max-video-preview:-1\" \/>\n<link rel=\"canonical\" href=\"https:\/\/www.intoscana.it\/it\/ultimo-raduno-dellanno-a-coverciano-il-toscano-di-lorenzo-rimpianti-per-il-qatar-ma-ripartiamo-con-entusiamo\/\" \/>\n<meta property=\"og:locale\" content=\"it_IT\" \/>\n<meta property=\"og:type\" content=\"article\" \/>\n<meta property=\"og:title\" content=\"L&#039;ultimo raduno dell&#039;anno a Coverciano, il toscano Di Lorenzo: &quot;Rimpianti per il Qatar, ma ripartiamo con entusiamo&quot;\" \/>\n<meta property=\"og:description\" content=\"Le amichevoli della nazionale di calcio a ridosso dei (mancati) mondiali del Quatar. Parla il calciatore di Ghivizzano\" \/>\n<meta property=\"og:url\" content=\"https:\/\/www.intoscana.it\/it\/ultimo-raduno-dellanno-a-coverciano-il-toscano-di-lorenzo-rimpianti-per-il-qatar-ma-ripartiamo-con-entusiamo\/\" \/>\n<meta property=\"og:site_name\" content=\"intoscana\" \/>\n<meta property=\"article:publisher\" content=\"https:\/\/www.facebook.com\/intoscana.it\" \/>\n<meta property=\"article:published_time\" content=\"2022-11-15T10:17:54+00:00\" \/>\n<meta property=\"og:image\" content=\"https:\/\/www.intoscana.it\/wp-content\/uploads\/coverciano_60_anni.jpg\" \/>\n\t<meta property=\"og:image:width\" content=\"737\" \/>\n\t<meta property=\"og:image:height\" content=\"415\" \/>\n\t<meta property=\"og:image:type\" content=\"image\/jpeg\" \/>\n<meta name=\"author\" content=\"Clara D&#039;Acunto\" \/>\n<meta name=\"twitter:card\" content=\"summary_large_image\" \/>\n<meta name=\"twitter:creator\" content=\"@intoscana\" \/>\n<meta name=\"twitter:site\" content=\"@intoscana\" \/>\n<meta name=\"twitter:label1\" content=\"Written by\" \/>\n\t<meta name=\"twitter:data1\" content=\"Clara D&#039;Acunto\" \/>\n\t<meta name=\"twitter:label2\" content=\"Est. reading time\" \/>\n\t<meta name=\"twitter:data2\" content=\"2 minuti\" \/>\n<script type=\"application\/ld+json\" class=\"yoast-schema-graph\">{\"@context\":\"https:\/\/schema.org\",\"@graph\":[{\"@type\":\"WebPage\",\"@id\":\"https:\/\/www.intoscana.it\/it\/ultimo-raduno-dellanno-a-coverciano-il-toscano-di-lorenzo-rimpianti-per-il-qatar-ma-ripartiamo-con-entusiamo\/\",\"url\":\"https:\/\/www.intoscana.it\/it\/ultimo-raduno-dellanno-a-coverciano-il-toscano-di-lorenzo-rimpianti-per-il-qatar-ma-ripartiamo-con-entusiamo\/\",\"name\":\"Ultimo raduno 2022 a Coverciano, Di Lorenzo: \\\"Rimpianti per il Qatar\\\"\",\"isPartOf\":{\"@id\":\"https:\/\/www.intoscana.it\/it\/#website\"},\"primaryImageOfPage\":{\"@id\":\"https:\/\/www.intoscana.it\/it\/ultimo-raduno-dellanno-a-coverciano-il-toscano-di-lorenzo-rimpianti-per-il-qatar-ma-ripartiamo-con-entusiamo\/#primaryimage\"},\"image\":{\"@id\":\"https:\/\/www.intoscana.it\/it\/ultimo-raduno-dellanno-a-coverciano-il-toscano-di-lorenzo-rimpianti-per-il-qatar-ma-ripartiamo-con-entusiamo\/#primaryimage\"},\"thumbnailUrl\":\"https:\/\/www.intoscana.it\/wp-content\/uploads\/coverciano_60_anni.jpg\",\"datePublished\":\"2022-11-15T10:17:54+00:00\",\"author\":{\"@id\":\"https:\/\/www.intoscana.it\/it\/#\/schema\/person\/137419af9ef5d385bde52864a841e6ce\"},\"description\":\"Le amichevoli della nazionale di calcio a ridosso dei (mancati) mondiali del Quatar. Parla il calciatore di Ghivizzano\",\"breadcrumb\":{\"@id\":\"https:\/\/www.intoscana.it\/it\/ultimo-raduno-dellanno-a-coverciano-il-toscano-di-lorenzo-rimpianti-per-il-qatar-ma-ripartiamo-con-entusiamo\/#breadcrumb\"},\"inLanguage\":\"it-IT\",\"potentialAction\":[{\"@type\":\"ReadAction\",\"target\":[\"https:\/\/www.intoscana.it\/it\/ultimo-raduno-dellanno-a-coverciano-il-toscano-di-lorenzo-rimpianti-per-il-qatar-ma-ripartiamo-con-entusiamo\/\"]}]},{\"@type\":\"ImageObject\",\"inLanguage\":\"it-IT\",\"@id\":\"https:\/\/www.intoscana.it\/it\/ultimo-raduno-dellanno-a-coverciano-il-toscano-di-lorenzo-rimpianti-per-il-qatar-ma-ripartiamo-con-entusiamo\/#primaryimage\",\"url\":\"https:\/\/www.intoscana.it\/wp-content\/uploads\/coverciano_60_anni.jpg\",\"contentUrl\":\"https:\/\/www.intoscana.it\/wp-content\/uploads\/coverciano_60_anni.jpg\",\"width\":737,\"height\":415,\"caption\":\"Coverciano compie 60 anni\"},{\"@type\":\"BreadcrumbList\",\"@id\":\"https:\/\/www.intoscana.it\/it\/ultimo-raduno-dellanno-a-coverciano-il-toscano-di-lorenzo-rimpianti-per-il-qatar-ma-ripartiamo-con-entusiamo\/#breadcrumb\",\"itemListElement\":[{\"@type\":\"ListItem\",\"position\":1,\"name\":\"Home\",\"item\":\"https:\/\/www.intoscana.it\/it\/\"},{\"@type\":\"ListItem\",\"position\":2,\"name\":\"L&#8217;ultimo raduno dell&#8217;anno a Coverciano, il toscano Di Lorenzo: &#8220;Rimpianti per il Qatar, ma ripartiamo con entusiamo&#8221;\"}]},{\"@type\":\"WebSite\",\"@id\":\"https:\/\/www.intoscana.it\/it\/#website\",\"url\":\"https:\/\/www.intoscana.it\/it\/\",\"name\":\"intoscana\",\"description\":\"\",\"potentialAction\":[{\"@type\":\"SearchAction\",\"target\":{\"@type\":\"EntryPoint\",\"urlTemplate\":\"https:\/\/www.intoscana.it\/it\/?s={search_term_string}\"},\"query-input\":{\"@type\":\"PropertyValueSpecification\",\"valueRequired\":true,\"valueName\":\"search_term_string\"}}],\"inLanguage\":\"it-IT\"},{\"@type\":\"Person\",\"@id\":\"https:\/\/www.intoscana.it\/it\/#\/schema\/person\/137419af9ef5d385bde52864a841e6ce\",\"name\":\"Clara D'Acunto\",\"url\":\"https:\/\/www.intoscana.it\/it\/author\/clara-d_acunto\/\"}]}<\/script>\n<!-- \/ Yoast SEO Premium plugin. -->","yoast_head_json":{"title":"Ultimo raduno 2022 a Coverciano, Di Lorenzo: \"Rimpianti per il Qatar\"","description":"Le amichevoli della nazionale di calcio a ridosso dei (mancati) mondiali del Quatar. Parla il calciatore di Ghivizzano","robots":{"index":"index","follow":"follow","max-snippet":"max-snippet:-1","max-image-preview":"max-image-preview:large","max-video-preview":"max-video-preview:-1"},"canonical":"https:\/\/www.intoscana.it\/it\/ultimo-raduno-dellanno-a-coverciano-il-toscano-di-lorenzo-rimpianti-per-il-qatar-ma-ripartiamo-con-entusiamo\/","og_locale":"it_IT","og_type":"article","og_title":"L'ultimo raduno dell'anno a Coverciano, il toscano Di Lorenzo: \"Rimpianti per il Qatar, ma ripartiamo con entusiamo\"","og_description":"Le amichevoli della nazionale di calcio a ridosso dei (mancati) mondiali del Quatar. Parla il calciatore di Ghivizzano","og_url":"https:\/\/www.intoscana.it\/it\/ultimo-raduno-dellanno-a-coverciano-il-toscano-di-lorenzo-rimpianti-per-il-qatar-ma-ripartiamo-con-entusiamo\/","og_site_name":"intoscana","article_publisher":"https:\/\/www.facebook.com\/intoscana.it","article_published_time":"2022-11-15T10:17:54+00:00","og_image":[{"width":737,"height":415,"url":"https:\/\/www.intoscana.it\/wp-content\/uploads\/coverciano_60_anni.jpg","type":"image\/jpeg"}],"author":"Clara D'Acunto","twitter_card":"summary_large_image","twitter_creator":"@intoscana","twitter_site":"@intoscana","twitter_misc":{"Written by":"Clara D'Acunto","Est. reading time":"2 minuti"},"schema":{"@context":"https:\/\/schema.org","@graph":[{"@type":"WebPage","@id":"https:\/\/www.intoscana.it\/it\/ultimo-raduno-dellanno-a-coverciano-il-toscano-di-lorenzo-rimpianti-per-il-qatar-ma-ripartiamo-con-entusiamo\/","url":"https:\/\/www.intoscana.it\/it\/ultimo-raduno-dellanno-a-coverciano-il-toscano-di-lorenzo-rimpianti-per-il-qatar-ma-ripartiamo-con-entusiamo\/","name":"Ultimo raduno 2022 a Coverciano, Di Lorenzo: \"Rimpianti per il Qatar\"","isPartOf":{"@id":"https:\/\/www.intoscana.it\/it\/#website"},"primaryImageOfPage":{"@id":"https:\/\/www.intoscana.it\/it\/ultimo-raduno-dellanno-a-coverciano-il-toscano-di-lorenzo-rimpianti-per-il-qatar-ma-ripartiamo-con-entusiamo\/#primaryimage"},"image":{"@id":"https:\/\/www.intoscana.it\/it\/ultimo-raduno-dellanno-a-coverciano-il-toscano-di-lorenzo-rimpianti-per-il-qatar-ma-ripartiamo-con-entusiamo\/#primaryimage"},"thumbnailUrl":"https:\/\/www.intoscana.it\/wp-content\/uploads\/coverciano_60_anni.jpg","datePublished":"2022-11-15T10:17:54+00:00","author":{"@id":"https:\/\/www.intoscana.it\/it\/#\/schema\/person\/137419af9ef5d385bde52864a841e6ce"},"description":"Le amichevoli della nazionale di calcio a ridosso dei (mancati) mondiali del Quatar. Parla il calciatore di Ghivizzano","breadcrumb":{"@id":"https:\/\/www.intoscana.it\/it\/ultimo-raduno-dellanno-a-coverciano-il-toscano-di-lorenzo-rimpianti-per-il-qatar-ma-ripartiamo-con-entusiamo\/#breadcrumb"},"inLanguage":"it-IT","potentialAction":[{"@type":"ReadAction","target":["https:\/\/www.intoscana.it\/it\/ultimo-raduno-dellanno-a-coverciano-il-toscano-di-lorenzo-rimpianti-per-il-qatar-ma-ripartiamo-con-entusiamo\/"]}]},{"@type":"ImageObject","inLanguage":"it-IT","@id":"https:\/\/www.intoscana.it\/it\/ultimo-raduno-dellanno-a-coverciano-il-toscano-di-lorenzo-rimpianti-per-il-qatar-ma-ripartiamo-con-entusiamo\/#primaryimage","url":"https:\/\/www.intoscana.it\/wp-content\/uploads\/coverciano_60_anni.jpg","contentUrl":"https:\/\/www.intoscana.it\/wp-content\/uploads\/coverciano_60_anni.jpg","width":737,"height":415,"caption":"Coverciano compie 60 anni"},{"@type":"BreadcrumbList","@id":"https:\/\/www.intoscana.it\/it\/ultimo-raduno-dellanno-a-coverciano-il-toscano-di-lorenzo-rimpianti-per-il-qatar-ma-ripartiamo-con-entusiamo\/#breadcrumb","itemListElement":[{"@type":"ListItem","position":1,"name":"Home","item":"https:\/\/www.intoscana.it\/it\/"},{"@type":"ListItem","position":2,"name":"L&#8217;ultimo raduno dell&#8217;anno a Coverciano, il toscano Di Lorenzo: &#8220;Rimpianti per il Qatar, ma ripartiamo con entusiamo&#8221;"}]},{"@type":"WebSite","@id":"https:\/\/www.intoscana.it\/it\/#website","url":"https:\/\/www.intoscana.it\/it\/","name":"intoscana","description":"","potentialAction":[{"@type":"SearchAction","target":{"@type":"EntryPoint","urlTemplate":"https:\/\/www.intoscana.it\/it\/?s={search_term_string}"},"query-input":{"@type":"PropertyValueSpecification","valueRequired":true,"valueName":"search_term_string"}}],"inLanguage":"it-IT"},{"@type":"Person","@id":"https:\/\/www.intoscana.it\/it\/#\/schema\/person\/137419af9ef5d385bde52864a841e6ce","name":"Clara D'Acunto","url":"https:\/\/www.intoscana.it\/it\/author\/clara-d_acunto\/"}]}},"_links":{"self":[{"href":"https:\/\/www.intoscana.it\/it\/wp-json\/wp\/v2\/posts\/257889","targetHints":{"allow":["GET"]}}],"collection":[{"href":"https:\/\/www.intoscana.it\/it\/wp-json\/wp\/v2\/posts"}],"about":[{"href":"https:\/\/www.intoscana.it\/it\/wp-json\/wp\/v2\/types\/post"}],"author":[{"embeddable":true,"href":"https:\/\/www.intoscana.it\/it\/wp-json\/wp\/v2\/users\/545"}],"replies":[{"embeddable":true,"href":"https:\/\/www.intoscana.it\/it\/wp-json\/wp\/v2\/comments?post=257889"}],"version-history":[{"count":0,"href":"https:\/\/www.intoscana.it\/it\/wp-json\/wp\/v2\/posts\/257889\/revisions"}],"wp:featuredmedia":[{"embeddable":true,"href":"https:\/\/www.intoscana.it\/it\/wp-json\/wp\/v2\/media\/103704"}],"wp:attachment":[{"href":"https:\/\/www.intoscana.it\/it\/wp-json\/wp\/v2\/media?parent=257889"}],"wp:term":[{"taxonomy":"category","embeddable":true,"href":"https:\/\/www.intoscana.it\/it\/wp-json\/wp\/v2\/categories?post=257889"},{"taxonomy":"post_tag","embeddable":true,"href":"https:\/\/www.intoscana.it\/it\/wp-json\/wp\/v2\/tags?post=257889"}],"curies":[{"name":"wp","href":"https:\/\/api.w.org\/{rel}","templated":true}]}}