{"id":258215,"date":"2022-11-16T11:29:28","date_gmt":"2022-11-16T10:29:28","guid":{"rendered":"https:\/\/www.intoscana.it\/it\/?p=258215"},"modified":"2022-11-17T13:13:21","modified_gmt":"2022-11-17T12:13:21","slug":"il-garibaldi-milleventi-prato-cinema","status":"publish","type":"post","link":"https:\/\/www.intoscana.it\/it\/il-garibaldi-milleventi-prato-cinema\/","title":{"rendered":"A Prato apre &#8220;Il Garibaldi&#8221; un nuovo spazio polifunzionale per il cinema, gli eventi, gli spettacoli"},"content":{"rendered":"<p>In un&#8217;epoca storica post-pandemia in cui \u00e8 ormai conclamata la crisi delle sale cinematografiche <strong>apre coraggiosamente a <a href=\"https:\/\/www.intoscana.it\/it\/articolo\/a-prato-nasce-shine-rete-per-la-prevenzione-della-violenza-e-delle-molestie-nei-locali-notturni\/\" target=\"_blank\" rel=\"noopener\">Prato<\/a> un nuovo spazio<\/strong> dedicato al cinema e non solo.<\/p>\n<p>Venerd\u00ec\u00a0<strong>18 novembre<\/strong> 2022 alle 21 riapre<strong> in via Garibaldi, 69<\/strong> l&#8217;Ex Cinema Excelsior con un nuovo nome:<strong>\u00a0<a href=\"https:\/\/www.ilgaribaldi.it\" target=\"_blank\" rel=\"noopener\">Il Garibaldi \/ Milleventi.<\/a><\/strong><\/p>\n<p>Per l&#8217;occasione sar\u00e0 proiettato <em><strong>\u201c\u00c8 stato tutto bello. Storia di Paolino e Pablito\u201d,<\/strong><\/em> il docufilm sulla leggenda del calcio Paolo Rossi, diretto da <strong>Walter Veltroni<\/strong> e prodotto da Palomar Production, in collaborazione con Vision Distribution e Sky.<\/p>\n<p><strong>Il Garibaldi \/ Milleventi non sar\u00e0 solo un cinema, <\/strong>la struttura\u00a0avr\u00e0 molteplici\u00a0possibilit\u00e0 di utilizzo: <strong>teatro, concerti,<\/strong> ma anche <strong>eventi aziendali, meeting, corsi di formazione, fiere, sfilate, shooting, <\/strong>insomma sar\u00e0 <strong>uno spazio poliedrico e multifunzionale<\/strong> per le esigenze di chi cerca nel cuore della citt\u00e0 un luogo progettato per accogliere e creare<strong> eventi speciali.<\/strong><\/p>\n<h3>La storia del cinema<\/h3>\n<p>I pratesi lo ricordano come <strong>Sala Garibaldi,<\/strong> per quelli pi\u00f9 giovani \u00e8 stato il <strong>Cinema Excelsior<\/strong>.<\/p>\n<p>Chiuso dal 2009, la sua storia cambia quando nel 2017 la <strong>Civico 69 srl<\/strong> costituita da <strong>Claudio Bertini,<\/strong> Francesco Fantauzzi, Samuele Gaggio,<strong> Massimo Gramigni,<\/strong> Angelica Lucibello, Fabrizio Nigro e Nuovo B.O. srl acquista l&#8217;immobile all&#8217;asta.<\/p>\n<p>Parte cos\u00ec<strong> un percorso di riqualificazione<\/strong> che si conclude oggi anche grazie al determinante contributo del <strong>Ministero della Cultura &#8211; Direzione generale per il cinema e l&#8217;audiovisivo,<\/strong> nell&#8217;ambito del <strong>Piano Straordinario<\/strong> per il potenziamento del circuito delle sale cinematografiche e polifunzionali.<\/p>\n<figure id=\"post-257883 media-257883\" class=\"align-none\"><img decoding=\"async\" src=\"https:\/\/www.intoscana.it\/wp-content\/uploads\/PLATEA-GARIBALDI-PRATO-OGGI-2022.jpeg\" alt=\"\" \/><\/figure>\n<h3>Il progetto di restauro<\/h3>\n<p>Il progetto della riqualificazione dello spazio \u00e8 stata curata dall<strong>\u2019architetto Carlo Carbone,<\/strong> pratese di nascita ma fiorentino d\u2019adozione, progettista esperto in acustica, noto ai pi\u00f9 per i suoi lavori sulla <strong>Sala Rossa Teatro della Pergola, il Teatro Goldoni,<\/strong> sui progetti di correzione acustica di importanti teatri italiani e stranieri ma soprattutto per<strong> il Tenax<\/strong> e per <strong>gli studi di radio DeeJay<\/strong>.<\/p>\n<p><strong>Saranno circa 400 i posti a sedere tra platea e galleria,<\/strong> l&#8217;<strong>impianto di proiezione \u00e8 di ultima generazione,<\/strong> con tecnologia laser, dolby 7.1, capace di eseguire proiezioni anche on demand.<\/p>\n<p>Gli arredi (poltroncine e palco) sono interamente smontabili all&#8217;occorrenza, rendendo<strong> pienamente flessibile l&#8217;utilizzo dello spazio.<\/strong><\/p>\n<p>I lavori di riqualificazione hanno riguardato <strong>l\u2019intero rifacimento degli impianti elettrici, meccanici e idraulici, antincendio,<\/strong> il consolidamento strutturale e antisismico del solaio di copertura e della galleria.<\/p>\n<p><strong>Particolare cura \u00e8 stata data all&#8217;acustica<\/strong> sia in termini di qualit\u00e0 del suono interna alla sala, sia all&#8217;isolamento rispetto agli edifici limitrofi, mediante l\u2019uso di pannelli isolanti, <strong>pannelli fono assorbenti e supporti antivibranti.<\/strong><\/p>\n<p>Inoltre molta attenzione \u00e8 stata dedicata alla <strong>fruizione cinematografica da parte di persone con disabilit\u00e0 sensoriale<\/strong> (audiolesi e ipovedenti), mediante l\u2019utilizzo di sottotitoli e strumenti di audiodescrizione che saranno loro forniti durante la partecipazione all\u2019attivit\u00e0.<\/p>\n<h3>La programmazione cinematografica<\/h3>\n<p>La <strong>programmazione cinematografica presso Il Garibaldi a <a href=\"https:\/\/www.intoscana.it\/it\/articolo\/prato-carbon-neutral-neutralita-climatica\/\" target=\"_blank\" rel=\"noopener\">Prato\u00a0<\/a><\/strong>avr\u00e0 formule diverse da quelle di una normale sala,<strong> i film in calendario saranno pensati come eventi,<\/strong> in alcuni casi in programma per pi\u00f9 repliche ma che non seguiranno la formula consueta dei cinema.<\/p>\n<p>Il calendario sar\u00e0 realizzato in collaborazione\u00a0con la <strong><a href=\"https:\/\/www.intoscana.it\/it\/articolo\/stensen-dati-in-calo-per-i-cinema-fiorentini-segnali-di-ripresa-dalle-arene-estive\/\" target=\"_blank\" rel=\"noopener\">Fondazione Culturale Stensen<\/a> di Firenze,<\/strong> che svolge dal 1959 un importante lavoro per favorire la ricerca e l\u2019etica del confronto attraverso il cinema e con\u00a0il supporto dell&#8217;agenzia regionale <strong>Giglio distribuzione di Firenze<\/strong> guardando sia al<strong> cinema indipendente<\/strong> che a quello pi\u00f9 <strong>mainstream.<\/strong><\/p>\n<p>Il programma cinematografico sar\u00e0 pubblicato di settimana in settimana sul sito <a href=\"http:\/\/www.ilgaribaldi.it\" target=\"_blank\" rel=\"noopener\"><strong>www.ilgaribaldi.it<\/strong><\/a> e sui canali social.<\/p>\n<figure id=\"post-258253 media-258253\" class=\"align-none\"><img decoding=\"async\" src=\"https:\/\/www.intoscana.it\/wp-content\/uploads\/treallegriragazzimorti-scaled.jpg\" alt=\"\" \/><\/figure>\n<div class=\"titleimg\"><em>Tre allegri ragazzi morti<\/em><\/div>\n<h3>Il programma degli spettacoli<\/h3>\n<p><strong>Inaugurazione venerd\u00ec 18 novembre<\/strong>\u00a0alle ore 21.30 con il film <em><strong>&#8220;E&#8217; stato tutto bello, storia di Paolino e Pablito&#8221;<\/strong><\/em>\u00a0di <strong>Walter Veltroni<\/strong> con Antonio Cabrini e Marco Tardelli (Italia 2022, 107\u2019),\u00a0prodotto da Palomar Production, in collaborazione con Vision Distribution e Sky.\u00a0Attraverso filmati privati, interviste a chi lo ha conosciuto nella sua intimit\u00e0, il repertorio delle sue prove pi\u00f9 straordinarie e testimonianze dei suoi momenti pi\u00f9 difficili, il docu-film ripercorre la storia di<strong> Paolo Rossi<\/strong> (insieme Paolino e Pablito) che \u00e8 sempre stata dolore, gioia, sacrificio, trionfo. (Repliche: il\u00a021 novembre ore 18.00. e il\u00a023 novembre ore 18.30 e 21.00).<\/p>\n<p>Il 21 novembre ore 16.15 e 20.30 e il\u00a023 novembre ore 16.45 <em><strong>&#8220;Ritratto di regina&#8221;\u00a0<\/strong><\/em>di <strong>Fabrizio Ferri<\/strong> (Italia 2022, 90\u2019).\u00a0Il documentario-evento ha come protagonista non solo il regno di Elisabetta II ma anche l&#8217;eccezionale tributo con cui la fotografia ha omaggiato la Regina creando un album lungo settant&#8217;anni, unico al mondo.<\/p>\n<p>Marted\u00ec 22 novembre ore 18.30 <em><strong>&#8220;Prato com&#8217;era.\u00a0Storie, immagini e protagonisti del nostro secolo d\u2019oro&#8221;<\/strong><\/em>\u00a0Presentazione del secondo volume edito da La Nazione a\u00a0cura di Roberto Baldi con le <strong>fotografie dell\u2019Archivio Ranfagni.\u00a0<\/strong><\/p>\n<p>Il 25 novembre ore 20.30 il capolavoro di <strong>Federico Fellini<\/strong> <em><strong>&#8220;La dolce vita&#8221;.<\/strong><\/em><\/p>\n<p>Il 29 novembre ore 16.15 e ore 20.30 e il\u00a030 novembre ore 16.45 e ore 21.00 <em><strong>&#8220;Botticelli a Firenze. La nascita della bellezza&#8221;\u00a0<\/strong><\/em>di <strong>Marco Pianigiani.<\/strong><\/p>\n<p>Il 3 dicembre ore 21.00 <em><strong>&#8220;Mamma Roma&#8221;\u00a0<\/strong><\/em>regia di<strong> Pier Paolo Pasolini.<\/strong><\/p>\n<p>Luned\u00ec 5 dicembre &#8211; ore 10.30 va in scena lo spettacolo per le scuole<em><strong> &#8220;Peer Gynt&#8221;<\/strong> <\/em>un progetto speciale della <strong>Camerata Strumentale Citt\u00e0 di Prato.\u00a0<\/strong>Un dramma teatrale scritto da <strong>Henrik Ibsen<\/strong> e riadattato per l&#8217;occasione da<strong> Andrea Bruni<\/strong> con le musiche di Edvard Grieg. Gli attori <strong>Andrea Bruni e Alessia De Rosa<\/strong> condurranno i giovani spettatori in terre lontane, tra miti e leggende scandinave, offrendo una riflessione sulla ricerca di s\u00e9 e sulla propria crescita personale, fatta di difficolt\u00e0 ma anche di avventure incredibili. I brani tratti dalla suite op 46 di Grieg saranno eseguiti dal <strong>Quintetto di Fiati dell&#8217;Orchestra la Filharmonie.<\/strong><\/p>\n<p><strong>Marted\u00ec 6 dicembre<\/strong> &#8211; ore 21.15 in concerto i <strong>Tre allegri ragazzi morti<\/strong>\u00a0dal titolo <em><strong>&#8220;Pasolini concerto disegnato&#8221;.\u00a0<\/strong><\/em>Nel concerto, il corpo del poeta friulano, la sua voce, i suoi pensieri scandalosi muovono i pennelli di<strong> Davide Toffolo<\/strong> che, sulla musica dei Tre allegri ragazzi morti, disegna dal vivo la biografia di Pier Paolo Pasolini. <strong>Un modo unico di incontrare Pasolini<\/strong> nel centenario della sua nascita e i Tre allegri ragazzi morti al loro ritorno sui palchi indoor.<\/p>\n<p><strong>Il 17 e 18 dicembre<\/strong> dalle ore 11 alle ore 21 in\u00a0occasione degli ultimi preparativi per le <strong>festivit\u00e0 natalizie<\/strong>, lo storico mercato vintage e handmade <strong>&#8220;WOM A Wonderful Market&#8221;<\/strong>\u00a0fa un\u2019esclusiva tappa a Prato.\u00a0Non un semplice mercato, ma un appuntamento per chi \u00e8 in cerca di meraviglia.<\/p>\n<p><strong>Luned\u00ec 19 dicembre<\/strong> &#8211; ore 21.00 il pianista\u00a0<strong>Remo Anzovino<\/strong> in <em><strong>&#8220;The Cameraman di Buster Keaton&#8221;.<\/strong><\/em><\/p>\n<p>Inizia un percorso di <strong>sonorizzazione del cinema muto<\/strong> da parte di Remo Anzovino che gi\u00e0 dagli anni Duemila \u00e8 protagonista di progetti al confine tra musica e cinema, passato e presente e che si svilupper\u00e0 nei primi mesi di apertura del Garibaldi di Prato. Pianista tra i pi\u00f9 creativi della scena strumentale contemporanea, <strong>Remo Anzovino<\/strong> musicher\u00e0 dal vivo il film <strong>\u201cIl Cameraman\u201d, capolavoro di Edward Sedgwick e Buster Keaton<\/strong> datato 1928.<\/p>\n<p><strong>Per informazioni e biglietti:\u00a0<\/strong>Tel. 0574\/1858152,\u00a017.00\/21.00 da marted\u00ec a domenica,\u00a0www.ilgaribaldi.it &#8211; info@garibaldi.it<br \/>\nBiglietti on line e nei punti vendita www.ticketone.it.<\/p>\n<figure id=\"post-146919 media-146919\" class=\"align-none\"><img decoding=\"async\" src=\"https:\/\/www.intoscana.it\/wp-content\/uploads\/anzovino.jpg\" alt=\"\" \/><\/figure>\n<div class=\"titleimg\"><em>Remo Anzovino<\/em><\/div>\n<div class=\"titleimg\"><\/div>\n<p>&nbsp;<\/p>\n","protected":false},"excerpt":{"rendered":"<p>Riapre l&#8217;Ex Cinema Excelsior totalmente restaurato e con un nuovo nome Il Garibaldi \/ Milleventi, uno spazio poliedrico e multifunzionale capace di accogliere cinema, teatro, concerti, eventi aziendali, meeting, corsi di formazione, fiere, sfilate, shooting e molto altro<\/p>\n","protected":false},"author":518,"featured_media":257879,"comment_status":"open","ping_status":"open","sticky":false,"template":"","format":"standard","meta":{"_acf_changed":false,"footnotes":""},"categories":[493],"tags":[174,188,4474,259],"class_list":["post-258215","post","type-post","status-publish","format-standard","has-post-thumbnail","hentry","category-cultura","tag-arte","tag-cinema","tag-eventi","tag-prato"],"acf":[],"yoast_head":"<!-- This site is optimized with the Yoast SEO Premium plugin v24.2 (Yoast SEO v25.6) - https:\/\/yoast.com\/wordpress\/plugins\/seo\/ -->\n<title>A Prato apre &quot;Il Garibaldi&quot; un nuovo spazio polifunzionale per il cinema, gli eventi, gli spettacoli - intoscana<\/title>\n<meta name=\"description\" content=\"Venerd\u00ec\u00a018 novembre 2022 riapre in via Garibaldi, 69 a Prato l&#039;Ex Cinema Excelsior totalmente restaurato e con un nuovo nome\u00a0Il Garibaldi\" \/>\n<meta name=\"robots\" content=\"index, follow, max-snippet:-1, max-image-preview:large, max-video-preview:-1\" \/>\n<link rel=\"canonical\" href=\"https:\/\/www.intoscana.it\/it\/il-garibaldi-milleventi-prato-cinema\/\" \/>\n<meta property=\"og:locale\" content=\"it_IT\" \/>\n<meta property=\"og:type\" content=\"article\" \/>\n<meta property=\"og:title\" content=\"A Prato apre &quot;Il Garibaldi&quot; un nuovo spazio polifunzionale per il cinema, gli eventi, gli spettacoli\" \/>\n<meta property=\"og:description\" content=\"Venerd\u00ec\u00a018 novembre 2022 riapre in via Garibaldi, 69 a Prato l&#039;Ex Cinema Excelsior totalmente restaurato e con un nuovo nome\u00a0Il Garibaldi\" \/>\n<meta property=\"og:url\" content=\"https:\/\/www.intoscana.it\/it\/il-garibaldi-milleventi-prato-cinema\/\" \/>\n<meta property=\"og:site_name\" content=\"intoscana\" \/>\n<meta property=\"article:publisher\" content=\"https:\/\/www.facebook.com\/intoscana.it\" \/>\n<meta property=\"article:published_time\" content=\"2022-11-16T10:29:28+00:00\" \/>\n<meta property=\"article:modified_time\" content=\"2022-11-17T12:13:21+00:00\" \/>\n<meta property=\"og:image\" content=\"https:\/\/www.intoscana.it\/wp-content\/uploads\/proprietaesostenitori.jpg\" \/>\n\t<meta property=\"og:image:width\" content=\"1366\" \/>\n\t<meta property=\"og:image:height\" content=\"911\" \/>\n\t<meta property=\"og:image:type\" content=\"image\/jpeg\" \/>\n<meta name=\"author\" content=\"Costanza Baldini\" \/>\n<meta name=\"twitter:card\" content=\"summary_large_image\" \/>\n<meta name=\"twitter:creator\" content=\"@intoscana\" \/>\n<meta name=\"twitter:site\" content=\"@intoscana\" \/>\n<meta name=\"twitter:label1\" content=\"Written by\" \/>\n\t<meta name=\"twitter:data1\" content=\"Costanza Baldini\" \/>\n\t<meta name=\"twitter:label2\" content=\"Est. reading time\" \/>\n\t<meta name=\"twitter:data2\" content=\"6 minuti\" \/>\n<script type=\"application\/ld+json\" class=\"yoast-schema-graph\">{\"@context\":\"https:\/\/schema.org\",\"@graph\":[{\"@type\":\"WebPage\",\"@id\":\"https:\/\/www.intoscana.it\/it\/il-garibaldi-milleventi-prato-cinema\/\",\"url\":\"https:\/\/www.intoscana.it\/it\/il-garibaldi-milleventi-prato-cinema\/\",\"name\":\"A Prato apre \\\"Il Garibaldi\\\" un nuovo spazio polifunzionale per il cinema, gli eventi, gli spettacoli - intoscana\",\"isPartOf\":{\"@id\":\"https:\/\/www.intoscana.it\/it\/#website\"},\"primaryImageOfPage\":{\"@id\":\"https:\/\/www.intoscana.it\/it\/il-garibaldi-milleventi-prato-cinema\/#primaryimage\"},\"image\":{\"@id\":\"https:\/\/www.intoscana.it\/it\/il-garibaldi-milleventi-prato-cinema\/#primaryimage\"},\"thumbnailUrl\":\"https:\/\/www.intoscana.it\/wp-content\/uploads\/proprietaesostenitori.jpg\",\"datePublished\":\"2022-11-16T10:29:28+00:00\",\"dateModified\":\"2022-11-17T12:13:21+00:00\",\"author\":{\"@id\":\"https:\/\/www.intoscana.it\/it\/#\/schema\/person\/d469f35f09739bdf00bf5dd3f0647a82\"},\"description\":\"Venerd\u00ec\u00a018 novembre 2022 riapre in via Garibaldi, 69 a Prato l'Ex Cinema Excelsior totalmente restaurato e con un nuovo nome\u00a0Il Garibaldi\",\"breadcrumb\":{\"@id\":\"https:\/\/www.intoscana.it\/it\/il-garibaldi-milleventi-prato-cinema\/#breadcrumb\"},\"inLanguage\":\"it-IT\",\"potentialAction\":[{\"@type\":\"ReadAction\",\"target\":[\"https:\/\/www.intoscana.it\/it\/il-garibaldi-milleventi-prato-cinema\/\"]}]},{\"@type\":\"ImageObject\",\"inLanguage\":\"it-IT\",\"@id\":\"https:\/\/www.intoscana.it\/it\/il-garibaldi-milleventi-prato-cinema\/#primaryimage\",\"url\":\"https:\/\/www.intoscana.it\/wp-content\/uploads\/proprietaesostenitori.jpg\",\"contentUrl\":\"https:\/\/www.intoscana.it\/wp-content\/uploads\/proprietaesostenitori.jpg\",\"width\":1366,\"height\":911},{\"@type\":\"BreadcrumbList\",\"@id\":\"https:\/\/www.intoscana.it\/it\/il-garibaldi-milleventi-prato-cinema\/#breadcrumb\",\"itemListElement\":[{\"@type\":\"ListItem\",\"position\":1,\"name\":\"Home\",\"item\":\"https:\/\/www.intoscana.it\/it\/\"},{\"@type\":\"ListItem\",\"position\":2,\"name\":\"A Prato apre &#8220;Il Garibaldi&#8221; un nuovo spazio polifunzionale per il cinema, gli eventi, gli spettacoli\"}]},{\"@type\":\"WebSite\",\"@id\":\"https:\/\/www.intoscana.it\/it\/#website\",\"url\":\"https:\/\/www.intoscana.it\/it\/\",\"name\":\"intoscana\",\"description\":\"\",\"potentialAction\":[{\"@type\":\"SearchAction\",\"target\":{\"@type\":\"EntryPoint\",\"urlTemplate\":\"https:\/\/www.intoscana.it\/it\/?s={search_term_string}\"},\"query-input\":{\"@type\":\"PropertyValueSpecification\",\"valueRequired\":true,\"valueName\":\"search_term_string\"}}],\"inLanguage\":\"it-IT\"},{\"@type\":\"Person\",\"@id\":\"https:\/\/www.intoscana.it\/it\/#\/schema\/person\/d469f35f09739bdf00bf5dd3f0647a82\",\"name\":\"Costanza Baldini\",\"url\":\"https:\/\/www.intoscana.it\/it\/author\/costanza-baldini\/\"}]}<\/script>\n<!-- \/ Yoast SEO Premium plugin. -->","yoast_head_json":{"title":"A Prato apre \"Il Garibaldi\" un nuovo spazio polifunzionale per il cinema, gli eventi, gli spettacoli - intoscana","description":"Venerd\u00ec\u00a018 novembre 2022 riapre in via Garibaldi, 69 a Prato l'Ex Cinema Excelsior totalmente restaurato e con un nuovo nome\u00a0Il Garibaldi","robots":{"index":"index","follow":"follow","max-snippet":"max-snippet:-1","max-image-preview":"max-image-preview:large","max-video-preview":"max-video-preview:-1"},"canonical":"https:\/\/www.intoscana.it\/it\/il-garibaldi-milleventi-prato-cinema\/","og_locale":"it_IT","og_type":"article","og_title":"A Prato apre \"Il Garibaldi\" un nuovo spazio polifunzionale per il cinema, gli eventi, gli spettacoli","og_description":"Venerd\u00ec\u00a018 novembre 2022 riapre in via Garibaldi, 69 a Prato l'Ex Cinema Excelsior totalmente restaurato e con un nuovo nome\u00a0Il Garibaldi","og_url":"https:\/\/www.intoscana.it\/it\/il-garibaldi-milleventi-prato-cinema\/","og_site_name":"intoscana","article_publisher":"https:\/\/www.facebook.com\/intoscana.it","article_published_time":"2022-11-16T10:29:28+00:00","article_modified_time":"2022-11-17T12:13:21+00:00","og_image":[{"width":1366,"height":911,"url":"https:\/\/www.intoscana.it\/wp-content\/uploads\/proprietaesostenitori.jpg","type":"image\/jpeg"}],"author":"Costanza Baldini","twitter_card":"summary_large_image","twitter_creator":"@intoscana","twitter_site":"@intoscana","twitter_misc":{"Written by":"Costanza Baldini","Est. reading time":"6 minuti"},"schema":{"@context":"https:\/\/schema.org","@graph":[{"@type":"WebPage","@id":"https:\/\/www.intoscana.it\/it\/il-garibaldi-milleventi-prato-cinema\/","url":"https:\/\/www.intoscana.it\/it\/il-garibaldi-milleventi-prato-cinema\/","name":"A Prato apre \"Il Garibaldi\" un nuovo spazio polifunzionale per il cinema, gli eventi, gli spettacoli - intoscana","isPartOf":{"@id":"https:\/\/www.intoscana.it\/it\/#website"},"primaryImageOfPage":{"@id":"https:\/\/www.intoscana.it\/it\/il-garibaldi-milleventi-prato-cinema\/#primaryimage"},"image":{"@id":"https:\/\/www.intoscana.it\/it\/il-garibaldi-milleventi-prato-cinema\/#primaryimage"},"thumbnailUrl":"https:\/\/www.intoscana.it\/wp-content\/uploads\/proprietaesostenitori.jpg","datePublished":"2022-11-16T10:29:28+00:00","dateModified":"2022-11-17T12:13:21+00:00","author":{"@id":"https:\/\/www.intoscana.it\/it\/#\/schema\/person\/d469f35f09739bdf00bf5dd3f0647a82"},"description":"Venerd\u00ec\u00a018 novembre 2022 riapre in via Garibaldi, 69 a Prato l'Ex Cinema Excelsior totalmente restaurato e con un nuovo nome\u00a0Il Garibaldi","breadcrumb":{"@id":"https:\/\/www.intoscana.it\/it\/il-garibaldi-milleventi-prato-cinema\/#breadcrumb"},"inLanguage":"it-IT","potentialAction":[{"@type":"ReadAction","target":["https:\/\/www.intoscana.it\/it\/il-garibaldi-milleventi-prato-cinema\/"]}]},{"@type":"ImageObject","inLanguage":"it-IT","@id":"https:\/\/www.intoscana.it\/it\/il-garibaldi-milleventi-prato-cinema\/#primaryimage","url":"https:\/\/www.intoscana.it\/wp-content\/uploads\/proprietaesostenitori.jpg","contentUrl":"https:\/\/www.intoscana.it\/wp-content\/uploads\/proprietaesostenitori.jpg","width":1366,"height":911},{"@type":"BreadcrumbList","@id":"https:\/\/www.intoscana.it\/it\/il-garibaldi-milleventi-prato-cinema\/#breadcrumb","itemListElement":[{"@type":"ListItem","position":1,"name":"Home","item":"https:\/\/www.intoscana.it\/it\/"},{"@type":"ListItem","position":2,"name":"A Prato apre &#8220;Il Garibaldi&#8221; un nuovo spazio polifunzionale per il cinema, gli eventi, gli spettacoli"}]},{"@type":"WebSite","@id":"https:\/\/www.intoscana.it\/it\/#website","url":"https:\/\/www.intoscana.it\/it\/","name":"intoscana","description":"","potentialAction":[{"@type":"SearchAction","target":{"@type":"EntryPoint","urlTemplate":"https:\/\/www.intoscana.it\/it\/?s={search_term_string}"},"query-input":{"@type":"PropertyValueSpecification","valueRequired":true,"valueName":"search_term_string"}}],"inLanguage":"it-IT"},{"@type":"Person","@id":"https:\/\/www.intoscana.it\/it\/#\/schema\/person\/d469f35f09739bdf00bf5dd3f0647a82","name":"Costanza Baldini","url":"https:\/\/www.intoscana.it\/it\/author\/costanza-baldini\/"}]}},"_links":{"self":[{"href":"https:\/\/www.intoscana.it\/it\/wp-json\/wp\/v2\/posts\/258215","targetHints":{"allow":["GET"]}}],"collection":[{"href":"https:\/\/www.intoscana.it\/it\/wp-json\/wp\/v2\/posts"}],"about":[{"href":"https:\/\/www.intoscana.it\/it\/wp-json\/wp\/v2\/types\/post"}],"author":[{"embeddable":true,"href":"https:\/\/www.intoscana.it\/it\/wp-json\/wp\/v2\/users\/518"}],"replies":[{"embeddable":true,"href":"https:\/\/www.intoscana.it\/it\/wp-json\/wp\/v2\/comments?post=258215"}],"version-history":[{"count":0,"href":"https:\/\/www.intoscana.it\/it\/wp-json\/wp\/v2\/posts\/258215\/revisions"}],"wp:featuredmedia":[{"embeddable":true,"href":"https:\/\/www.intoscana.it\/it\/wp-json\/wp\/v2\/media\/257879"}],"wp:attachment":[{"href":"https:\/\/www.intoscana.it\/it\/wp-json\/wp\/v2\/media?parent=258215"}],"wp:term":[{"taxonomy":"category","embeddable":true,"href":"https:\/\/www.intoscana.it\/it\/wp-json\/wp\/v2\/categories?post=258215"},{"taxonomy":"post_tag","embeddable":true,"href":"https:\/\/www.intoscana.it\/it\/wp-json\/wp\/v2\/tags?post=258215"}],"curies":[{"name":"wp","href":"https:\/\/api.w.org\/{rel}","templated":true}]}}