{"id":258328,"date":"2022-11-16T14:16:58","date_gmt":"2022-11-16T13:16:58","guid":{"rendered":"https:\/\/www.intoscana.it\/it\/?p=258328"},"modified":"2022-11-16T17:06:00","modified_gmt":"2022-11-16T16:06:00","slug":"castelfranco-di-sotto-palestra-green","status":"publish","type":"post","link":"https:\/\/www.intoscana.it\/it\/castelfranco-di-sotto-palestra-green\/","title":{"rendered":"Inaugurata a Castelfranco di Sotto la palestra green: &#8220;Risparmiata l&#8217;emissione di 20 tonnellate di CO2&#8221;"},"content":{"rendered":"<p>Conclusi i lavori di efficientamento energetico che permetteranno di abbattere i consumi energetici dell\u2019impianto sportivo adiacente la scuola di Orentano, nel Comune di <strong>Castelfranco di Sotto<\/strong> (Pi).<\/p>\n<p><mark>L\u2019intervento consentir\u00e0 di risparmiare ogni anno 10.000 metri cubi di metano e 9.000 kilowattora di energia elettrica. Questi interventi evitano ogni anno che vengano immesse in atmosfera 20 tonnellate di anidride carbonica <\/mark>, l\u2019equivalente di piantare circa 100 alberi.<\/p>\n<p>&#8220;<em>Investire in una palestra \u00e8 una scelta che mira al benessere psicofisico della comunit\u00e0 e a rafforzare occasioni di incontro, condivisione e socialit\u00e0. Nel caso di Orentano, dove l\u2019impianto sportivo \u00e8 anche a servizio delle attivit\u00e0 didattiche dell\u2019istituto scolastico adiacente, l\u2019intera operazione di riqualificazione assume un significato ancora pi\u00f9 importante, perch\u00e9 si investe sul futuro delle giovani generazioni legando scuola e sport, fondamentali nel percorso di crescita delle ragazze e dei ragazzi<\/em>&#8220;, ha commentato l\u2019assessora regionale all\u2019istruzione <strong>Alessandra Nardini i<\/strong>n occasione dell&#8217;inaugurazione della palestra. Alla Nardini ha fatto seguito l&#8217;assessora regionale all&#8217;ambiente <strong>Monia Monni: &#8220;<\/strong>G<em>razie agli interventi finanziati tramite il POR FESR, la palestra della scuola di Orentano d&#8217;ora in poi eviter\u00e0 emissioni inquinanti di anidride carbonica per 200 tonnellate all&#8217;anno, \u00e8 evidente che siamo davanti ad un evento importantissimo per tutta la comunit\u00e0, ad una vera e propria festa per i cittadini di Castelfranco e per l&#8217;ambiente. Parliamo del risparmio di 10.000 mc di metano e 9.000 kw di energia elettrica, un contributo importante per la sostenibilit\u00e0 ambientale, un aiuto economico non indifferente per le casse dell&#8217;amministrazione ed un valido esempio per tutti, pubblici e privati, da valorizzare e, quando possibile, imitare, per procedere a piccoli passi verso la decarbonizzazione delle nostre fonti energetiche, puntando sempre pi\u00f9 sulle rinnovabili e sull&#8217;autoproduzione<\/em>&#8220;.<\/p>\n<h3>L&#8217;intervento sulla palestra green: i numeri del risparmio<\/h3>\n<p><mark>I lavori hanno previsto: la realizzazione di un cappotto termico, il rifacimento del manto di copertura con isolamento, la riqualificazione della centrale termica, la realizzazione di un impianto fotovoltaico e solare-termico <\/mark>.<\/p>\n<p>L\u2019opera \u00e8 stata realizzata grazie al finanziamento della Regione Toscana (circa <strong>257mila euro<\/strong>), ottenuto dal Comune di Castelfranco di Sotto tramite bando regionale Por Fesr 2014-2020, al contributo nazionale Conto Termico GSE (circa <strong>181 mila<\/strong> euro).\u00a0Complessivamente la spesa ammonta a 618mila euro e comprende una\u00a0quota di risorse proprie investite dal Comune di Castelfranco (180mila euro).<\/p>\n<p>Si parla di un risparmio reale, poich\u00e8 calcolato tramite un <strong>software<\/strong> di simulazione specifico, di metano pari al 50% rispetto allo stato attuale (risparmio stimato a 8.300 Sm3 di metano l&#8217;anno).<\/p>\n<p>Va\u00a0aggiunto anche il risparmio di energia elettrica portato dall\u2019intervento di installazione di impianto fotovoltaico da 11 kW. Dal calcolo effettuato \u00e8 stata stimata una produzione annua di energia rinnovabile di circa 13.677 kWh\/anno, pari ai consumi elettrici dell\u2019immobile (l\u2019impianto \u00e8 stato dimensionato per l\u2019autoconsumo e per minimizzare pertanto l\u2019utilizzo di energia immessa in rete).<br \/>\nL\u2019intero intervento prevede una riduzione dei fabbisogni di energia primaria globale non rinnovabile pari al 75,25%.<\/p>\n<p>\u201c<em>La palestra di Orentano \u00e8 diventata <strong>green <\/strong><\/em>\u2013 ha commentato il sindaco <strong>Gabriele Toti &#8211;<\/strong>. <em>Ci siamo mossi con largo anticipo con questo intervento di efficientamento, ritrovandosi ad affrontare cos\u00ec l\u2019attuale aumento dei costi dell\u2019energia con un certo vantaggio. Due anni fa parlavamo di \u201cinvestimento nel futuro\u201d e la lungimiranza ci ha premiato. Quest\u2019opera rappresenta una tappa del percorso di riqualificazione degli impianti sportivi che questa Amministrazione Comunale sta portando avanti. Un intervento che ci permetter\u00e0 di risparmiare, ma anche un intervento che parla ai ragazzi e simboleggia la volont\u00e0 di muoversi in una direzione eco-sostenibile<\/em>\u201d.<\/p>\n","protected":false},"excerpt":{"rendered":"<p>Le assessore Monni e Nardini al taglio del nastro del nuovo impianto realizzato grazie al finanziamento della Regione Toscana. Si stima che l&#8217;edificio porter\u00e0 ad un risparmio di metano pari al 50% rispetto allo stato attuale (stimato a 8.300 Sm3 di metano l&#8217;anno)<\/p>\n","protected":false},"author":525,"featured_media":258341,"comment_status":"open","ping_status":"open","sticky":false,"template":"","format":"standard","meta":{"_acf_changed":false,"footnotes":""},"categories":[19],"tags":[177,4627,4601,4424,5818],"class_list":["post-258328","post","type-post","status-publish","format-standard","has-post-thumbnail","hentry","category-ambiente","tag-ambiente","tag-energia-sostenibile","tag-green","tag-istruzione","tag-risparmio-energetico"],"acf":[],"yoast_head":"<!-- This site is optimized with the Yoast SEO Premium plugin v24.2 (Yoast SEO v25.6) - https:\/\/yoast.com\/wordpress\/plugins\/seo\/ -->\n<title>Inaugurata a Castelfranco di Sotto la palestra green: &quot;Risparmiata l&#039;emissione di 20 tonnellate di CO2&quot; - intoscana<\/title>\n<meta name=\"description\" content=\"Si stima che l&#039;edificio porter\u00e0 ad un risparmio di metano pari al 50% rispetto allo stato attuale (stimato a 8.300 Sm3 di metano l&#039;anno).\u00a0\" \/>\n<meta name=\"robots\" content=\"index, follow, max-snippet:-1, max-image-preview:large, max-video-preview:-1\" \/>\n<link rel=\"canonical\" href=\"https:\/\/www.intoscana.it\/it\/castelfranco-di-sotto-palestra-green\/\" \/>\n<meta property=\"og:locale\" content=\"it_IT\" \/>\n<meta property=\"og:type\" content=\"article\" \/>\n<meta property=\"og:title\" content=\"Inaugurata a Castelfranco di Sotto la palestra green: &quot;Risparmiata l&#039;emissione di 20 tonnellate di CO2&quot;\" \/>\n<meta property=\"og:description\" content=\"Si stima che l&#039;edificio porter\u00e0 ad un risparmio di metano pari al 50% rispetto allo stato attuale (stimato a 8.300 Sm3 di metano l&#039;anno).\u00a0\" \/>\n<meta property=\"og:url\" content=\"https:\/\/www.intoscana.it\/it\/castelfranco-di-sotto-palestra-green\/\" \/>\n<meta property=\"og:site_name\" content=\"intoscana\" \/>\n<meta property=\"article:publisher\" content=\"https:\/\/www.facebook.com\/intoscana.it\" \/>\n<meta property=\"article:published_time\" content=\"2022-11-16T13:16:58+00:00\" \/>\n<meta property=\"article:modified_time\" content=\"2022-11-16T16:06:00+00:00\" \/>\n<meta property=\"og:image\" content=\"https:\/\/www.intoscana.it\/wp-content\/uploads\/palestra-orentano-facciata-1.jpg\" \/>\n\t<meta property=\"og:image:width\" content=\"1024\" \/>\n\t<meta property=\"og:image:height\" content=\"768\" \/>\n\t<meta property=\"og:image:type\" content=\"image\/jpeg\" \/>\n<meta name=\"author\" content=\"Redazione\" \/>\n<meta name=\"twitter:card\" content=\"summary_large_image\" \/>\n<meta name=\"twitter:creator\" content=\"@intoscana\" \/>\n<meta name=\"twitter:site\" content=\"@intoscana\" \/>\n<meta name=\"twitter:label1\" content=\"Written by\" \/>\n\t<meta name=\"twitter:data1\" content=\"Redazione\" \/>\n\t<meta name=\"twitter:label2\" content=\"Est. reading time\" \/>\n\t<meta name=\"twitter:data2\" content=\"3 minuti\" \/>\n<script type=\"application\/ld+json\" class=\"yoast-schema-graph\">{\"@context\":\"https:\/\/schema.org\",\"@graph\":[{\"@type\":\"WebPage\",\"@id\":\"https:\/\/www.intoscana.it\/it\/castelfranco-di-sotto-palestra-green\/\",\"url\":\"https:\/\/www.intoscana.it\/it\/castelfranco-di-sotto-palestra-green\/\",\"name\":\"Inaugurata a Castelfranco di Sotto la palestra green: \\\"Risparmiata l'emissione di 20 tonnellate di CO2\\\" - intoscana\",\"isPartOf\":{\"@id\":\"https:\/\/www.intoscana.it\/it\/#website\"},\"primaryImageOfPage\":{\"@id\":\"https:\/\/www.intoscana.it\/it\/castelfranco-di-sotto-palestra-green\/#primaryimage\"},\"image\":{\"@id\":\"https:\/\/www.intoscana.it\/it\/castelfranco-di-sotto-palestra-green\/#primaryimage\"},\"thumbnailUrl\":\"https:\/\/www.intoscana.it\/wp-content\/uploads\/palestra-orentano-facciata-1.jpg\",\"datePublished\":\"2022-11-16T13:16:58+00:00\",\"dateModified\":\"2022-11-16T16:06:00+00:00\",\"author\":{\"@id\":\"https:\/\/www.intoscana.it\/it\/#\/schema\/person\/9223810753230f20bd670fdd322661f8\"},\"description\":\"Si stima che l'edificio porter\u00e0 ad un risparmio di metano pari al 50% rispetto allo stato attuale (stimato a 8.300 Sm3 di metano l'anno).\u00a0\",\"breadcrumb\":{\"@id\":\"https:\/\/www.intoscana.it\/it\/castelfranco-di-sotto-palestra-green\/#breadcrumb\"},\"inLanguage\":\"it-IT\",\"potentialAction\":[{\"@type\":\"ReadAction\",\"target\":[\"https:\/\/www.intoscana.it\/it\/castelfranco-di-sotto-palestra-green\/\"]}]},{\"@type\":\"ImageObject\",\"inLanguage\":\"it-IT\",\"@id\":\"https:\/\/www.intoscana.it\/it\/castelfranco-di-sotto-palestra-green\/#primaryimage\",\"url\":\"https:\/\/www.intoscana.it\/wp-content\/uploads\/palestra-orentano-facciata-1.jpg\",\"contentUrl\":\"https:\/\/www.intoscana.it\/wp-content\/uploads\/palestra-orentano-facciata-1.jpg\",\"width\":1024,\"height\":768,\"caption\":\"Palestra green\"},{\"@type\":\"BreadcrumbList\",\"@id\":\"https:\/\/www.intoscana.it\/it\/castelfranco-di-sotto-palestra-green\/#breadcrumb\",\"itemListElement\":[{\"@type\":\"ListItem\",\"position\":1,\"name\":\"Home\",\"item\":\"https:\/\/www.intoscana.it\/it\/\"},{\"@type\":\"ListItem\",\"position\":2,\"name\":\"Inaugurata a Castelfranco di Sotto la palestra green: &#8220;Risparmiata l&#8217;emissione di 20 tonnellate di CO2&#8221;\"}]},{\"@type\":\"WebSite\",\"@id\":\"https:\/\/www.intoscana.it\/it\/#website\",\"url\":\"https:\/\/www.intoscana.it\/it\/\",\"name\":\"intoscana\",\"description\":\"\",\"potentialAction\":[{\"@type\":\"SearchAction\",\"target\":{\"@type\":\"EntryPoint\",\"urlTemplate\":\"https:\/\/www.intoscana.it\/it\/?s={search_term_string}\"},\"query-input\":{\"@type\":\"PropertyValueSpecification\",\"valueRequired\":true,\"valueName\":\"search_term_string\"}}],\"inLanguage\":\"it-IT\"},{\"@type\":\"Person\",\"@id\":\"https:\/\/www.intoscana.it\/it\/#\/schema\/person\/9223810753230f20bd670fdd322661f8\",\"name\":\"Redazione\",\"url\":\"https:\/\/www.intoscana.it\/it\/author\/redazione\/\"}]}<\/script>\n<!-- \/ Yoast SEO Premium plugin. -->","yoast_head_json":{"title":"Inaugurata a Castelfranco di Sotto la palestra green: \"Risparmiata l'emissione di 20 tonnellate di CO2\" - intoscana","description":"Si stima che l'edificio porter\u00e0 ad un risparmio di metano pari al 50% rispetto allo stato attuale (stimato a 8.300 Sm3 di metano l'anno).\u00a0","robots":{"index":"index","follow":"follow","max-snippet":"max-snippet:-1","max-image-preview":"max-image-preview:large","max-video-preview":"max-video-preview:-1"},"canonical":"https:\/\/www.intoscana.it\/it\/castelfranco-di-sotto-palestra-green\/","og_locale":"it_IT","og_type":"article","og_title":"Inaugurata a Castelfranco di Sotto la palestra green: \"Risparmiata l'emissione di 20 tonnellate di CO2\"","og_description":"Si stima che l'edificio porter\u00e0 ad un risparmio di metano pari al 50% rispetto allo stato attuale (stimato a 8.300 Sm3 di metano l'anno).\u00a0","og_url":"https:\/\/www.intoscana.it\/it\/castelfranco-di-sotto-palestra-green\/","og_site_name":"intoscana","article_publisher":"https:\/\/www.facebook.com\/intoscana.it","article_published_time":"2022-11-16T13:16:58+00:00","article_modified_time":"2022-11-16T16:06:00+00:00","og_image":[{"width":1024,"height":768,"url":"https:\/\/www.intoscana.it\/wp-content\/uploads\/palestra-orentano-facciata-1.jpg","type":"image\/jpeg"}],"author":"Redazione","twitter_card":"summary_large_image","twitter_creator":"@intoscana","twitter_site":"@intoscana","twitter_misc":{"Written by":"Redazione","Est. reading time":"3 minuti"},"schema":{"@context":"https:\/\/schema.org","@graph":[{"@type":"WebPage","@id":"https:\/\/www.intoscana.it\/it\/castelfranco-di-sotto-palestra-green\/","url":"https:\/\/www.intoscana.it\/it\/castelfranco-di-sotto-palestra-green\/","name":"Inaugurata a Castelfranco di Sotto la palestra green: \"Risparmiata l'emissione di 20 tonnellate di CO2\" - intoscana","isPartOf":{"@id":"https:\/\/www.intoscana.it\/it\/#website"},"primaryImageOfPage":{"@id":"https:\/\/www.intoscana.it\/it\/castelfranco-di-sotto-palestra-green\/#primaryimage"},"image":{"@id":"https:\/\/www.intoscana.it\/it\/castelfranco-di-sotto-palestra-green\/#primaryimage"},"thumbnailUrl":"https:\/\/www.intoscana.it\/wp-content\/uploads\/palestra-orentano-facciata-1.jpg","datePublished":"2022-11-16T13:16:58+00:00","dateModified":"2022-11-16T16:06:00+00:00","author":{"@id":"https:\/\/www.intoscana.it\/it\/#\/schema\/person\/9223810753230f20bd670fdd322661f8"},"description":"Si stima che l'edificio porter\u00e0 ad un risparmio di metano pari al 50% rispetto allo stato attuale (stimato a 8.300 Sm3 di metano l'anno).\u00a0","breadcrumb":{"@id":"https:\/\/www.intoscana.it\/it\/castelfranco-di-sotto-palestra-green\/#breadcrumb"},"inLanguage":"it-IT","potentialAction":[{"@type":"ReadAction","target":["https:\/\/www.intoscana.it\/it\/castelfranco-di-sotto-palestra-green\/"]}]},{"@type":"ImageObject","inLanguage":"it-IT","@id":"https:\/\/www.intoscana.it\/it\/castelfranco-di-sotto-palestra-green\/#primaryimage","url":"https:\/\/www.intoscana.it\/wp-content\/uploads\/palestra-orentano-facciata-1.jpg","contentUrl":"https:\/\/www.intoscana.it\/wp-content\/uploads\/palestra-orentano-facciata-1.jpg","width":1024,"height":768,"caption":"Palestra green"},{"@type":"BreadcrumbList","@id":"https:\/\/www.intoscana.it\/it\/castelfranco-di-sotto-palestra-green\/#breadcrumb","itemListElement":[{"@type":"ListItem","position":1,"name":"Home","item":"https:\/\/www.intoscana.it\/it\/"},{"@type":"ListItem","position":2,"name":"Inaugurata a Castelfranco di Sotto la palestra green: &#8220;Risparmiata l&#8217;emissione di 20 tonnellate di CO2&#8221;"}]},{"@type":"WebSite","@id":"https:\/\/www.intoscana.it\/it\/#website","url":"https:\/\/www.intoscana.it\/it\/","name":"intoscana","description":"","potentialAction":[{"@type":"SearchAction","target":{"@type":"EntryPoint","urlTemplate":"https:\/\/www.intoscana.it\/it\/?s={search_term_string}"},"query-input":{"@type":"PropertyValueSpecification","valueRequired":true,"valueName":"search_term_string"}}],"inLanguage":"it-IT"},{"@type":"Person","@id":"https:\/\/www.intoscana.it\/it\/#\/schema\/person\/9223810753230f20bd670fdd322661f8","name":"Redazione","url":"https:\/\/www.intoscana.it\/it\/author\/redazione\/"}]}},"_links":{"self":[{"href":"https:\/\/www.intoscana.it\/it\/wp-json\/wp\/v2\/posts\/258328","targetHints":{"allow":["GET"]}}],"collection":[{"href":"https:\/\/www.intoscana.it\/it\/wp-json\/wp\/v2\/posts"}],"about":[{"href":"https:\/\/www.intoscana.it\/it\/wp-json\/wp\/v2\/types\/post"}],"author":[{"embeddable":true,"href":"https:\/\/www.intoscana.it\/it\/wp-json\/wp\/v2\/users\/525"}],"replies":[{"embeddable":true,"href":"https:\/\/www.intoscana.it\/it\/wp-json\/wp\/v2\/comments?post=258328"}],"version-history":[{"count":0,"href":"https:\/\/www.intoscana.it\/it\/wp-json\/wp\/v2\/posts\/258328\/revisions"}],"wp:featuredmedia":[{"embeddable":true,"href":"https:\/\/www.intoscana.it\/it\/wp-json\/wp\/v2\/media\/258341"}],"wp:attachment":[{"href":"https:\/\/www.intoscana.it\/it\/wp-json\/wp\/v2\/media?parent=258328"}],"wp:term":[{"taxonomy":"category","embeddable":true,"href":"https:\/\/www.intoscana.it\/it\/wp-json\/wp\/v2\/categories?post=258328"},{"taxonomy":"post_tag","embeddable":true,"href":"https:\/\/www.intoscana.it\/it\/wp-json\/wp\/v2\/tags?post=258328"}],"curies":[{"name":"wp","href":"https:\/\/api.w.org\/{rel}","templated":true}]}}