{"id":258434,"date":"2022-11-16T17:35:00","date_gmt":"2022-11-16T16:35:00","guid":{"rendered":"https:\/\/www.intoscana.it\/it\/?p=258434"},"modified":"2022-11-16T17:35:23","modified_gmt":"2022-11-16T16:35:23","slug":"osservatorio-legalita-consiglio-regionale","status":"publish","type":"post","link":"https:\/\/www.intoscana.it\/it\/osservatorio-legalita-consiglio-regionale\/","title":{"rendered":"Istituto in Consiglio regionale l&#8217;Osservatorio della legalit\u00e0. Mazzeo: &#8220;Saremo sentinelle contro la criminalit\u00e0&#8221;"},"content":{"rendered":"<p>&#8220;<em>La legalit\u00e0 \u00e8 un valore che sta alla base della convivenza civile e democratica e la nostra priorit\u00e0 \u00e8 stata e sar\u00e0 sempre quella di operare per scongiurare ogni tipo di infiltrazione criminale nella societ\u00e0 toscana.Con questo obiettivo oggi si \u00e8 insediato l&#8217;Osservatorio regionale sulla legalit\u00e0, presieduto da Don Andrea Bigalli, che il Consiglio Regionale della Toscana ha fortemente voluto come strumento di monitoraggio e di supporto alla scelte politiche che faremo. La Toscana combatte senza se e senza ma ogni tipo di mafia e, come Istituzioni, vogliamo rafforzare sempre pi\u00f9 il nostro ruolo di sentinelle della legalit\u00e0<\/em>&#8220;, cos\u00ec sul proprio profilo Facebook il presidente del Consiglio Regionale <strong>Antonio Mazzeo<\/strong> annuncia la costituzione dell&#8217;<mark>Osservatorio per la legalit\u00e0, istituito con legge regionale 42\/2015, con l\u2019obiettivo di raccogliere informazioni sul progredire dell\u2019eventuale presenza, anche sotto forma di infiltrazioni, delle organizzazioni malavitose sul territorio toscano e avanzare proposte per contrastare ogni forma di criminalit\u00e0 organizzata <\/mark>.<\/p>\n<p><iframe loading=\"lazy\" style=\"border: none; overflow: hidden;\" src=\"https:\/\/www.facebook.com\/plugins\/post.php?href=https%3A%2F%2Fwww.facebook.com%2FAntonioMazzeoPisa%2Fposts%2Fpfbid02NNuqY8pbkEhTPDfGk2tRFRwyZDS6jEk6xfzLVm4szwtCsYT4oi2qiC3JBBLF3fkql&amp;show_text=true&amp;width=500\" width=\"500\" height=\"764\" frameborder=\"0\" scrolling=\"no\" allowfullscreen=\"allowfullscreen\"><\/iframe><\/p>\n<h3>I compiti dell&#8217;Osservatorio<\/h3>\n<p>Nel giugno 2021 il Consiglio regionale ha approvato una legge che, aggiornando la legge che lo istituiva, estende i compiti dell\u2019Osservatorio all\u2019analisi delle cause principali dei fenomeni di infiltrazioni malavitose del lavoro irregolare, della corruzione, dell\u2019usura, dell\u2019estorsione e del riciclaggio presenti nel territorio regionale. L\u2019istituto dovr\u00e0 anche elaborare linee guida per la prevenzione ed il contrasto della criminalit\u00e0 organizzata, da condividere con la Regione e gli enti locali e raccogliere informazioni e dati utili ai fini della valutazione della trasparenza negli appalti, dalla genesi alla conclusione dei lavori.<\/p>\n<h3>La commissione<\/h3>\n<p>Oggi si \u00e8 insediata la commissione che guider\u00e0 l&#8217;Osservatorio del quale fanno parte, oltre a Mazzeo don Andrea Bigalli, che ne era gi\u00e0 stato designato presidente dalla deliberazione del Consiglio regionale, con la quale sono stati nominati membri dell\u2019organismo anche i consiglieri regionali <strong>Jacopo Meli<\/strong>o, <strong>Valentina Mercanti<\/strong> e <strong>Luciana Bartolini,<\/strong> e ancora <strong>Salvatore Calleri<\/strong>, <strong>Gabriele Berni, Ilaria Santi, Liuba Ghidotti <\/strong>e <strong>Sara D\u2019Ambrosio.<\/strong><\/p>\n<p><mark>\u201cS<em>aremo sentinelle della lotta alla criminalit\u00e0 e faremo la nostra parte insieme alle associazioni e a tutti coloro i quali, con il proprio impegno e dedizione, lo fanno da molto tempo<\/em>\u201d <\/mark> ha aggiunto <strong>Mazzeo<\/strong> ricordando che la scelta di istituire l\u2019Osservatorio \u00e8 stata fatta nella scorsa legislatura, <em>\u201canche se non si era riusciti a dargli gambe. Appena eletto presidente del Consiglio regionale dichiarai che volevo che l\u2019Osservatorio partisse formalmente. Oggi, dopo che il confronto tra le forze politiche \u00e8 giunto a individuare la soluzione migliore, finalmente partiamo. Sono convinto che don Andrea Bigalli sapr\u00e0 rappresentare tutte le cittadine e i cittadini della Toscana e noi fare un lavoro importante e attento sulla base del percorso che decideremo di portare avanti, perch\u00e9 questo \u00e8 un tema centrale e fondamentale affinch\u00e9 la Toscana continui a essere la regione che \u00e8 che, anzi, ambisca a essere, su questi temi, avanguardia rispetto alle altre regioni d\u2019Italia<\/em>\u201d.<\/p>\n<p>Per il presidente dell\u2019Osservatorio, don\u00a0<strong>Andrea Bigalli,<\/strong> l\u2019Osservatorio,&#8221;<em>crea un ambito che ha lo scopo di interagire con la societ\u00e0 civile, in particolare con la sua dimensione associativa, quella degli enti amministrativi e delle realt\u00e0 che di volta in volta saranno convocate. Si tratta di un\u2019attivit\u00e0 che permetter\u00e0 all\u2019Osservatorio stesso di orientarsi con le varie attivit\u00e0 di ricerca, di esplorare il territorio, di comprendere i meccanismi dell\u2019infiltrazione e la dimensione del contrasto alle infiltrazioni criminali. E sar\u00e0 un\u2019attivit\u00e0 che svolger\u00e0 con tutte le realt\u00e0 che, in altri ambiti sociali, lavorano su questa tematica. \u00c8 quanto mai importante, perci\u00f2, che questa commissione svolga il lavoro pi\u00f9 ampio e aperto possibile coinvolgendo tutte le molteplici voci che al riguardo arrivano dal territorio<\/em>\u201d.<\/p>\n","protected":false},"excerpt":{"rendered":"<div class=\"abstract\">\n<p>Oggi l\u2019insediamento dell\u2019organismo istituito con legge regionale 42\/2015. A presiedere l&#8217;osservatorio don Andrea Bigalli. L\u2019istituto dovr\u00e0 anche elaborare linee guida per la prevenzione ed il contrasto della criminalit\u00e0 organizzata<\/p>\n<\/div>\n","protected":false},"author":525,"featured_media":258446,"comment_status":"open","ping_status":"open","sticky":false,"template":"","format":"standard","meta":{"_acf_changed":false,"footnotes":""},"categories":[494],"tags":[4760,4753,3620,3622],"class_list":["post-258434","post","type-post","status-publish","format-standard","has-post-thumbnail","hentry","category-attualita","tag-antonio-mazzeo","tag-consiglio-regionale-della-toscana","tag-legalita","tag-mafia"],"acf":[],"yoast_head":"<!-- This site is optimized with the Yoast SEO Premium plugin v24.2 (Yoast SEO v25.6) - https:\/\/yoast.com\/wordpress\/plugins\/seo\/ -->\n<title>Istituto in Consiglio regionale l&#039;Osservatorio della legalit\u00e0<\/title>\n<meta name=\"description\" content=\"Oggi l\u2019insediamento dell\u2019organismo istituito con legge regionale 42\/2015. A presiedere l&#039;osservatorio don Andrea Bigalli\" \/>\n<meta name=\"robots\" content=\"index, follow, max-snippet:-1, max-image-preview:large, max-video-preview:-1\" \/>\n<link rel=\"canonical\" href=\"https:\/\/www.intoscana.it\/it\/osservatorio-legalita-consiglio-regionale\/\" \/>\n<meta property=\"og:locale\" content=\"it_IT\" \/>\n<meta property=\"og:type\" content=\"article\" \/>\n<meta property=\"og:title\" content=\"Istituto in Consiglio regionale l&#039;Osservatorio della legalit\u00e0. Mazzeo: &quot;Saremo sentinelle contro la criminalit\u00e0&quot;\" \/>\n<meta property=\"og:description\" content=\"Oggi l\u2019insediamento dell\u2019organismo istituito con legge regionale 42\/2015. A presiedere l&#039;osservatorio don Andrea Bigalli\" \/>\n<meta property=\"og:url\" content=\"https:\/\/www.intoscana.it\/it\/osservatorio-legalita-consiglio-regionale\/\" \/>\n<meta property=\"og:site_name\" content=\"intoscana\" \/>\n<meta property=\"article:publisher\" content=\"https:\/\/www.facebook.com\/intoscana.it\" \/>\n<meta property=\"article:published_time\" content=\"2022-11-16T16:35:00+00:00\" \/>\n<meta property=\"article:modified_time\" content=\"2022-11-16T16:35:23+00:00\" \/>\n<meta property=\"og:image\" content=\"https:\/\/www.intoscana.it\/wp-content\/uploads\/osservatorio-della-legalita.jpeg\" \/>\n\t<meta property=\"og:image:width\" content=\"1920\" \/>\n\t<meta property=\"og:image:height\" content=\"1080\" \/>\n\t<meta property=\"og:image:type\" content=\"image\/jpeg\" \/>\n<meta name=\"author\" content=\"Redazione\" \/>\n<meta name=\"twitter:card\" content=\"summary_large_image\" \/>\n<meta name=\"twitter:creator\" content=\"@intoscana\" \/>\n<meta name=\"twitter:site\" content=\"@intoscana\" \/>\n<meta name=\"twitter:label1\" content=\"Written by\" \/>\n\t<meta name=\"twitter:data1\" content=\"Redazione\" \/>\n\t<meta name=\"twitter:label2\" content=\"Est. reading time\" \/>\n\t<meta name=\"twitter:data2\" content=\"3 minuti\" \/>\n<script type=\"application\/ld+json\" class=\"yoast-schema-graph\">{\"@context\":\"https:\/\/schema.org\",\"@graph\":[{\"@type\":\"WebPage\",\"@id\":\"https:\/\/www.intoscana.it\/it\/osservatorio-legalita-consiglio-regionale\/\",\"url\":\"https:\/\/www.intoscana.it\/it\/osservatorio-legalita-consiglio-regionale\/\",\"name\":\"Istituto in Consiglio regionale l'Osservatorio della legalit\u00e0\",\"isPartOf\":{\"@id\":\"https:\/\/www.intoscana.it\/it\/#website\"},\"primaryImageOfPage\":{\"@id\":\"https:\/\/www.intoscana.it\/it\/osservatorio-legalita-consiglio-regionale\/#primaryimage\"},\"image\":{\"@id\":\"https:\/\/www.intoscana.it\/it\/osservatorio-legalita-consiglio-regionale\/#primaryimage\"},\"thumbnailUrl\":\"https:\/\/www.intoscana.it\/wp-content\/uploads\/osservatorio-della-legalita.jpeg\",\"datePublished\":\"2022-11-16T16:35:00+00:00\",\"dateModified\":\"2022-11-16T16:35:23+00:00\",\"author\":{\"@id\":\"https:\/\/www.intoscana.it\/it\/#\/schema\/person\/9223810753230f20bd670fdd322661f8\"},\"description\":\"Oggi l\u2019insediamento dell\u2019organismo istituito con legge regionale 42\/2015. A presiedere l'osservatorio don Andrea Bigalli\",\"breadcrumb\":{\"@id\":\"https:\/\/www.intoscana.it\/it\/osservatorio-legalita-consiglio-regionale\/#breadcrumb\"},\"inLanguage\":\"it-IT\",\"potentialAction\":[{\"@type\":\"ReadAction\",\"target\":[\"https:\/\/www.intoscana.it\/it\/osservatorio-legalita-consiglio-regionale\/\"]}]},{\"@type\":\"ImageObject\",\"inLanguage\":\"it-IT\",\"@id\":\"https:\/\/www.intoscana.it\/it\/osservatorio-legalita-consiglio-regionale\/#primaryimage\",\"url\":\"https:\/\/www.intoscana.it\/wp-content\/uploads\/osservatorio-della-legalita.jpeg\",\"contentUrl\":\"https:\/\/www.intoscana.it\/wp-content\/uploads\/osservatorio-della-legalita.jpeg\",\"width\":1920,\"height\":1080,\"caption\":\"osservatorio della legalit\u00e0\"},{\"@type\":\"BreadcrumbList\",\"@id\":\"https:\/\/www.intoscana.it\/it\/osservatorio-legalita-consiglio-regionale\/#breadcrumb\",\"itemListElement\":[{\"@type\":\"ListItem\",\"position\":1,\"name\":\"Home\",\"item\":\"https:\/\/www.intoscana.it\/it\/\"},{\"@type\":\"ListItem\",\"position\":2,\"name\":\"Istituto in Consiglio regionale l&#8217;Osservatorio della legalit\u00e0. Mazzeo: &#8220;Saremo sentinelle contro la criminalit\u00e0&#8221;\"}]},{\"@type\":\"WebSite\",\"@id\":\"https:\/\/www.intoscana.it\/it\/#website\",\"url\":\"https:\/\/www.intoscana.it\/it\/\",\"name\":\"intoscana\",\"description\":\"\",\"potentialAction\":[{\"@type\":\"SearchAction\",\"target\":{\"@type\":\"EntryPoint\",\"urlTemplate\":\"https:\/\/www.intoscana.it\/it\/?s={search_term_string}\"},\"query-input\":{\"@type\":\"PropertyValueSpecification\",\"valueRequired\":true,\"valueName\":\"search_term_string\"}}],\"inLanguage\":\"it-IT\"},{\"@type\":\"Person\",\"@id\":\"https:\/\/www.intoscana.it\/it\/#\/schema\/person\/9223810753230f20bd670fdd322661f8\",\"name\":\"Redazione\",\"url\":\"https:\/\/www.intoscana.it\/it\/author\/redazione\/\"}]}<\/script>\n<!-- \/ Yoast SEO Premium plugin. -->","yoast_head_json":{"title":"Istituto in Consiglio regionale l'Osservatorio della legalit\u00e0","description":"Oggi l\u2019insediamento dell\u2019organismo istituito con legge regionale 42\/2015. A presiedere l'osservatorio don Andrea Bigalli","robots":{"index":"index","follow":"follow","max-snippet":"max-snippet:-1","max-image-preview":"max-image-preview:large","max-video-preview":"max-video-preview:-1"},"canonical":"https:\/\/www.intoscana.it\/it\/osservatorio-legalita-consiglio-regionale\/","og_locale":"it_IT","og_type":"article","og_title":"Istituto in Consiglio regionale l'Osservatorio della legalit\u00e0. Mazzeo: \"Saremo sentinelle contro la criminalit\u00e0\"","og_description":"Oggi l\u2019insediamento dell\u2019organismo istituito con legge regionale 42\/2015. A presiedere l'osservatorio don Andrea Bigalli","og_url":"https:\/\/www.intoscana.it\/it\/osservatorio-legalita-consiglio-regionale\/","og_site_name":"intoscana","article_publisher":"https:\/\/www.facebook.com\/intoscana.it","article_published_time":"2022-11-16T16:35:00+00:00","article_modified_time":"2022-11-16T16:35:23+00:00","og_image":[{"width":1920,"height":1080,"url":"https:\/\/www.intoscana.it\/wp-content\/uploads\/osservatorio-della-legalita.jpeg","type":"image\/jpeg"}],"author":"Redazione","twitter_card":"summary_large_image","twitter_creator":"@intoscana","twitter_site":"@intoscana","twitter_misc":{"Written by":"Redazione","Est. reading time":"3 minuti"},"schema":{"@context":"https:\/\/schema.org","@graph":[{"@type":"WebPage","@id":"https:\/\/www.intoscana.it\/it\/osservatorio-legalita-consiglio-regionale\/","url":"https:\/\/www.intoscana.it\/it\/osservatorio-legalita-consiglio-regionale\/","name":"Istituto in Consiglio regionale l'Osservatorio della legalit\u00e0","isPartOf":{"@id":"https:\/\/www.intoscana.it\/it\/#website"},"primaryImageOfPage":{"@id":"https:\/\/www.intoscana.it\/it\/osservatorio-legalita-consiglio-regionale\/#primaryimage"},"image":{"@id":"https:\/\/www.intoscana.it\/it\/osservatorio-legalita-consiglio-regionale\/#primaryimage"},"thumbnailUrl":"https:\/\/www.intoscana.it\/wp-content\/uploads\/osservatorio-della-legalita.jpeg","datePublished":"2022-11-16T16:35:00+00:00","dateModified":"2022-11-16T16:35:23+00:00","author":{"@id":"https:\/\/www.intoscana.it\/it\/#\/schema\/person\/9223810753230f20bd670fdd322661f8"},"description":"Oggi l\u2019insediamento dell\u2019organismo istituito con legge regionale 42\/2015. A presiedere l'osservatorio don Andrea Bigalli","breadcrumb":{"@id":"https:\/\/www.intoscana.it\/it\/osservatorio-legalita-consiglio-regionale\/#breadcrumb"},"inLanguage":"it-IT","potentialAction":[{"@type":"ReadAction","target":["https:\/\/www.intoscana.it\/it\/osservatorio-legalita-consiglio-regionale\/"]}]},{"@type":"ImageObject","inLanguage":"it-IT","@id":"https:\/\/www.intoscana.it\/it\/osservatorio-legalita-consiglio-regionale\/#primaryimage","url":"https:\/\/www.intoscana.it\/wp-content\/uploads\/osservatorio-della-legalita.jpeg","contentUrl":"https:\/\/www.intoscana.it\/wp-content\/uploads\/osservatorio-della-legalita.jpeg","width":1920,"height":1080,"caption":"osservatorio della legalit\u00e0"},{"@type":"BreadcrumbList","@id":"https:\/\/www.intoscana.it\/it\/osservatorio-legalita-consiglio-regionale\/#breadcrumb","itemListElement":[{"@type":"ListItem","position":1,"name":"Home","item":"https:\/\/www.intoscana.it\/it\/"},{"@type":"ListItem","position":2,"name":"Istituto in Consiglio regionale l&#8217;Osservatorio della legalit\u00e0. Mazzeo: &#8220;Saremo sentinelle contro la criminalit\u00e0&#8221;"}]},{"@type":"WebSite","@id":"https:\/\/www.intoscana.it\/it\/#website","url":"https:\/\/www.intoscana.it\/it\/","name":"intoscana","description":"","potentialAction":[{"@type":"SearchAction","target":{"@type":"EntryPoint","urlTemplate":"https:\/\/www.intoscana.it\/it\/?s={search_term_string}"},"query-input":{"@type":"PropertyValueSpecification","valueRequired":true,"valueName":"search_term_string"}}],"inLanguage":"it-IT"},{"@type":"Person","@id":"https:\/\/www.intoscana.it\/it\/#\/schema\/person\/9223810753230f20bd670fdd322661f8","name":"Redazione","url":"https:\/\/www.intoscana.it\/it\/author\/redazione\/"}]}},"_links":{"self":[{"href":"https:\/\/www.intoscana.it\/it\/wp-json\/wp\/v2\/posts\/258434","targetHints":{"allow":["GET"]}}],"collection":[{"href":"https:\/\/www.intoscana.it\/it\/wp-json\/wp\/v2\/posts"}],"about":[{"href":"https:\/\/www.intoscana.it\/it\/wp-json\/wp\/v2\/types\/post"}],"author":[{"embeddable":true,"href":"https:\/\/www.intoscana.it\/it\/wp-json\/wp\/v2\/users\/525"}],"replies":[{"embeddable":true,"href":"https:\/\/www.intoscana.it\/it\/wp-json\/wp\/v2\/comments?post=258434"}],"version-history":[{"count":0,"href":"https:\/\/www.intoscana.it\/it\/wp-json\/wp\/v2\/posts\/258434\/revisions"}],"wp:featuredmedia":[{"embeddable":true,"href":"https:\/\/www.intoscana.it\/it\/wp-json\/wp\/v2\/media\/258446"}],"wp:attachment":[{"href":"https:\/\/www.intoscana.it\/it\/wp-json\/wp\/v2\/media?parent=258434"}],"wp:term":[{"taxonomy":"category","embeddable":true,"href":"https:\/\/www.intoscana.it\/it\/wp-json\/wp\/v2\/categories?post=258434"},{"taxonomy":"post_tag","embeddable":true,"href":"https:\/\/www.intoscana.it\/it\/wp-json\/wp\/v2\/tags?post=258434"}],"curies":[{"name":"wp","href":"https:\/\/api.w.org\/{rel}","templated":true}]}}