{"id":258518,"date":"2022-11-17T13:53:26","date_gmt":"2022-11-17T12:53:26","guid":{"rendered":"https:\/\/www.intoscana.it\/it\/?p=258518"},"modified":"2022-11-17T13:53:26","modified_gmt":"2022-11-17T12:53:26","slug":"sanita-costi-energetici-triplicati-bezzini-il-governo-intervenga","status":"publish","type":"post","link":"https:\/\/www.intoscana.it\/it\/sanita-costi-energetici-triplicati-bezzini-il-governo-intervenga\/","title":{"rendered":"Sanit\u00e0, costi energetici triplicati. Bezzini: &#8220;Il Governo intervenga&#8221;"},"content":{"rendered":"<p>Eccellenze cliniche e innovazioni sono protagonisti dell&#8217;evento in programma il 17 e il 18 novembre all&#8217;Azienda Ospedaliera Universitaria di <strong>Careggi<\/strong>, a Firenze:\u00a0 &#8220;Grandi Ospedali&#8221;. La manifestazione \u00e8 stata per\u00f2 anche un momento di confronto sulle <strong>criticit\u00e0<\/strong> pi\u00f9 diffuse che le realt\u00e0 sanitarie italiane si trovano ad affrontare, a partire dai costi energetici.<\/p>\n<p>Un aumento consistente anche in Toscana, <mark>si parla di un pi\u00f9 300%.<\/mark> &#8220;La sanit\u00e0 locale &#8211; afferma <strong>Simone Bezzini<\/strong>, assessore al diritto alla salute e alla sanit\u00e0 della Regione Toscana &#8211; \u00e8 finanziata dal Fondo Sanitario Nazionale e dovrebbe essere compito primario dello Stato assicurare le risorse per tutelare il diritto della salute in tutte le regioni. <mark>Oggi il Fondo per\u00f2 non \u00e8 sufficiente ad affrontare le sfide che abbiamo di fronte. Come Regione chiediamo un sostegno al Governo per l&#8217;incremento dei costi energetici: +300% rispetto al 2021. E anche per i costi Covid, solo in parte rimborsati. La bolletta non pu\u00f2 significare un ridimensionamento dei servizi ai cittadini, sarebbe gravissimo. Il Governo deve intervenire immediatamente&#8221;.<\/mark><\/p>\n<p>La Regione Toscana, spiega ancora l&#8217;assessore, ha &#8220;garantito un equilibrio mettendo risorse dal bilancio della Regione, ma c&#8217;\u00e8 anche una questione di prospettiva che riguarda il finanziamento del Fondo sanitario nei prossimi anni: il Nadef, documento di programmazione economica, ci indica un definanziamento anche alla luce della tendenza inflattiva di questa fase. Ci auguriamo che il Parlamento corregga questa impostazione e incrementi le risorse anche in vista dei nuovi modelli di assistenza territoriale, ma serve una copertura finanziaria dello Stato\u201d.<\/p>\n<p>A ribadire il problema dei costi energetici anche <strong>Maria Chiara Innocenti<\/strong>, direttore amministrativo dell&#8217;Azienda ospedaliero universitaria Careggi. &#8220;Le sfide amministrative oggi riguardano l&#8217;energia, che ha subito aumenti incredibili. I costi sono triplicati. Careggi \u00e8 una cittadella e deve ripensare e aprirsi a nuove tecnologie&#8221;<\/p>\n<p>L&#8217;evento di <strong>Grandi Ospedali<\/strong> riunisce attivit\u00e0 di laboratorio, discussioni e tavole rotonde con numerosi professionisti. Un&#8217;iniziativa che parte da Careggi, ma sar\u00e0 riproposta anche in futuro annualmente e organizzata da Koncept, azienda specializzata nella gestione di eventi in ambito della salute.<\/p>\n<p>&nbsp;<\/p>\n","protected":false},"excerpt":{"rendered":"<p>L&#8217;allarme lanciato all&#8217;evento &#8220;Grandi ospedali&#8221; in corso a Firenze, a Careggi. L&#8217;assessore regionale alla Sanit\u00e0: &#8220;Chiediamo un sostegno, la bolletta non pu\u00f2 ridimensionare il servizio&#8221;<\/p>\n","protected":false},"author":525,"featured_media":99867,"comment_status":"open","ping_status":"open","sticky":false,"template":"","format":"standard","meta":{"_acf_changed":false,"footnotes":""},"categories":[494],"tags":[4576,4883],"class_list":["post-258518","post","type-post","status-publish","format-standard","has-post-thumbnail","hentry","category-attualita","tag-careggi","tag-simone-bezzini"],"acf":[],"yoast_head":"<!-- This site is optimized with the Yoast SEO Premium plugin v24.2 (Yoast SEO v25.6) - https:\/\/yoast.com\/wordpress\/plugins\/seo\/ -->\n<title>Sanit\u00e0, costi energetici triplicati. Bezzini: &quot;Il Governo intervenga&quot; - intoscana<\/title>\n<meta name=\"description\" content=\"L&#039;allarme lanciato all&#039;evento &quot;Grandi ospedali&quot; in corso a Firenze, a Careggi. L&#039;assessore regionale alla Sanit\u00e0: &quot;Chiediamo un sostegno, la bolletta non pu\u00f2 ridimensionare il servizio&quot;\" \/>\n<meta name=\"robots\" content=\"index, follow, max-snippet:-1, max-image-preview:large, max-video-preview:-1\" \/>\n<link rel=\"canonical\" href=\"https:\/\/www.intoscana.it\/it\/sanita-costi-energetici-triplicati-bezzini-il-governo-intervenga\/\" \/>\n<meta property=\"og:locale\" content=\"it_IT\" \/>\n<meta property=\"og:type\" content=\"article\" \/>\n<meta property=\"og:title\" content=\"Sanit\u00e0, costi energetici triplicati. Bezzini: &quot;Il Governo intervenga&quot;\" \/>\n<meta property=\"og:description\" content=\"L&#039;allarme lanciato all&#039;evento &quot;Grandi ospedali&quot; in corso a Firenze, a Careggi. L&#039;assessore regionale alla Sanit\u00e0: &quot;Chiediamo un sostegno, la bolletta non pu\u00f2 ridimensionare il servizio&quot;\" \/>\n<meta property=\"og:url\" content=\"https:\/\/www.intoscana.it\/it\/sanita-costi-energetici-triplicati-bezzini-il-governo-intervenga\/\" \/>\n<meta property=\"og:site_name\" content=\"intoscana\" \/>\n<meta property=\"article:publisher\" content=\"https:\/\/www.facebook.com\/intoscana.it\" \/>\n<meta property=\"article:published_time\" content=\"2022-11-17T12:53:26+00:00\" \/>\n<meta property=\"og:image\" content=\"https:\/\/www.intoscana.it\/wp-content\/uploads\/Careggi-16.jpg\" \/>\n\t<meta property=\"og:image:width\" content=\"700\" \/>\n\t<meta property=\"og:image:height\" content=\"466\" \/>\n\t<meta property=\"og:image:type\" content=\"image\/jpeg\" \/>\n<meta name=\"author\" content=\"Redazione\" \/>\n<meta name=\"twitter:card\" content=\"summary_large_image\" \/>\n<meta name=\"twitter:creator\" content=\"@intoscana\" \/>\n<meta name=\"twitter:site\" content=\"@intoscana\" \/>\n<meta name=\"twitter:label1\" content=\"Written by\" \/>\n\t<meta name=\"twitter:data1\" content=\"Redazione\" \/>\n\t<meta name=\"twitter:label2\" content=\"Est. reading time\" \/>\n\t<meta name=\"twitter:data2\" content=\"2 minuti\" \/>\n<script type=\"application\/ld+json\" class=\"yoast-schema-graph\">{\"@context\":\"https:\/\/schema.org\",\"@graph\":[{\"@type\":\"WebPage\",\"@id\":\"https:\/\/www.intoscana.it\/it\/sanita-costi-energetici-triplicati-bezzini-il-governo-intervenga\/\",\"url\":\"https:\/\/www.intoscana.it\/it\/sanita-costi-energetici-triplicati-bezzini-il-governo-intervenga\/\",\"name\":\"Sanit\u00e0, costi energetici triplicati. Bezzini: \\\"Il Governo intervenga\\\" - intoscana\",\"isPartOf\":{\"@id\":\"https:\/\/www.intoscana.it\/it\/#website\"},\"primaryImageOfPage\":{\"@id\":\"https:\/\/www.intoscana.it\/it\/sanita-costi-energetici-triplicati-bezzini-il-governo-intervenga\/#primaryimage\"},\"image\":{\"@id\":\"https:\/\/www.intoscana.it\/it\/sanita-costi-energetici-triplicati-bezzini-il-governo-intervenga\/#primaryimage\"},\"thumbnailUrl\":\"https:\/\/www.intoscana.it\/wp-content\/uploads\/Careggi-16.jpg\",\"datePublished\":\"2022-11-17T12:53:26+00:00\",\"author\":{\"@id\":\"https:\/\/www.intoscana.it\/it\/#\/schema\/person\/9223810753230f20bd670fdd322661f8\"},\"description\":\"L'allarme lanciato all'evento \\\"Grandi ospedali\\\" in corso a Firenze, a Careggi. L'assessore regionale alla Sanit\u00e0: \\\"Chiediamo un sostegno, la bolletta non pu\u00f2 ridimensionare il servizio\\\"\",\"breadcrumb\":{\"@id\":\"https:\/\/www.intoscana.it\/it\/sanita-costi-energetici-triplicati-bezzini-il-governo-intervenga\/#breadcrumb\"},\"inLanguage\":\"it-IT\",\"potentialAction\":[{\"@type\":\"ReadAction\",\"target\":[\"https:\/\/www.intoscana.it\/it\/sanita-costi-energetici-triplicati-bezzini-il-governo-intervenga\/\"]}]},{\"@type\":\"ImageObject\",\"inLanguage\":\"it-IT\",\"@id\":\"https:\/\/www.intoscana.it\/it\/sanita-costi-energetici-triplicati-bezzini-il-governo-intervenga\/#primaryimage\",\"url\":\"https:\/\/www.intoscana.it\/wp-content\/uploads\/Careggi-16.jpg\",\"contentUrl\":\"https:\/\/www.intoscana.it\/wp-content\/uploads\/Careggi-16.jpg\",\"width\":700,\"height\":466},{\"@type\":\"BreadcrumbList\",\"@id\":\"https:\/\/www.intoscana.it\/it\/sanita-costi-energetici-triplicati-bezzini-il-governo-intervenga\/#breadcrumb\",\"itemListElement\":[{\"@type\":\"ListItem\",\"position\":1,\"name\":\"Home\",\"item\":\"https:\/\/www.intoscana.it\/it\/\"},{\"@type\":\"ListItem\",\"position\":2,\"name\":\"Sanit\u00e0, costi energetici triplicati. Bezzini: &#8220;Il Governo intervenga&#8221;\"}]},{\"@type\":\"WebSite\",\"@id\":\"https:\/\/www.intoscana.it\/it\/#website\",\"url\":\"https:\/\/www.intoscana.it\/it\/\",\"name\":\"intoscana\",\"description\":\"\",\"potentialAction\":[{\"@type\":\"SearchAction\",\"target\":{\"@type\":\"EntryPoint\",\"urlTemplate\":\"https:\/\/www.intoscana.it\/it\/?s={search_term_string}\"},\"query-input\":{\"@type\":\"PropertyValueSpecification\",\"valueRequired\":true,\"valueName\":\"search_term_string\"}}],\"inLanguage\":\"it-IT\"},{\"@type\":\"Person\",\"@id\":\"https:\/\/www.intoscana.it\/it\/#\/schema\/person\/9223810753230f20bd670fdd322661f8\",\"name\":\"Redazione\",\"url\":\"https:\/\/www.intoscana.it\/it\/author\/redazione\/\"}]}<\/script>\n<!-- \/ Yoast SEO Premium plugin. -->","yoast_head_json":{"title":"Sanit\u00e0, costi energetici triplicati. Bezzini: \"Il Governo intervenga\" - intoscana","description":"L'allarme lanciato all'evento \"Grandi ospedali\" in corso a Firenze, a Careggi. L'assessore regionale alla Sanit\u00e0: \"Chiediamo un sostegno, la bolletta non pu\u00f2 ridimensionare il servizio\"","robots":{"index":"index","follow":"follow","max-snippet":"max-snippet:-1","max-image-preview":"max-image-preview:large","max-video-preview":"max-video-preview:-1"},"canonical":"https:\/\/www.intoscana.it\/it\/sanita-costi-energetici-triplicati-bezzini-il-governo-intervenga\/","og_locale":"it_IT","og_type":"article","og_title":"Sanit\u00e0, costi energetici triplicati. Bezzini: \"Il Governo intervenga\"","og_description":"L'allarme lanciato all'evento \"Grandi ospedali\" in corso a Firenze, a Careggi. L'assessore regionale alla Sanit\u00e0: \"Chiediamo un sostegno, la bolletta non pu\u00f2 ridimensionare il servizio\"","og_url":"https:\/\/www.intoscana.it\/it\/sanita-costi-energetici-triplicati-bezzini-il-governo-intervenga\/","og_site_name":"intoscana","article_publisher":"https:\/\/www.facebook.com\/intoscana.it","article_published_time":"2022-11-17T12:53:26+00:00","og_image":[{"width":700,"height":466,"url":"https:\/\/www.intoscana.it\/wp-content\/uploads\/Careggi-16.jpg","type":"image\/jpeg"}],"author":"Redazione","twitter_card":"summary_large_image","twitter_creator":"@intoscana","twitter_site":"@intoscana","twitter_misc":{"Written by":"Redazione","Est. reading time":"2 minuti"},"schema":{"@context":"https:\/\/schema.org","@graph":[{"@type":"WebPage","@id":"https:\/\/www.intoscana.it\/it\/sanita-costi-energetici-triplicati-bezzini-il-governo-intervenga\/","url":"https:\/\/www.intoscana.it\/it\/sanita-costi-energetici-triplicati-bezzini-il-governo-intervenga\/","name":"Sanit\u00e0, costi energetici triplicati. Bezzini: \"Il Governo intervenga\" - intoscana","isPartOf":{"@id":"https:\/\/www.intoscana.it\/it\/#website"},"primaryImageOfPage":{"@id":"https:\/\/www.intoscana.it\/it\/sanita-costi-energetici-triplicati-bezzini-il-governo-intervenga\/#primaryimage"},"image":{"@id":"https:\/\/www.intoscana.it\/it\/sanita-costi-energetici-triplicati-bezzini-il-governo-intervenga\/#primaryimage"},"thumbnailUrl":"https:\/\/www.intoscana.it\/wp-content\/uploads\/Careggi-16.jpg","datePublished":"2022-11-17T12:53:26+00:00","author":{"@id":"https:\/\/www.intoscana.it\/it\/#\/schema\/person\/9223810753230f20bd670fdd322661f8"},"description":"L'allarme lanciato all'evento \"Grandi ospedali\" in corso a Firenze, a Careggi. L'assessore regionale alla Sanit\u00e0: \"Chiediamo un sostegno, la bolletta non pu\u00f2 ridimensionare il servizio\"","breadcrumb":{"@id":"https:\/\/www.intoscana.it\/it\/sanita-costi-energetici-triplicati-bezzini-il-governo-intervenga\/#breadcrumb"},"inLanguage":"it-IT","potentialAction":[{"@type":"ReadAction","target":["https:\/\/www.intoscana.it\/it\/sanita-costi-energetici-triplicati-bezzini-il-governo-intervenga\/"]}]},{"@type":"ImageObject","inLanguage":"it-IT","@id":"https:\/\/www.intoscana.it\/it\/sanita-costi-energetici-triplicati-bezzini-il-governo-intervenga\/#primaryimage","url":"https:\/\/www.intoscana.it\/wp-content\/uploads\/Careggi-16.jpg","contentUrl":"https:\/\/www.intoscana.it\/wp-content\/uploads\/Careggi-16.jpg","width":700,"height":466},{"@type":"BreadcrumbList","@id":"https:\/\/www.intoscana.it\/it\/sanita-costi-energetici-triplicati-bezzini-il-governo-intervenga\/#breadcrumb","itemListElement":[{"@type":"ListItem","position":1,"name":"Home","item":"https:\/\/www.intoscana.it\/it\/"},{"@type":"ListItem","position":2,"name":"Sanit\u00e0, costi energetici triplicati. Bezzini: &#8220;Il Governo intervenga&#8221;"}]},{"@type":"WebSite","@id":"https:\/\/www.intoscana.it\/it\/#website","url":"https:\/\/www.intoscana.it\/it\/","name":"intoscana","description":"","potentialAction":[{"@type":"SearchAction","target":{"@type":"EntryPoint","urlTemplate":"https:\/\/www.intoscana.it\/it\/?s={search_term_string}"},"query-input":{"@type":"PropertyValueSpecification","valueRequired":true,"valueName":"search_term_string"}}],"inLanguage":"it-IT"},{"@type":"Person","@id":"https:\/\/www.intoscana.it\/it\/#\/schema\/person\/9223810753230f20bd670fdd322661f8","name":"Redazione","url":"https:\/\/www.intoscana.it\/it\/author\/redazione\/"}]}},"_links":{"self":[{"href":"https:\/\/www.intoscana.it\/it\/wp-json\/wp\/v2\/posts\/258518","targetHints":{"allow":["GET"]}}],"collection":[{"href":"https:\/\/www.intoscana.it\/it\/wp-json\/wp\/v2\/posts"}],"about":[{"href":"https:\/\/www.intoscana.it\/it\/wp-json\/wp\/v2\/types\/post"}],"author":[{"embeddable":true,"href":"https:\/\/www.intoscana.it\/it\/wp-json\/wp\/v2\/users\/525"}],"replies":[{"embeddable":true,"href":"https:\/\/www.intoscana.it\/it\/wp-json\/wp\/v2\/comments?post=258518"}],"version-history":[{"count":0,"href":"https:\/\/www.intoscana.it\/it\/wp-json\/wp\/v2\/posts\/258518\/revisions"}],"wp:featuredmedia":[{"embeddable":true,"href":"https:\/\/www.intoscana.it\/it\/wp-json\/wp\/v2\/media\/99867"}],"wp:attachment":[{"href":"https:\/\/www.intoscana.it\/it\/wp-json\/wp\/v2\/media?parent=258518"}],"wp:term":[{"taxonomy":"category","embeddable":true,"href":"https:\/\/www.intoscana.it\/it\/wp-json\/wp\/v2\/categories?post=258518"},{"taxonomy":"post_tag","embeddable":true,"href":"https:\/\/www.intoscana.it\/it\/wp-json\/wp\/v2\/tags?post=258518"}],"curies":[{"name":"wp","href":"https:\/\/api.w.org\/{rel}","templated":true}]}}