{"id":258864,"date":"2022-11-19T07:53:18","date_gmt":"2022-11-19T06:53:18","guid":{"rendered":"https:\/\/www.intoscana.it\/it\/?p=258864"},"modified":"2022-11-19T07:57:31","modified_gmt":"2022-11-19T06:57:31","slug":"festival-della-salute-siena","status":"publish","type":"post","link":"https:\/\/www.intoscana.it\/it\/festival-della-salute-siena\/","title":{"rendered":"Il Festival delle Salute fa tappa a Siena, con screening gratuiti e convegni"},"content":{"rendered":"<p>Quattro giorni di incontri ed approfondimenti dedicati alla<strong> sanit\u00e0,<\/strong> con screening gratuiti e tante iniziative dedicate anche alle scuole. \u00c8 il programma del <strong>Festival della Salute<\/strong>, promosso dalla Regione Toscana, che torna dal 24 al 27 novembre per la sua quindicesima edizione a <strong>Siena<\/strong>, dopo aver fatto tappa negli scorsi anni\u00a0 a <a href=\"https:\/\/www.intoscana.it\/it\/articolo\/festival-salute-2021\/\" target=\"_blank\" rel=\"noopener\">Viareggio,<\/a> Pietrasanta e Montecatini.<\/p>\n<h3>Le eccellenze senesi protagoniste<\/h3>\n<div class=\"row has-sidebar\">\n<div id=\"column-2\" class=\"col-md-12 col-lg-9 portlet-column portlet-column-first\">\n<div class=\"rt-page__content rt-page-content--left\">\n<div class=\"rt-page__content-text\">\n<p>La scelta di Siena non \u00e8 casuale. La citt\u00e0, oltre ad essere sede di due universit\u00e0 e di una delle tre <strong>aziende ospedaliere universitarie<\/strong> della regione, \u00e8 anche un luogo di alta specializzazione e bacino di aziende che lavorano nella <strong>farmaceutica,<\/strong> nella sanit\u00e0, nella ricerca e nella diagnostica. Inoltre Siena ospita un ente unico come <strong><a href=\"https:\/\/www.intoscana.it\/it\/articolo\/toscana-life-sciences-a-siena-il-polo-deccellenza-nella-ricerca-farmacologica\/\" target=\"_blank\" rel=\"noopener\">Toscana Life Sciences<\/a>,<\/strong> creato per aiutare l\u2019attivit\u00e0 di ricerca e favorire la nascita di imprese innovative \u00a0e che costituisce orgoglio per tutta la Toscana oltre che elemento determinante per la scelta di Siena come sede del Biotecnopolo nazionale di \u00a0prossima creazione.<\/p>\n<p><em>\u201cQuesto evento rappresenta un punto di riferimento in Toscana per approfondire temi legati alla salute, a partire da<strong> prevenzione<\/strong> e formazione<\/em> \u2013 sottolinea il presidente della Toscana, <strong>Eugenio Giani<\/strong> &#8211;\u00a0 <em>il <strong>diritto alla salute<\/strong> \u00e8 uno degli obiettivi principali che la Costituzione ci propone e in Toscana abbiamo sempre puntato ad una sanit\u00e0 di eccellenza. A Siena, che ospita anche questa edizione, si crea una sinergia tra cura, investimenti sul territorio con il Pnrr e contemporaneamente una grande capacit\u00e0 di ricerca\u201d<\/em><\/p>\n<h3>I giovani e la sanit\u00e0 del futuro<\/h3>\n<p>Il Festival della salute prender\u00e0 le mosse la mattina del 24 novembre con una visita, rivolta agli studenti, alle aziende e ai luoghi del territorio dove si lavora per la scienza, la ricerca e l\u2019innovazione in salute. Prima il polo di Toscana Life Scienzes, \u00a0quindi il <strong>Siena Artificial Intelligenze Hub,<\/strong> realt\u00e0 pensata per costruire una rete tra aziende, mondo della ricerca e centri di eccellenza, e quindi alla <strong>VisMederi<\/strong>, aziend innovativa di ricerca applicata e servizi qualificati.<\/p>\n<p>Il primo giorno, dalle 14 alle 17 a Palazzo Patrizi, si parler\u00e0 di <strong>medicina e spiritualit\u00e0<\/strong>, approcci diversi \u00a0a seconda della fede professata dal paziente. Il focus al presidio universitario San Niccol\u00f2, dalle 16 alle 17.30, sar\u00e0 invece dedicato ai <strong>trapianti:<\/strong> la Toscana come modello nazionale.<\/p>\n<div class=\"focuson\"><a href=\"https:\/\/www.intoscana.it\/it\/articolo\/toscana-life-sciences-a-siena-il-polo-deccellenza-nella-ricerca-farmacologica\/\"><img decoding=\"async\" class=\"lazy\" src=\"https:\/\/www.intoscana.it\/wp-content\/uploads\/TLS_incubatoreMRC.jpg\" style=\"\">\n                <div class=\"cat\">A Siena Toscana Life Sciences<\/div>\n                <h4>Polo d\u2019eccellenza nella ricerca farmacologica<\/h4><\/a>\n              <\/div>\n<p>Iniziative per le <strong>scuole<\/strong> anche il 25 novembre: presente anche l\u2019assessore regionale all\u2019istruzione Alessandra Nardini, si parler\u00e0 di Its e in particolare dell\u2019istituto tecnico superiore sulle scienze delle vita, un percorso di studio che gli studenti possono scegliere dopo l\u2019esame di maturit\u00e0. A seguire la presentazione del libro \u201c La guerra dei vaccini\u201d di Paolo Leoncini e Paolo Neri.<\/p>\n<p>Nella sala tv di San Niccol\u00f2 il focus, dalle 9.30 alle 11.30, sar\u00e0 sulla psicologia del lavoro, mentre dalle 10 alle 13 all\u2019Accademia dei fisiocratici l\u2019argomento sar\u00e0 la <strong>sanit\u00e0 digitale.<br \/>\n<\/strong>La giornata prosegue con \u00a0incontri sul linguaggio dei<strong> giovani<\/strong> e l\u2019ascolto degli adolescenti.\u00a0 Al ruolo e il contributo di <strong>Siena nella salute del futuro<\/strong> \u00e8 dedicato l\u2019appuntamento del pomeriggio, dalle 17 alle 19 all\u2019Accademia Chigiana, a cui interverranno sia il presidente Giani sia l\u2019assessore alla sanit\u00e0 Simone Bezzini. \u00c8 stato invitato anche il neo ministro della salute Orazio Schillaci.<\/p>\n<p><em>\u201cIl festival \u00e8 un appuntamento importantissimo per la Toscana<\/em> \u2013 ribadisce <strong>l&#8217;assessore Bezzini &#8211;<\/strong> <em>questa edizione, dopo il periodo del Covid, \u00e8 per\u00f2 particolarmente importante non solo per mettere in relazione le competenze, le professionalit\u00e0 e gli autorevoli relatori che parteciperanno alla varie sessioni ma soprattutto per creare un momento di relazione tra il mondo della sanit\u00e0 e i cittadini. Sar\u00e0 un\u2019occasione anche per far conoscere la situazione del sistema sanitario e i nuovi progetti a cui si sta lavorando e per evidenziare le opportunit\u00e0 importantissime, per il territorio e la regione, che fanno riferimento al B<strong>iotecnopolo e al Centro nazionale per le pandemie<\/strong> che nasceranno a Siena: opportunit\u00e0 anche in termini di crescita economica ed occupazionale\u201d.<\/em><\/p>\n<h3>Screening gratuiti al villaggio della salute<\/h3>\n<p>Sabato 26 novembre \u00a0alle Scotte dalle 8.30 alle 13.30 le donne che vorranno potranno sottoporsi ad uno <strong>screening senologico gratuito:<\/strong> si pu\u00f2 prenotare telefonando dal 21 al 25 novembre al numero verde 800.180.992. Spazio anche all\u2019agopuntura occidentale, alle tecnologie della salute, al cibo ed alimentazione, al futuro della pediatria e molto altro.<\/p>\n<p>In una giornata decisamente fitta di eventi \u00e8 in programma anche un incontro dedicato a cittadini e <strong>volontariato<\/strong> e al loro apporto per migliorare i servizi sanitari (a San Niccol\u00f2 dalle 15 alle 19) e all\u2019assistenza infermieristica (a Palazzo Patrizi dalle 14.30 alle 19.30), seguito dalla presentazione di un libro sulla storia dell\u2019ospedale Santa Maria della Scala. Ancora il sabato al San Niccol\u00f2 ci saranno seminari sulle malattie croniche non trasmissibili (dalle 15 alle 16), sulla raccolta del sangue (dalle 16 alle 17) e sulla medicina di genere (dalle 17.15 alle 18). La giornata si conclude con un evento dedicato all\u2019ambiente accessibile e alla societ\u00e0 inclusiva in programma dalle 17 alle 19 all\u2019Accademia dei Fisiocratici.<\/p>\n<p>Domenica 27 novembre il piazza della stazione ferroviaria si trasformer\u00e0 in un <strong>villaggio della salute<\/strong> con la presenza di Protezione Civile, \u00a0Croce Rossa Italiana, Anpas, Iapb, Avis e Fratres e la possibilit\u00e0, per tutta la mattina dalle 9.30 alle 13, di poter sottoporsi ad una serie di <strong>visite gratuite:<\/strong> dermatologiche e cardiologiche, metaboliche e oculistiche per la prevenzione del glaucoma, ma anche consulenze ed informazioni sul valore delle donazioni.<\/p>\n<\/div>\n<\/div>\n<\/div>\n<\/div>\n","protected":false},"excerpt":{"rendered":"<p>La 15esima edizione dell&#8217;evento dedicato alla medicina si terr\u00e0 dal 24 al 27 novembre con tante iniziative dedicate anche alle scuole<\/p>\n","protected":false},"author":525,"featured_media":145696,"comment_status":"open","ping_status":"open","sticky":false,"template":"","format":"standard","meta":{"_acf_changed":false,"footnotes":""},"categories":[18],"tags":[151,349],"class_list":["post-258864","post","type-post","status-publish","format-standard","has-post-thumbnail","hentry","category-salute","tag-regione-toscana","tag-sanita"],"acf":[],"yoast_head":"<!-- This site is optimized with the Yoast SEO Premium plugin v24.2 (Yoast SEO v25.6) - https:\/\/yoast.com\/wordpress\/plugins\/seo\/ -->\n<title>Il Festival delle Salute fa tappa a Siena - intoscana<\/title>\n<meta name=\"description\" content=\"Screening gratuiti per tutti, convegni ed eventi per le scuole al Festival della Salute, che fa tappa a Siena dal 24 al 27 novembre.\" \/>\n<meta name=\"robots\" content=\"index, follow, max-snippet:-1, max-image-preview:large, max-video-preview:-1\" \/>\n<link rel=\"canonical\" href=\"https:\/\/www.intoscana.it\/it\/festival-della-salute-siena\/\" \/>\n<meta property=\"og:locale\" content=\"it_IT\" \/>\n<meta property=\"og:type\" content=\"article\" \/>\n<meta property=\"og:title\" content=\"Il Festival delle Salute fa tappa a Siena, con screening gratuiti e convegni\" \/>\n<meta property=\"og:description\" content=\"Screening gratuiti per tutti, convegni ed eventi per le scuole al Festival della Salute, che fa tappa a Siena dal 24 al 27 novembre.\" \/>\n<meta property=\"og:url\" content=\"https:\/\/www.intoscana.it\/it\/festival-della-salute-siena\/\" \/>\n<meta property=\"og:site_name\" content=\"intoscana\" \/>\n<meta property=\"article:publisher\" content=\"https:\/\/www.facebook.com\/intoscana.it\" \/>\n<meta property=\"article:published_time\" content=\"2022-11-19T06:53:18+00:00\" \/>\n<meta property=\"article:modified_time\" content=\"2022-11-19T06:57:31+00:00\" \/>\n<meta property=\"og:image\" content=\"https:\/\/www.intoscana.it\/wp-content\/uploads\/shutterstock_1641184882-5.jpg\" \/>\n\t<meta property=\"og:image:width\" content=\"2000\" \/>\n\t<meta property=\"og:image:height\" content=\"1333\" \/>\n\t<meta property=\"og:image:type\" content=\"image\/jpeg\" \/>\n<meta name=\"author\" content=\"Redazione\" \/>\n<meta name=\"twitter:card\" content=\"summary_large_image\" \/>\n<meta name=\"twitter:creator\" content=\"@intoscana\" \/>\n<meta name=\"twitter:site\" content=\"@intoscana\" \/>\n<meta name=\"twitter:label1\" content=\"Written by\" \/>\n\t<meta name=\"twitter:data1\" content=\"Redazione\" \/>\n\t<meta name=\"twitter:label2\" content=\"Est. reading time\" \/>\n\t<meta name=\"twitter:data2\" content=\"4 minuti\" \/>\n<script type=\"application\/ld+json\" class=\"yoast-schema-graph\">{\"@context\":\"https:\/\/schema.org\",\"@graph\":[{\"@type\":\"WebPage\",\"@id\":\"https:\/\/www.intoscana.it\/it\/festival-della-salute-siena\/\",\"url\":\"https:\/\/www.intoscana.it\/it\/festival-della-salute-siena\/\",\"name\":\"Il Festival delle Salute fa tappa a Siena - intoscana\",\"isPartOf\":{\"@id\":\"https:\/\/www.intoscana.it\/it\/#website\"},\"primaryImageOfPage\":{\"@id\":\"https:\/\/www.intoscana.it\/it\/festival-della-salute-siena\/#primaryimage\"},\"image\":{\"@id\":\"https:\/\/www.intoscana.it\/it\/festival-della-salute-siena\/#primaryimage\"},\"thumbnailUrl\":\"https:\/\/www.intoscana.it\/wp-content\/uploads\/shutterstock_1641184882-5.jpg\",\"datePublished\":\"2022-11-19T06:53:18+00:00\",\"dateModified\":\"2022-11-19T06:57:31+00:00\",\"author\":{\"@id\":\"https:\/\/www.intoscana.it\/it\/#\/schema\/person\/9223810753230f20bd670fdd322661f8\"},\"description\":\"Screening gratuiti per tutti, convegni ed eventi per le scuole al Festival della Salute, che fa tappa a Siena dal 24 al 27 novembre.\",\"breadcrumb\":{\"@id\":\"https:\/\/www.intoscana.it\/it\/festival-della-salute-siena\/#breadcrumb\"},\"inLanguage\":\"it-IT\",\"potentialAction\":[{\"@type\":\"ReadAction\",\"target\":[\"https:\/\/www.intoscana.it\/it\/festival-della-salute-siena\/\"]}]},{\"@type\":\"ImageObject\",\"inLanguage\":\"it-IT\",\"@id\":\"https:\/\/www.intoscana.it\/it\/festival-della-salute-siena\/#primaryimage\",\"url\":\"https:\/\/www.intoscana.it\/wp-content\/uploads\/shutterstock_1641184882-5.jpg\",\"contentUrl\":\"https:\/\/www.intoscana.it\/wp-content\/uploads\/shutterstock_1641184882-5.jpg\",\"width\":2000,\"height\":1333,\"caption\":\"Operatori sanitari\"},{\"@type\":\"BreadcrumbList\",\"@id\":\"https:\/\/www.intoscana.it\/it\/festival-della-salute-siena\/#breadcrumb\",\"itemListElement\":[{\"@type\":\"ListItem\",\"position\":1,\"name\":\"Home\",\"item\":\"https:\/\/www.intoscana.it\/it\/\"},{\"@type\":\"ListItem\",\"position\":2,\"name\":\"Il Festival delle Salute fa tappa a Siena, con screening gratuiti e convegni\"}]},{\"@type\":\"WebSite\",\"@id\":\"https:\/\/www.intoscana.it\/it\/#website\",\"url\":\"https:\/\/www.intoscana.it\/it\/\",\"name\":\"intoscana\",\"description\":\"\",\"potentialAction\":[{\"@type\":\"SearchAction\",\"target\":{\"@type\":\"EntryPoint\",\"urlTemplate\":\"https:\/\/www.intoscana.it\/it\/?s={search_term_string}\"},\"query-input\":{\"@type\":\"PropertyValueSpecification\",\"valueRequired\":true,\"valueName\":\"search_term_string\"}}],\"inLanguage\":\"it-IT\"},{\"@type\":\"Person\",\"@id\":\"https:\/\/www.intoscana.it\/it\/#\/schema\/person\/9223810753230f20bd670fdd322661f8\",\"name\":\"Redazione\",\"url\":\"https:\/\/www.intoscana.it\/it\/author\/redazione\/\"}]}<\/script>\n<!-- \/ Yoast SEO Premium plugin. -->","yoast_head_json":{"title":"Il Festival delle Salute fa tappa a Siena - intoscana","description":"Screening gratuiti per tutti, convegni ed eventi per le scuole al Festival della Salute, che fa tappa a Siena dal 24 al 27 novembre.","robots":{"index":"index","follow":"follow","max-snippet":"max-snippet:-1","max-image-preview":"max-image-preview:large","max-video-preview":"max-video-preview:-1"},"canonical":"https:\/\/www.intoscana.it\/it\/festival-della-salute-siena\/","og_locale":"it_IT","og_type":"article","og_title":"Il Festival delle Salute fa tappa a Siena, con screening gratuiti e convegni","og_description":"Screening gratuiti per tutti, convegni ed eventi per le scuole al Festival della Salute, che fa tappa a Siena dal 24 al 27 novembre.","og_url":"https:\/\/www.intoscana.it\/it\/festival-della-salute-siena\/","og_site_name":"intoscana","article_publisher":"https:\/\/www.facebook.com\/intoscana.it","article_published_time":"2022-11-19T06:53:18+00:00","article_modified_time":"2022-11-19T06:57:31+00:00","og_image":[{"width":2000,"height":1333,"url":"https:\/\/www.intoscana.it\/wp-content\/uploads\/shutterstock_1641184882-5.jpg","type":"image\/jpeg"}],"author":"Redazione","twitter_card":"summary_large_image","twitter_creator":"@intoscana","twitter_site":"@intoscana","twitter_misc":{"Written by":"Redazione","Est. reading time":"4 minuti"},"schema":{"@context":"https:\/\/schema.org","@graph":[{"@type":"WebPage","@id":"https:\/\/www.intoscana.it\/it\/festival-della-salute-siena\/","url":"https:\/\/www.intoscana.it\/it\/festival-della-salute-siena\/","name":"Il Festival delle Salute fa tappa a Siena - intoscana","isPartOf":{"@id":"https:\/\/www.intoscana.it\/it\/#website"},"primaryImageOfPage":{"@id":"https:\/\/www.intoscana.it\/it\/festival-della-salute-siena\/#primaryimage"},"image":{"@id":"https:\/\/www.intoscana.it\/it\/festival-della-salute-siena\/#primaryimage"},"thumbnailUrl":"https:\/\/www.intoscana.it\/wp-content\/uploads\/shutterstock_1641184882-5.jpg","datePublished":"2022-11-19T06:53:18+00:00","dateModified":"2022-11-19T06:57:31+00:00","author":{"@id":"https:\/\/www.intoscana.it\/it\/#\/schema\/person\/9223810753230f20bd670fdd322661f8"},"description":"Screening gratuiti per tutti, convegni ed eventi per le scuole al Festival della Salute, che fa tappa a Siena dal 24 al 27 novembre.","breadcrumb":{"@id":"https:\/\/www.intoscana.it\/it\/festival-della-salute-siena\/#breadcrumb"},"inLanguage":"it-IT","potentialAction":[{"@type":"ReadAction","target":["https:\/\/www.intoscana.it\/it\/festival-della-salute-siena\/"]}]},{"@type":"ImageObject","inLanguage":"it-IT","@id":"https:\/\/www.intoscana.it\/it\/festival-della-salute-siena\/#primaryimage","url":"https:\/\/www.intoscana.it\/wp-content\/uploads\/shutterstock_1641184882-5.jpg","contentUrl":"https:\/\/www.intoscana.it\/wp-content\/uploads\/shutterstock_1641184882-5.jpg","width":2000,"height":1333,"caption":"Operatori sanitari"},{"@type":"BreadcrumbList","@id":"https:\/\/www.intoscana.it\/it\/festival-della-salute-siena\/#breadcrumb","itemListElement":[{"@type":"ListItem","position":1,"name":"Home","item":"https:\/\/www.intoscana.it\/it\/"},{"@type":"ListItem","position":2,"name":"Il Festival delle Salute fa tappa a Siena, con screening gratuiti e convegni"}]},{"@type":"WebSite","@id":"https:\/\/www.intoscana.it\/it\/#website","url":"https:\/\/www.intoscana.it\/it\/","name":"intoscana","description":"","potentialAction":[{"@type":"SearchAction","target":{"@type":"EntryPoint","urlTemplate":"https:\/\/www.intoscana.it\/it\/?s={search_term_string}"},"query-input":{"@type":"PropertyValueSpecification","valueRequired":true,"valueName":"search_term_string"}}],"inLanguage":"it-IT"},{"@type":"Person","@id":"https:\/\/www.intoscana.it\/it\/#\/schema\/person\/9223810753230f20bd670fdd322661f8","name":"Redazione","url":"https:\/\/www.intoscana.it\/it\/author\/redazione\/"}]}},"_links":{"self":[{"href":"https:\/\/www.intoscana.it\/it\/wp-json\/wp\/v2\/posts\/258864","targetHints":{"allow":["GET"]}}],"collection":[{"href":"https:\/\/www.intoscana.it\/it\/wp-json\/wp\/v2\/posts"}],"about":[{"href":"https:\/\/www.intoscana.it\/it\/wp-json\/wp\/v2\/types\/post"}],"author":[{"embeddable":true,"href":"https:\/\/www.intoscana.it\/it\/wp-json\/wp\/v2\/users\/525"}],"replies":[{"embeddable":true,"href":"https:\/\/www.intoscana.it\/it\/wp-json\/wp\/v2\/comments?post=258864"}],"version-history":[{"count":0,"href":"https:\/\/www.intoscana.it\/it\/wp-json\/wp\/v2\/posts\/258864\/revisions"}],"wp:featuredmedia":[{"embeddable":true,"href":"https:\/\/www.intoscana.it\/it\/wp-json\/wp\/v2\/media\/145696"}],"wp:attachment":[{"href":"https:\/\/www.intoscana.it\/it\/wp-json\/wp\/v2\/media?parent=258864"}],"wp:term":[{"taxonomy":"category","embeddable":true,"href":"https:\/\/www.intoscana.it\/it\/wp-json\/wp\/v2\/categories?post=258864"},{"taxonomy":"post_tag","embeddable":true,"href":"https:\/\/www.intoscana.it\/it\/wp-json\/wp\/v2\/tags?post=258864"}],"curies":[{"name":"wp","href":"https:\/\/api.w.org\/{rel}","templated":true}]}}