{"id":258941,"date":"2022-11-19T16:07:48","date_gmt":"2022-11-19T15:07:48","guid":{"rendered":"https:\/\/www.intoscana.it\/it\/?p=258941"},"modified":"2022-11-19T16:07:48","modified_gmt":"2022-11-19T15:07:48","slug":"uffizi-diffusi-pietrasanta","status":"publish","type":"post","link":"https:\/\/www.intoscana.it\/it\/uffizi-diffusi-pietrasanta\/","title":{"rendered":"Uffizi diffusi a Pietrasanta: gli autoritratti degli artisti dialogano con bozzetti"},"content":{"rendered":"<p>Gli<strong> Uffizi<\/strong> e<strong> Pietrasanta<\/strong> insieme all\u2019insegna della grande arte contemporanea per la mostra &#8220;Lo sguardo e l\u2019idea&#8221;, realizzata dal celebre museo fiorentino insieme al comune della Versilia nell\u2019ambito del <a href=\"https:\/\/www.intoscana.it\/it\/articolo\/uffizi-diffusi-dopo-quasi-200-anni-torna-a-casa-il-capolavoro-di-nicolas-froment\/\" target=\"_blank\" rel=\"noopener\">progetto<\/a> <strong>Uffizi Diffusi.<\/strong><\/p>\n<p>Da oggi fino al 19 febbraio 2023, nella chiesa e nel chiostro di Sant&#8217;Agostino a Pietrasanta <strong>gli autoritratti<\/strong> provenienti dalle collezioni delle Gallerie degli Uffizi dialogheranno con i bozzetti del museo dedicato a questo tipo di opere. Gli artisti moderni e contemporanei protagonisti del \u2018colloquio d\u2019arte\u2019 sono in tutto dodici: Francesco Messina, Costantino Nivola, Ugo Guidi, Piero Consagra, C\u00e9sar Baldaccini, Arturo Carmassi, Marcello Tommasi, Dani Karavan, <strong>Niki de Saint Phalle,<\/strong> <strong>Jean Michel Folon<\/strong>, <strong>Igor Mitoraj,<\/strong> Helidon Xhixha.<\/p>\n<h3>Tredici autoritratti di grandi artisti<\/h3>\n<p>Il nucleo centrale della mostra &#8211; curata da Monica Alderotti, Chiara Celli e Vanessa Gavioli &#8211;\u00a0\u00e8 accolto nelle Sale Putti e nel Capitolo del Chiostro, dove sono allestiti <strong>tredici autoritratti, diciannove bozzetti e due sculture<\/strong>.<\/p>\n<p>\u201c<em>Nata nel Seicento, la collezione degli autoritratti degli Uffizi \u00e8 unica anche perch\u00e9 continua ad essere incrementata ancora oggi, grazie ad acquisti di opere del passato e a donazioni di importanti artisti contemporanei: proprio su questo versante si concentra la mostra di Pietrasanta, a dimostrazione che l\u2019attenzione all\u2019oggi \u00e8 essenziale alla vita del museo<\/em>\u201d spiega il direttore delle Gallerie degli Uffizi <strong>Eike Schmidt.<\/strong><\/p>\n<p>In queste opere, il vincolo di raffigurare l&#8217;esteriorit\u00e0 fisica per addentrarsi nel difficile compito di dare una forma alle molteplicit\u00e0 dell&#8217;io diventa sempre pi\u00f9 labile. La verosimiglianza della fisionomia, ancora presente litografie di Pietro Consagra e di Francesco Messina scompare nei bozzetti di C\u00e9sar Baldaccini, in cui l&#8217;immagine \u00e8 deformata e nelle serigrafie di <strong>Niki de Saint Phalle,<\/strong> universo astratto di forme e colori.<\/p>\n<p><strong>L&#8217;acquerello<\/strong> di Jean Michel Folon parla della moltiplicazione dell&#8217;identit\u00e0, dell\u2019uno che diventa uno tra tanti e tutti uguali. Poi ci sono gli <strong>autoritratti tridimensionali<\/strong> come quello di Igor Mitoraj e di Marcello Tommasi, entrambi ispirati alla cultura classica, e di Helidon Xhixha, in cui l&#8217;osservatore si specchia nello sguardo dell&#8217;artista fino a perdersi.<\/p>\n<figure id=\"post-258954 media-258954\" class=\"align-none\">\n<p><figure style=\"width: 3456px\" class=\"wp-caption alignnone\"><img loading=\"lazy\" decoding=\"async\" src=\"https:\/\/www.intoscana.it\/wp-content\/uploads\/IMG_20221119_115556-scaled.jpg\" alt=\"\" width=\"3456\" height=\"3456\" \/><figcaption class=\"wp-caption-text\">Uffizi Diffusi a Pietrasanta per la mostra &#8220;Lo sguardo e l\u2019idea&#8221;<\/figcaption><\/figure><\/figure>\n<h3>I tesori del Museo dei Bozzetti<\/h3>\n<p>I bozzetti presentati in mostra coprono cento anni di presenza a Pietrasanta di <strong>grandi artisti.<\/strong> La carrellata si apre, infatti, con Francesco Messina, giunto in citt\u00e0 nel 1922, e si chiude con Helidon Xhixha che lavora oggi sul territorio.<\/p>\n<p><em>\u201c<\/em><em>Il Museo dei Bozzetti non \u00e8 un semplice contenitore, ma vive di continue relazioni, grazie alla forte interazione che ha stabilito con il suo territorio di riferimento, rappresentato in primis da Pietrasanta, ma anche dal pi\u00f9 ampio comprensorio apuo-versiliese, con echi e riflessi internazionali &#8211; <\/em>spiega il <strong>sindaco di Pietrasanta<\/strong>, Alberto Stefano Giovannetti &#8211; <em>qui si trovano una grande scelta di pregiata materia prima, il marmo, e maestri artigiani di altissimo livello per i quali giungono a Pietrasanta artisti provenienti da ogni parte del mondo\u201d.<\/em><\/p>\n<p>Ogni bozzetto racconta la sua storia. Alcuni conservano note autografe dell&#8217;artista, oppure indicazioni ad uso e consumo degli artigiani, mentre un caso particolare \u00e8 il modello dell&#8217;opera &#8220;<strong>La nascita di Venere<em>&#8220;<\/em> di Igor Mitoraj <\/strong>che contiene un disegno a grafite di mano del maestro, caso unico nel panorama dei suoi lavori, sia in marmo, sia in bronzo. Il bronzo, che di soluto \u00e8 esposto nella collezione del Consiglio regionale della Toscana, si trova a Pietrasanta proprio per la mostra, insieme al suo bozzetto.<\/p>\n<p>Una parte delle opere realizzate a partire dai bozzetti sono ora esposte nel Parco Internazionale di Scultura di Pietrasanta, ma la maggioranza ha trovato casa in piazze, parchi, collezioni pubbliche o private di tutto il mondo. La <strong>Pregnant Nana di Niki de Saint Phalle<\/strong> si trova a Washington, al National Museum of Women in the Arts, mentre il pannello decorativo di Dani Karavan \u00e8 esposto in dimensioni monumentali all&#8217;Israel Diamond Exchange di Ramat-Gan in Israele.<\/p>\n","protected":false},"excerpt":{"rendered":"<p>Da oggi al 19 febbraio nella la Chiesa e nel Chiostro di Sant\u2019Agostino in mostra le opere di Niki de Saint Phalle, Jean Michel Folon, Igor Mitoraj, Helidon Xhixha, Costantino Nivola<\/p>\n","protected":false},"author":525,"featured_media":258943,"comment_status":"open","ping_status":"open","sticky":false,"template":"","format":"standard","meta":{"_acf_changed":false,"footnotes":""},"categories":[494,493],"tags":[2498,207,5402],"class_list":["post-258941","post","type-post","status-publish","format-standard","has-post-thumbnail","hentry","category-attualita","category-cultura","tag-pietrasanta","tag-uffizi","tag-uffizi-diffusi"],"acf":[],"yoast_head":"<!-- This site is optimized with the Yoast SEO Premium plugin v24.2 (Yoast SEO v25.6) - https:\/\/yoast.com\/wordpress\/plugins\/seo\/ -->\n<title>Autoritratti e bozzetti per la mostra degli Uffizi Diffusi a Pietrasanta - intoscana<\/title>\n<meta name=\"description\" content=\"Gli autoritratti dei grandi artisti dialogono con i bozzetti per la mostra &quot;Lo sguardo e l&#039;idea&quot; degli Uffizi Diffusi a Pietrasanta.\" \/>\n<meta name=\"robots\" content=\"index, follow, max-snippet:-1, max-image-preview:large, max-video-preview:-1\" \/>\n<link rel=\"canonical\" href=\"https:\/\/www.intoscana.it\/it\/uffizi-diffusi-pietrasanta\/\" \/>\n<meta property=\"og:locale\" content=\"it_IT\" \/>\n<meta property=\"og:type\" content=\"article\" \/>\n<meta property=\"og:title\" content=\"Uffizi diffusi a Pietrasanta: gli autoritratti degli artisti dialogano con bozzetti\" \/>\n<meta property=\"og:description\" content=\"Gli autoritratti dei grandi artisti dialogono con i bozzetti per la mostra &quot;Lo sguardo e l&#039;idea&quot; degli Uffizi Diffusi a Pietrasanta.\" \/>\n<meta property=\"og:url\" content=\"https:\/\/www.intoscana.it\/it\/uffizi-diffusi-pietrasanta\/\" \/>\n<meta property=\"og:site_name\" content=\"intoscana\" \/>\n<meta property=\"article:publisher\" content=\"https:\/\/www.facebook.com\/intoscana.it\" \/>\n<meta property=\"article:published_time\" content=\"2022-11-19T15:07:48+00:00\" \/>\n<meta property=\"og:image\" content=\"https:\/\/www.intoscana.it\/wp-content\/uploads\/IMG_20221119_115243-scaled.jpg\" \/>\n\t<meta property=\"og:image:width\" content=\"2048\" \/>\n\t<meta property=\"og:image:height\" content=\"2048\" \/>\n\t<meta property=\"og:image:type\" content=\"image\/jpeg\" \/>\n<meta name=\"author\" content=\"Redazione\" \/>\n<meta name=\"twitter:card\" content=\"summary_large_image\" \/>\n<meta name=\"twitter:creator\" content=\"@intoscana\" \/>\n<meta name=\"twitter:site\" content=\"@intoscana\" \/>\n<meta name=\"twitter:label1\" content=\"Written by\" \/>\n\t<meta name=\"twitter:data1\" content=\"Redazione\" \/>\n\t<meta name=\"twitter:label2\" content=\"Est. reading time\" \/>\n\t<meta name=\"twitter:data2\" content=\"3 minuti\" \/>\n<script type=\"application\/ld+json\" class=\"yoast-schema-graph\">{\"@context\":\"https:\/\/schema.org\",\"@graph\":[{\"@type\":\"WebPage\",\"@id\":\"https:\/\/www.intoscana.it\/it\/uffizi-diffusi-pietrasanta\/\",\"url\":\"https:\/\/www.intoscana.it\/it\/uffizi-diffusi-pietrasanta\/\",\"name\":\"Autoritratti e bozzetti per la mostra degli Uffizi Diffusi a Pietrasanta - intoscana\",\"isPartOf\":{\"@id\":\"https:\/\/www.intoscana.it\/it\/#website\"},\"primaryImageOfPage\":{\"@id\":\"https:\/\/www.intoscana.it\/it\/uffizi-diffusi-pietrasanta\/#primaryimage\"},\"image\":{\"@id\":\"https:\/\/www.intoscana.it\/it\/uffizi-diffusi-pietrasanta\/#primaryimage\"},\"thumbnailUrl\":\"https:\/\/www.intoscana.it\/wp-content\/uploads\/IMG_20221119_115243-scaled.jpg\",\"datePublished\":\"2022-11-19T15:07:48+00:00\",\"author\":{\"@id\":\"https:\/\/www.intoscana.it\/it\/#\/schema\/person\/9223810753230f20bd670fdd322661f8\"},\"description\":\"Gli autoritratti dei grandi artisti dialogono con i bozzetti per la mostra \\\"Lo sguardo e l'idea\\\" degli Uffizi Diffusi a Pietrasanta.\",\"breadcrumb\":{\"@id\":\"https:\/\/www.intoscana.it\/it\/uffizi-diffusi-pietrasanta\/#breadcrumb\"},\"inLanguage\":\"it-IT\",\"potentialAction\":[{\"@type\":\"ReadAction\",\"target\":[\"https:\/\/www.intoscana.it\/it\/uffizi-diffusi-pietrasanta\/\"]}]},{\"@type\":\"ImageObject\",\"inLanguage\":\"it-IT\",\"@id\":\"https:\/\/www.intoscana.it\/it\/uffizi-diffusi-pietrasanta\/#primaryimage\",\"url\":\"https:\/\/www.intoscana.it\/wp-content\/uploads\/IMG_20221119_115243-scaled.jpg\",\"contentUrl\":\"https:\/\/www.intoscana.it\/wp-content\/uploads\/IMG_20221119_115243-scaled.jpg\",\"width\":2048,\"height\":2048,\"caption\":\"Uffizi Diffusi a Pietrasanta per la mostra \\\"Lo sguardo e l\u2019idea\\\"\"},{\"@type\":\"BreadcrumbList\",\"@id\":\"https:\/\/www.intoscana.it\/it\/uffizi-diffusi-pietrasanta\/#breadcrumb\",\"itemListElement\":[{\"@type\":\"ListItem\",\"position\":1,\"name\":\"Home\",\"item\":\"https:\/\/www.intoscana.it\/it\/\"},{\"@type\":\"ListItem\",\"position\":2,\"name\":\"Uffizi diffusi a Pietrasanta: gli autoritratti degli artisti dialogano con bozzetti\"}]},{\"@type\":\"WebSite\",\"@id\":\"https:\/\/www.intoscana.it\/it\/#website\",\"url\":\"https:\/\/www.intoscana.it\/it\/\",\"name\":\"intoscana\",\"description\":\"\",\"potentialAction\":[{\"@type\":\"SearchAction\",\"target\":{\"@type\":\"EntryPoint\",\"urlTemplate\":\"https:\/\/www.intoscana.it\/it\/?s={search_term_string}\"},\"query-input\":{\"@type\":\"PropertyValueSpecification\",\"valueRequired\":true,\"valueName\":\"search_term_string\"}}],\"inLanguage\":\"it-IT\"},{\"@type\":\"Person\",\"@id\":\"https:\/\/www.intoscana.it\/it\/#\/schema\/person\/9223810753230f20bd670fdd322661f8\",\"name\":\"Redazione\",\"url\":\"https:\/\/www.intoscana.it\/it\/author\/redazione\/\"}]}<\/script>\n<!-- \/ Yoast SEO Premium plugin. -->","yoast_head_json":{"title":"Autoritratti e bozzetti per la mostra degli Uffizi Diffusi a Pietrasanta - intoscana","description":"Gli autoritratti dei grandi artisti dialogono con i bozzetti per la mostra \"Lo sguardo e l'idea\" degli Uffizi Diffusi a Pietrasanta.","robots":{"index":"index","follow":"follow","max-snippet":"max-snippet:-1","max-image-preview":"max-image-preview:large","max-video-preview":"max-video-preview:-1"},"canonical":"https:\/\/www.intoscana.it\/it\/uffizi-diffusi-pietrasanta\/","og_locale":"it_IT","og_type":"article","og_title":"Uffizi diffusi a Pietrasanta: gli autoritratti degli artisti dialogano con bozzetti","og_description":"Gli autoritratti dei grandi artisti dialogono con i bozzetti per la mostra \"Lo sguardo e l'idea\" degli Uffizi Diffusi a Pietrasanta.","og_url":"https:\/\/www.intoscana.it\/it\/uffizi-diffusi-pietrasanta\/","og_site_name":"intoscana","article_publisher":"https:\/\/www.facebook.com\/intoscana.it","article_published_time":"2022-11-19T15:07:48+00:00","og_image":[{"width":2048,"height":2048,"url":"https:\/\/www.intoscana.it\/wp-content\/uploads\/IMG_20221119_115243-scaled.jpg","type":"image\/jpeg"}],"author":"Redazione","twitter_card":"summary_large_image","twitter_creator":"@intoscana","twitter_site":"@intoscana","twitter_misc":{"Written by":"Redazione","Est. reading time":"3 minuti"},"schema":{"@context":"https:\/\/schema.org","@graph":[{"@type":"WebPage","@id":"https:\/\/www.intoscana.it\/it\/uffizi-diffusi-pietrasanta\/","url":"https:\/\/www.intoscana.it\/it\/uffizi-diffusi-pietrasanta\/","name":"Autoritratti e bozzetti per la mostra degli Uffizi Diffusi a Pietrasanta - intoscana","isPartOf":{"@id":"https:\/\/www.intoscana.it\/it\/#website"},"primaryImageOfPage":{"@id":"https:\/\/www.intoscana.it\/it\/uffizi-diffusi-pietrasanta\/#primaryimage"},"image":{"@id":"https:\/\/www.intoscana.it\/it\/uffizi-diffusi-pietrasanta\/#primaryimage"},"thumbnailUrl":"https:\/\/www.intoscana.it\/wp-content\/uploads\/IMG_20221119_115243-scaled.jpg","datePublished":"2022-11-19T15:07:48+00:00","author":{"@id":"https:\/\/www.intoscana.it\/it\/#\/schema\/person\/9223810753230f20bd670fdd322661f8"},"description":"Gli autoritratti dei grandi artisti dialogono con i bozzetti per la mostra \"Lo sguardo e l'idea\" degli Uffizi Diffusi a Pietrasanta.","breadcrumb":{"@id":"https:\/\/www.intoscana.it\/it\/uffizi-diffusi-pietrasanta\/#breadcrumb"},"inLanguage":"it-IT","potentialAction":[{"@type":"ReadAction","target":["https:\/\/www.intoscana.it\/it\/uffizi-diffusi-pietrasanta\/"]}]},{"@type":"ImageObject","inLanguage":"it-IT","@id":"https:\/\/www.intoscana.it\/it\/uffizi-diffusi-pietrasanta\/#primaryimage","url":"https:\/\/www.intoscana.it\/wp-content\/uploads\/IMG_20221119_115243-scaled.jpg","contentUrl":"https:\/\/www.intoscana.it\/wp-content\/uploads\/IMG_20221119_115243-scaled.jpg","width":2048,"height":2048,"caption":"Uffizi Diffusi a Pietrasanta per la mostra \"Lo sguardo e l\u2019idea\""},{"@type":"BreadcrumbList","@id":"https:\/\/www.intoscana.it\/it\/uffizi-diffusi-pietrasanta\/#breadcrumb","itemListElement":[{"@type":"ListItem","position":1,"name":"Home","item":"https:\/\/www.intoscana.it\/it\/"},{"@type":"ListItem","position":2,"name":"Uffizi diffusi a Pietrasanta: gli autoritratti degli artisti dialogano con bozzetti"}]},{"@type":"WebSite","@id":"https:\/\/www.intoscana.it\/it\/#website","url":"https:\/\/www.intoscana.it\/it\/","name":"intoscana","description":"","potentialAction":[{"@type":"SearchAction","target":{"@type":"EntryPoint","urlTemplate":"https:\/\/www.intoscana.it\/it\/?s={search_term_string}"},"query-input":{"@type":"PropertyValueSpecification","valueRequired":true,"valueName":"search_term_string"}}],"inLanguage":"it-IT"},{"@type":"Person","@id":"https:\/\/www.intoscana.it\/it\/#\/schema\/person\/9223810753230f20bd670fdd322661f8","name":"Redazione","url":"https:\/\/www.intoscana.it\/it\/author\/redazione\/"}]}},"_links":{"self":[{"href":"https:\/\/www.intoscana.it\/it\/wp-json\/wp\/v2\/posts\/258941","targetHints":{"allow":["GET"]}}],"collection":[{"href":"https:\/\/www.intoscana.it\/it\/wp-json\/wp\/v2\/posts"}],"about":[{"href":"https:\/\/www.intoscana.it\/it\/wp-json\/wp\/v2\/types\/post"}],"author":[{"embeddable":true,"href":"https:\/\/www.intoscana.it\/it\/wp-json\/wp\/v2\/users\/525"}],"replies":[{"embeddable":true,"href":"https:\/\/www.intoscana.it\/it\/wp-json\/wp\/v2\/comments?post=258941"}],"version-history":[{"count":0,"href":"https:\/\/www.intoscana.it\/it\/wp-json\/wp\/v2\/posts\/258941\/revisions"}],"wp:featuredmedia":[{"embeddable":true,"href":"https:\/\/www.intoscana.it\/it\/wp-json\/wp\/v2\/media\/258943"}],"wp:attachment":[{"href":"https:\/\/www.intoscana.it\/it\/wp-json\/wp\/v2\/media?parent=258941"}],"wp:term":[{"taxonomy":"category","embeddable":true,"href":"https:\/\/www.intoscana.it\/it\/wp-json\/wp\/v2\/categories?post=258941"},{"taxonomy":"post_tag","embeddable":true,"href":"https:\/\/www.intoscana.it\/it\/wp-json\/wp\/v2\/tags?post=258941"}],"curies":[{"name":"wp","href":"https:\/\/api.w.org\/{rel}","templated":true}]}}