{"id":259001,"date":"2022-11-21T07:22:07","date_gmt":"2022-11-21T06:22:07","guid":{"rendered":"https:\/\/www.intoscana.it\/it\/?p=259001"},"modified":"2022-11-21T07:22:07","modified_gmt":"2022-11-21T06:22:07","slug":"diritti-dell-infanzia-limpegno-della-toscana-per-oltre-30mila-bambini","status":"publish","type":"post","link":"https:\/\/www.intoscana.it\/it\/diritti-dell-infanzia-limpegno-della-toscana-per-oltre-30mila-bambini\/","title":{"rendered":"Diritti dell&#8217;infanzia, cos\u00ec la Toscana si prende cura di oltre 30mila bambini"},"content":{"rendered":"<p>Infanzia a rischio: ogni anno la <strong>Regione Toscana<\/strong> ha in carico le vite di <strong>oltre 30mila bambini<\/strong>. Di ognuno di loro si prende cura secondo necessit\u00e0. Dati che l&#8217;assessora al Sociale <strong>Serena Spinelli<\/strong> ha ricordato in occasione della <mark>Giornata internazionale dei diritti dell\u2019infanzia e dell\u2019adolescenza<\/mark>.<\/p>\n<p>La giornata si celebra <strong>il 20 novembre<\/strong>: lo stesso giorno in cui, nel 1989, <strong>l\u2019Onu<\/strong> adott\u00f2 la Convenzione sui diritti dell\u2019infanzia e dell\u2019adolescenza. Giornata a cui la Toscana ha scelto di aderire.<\/p>\n<p><em>\u201cAl di l\u00e0 di ogni ritualit\u00e0, questa data \u00e8 l\u2019occasione per ribadire l\u2019impegno costante della Regione, insieme a quello di enti locali e servizi sociali e sociosanitari sui territori, per garantire pienezza di diritti a bambine e bambini, ragazze e ragazzi<\/em> &#8211; assicura l&#8217;assessora <strong>Spinelli<\/strong> &#8211; <em>Quello di cui oggi si parla \u00e8 la qualit\u00e0 delle loro vite, quelle di chi cresce all\u2019interno delle relazioni familiari e quelle di chi, per situazioni di criticit\u00e0 e fragilit\u00e0, si trova a farlo al di fuori dalla famiglia, in comunit\u00e0 residenziali o in affido<\/em>\u201d.<\/p>\n<figure id=\"post-256479 media-256479\" class=\"align-none\"><img decoding=\"async\" src=\"https:\/\/www.intoscana.it\/wp-content\/uploads\/Schermata-2022-11-05-alle-19.20.50-e1669011438384.png\" alt=\"\" \/><\/figure>\n<div class=\"titleimg\">Serena Spinelli<\/div>\n<h3>Infanzia: i numeri dei servizi in Toscana<\/h3>\n<p>Sono poco meno di <strong>25mila i bambini<\/strong> di cui si occupano <strong>i servizi sociali<\/strong> per rimuovere ostacoli e difficolt\u00e0 nel loro percorso di crescita. Si va <mark>da percorsi di accompagnamento alla prevenzione dei rischi e agli interventi di tutela e protezione per la salute e la sicurezza<\/mark>.<\/p>\n<p><strong>Oltre 4700<\/strong> sono ragazzi che usufruiscono di un servizio di <strong>educativa domiciliare<\/strong> per accompagnarli nel loro percorso di crescita e a sostenere i loro genitori nel migliorare le capacit\u00e0 di relazionarsi e rispondere al meglio ai loro bisogni.<br \/>\n<strong>Circa 2000<\/strong> sono invece <mark>i minori che vivono fuori dalla famiglia di origine<\/mark>, collocati in comunit\u00e0 o in famiglie affidatarie.<\/p>\n<h3>Le scelte e gli strumenti della Toscana<\/h3>\n<p>Le politiche regionali in materia di <strong>infanzia, adolescenza e famiglie<\/strong> si sono nel tempo orientate verso la messa a sistema di progettualit\u00e0 e risorse nazionali e regionali. Allo stesso tempo si \u00e8 scelto di valorizzare <strong>le buone pratiche<\/strong> presenti sul territorio e il lavoro prezioso degli operatori.<\/p>\n<p>Fondamentale \u00e8 il ruolo del <mark>Centro regionale di documentazione per l&#8217;infanzia e l&#8217;adolescenza<\/mark>, le cui attivit\u00e0 sono svolte con <a href=\"https:\/\/www.istitutodeglinnocenti.it\/it\"><strong>l\u2019Istituto degli Innocenti<\/strong><\/a>: fornisce strumenti di conoscenza e supporta gli interventi della Regione Toscana al fine di\u00a0 rispondere al bisogno di ogni bambino di crescere in un ambiente stabile, sicuro, protettivo e \u2018nutriente\u2019.<\/p>\n<figure id=\"post-224379 media-224379\" class=\"align-none\"><img decoding=\"async\" src=\"https:\/\/www.intoscana.it\/wp-content\/uploads\/Bottega_dei_Ragazzi_4-scaled.jpg\" alt=\"\" \/><\/figure>\n<div class=\"titleimg\">La bottega dei ragazzi all\u2019Istituto degli Innocenti &#8211; \u00a9 Istituto degli Innocenti<\/div>\n<h3>Il programma Pippi per i pi\u00f9 vulnerabili<\/h3>\n<p>Altro fronte di impegno per la Toscana e lo sviluppo delle Linee di indirizzo sull\u2019intervento con <mark>bambini e famiglie in situazione di vulnerabilit\u00e0<\/mark>, soprattutto\u00a0 attraverso le prestazioni del <strong>programma\u00a0 P.I.P.P.I.<\/strong> (<a href=\"https:\/\/www.minoritoscana.it\/progetto-pippi\">Programma di intervento per la prevenzione dell&#8217;istituzionalizzazione<\/a>).<\/p>\n<p>P.I.P.P.I., che richiama intenzionalmente il personaggio di <strong>Pippi Calzelunghe<\/strong>, coinvolge insieme Ministero, Istituzioni locali, Universit\u00e0 con l\u2019obiettivo di diffondere un approccio multidimensionale e partecipato che renda effettivamente esigibili i diritti sanciti dalla Convenzione Onu.<\/p>\n<h3>Un lavoro senza sosta per tutti i bambini<\/h3>\n<p>&#8220;<em>Un lavoro che non pu\u00f2 fermarsi<\/em> \u2013 conclude l\u2019assessora -, <em>ma che deve vederci anzi sempre pi\u00f9 vicini ai diritti dei cittadini di oggi e di domani, una parte preziosa della nostra comunit\u00e0 ma in cui il peggioramento delle condizioni socioeconomiche di molte famiglie sta facendo aumentare le situazioni di povert\u00e0 educativa e alimentare<\/em>&#8220;.<\/p>\n","protected":false},"excerpt":{"rendered":"<p>L&#8217;assessora Spinelli ricorda il ruolo svolto dal Centro regionale di documentazione insieme con l&#8217;Istituto degli Innocenti e i progetti in corso per l&#8217;adolescenza a rischio<\/p>\n","protected":false},"author":525,"featured_media":224378,"comment_status":"open","ping_status":"open","sticky":false,"template":"","format":"standard","meta":{"_acf_changed":false,"footnotes":""},"categories":[494],"tags":[4533,4964,4822],"class_list":["post-259001","post","type-post","status-publish","format-standard","has-post-thumbnail","hentry","category-attualita","tag-diritti","tag-infanzia","tag-serena-spinelli"],"acf":[],"yoast_head":"<!-- This site is optimized with the Yoast SEO Premium plugin v24.2 (Yoast SEO v25.6) - https:\/\/yoast.com\/wordpress\/plugins\/seo\/ -->\n<title>Diritti dell&#039;infanzia, l&#039;impegno della Toscana per 30mila bambini - intoscana<\/title>\n<meta name=\"description\" content=\"L&#039;assessora Spinelli ricorda il ruolo svolto dal Centro regionale di documentazione con l&#039;Istituto degli Innocenti e i progetti in corso\" \/>\n<meta name=\"robots\" content=\"index, follow, max-snippet:-1, max-image-preview:large, max-video-preview:-1\" \/>\n<link rel=\"canonical\" href=\"https:\/\/www.intoscana.it\/it\/diritti-dell-infanzia-limpegno-della-toscana-per-oltre-30mila-bambini\/\" \/>\n<meta property=\"og:locale\" content=\"it_IT\" \/>\n<meta property=\"og:type\" content=\"article\" \/>\n<meta property=\"og:title\" content=\"Diritti dell&#039;infanzia, cos\u00ec la Toscana si prende cura di oltre 30mila bambini\" \/>\n<meta property=\"og:description\" content=\"L&#039;assessora Spinelli ricorda il ruolo svolto dal Centro regionale di documentazione con l&#039;Istituto degli Innocenti e i progetti in corso\" \/>\n<meta property=\"og:url\" content=\"https:\/\/www.intoscana.it\/it\/diritti-dell-infanzia-limpegno-della-toscana-per-oltre-30mila-bambini\/\" \/>\n<meta property=\"og:site_name\" content=\"intoscana\" \/>\n<meta property=\"article:publisher\" content=\"https:\/\/www.facebook.com\/intoscana.it\" \/>\n<meta property=\"article:published_time\" content=\"2022-11-21T06:22:07+00:00\" \/>\n<meta property=\"og:image\" content=\"https:\/\/www.intoscana.it\/wp-content\/uploads\/Bottega_dei_Ragazzi_3.jpg\" \/>\n\t<meta property=\"og:image:width\" content=\"1701\" \/>\n\t<meta property=\"og:image:height\" content=\"1134\" \/>\n\t<meta property=\"og:image:type\" content=\"image\/jpeg\" \/>\n<meta name=\"author\" content=\"Redazione\" \/>\n<meta name=\"twitter:card\" content=\"summary_large_image\" \/>\n<meta name=\"twitter:creator\" content=\"@intoscana\" \/>\n<meta name=\"twitter:site\" content=\"@intoscana\" \/>\n<meta name=\"twitter:label1\" content=\"Written by\" \/>\n\t<meta name=\"twitter:data1\" content=\"Redazione\" \/>\n\t<meta name=\"twitter:label2\" content=\"Est. reading time\" \/>\n\t<meta name=\"twitter:data2\" content=\"3 minuti\" \/>\n<script type=\"application\/ld+json\" class=\"yoast-schema-graph\">{\"@context\":\"https:\/\/schema.org\",\"@graph\":[{\"@type\":\"WebPage\",\"@id\":\"https:\/\/www.intoscana.it\/it\/diritti-dell-infanzia-limpegno-della-toscana-per-oltre-30mila-bambini\/\",\"url\":\"https:\/\/www.intoscana.it\/it\/diritti-dell-infanzia-limpegno-della-toscana-per-oltre-30mila-bambini\/\",\"name\":\"Diritti dell'infanzia, l'impegno della Toscana per 30mila bambini - intoscana\",\"isPartOf\":{\"@id\":\"https:\/\/www.intoscana.it\/it\/#website\"},\"primaryImageOfPage\":{\"@id\":\"https:\/\/www.intoscana.it\/it\/diritti-dell-infanzia-limpegno-della-toscana-per-oltre-30mila-bambini\/#primaryimage\"},\"image\":{\"@id\":\"https:\/\/www.intoscana.it\/it\/diritti-dell-infanzia-limpegno-della-toscana-per-oltre-30mila-bambini\/#primaryimage\"},\"thumbnailUrl\":\"https:\/\/www.intoscana.it\/wp-content\/uploads\/Bottega_dei_Ragazzi_3.jpg\",\"datePublished\":\"2022-11-21T06:22:07+00:00\",\"author\":{\"@id\":\"https:\/\/www.intoscana.it\/it\/#\/schema\/person\/9223810753230f20bd670fdd322661f8\"},\"description\":\"L'assessora Spinelli ricorda il ruolo svolto dal Centro regionale di documentazione con l'Istituto degli Innocenti e i progetti in corso\",\"breadcrumb\":{\"@id\":\"https:\/\/www.intoscana.it\/it\/diritti-dell-infanzia-limpegno-della-toscana-per-oltre-30mila-bambini\/#breadcrumb\"},\"inLanguage\":\"it-IT\",\"potentialAction\":[{\"@type\":\"ReadAction\",\"target\":[\"https:\/\/www.intoscana.it\/it\/diritti-dell-infanzia-limpegno-della-toscana-per-oltre-30mila-bambini\/\"]}]},{\"@type\":\"ImageObject\",\"inLanguage\":\"it-IT\",\"@id\":\"https:\/\/www.intoscana.it\/it\/diritti-dell-infanzia-limpegno-della-toscana-per-oltre-30mila-bambini\/#primaryimage\",\"url\":\"https:\/\/www.intoscana.it\/wp-content\/uploads\/Bottega_dei_Ragazzi_3.jpg\",\"contentUrl\":\"https:\/\/www.intoscana.it\/wp-content\/uploads\/Bottega_dei_Ragazzi_3.jpg\",\"width\":1701,\"height\":1134,\"caption\":\"La bottega dei ragazzi all'Istituto degli Innocenti\"},{\"@type\":\"BreadcrumbList\",\"@id\":\"https:\/\/www.intoscana.it\/it\/diritti-dell-infanzia-limpegno-della-toscana-per-oltre-30mila-bambini\/#breadcrumb\",\"itemListElement\":[{\"@type\":\"ListItem\",\"position\":1,\"name\":\"Home\",\"item\":\"https:\/\/www.intoscana.it\/it\/\"},{\"@type\":\"ListItem\",\"position\":2,\"name\":\"Diritti dell&#8217;infanzia, cos\u00ec la Toscana si prende cura di oltre 30mila bambini\"}]},{\"@type\":\"WebSite\",\"@id\":\"https:\/\/www.intoscana.it\/it\/#website\",\"url\":\"https:\/\/www.intoscana.it\/it\/\",\"name\":\"intoscana\",\"description\":\"\",\"potentialAction\":[{\"@type\":\"SearchAction\",\"target\":{\"@type\":\"EntryPoint\",\"urlTemplate\":\"https:\/\/www.intoscana.it\/it\/?s={search_term_string}\"},\"query-input\":{\"@type\":\"PropertyValueSpecification\",\"valueRequired\":true,\"valueName\":\"search_term_string\"}}],\"inLanguage\":\"it-IT\"},{\"@type\":\"Person\",\"@id\":\"https:\/\/www.intoscana.it\/it\/#\/schema\/person\/9223810753230f20bd670fdd322661f8\",\"name\":\"Redazione\",\"url\":\"https:\/\/www.intoscana.it\/it\/author\/redazione\/\"}]}<\/script>\n<!-- \/ Yoast SEO Premium plugin. -->","yoast_head_json":{"title":"Diritti dell'infanzia, l'impegno della Toscana per 30mila bambini - intoscana","description":"L'assessora Spinelli ricorda il ruolo svolto dal Centro regionale di documentazione con l'Istituto degli Innocenti e i progetti in corso","robots":{"index":"index","follow":"follow","max-snippet":"max-snippet:-1","max-image-preview":"max-image-preview:large","max-video-preview":"max-video-preview:-1"},"canonical":"https:\/\/www.intoscana.it\/it\/diritti-dell-infanzia-limpegno-della-toscana-per-oltre-30mila-bambini\/","og_locale":"it_IT","og_type":"article","og_title":"Diritti dell'infanzia, cos\u00ec la Toscana si prende cura di oltre 30mila bambini","og_description":"L'assessora Spinelli ricorda il ruolo svolto dal Centro regionale di documentazione con l'Istituto degli Innocenti e i progetti in corso","og_url":"https:\/\/www.intoscana.it\/it\/diritti-dell-infanzia-limpegno-della-toscana-per-oltre-30mila-bambini\/","og_site_name":"intoscana","article_publisher":"https:\/\/www.facebook.com\/intoscana.it","article_published_time":"2022-11-21T06:22:07+00:00","og_image":[{"width":1701,"height":1134,"url":"https:\/\/www.intoscana.it\/wp-content\/uploads\/Bottega_dei_Ragazzi_3.jpg","type":"image\/jpeg"}],"author":"Redazione","twitter_card":"summary_large_image","twitter_creator":"@intoscana","twitter_site":"@intoscana","twitter_misc":{"Written by":"Redazione","Est. reading time":"3 minuti"},"schema":{"@context":"https:\/\/schema.org","@graph":[{"@type":"WebPage","@id":"https:\/\/www.intoscana.it\/it\/diritti-dell-infanzia-limpegno-della-toscana-per-oltre-30mila-bambini\/","url":"https:\/\/www.intoscana.it\/it\/diritti-dell-infanzia-limpegno-della-toscana-per-oltre-30mila-bambini\/","name":"Diritti dell'infanzia, l'impegno della Toscana per 30mila bambini - intoscana","isPartOf":{"@id":"https:\/\/www.intoscana.it\/it\/#website"},"primaryImageOfPage":{"@id":"https:\/\/www.intoscana.it\/it\/diritti-dell-infanzia-limpegno-della-toscana-per-oltre-30mila-bambini\/#primaryimage"},"image":{"@id":"https:\/\/www.intoscana.it\/it\/diritti-dell-infanzia-limpegno-della-toscana-per-oltre-30mila-bambini\/#primaryimage"},"thumbnailUrl":"https:\/\/www.intoscana.it\/wp-content\/uploads\/Bottega_dei_Ragazzi_3.jpg","datePublished":"2022-11-21T06:22:07+00:00","author":{"@id":"https:\/\/www.intoscana.it\/it\/#\/schema\/person\/9223810753230f20bd670fdd322661f8"},"description":"L'assessora Spinelli ricorda il ruolo svolto dal Centro regionale di documentazione con l'Istituto degli Innocenti e i progetti in corso","breadcrumb":{"@id":"https:\/\/www.intoscana.it\/it\/diritti-dell-infanzia-limpegno-della-toscana-per-oltre-30mila-bambini\/#breadcrumb"},"inLanguage":"it-IT","potentialAction":[{"@type":"ReadAction","target":["https:\/\/www.intoscana.it\/it\/diritti-dell-infanzia-limpegno-della-toscana-per-oltre-30mila-bambini\/"]}]},{"@type":"ImageObject","inLanguage":"it-IT","@id":"https:\/\/www.intoscana.it\/it\/diritti-dell-infanzia-limpegno-della-toscana-per-oltre-30mila-bambini\/#primaryimage","url":"https:\/\/www.intoscana.it\/wp-content\/uploads\/Bottega_dei_Ragazzi_3.jpg","contentUrl":"https:\/\/www.intoscana.it\/wp-content\/uploads\/Bottega_dei_Ragazzi_3.jpg","width":1701,"height":1134,"caption":"La bottega dei ragazzi all'Istituto degli Innocenti"},{"@type":"BreadcrumbList","@id":"https:\/\/www.intoscana.it\/it\/diritti-dell-infanzia-limpegno-della-toscana-per-oltre-30mila-bambini\/#breadcrumb","itemListElement":[{"@type":"ListItem","position":1,"name":"Home","item":"https:\/\/www.intoscana.it\/it\/"},{"@type":"ListItem","position":2,"name":"Diritti dell&#8217;infanzia, cos\u00ec la Toscana si prende cura di oltre 30mila bambini"}]},{"@type":"WebSite","@id":"https:\/\/www.intoscana.it\/it\/#website","url":"https:\/\/www.intoscana.it\/it\/","name":"intoscana","description":"","potentialAction":[{"@type":"SearchAction","target":{"@type":"EntryPoint","urlTemplate":"https:\/\/www.intoscana.it\/it\/?s={search_term_string}"},"query-input":{"@type":"PropertyValueSpecification","valueRequired":true,"valueName":"search_term_string"}}],"inLanguage":"it-IT"},{"@type":"Person","@id":"https:\/\/www.intoscana.it\/it\/#\/schema\/person\/9223810753230f20bd670fdd322661f8","name":"Redazione","url":"https:\/\/www.intoscana.it\/it\/author\/redazione\/"}]}},"_links":{"self":[{"href":"https:\/\/www.intoscana.it\/it\/wp-json\/wp\/v2\/posts\/259001","targetHints":{"allow":["GET"]}}],"collection":[{"href":"https:\/\/www.intoscana.it\/it\/wp-json\/wp\/v2\/posts"}],"about":[{"href":"https:\/\/www.intoscana.it\/it\/wp-json\/wp\/v2\/types\/post"}],"author":[{"embeddable":true,"href":"https:\/\/www.intoscana.it\/it\/wp-json\/wp\/v2\/users\/525"}],"replies":[{"embeddable":true,"href":"https:\/\/www.intoscana.it\/it\/wp-json\/wp\/v2\/comments?post=259001"}],"version-history":[{"count":0,"href":"https:\/\/www.intoscana.it\/it\/wp-json\/wp\/v2\/posts\/259001\/revisions"}],"wp:featuredmedia":[{"embeddable":true,"href":"https:\/\/www.intoscana.it\/it\/wp-json\/wp\/v2\/media\/224378"}],"wp:attachment":[{"href":"https:\/\/www.intoscana.it\/it\/wp-json\/wp\/v2\/media?parent=259001"}],"wp:term":[{"taxonomy":"category","embeddable":true,"href":"https:\/\/www.intoscana.it\/it\/wp-json\/wp\/v2\/categories?post=259001"},{"taxonomy":"post_tag","embeddable":true,"href":"https:\/\/www.intoscana.it\/it\/wp-json\/wp\/v2\/tags?post=259001"}],"curies":[{"name":"wp","href":"https:\/\/api.w.org\/{rel}","templated":true}]}}