{"id":259044,"date":"2022-11-21T10:07:09","date_gmt":"2022-11-21T09:07:09","guid":{"rendered":"https:\/\/www.intoscana.it\/it\/?p=259044"},"modified":"2022-11-21T10:14:16","modified_gmt":"2022-11-21T09:14:16","slug":"festa-degli-alberi-un-video-per-celebrare-il-rapporto-uomo-bosco","status":"publish","type":"post","link":"https:\/\/www.intoscana.it\/it\/festa-degli-alberi-un-video-per-celebrare-il-rapporto-uomo-bosco\/","title":{"rendered":"Festa degli alberi, un video per celebrare il rapporto uomo-bosco"},"content":{"rendered":"<p>Regola il clima, il ciclo dell\u2019acqua, la conservazione della biodiversit\u00e0, ma anche la produzione dei funghi e delle erbe spontanee. Tutto questo fa <strong>il bosco per l\u2019uomo<\/strong> con il quale il bosco si rapporta offrendogli spazio per il temp libero, rendendo bello il paesaggio.<\/p>\n<p>Nella giornata in cui si celebra <strong>la Festa degli Alberi<\/strong>, che cade luned\u00ec 21 novembre, <strong>la Regione Toscana<\/strong> ha prodotto un video in cui si racconta quanto gli alberi siano importanti per l\u2019uomo.<\/p>\n<p>Tante infatti sono le interazioni tra <strong>il bosco<\/strong> &#8211; che ad oggi copre <strong>la met\u00e0 del territorio regionale<\/strong> &#8211; e <mark>le persone che nell\u2019ambiente forestale lavorano, oltre sedicimila<\/mark> secondo i dati del Rapporto sullo Stato delle Foreste in Toscana.<\/p>\n<p><iframe loading=\"lazy\" title=\"I volti del bosco\" src=\"https:\/\/www.youtube.com\/embed\/YEOa66Svpho\" width=\"853\" height=\"480\" frameborder=\"0\" allowfullscreen=\"allowfullscreen\"><\/iframe><\/p>\n<h3>I volti di chi si prende cura del bosco<\/h3>\n<p>\u201c<em>Spesso diamo per scontati questi \u201cservizi ecosistemici\u201d, garantiti a tutti noi dalla semplice presenza delle foreste, ma non \u00e8 cos\u00ec<\/em> \u2013 ha detto la vicepresidente e assessora all\u2019agricoltura <em>Stefania Saccardi<\/em> &#8211; \u00a0<em>Per generarli serve infatti tanto lavoro, occorrono professionalit\u00e0 diversificate. Serve una gestione sostenibile che sappia bilanciare conservazione degli ecosistemi da un lato ed economia rurale dall\u2019altro. La gestione forestale sostenibile in Toscana \u00e8 messa in atto ogni giorno da migliaia di professionisti e volontari: impiegati nella programmazione, nella gestione, nella conservazione, nel controllo, nella ricerca, nella valorizzazione del legno e dei prodotti non legnosi&#8221;.<\/em><\/p>\n<figure id=\"post-218787 media-218787\" class=\"align-none\"><img decoding=\"async\" src=\"https:\/\/www.intoscana.it\/wp-content\/uploads\/stefania-saccardi-1-scaled-e1647681433156.jpg\" alt=\"\" \/><\/figure>\n<div class=\"titleimg\">L&#8217;assessora Stefania Saccardi<\/div>\n<p>&#8220;<em>Questo video<\/em> \u2013 prosegue <strong>Saccardi<\/strong> &#8211; <em>vuole accendere i riflettori su chi normalmente lavora nell&#8217;ombra, in aree interne e in un settore di cui troppo poco spesso si parla. Eppure le foreste e la loro gestione entrano ogni giorno nelle vite di tutti, grazie a servizi essenziali quali l\u2019acqua potabile, il legno e i prodotti non legnosi, la biodiversit\u00e0. Le foreste e il legno sono anche fondamentali per la mitigazione del cambiamento climatico e centrali nella bioeconomia e nella transizione ecologica&#8221;. <\/em><\/p>\n<p>Le donne e gli uomini presenti nel filmato sono una piccola parte delle <strong>oltre sedicimila persone<\/strong> che in Toscana lavorano in questo settore.<\/p>\n<p><em>&#8220;Grazie a questi piccoli-grandi esempi \u00e8 possibile comprendere la variet\u00e0 e la complessit\u00e0 delle tante professioni del bosco. Si pu\u00f2 capire che oltre il manto verde che osserviamo nel nostro magnifico paesaggio c\u2019\u00e8 una relazione antica e moderna da tutelare e valorizzare: quella tra foreste ed esseri umani<\/em>\u201d conclude <strong>Stefania Saccardi<\/strong>.<\/p>\n<figure id=\"post-174075 media-174075\" class=\"align-none\"><img decoding=\"async\" src=\"https:\/\/www.intoscana.it\/wp-content\/uploads\/03_\u00a9Margherita-Villani_Formafantasma_Cambio_Vallombrosa_01.jpg\" alt=\"\" \/><\/figure>\n<div class=\"titleimg\">Vallombrosa \u2013 \u00a9Margherita Villani<\/div>\n<h3>Il mondo che ruota attorno al bosco<\/h3>\n<p><mark>La Toscana \u00e8 la culla delle Scienze Forestali italiane, nate a Vallombrosa<\/mark>: qui ospita uno storico e importante Corso di <strong>Laurea forestale<\/strong> &#8211; quello dell\u2019Ateneo fiorentino &#8211; e anche la sede del <a href=\"https:\/\/www.crea.gov.it\/\">Centro di Ricerca su Foreste e Legno<\/a> del <strong>CREA<\/strong>.<\/p>\n<p>Il <mark>Patrimonio Agricolo-Forestale pubblico \u00e8 tra i pi\u00f9 estesi d\u2019Italia<\/mark> e la propriet\u00e0 forestale privata \u00e8 gestita in sinergia con le superfici agricole garantendo cura del territorio puntuale e un paesaggio culturale straordinario.<\/p>\n<p>Sul territorio esistono poi <mark>tre Parchi Nazionali e tre Regionali<\/mark> impegnati nella conservazione della natura, ma anche numerose <strong>imprese di utilizzazione boschiva<\/strong> e di trasformazione del legno. Sul territorio regionale sono <a href=\"https:\/\/www.intoscana.it\/it\/articolo\/dai-cipressi-di-bolgheri-alla-quercia-di-pinocchio-viaggio-tra-gli-alberi-monumentali-in-toscana\/\">presenti molti alberi monumentali<\/a>, alcuni con storie bellissime da raccontare.<\/p>\n","protected":false},"excerpt":{"rendered":"<p>L&#8217;assessora Stefania Saccardi sottolinea il ruolo svolto da oltre 16mila persone in Toscana per curare e valorizzare il patrimonio forestale<\/p>\n","protected":false},"author":525,"featured_media":240794,"comment_status":"open","ping_status":"open","sticky":false,"template":"","format":"standard","meta":{"_acf_changed":false,"footnotes":""},"categories":[19],"tags":[3566,4769],"class_list":["post-259044","post","type-post","status-publish","format-standard","has-post-thumbnail","hentry","category-ambiente","tag-alberi","tag-stefania-saccardi"],"acf":[],"yoast_head":"<!-- This site is optimized with the Yoast SEO Premium plugin v24.2 (Yoast SEO v25.6) - https:\/\/yoast.com\/wordpress\/plugins\/seo\/ -->\n<title>Festa degli alberi, un video celebra il rapporto uomo-bosco - intoscana<\/title>\n<meta name=\"description\" content=\"L&#039;assessora Stefania Saccardi sottolinea il ruolo svolto da oltre 16mila persone in Toscana per curare e valorizzare il patrimonio forestale\" \/>\n<meta name=\"robots\" content=\"index, follow, max-snippet:-1, max-image-preview:large, max-video-preview:-1\" \/>\n<link rel=\"canonical\" href=\"https:\/\/www.intoscana.it\/it\/festa-degli-alberi-un-video-per-celebrare-il-rapporto-uomo-bosco\/\" \/>\n<meta property=\"og:locale\" content=\"it_IT\" \/>\n<meta property=\"og:type\" content=\"article\" \/>\n<meta property=\"og:title\" content=\"Festa degli alberi, un video per celebrare il rapporto uomo-bosco\" \/>\n<meta property=\"og:description\" content=\"L&#039;assessora Stefania Saccardi sottolinea il ruolo svolto da oltre 16mila persone in Toscana per curare e valorizzare il patrimonio forestale\" \/>\n<meta property=\"og:url\" content=\"https:\/\/www.intoscana.it\/it\/festa-degli-alberi-un-video-per-celebrare-il-rapporto-uomo-bosco\/\" \/>\n<meta property=\"og:site_name\" content=\"intoscana\" \/>\n<meta property=\"article:publisher\" content=\"https:\/\/www.facebook.com\/intoscana.it\" \/>\n<meta property=\"article:published_time\" content=\"2022-11-21T09:07:09+00:00\" \/>\n<meta property=\"article:modified_time\" content=\"2022-11-21T09:14:16+00:00\" \/>\n<meta property=\"og:image\" content=\"https:\/\/www.intoscana.it\/wp-content\/uploads\/284793300_1057164184892410_3264762451708946295_n-e1659451117782.jpg\" \/>\n\t<meta property=\"og:image:width\" content=\"1418\" \/>\n\t<meta property=\"og:image:height\" content=\"962\" \/>\n\t<meta property=\"og:image:type\" content=\"image\/jpeg\" \/>\n<meta name=\"author\" content=\"Redazione\" \/>\n<meta name=\"twitter:card\" content=\"summary_large_image\" \/>\n<meta name=\"twitter:creator\" content=\"@intoscana\" \/>\n<meta name=\"twitter:site\" content=\"@intoscana\" \/>\n<meta name=\"twitter:label1\" content=\"Written by\" \/>\n\t<meta name=\"twitter:data1\" content=\"Redazione\" \/>\n\t<meta name=\"twitter:label2\" content=\"Est. reading time\" \/>\n\t<meta name=\"twitter:data2\" content=\"3 minuti\" \/>\n<script type=\"application\/ld+json\" class=\"yoast-schema-graph\">{\"@context\":\"https:\/\/schema.org\",\"@graph\":[{\"@type\":\"WebPage\",\"@id\":\"https:\/\/www.intoscana.it\/it\/festa-degli-alberi-un-video-per-celebrare-il-rapporto-uomo-bosco\/\",\"url\":\"https:\/\/www.intoscana.it\/it\/festa-degli-alberi-un-video-per-celebrare-il-rapporto-uomo-bosco\/\",\"name\":\"Festa degli alberi, un video celebra il rapporto uomo-bosco - intoscana\",\"isPartOf\":{\"@id\":\"https:\/\/www.intoscana.it\/it\/#website\"},\"primaryImageOfPage\":{\"@id\":\"https:\/\/www.intoscana.it\/it\/festa-degli-alberi-un-video-per-celebrare-il-rapporto-uomo-bosco\/#primaryimage\"},\"image\":{\"@id\":\"https:\/\/www.intoscana.it\/it\/festa-degli-alberi-un-video-per-celebrare-il-rapporto-uomo-bosco\/#primaryimage\"},\"thumbnailUrl\":\"https:\/\/www.intoscana.it\/wp-content\/uploads\/284793300_1057164184892410_3264762451708946295_n-e1659451117782.jpg\",\"datePublished\":\"2022-11-21T09:07:09+00:00\",\"dateModified\":\"2022-11-21T09:14:16+00:00\",\"author\":{\"@id\":\"https:\/\/www.intoscana.it\/it\/#\/schema\/person\/9223810753230f20bd670fdd322661f8\"},\"description\":\"L'assessora Stefania Saccardi sottolinea il ruolo svolto da oltre 16mila persone in Toscana per curare e valorizzare il patrimonio forestale\",\"breadcrumb\":{\"@id\":\"https:\/\/www.intoscana.it\/it\/festa-degli-alberi-un-video-per-celebrare-il-rapporto-uomo-bosco\/#breadcrumb\"},\"inLanguage\":\"it-IT\",\"potentialAction\":[{\"@type\":\"ReadAction\",\"target\":[\"https:\/\/www.intoscana.it\/it\/festa-degli-alberi-un-video-per-celebrare-il-rapporto-uomo-bosco\/\"]}]},{\"@type\":\"ImageObject\",\"inLanguage\":\"it-IT\",\"@id\":\"https:\/\/www.intoscana.it\/it\/festa-degli-alberi-un-video-per-celebrare-il-rapporto-uomo-bosco\/#primaryimage\",\"url\":\"https:\/\/www.intoscana.it\/wp-content\/uploads\/284793300_1057164184892410_3264762451708946295_n-e1659451117782.jpg\",\"contentUrl\":\"https:\/\/www.intoscana.it\/wp-content\/uploads\/284793300_1057164184892410_3264762451708946295_n-e1659451117782.jpg\",\"width\":1418,\"height\":962,\"caption\":\"L'olivo dei 30 zoccoli - \u00a9 pagina FB Il registro degli alberi\"},{\"@type\":\"BreadcrumbList\",\"@id\":\"https:\/\/www.intoscana.it\/it\/festa-degli-alberi-un-video-per-celebrare-il-rapporto-uomo-bosco\/#breadcrumb\",\"itemListElement\":[{\"@type\":\"ListItem\",\"position\":1,\"name\":\"Home\",\"item\":\"https:\/\/www.intoscana.it\/it\/\"},{\"@type\":\"ListItem\",\"position\":2,\"name\":\"Festa degli alberi, un video per celebrare il rapporto uomo-bosco\"}]},{\"@type\":\"WebSite\",\"@id\":\"https:\/\/www.intoscana.it\/it\/#website\",\"url\":\"https:\/\/www.intoscana.it\/it\/\",\"name\":\"intoscana\",\"description\":\"\",\"potentialAction\":[{\"@type\":\"SearchAction\",\"target\":{\"@type\":\"EntryPoint\",\"urlTemplate\":\"https:\/\/www.intoscana.it\/it\/?s={search_term_string}\"},\"query-input\":{\"@type\":\"PropertyValueSpecification\",\"valueRequired\":true,\"valueName\":\"search_term_string\"}}],\"inLanguage\":\"it-IT\"},{\"@type\":\"Person\",\"@id\":\"https:\/\/www.intoscana.it\/it\/#\/schema\/person\/9223810753230f20bd670fdd322661f8\",\"name\":\"Redazione\",\"url\":\"https:\/\/www.intoscana.it\/it\/author\/redazione\/\"}]}<\/script>\n<!-- \/ Yoast SEO Premium plugin. -->","yoast_head_json":{"title":"Festa degli alberi, un video celebra il rapporto uomo-bosco - intoscana","description":"L'assessora Stefania Saccardi sottolinea il ruolo svolto da oltre 16mila persone in Toscana per curare e valorizzare il patrimonio forestale","robots":{"index":"index","follow":"follow","max-snippet":"max-snippet:-1","max-image-preview":"max-image-preview:large","max-video-preview":"max-video-preview:-1"},"canonical":"https:\/\/www.intoscana.it\/it\/festa-degli-alberi-un-video-per-celebrare-il-rapporto-uomo-bosco\/","og_locale":"it_IT","og_type":"article","og_title":"Festa degli alberi, un video per celebrare il rapporto uomo-bosco","og_description":"L'assessora Stefania Saccardi sottolinea il ruolo svolto da oltre 16mila persone in Toscana per curare e valorizzare il patrimonio forestale","og_url":"https:\/\/www.intoscana.it\/it\/festa-degli-alberi-un-video-per-celebrare-il-rapporto-uomo-bosco\/","og_site_name":"intoscana","article_publisher":"https:\/\/www.facebook.com\/intoscana.it","article_published_time":"2022-11-21T09:07:09+00:00","article_modified_time":"2022-11-21T09:14:16+00:00","og_image":[{"width":1418,"height":962,"url":"https:\/\/www.intoscana.it\/wp-content\/uploads\/284793300_1057164184892410_3264762451708946295_n-e1659451117782.jpg","type":"image\/jpeg"}],"author":"Redazione","twitter_card":"summary_large_image","twitter_creator":"@intoscana","twitter_site":"@intoscana","twitter_misc":{"Written by":"Redazione","Est. reading time":"3 minuti"},"schema":{"@context":"https:\/\/schema.org","@graph":[{"@type":"WebPage","@id":"https:\/\/www.intoscana.it\/it\/festa-degli-alberi-un-video-per-celebrare-il-rapporto-uomo-bosco\/","url":"https:\/\/www.intoscana.it\/it\/festa-degli-alberi-un-video-per-celebrare-il-rapporto-uomo-bosco\/","name":"Festa degli alberi, un video celebra il rapporto uomo-bosco - intoscana","isPartOf":{"@id":"https:\/\/www.intoscana.it\/it\/#website"},"primaryImageOfPage":{"@id":"https:\/\/www.intoscana.it\/it\/festa-degli-alberi-un-video-per-celebrare-il-rapporto-uomo-bosco\/#primaryimage"},"image":{"@id":"https:\/\/www.intoscana.it\/it\/festa-degli-alberi-un-video-per-celebrare-il-rapporto-uomo-bosco\/#primaryimage"},"thumbnailUrl":"https:\/\/www.intoscana.it\/wp-content\/uploads\/284793300_1057164184892410_3264762451708946295_n-e1659451117782.jpg","datePublished":"2022-11-21T09:07:09+00:00","dateModified":"2022-11-21T09:14:16+00:00","author":{"@id":"https:\/\/www.intoscana.it\/it\/#\/schema\/person\/9223810753230f20bd670fdd322661f8"},"description":"L'assessora Stefania Saccardi sottolinea il ruolo svolto da oltre 16mila persone in Toscana per curare e valorizzare il patrimonio forestale","breadcrumb":{"@id":"https:\/\/www.intoscana.it\/it\/festa-degli-alberi-un-video-per-celebrare-il-rapporto-uomo-bosco\/#breadcrumb"},"inLanguage":"it-IT","potentialAction":[{"@type":"ReadAction","target":["https:\/\/www.intoscana.it\/it\/festa-degli-alberi-un-video-per-celebrare-il-rapporto-uomo-bosco\/"]}]},{"@type":"ImageObject","inLanguage":"it-IT","@id":"https:\/\/www.intoscana.it\/it\/festa-degli-alberi-un-video-per-celebrare-il-rapporto-uomo-bosco\/#primaryimage","url":"https:\/\/www.intoscana.it\/wp-content\/uploads\/284793300_1057164184892410_3264762451708946295_n-e1659451117782.jpg","contentUrl":"https:\/\/www.intoscana.it\/wp-content\/uploads\/284793300_1057164184892410_3264762451708946295_n-e1659451117782.jpg","width":1418,"height":962,"caption":"L'olivo dei 30 zoccoli - \u00a9 pagina FB Il registro degli alberi"},{"@type":"BreadcrumbList","@id":"https:\/\/www.intoscana.it\/it\/festa-degli-alberi-un-video-per-celebrare-il-rapporto-uomo-bosco\/#breadcrumb","itemListElement":[{"@type":"ListItem","position":1,"name":"Home","item":"https:\/\/www.intoscana.it\/it\/"},{"@type":"ListItem","position":2,"name":"Festa degli alberi, un video per celebrare il rapporto uomo-bosco"}]},{"@type":"WebSite","@id":"https:\/\/www.intoscana.it\/it\/#website","url":"https:\/\/www.intoscana.it\/it\/","name":"intoscana","description":"","potentialAction":[{"@type":"SearchAction","target":{"@type":"EntryPoint","urlTemplate":"https:\/\/www.intoscana.it\/it\/?s={search_term_string}"},"query-input":{"@type":"PropertyValueSpecification","valueRequired":true,"valueName":"search_term_string"}}],"inLanguage":"it-IT"},{"@type":"Person","@id":"https:\/\/www.intoscana.it\/it\/#\/schema\/person\/9223810753230f20bd670fdd322661f8","name":"Redazione","url":"https:\/\/www.intoscana.it\/it\/author\/redazione\/"}]}},"_links":{"self":[{"href":"https:\/\/www.intoscana.it\/it\/wp-json\/wp\/v2\/posts\/259044","targetHints":{"allow":["GET"]}}],"collection":[{"href":"https:\/\/www.intoscana.it\/it\/wp-json\/wp\/v2\/posts"}],"about":[{"href":"https:\/\/www.intoscana.it\/it\/wp-json\/wp\/v2\/types\/post"}],"author":[{"embeddable":true,"href":"https:\/\/www.intoscana.it\/it\/wp-json\/wp\/v2\/users\/525"}],"replies":[{"embeddable":true,"href":"https:\/\/www.intoscana.it\/it\/wp-json\/wp\/v2\/comments?post=259044"}],"version-history":[{"count":0,"href":"https:\/\/www.intoscana.it\/it\/wp-json\/wp\/v2\/posts\/259044\/revisions"}],"wp:featuredmedia":[{"embeddable":true,"href":"https:\/\/www.intoscana.it\/it\/wp-json\/wp\/v2\/media\/240794"}],"wp:attachment":[{"href":"https:\/\/www.intoscana.it\/it\/wp-json\/wp\/v2\/media?parent=259044"}],"wp:term":[{"taxonomy":"category","embeddable":true,"href":"https:\/\/www.intoscana.it\/it\/wp-json\/wp\/v2\/categories?post=259044"},{"taxonomy":"post_tag","embeddable":true,"href":"https:\/\/www.intoscana.it\/it\/wp-json\/wp\/v2\/tags?post=259044"}],"curies":[{"name":"wp","href":"https:\/\/api.w.org\/{rel}","templated":true}]}}