{"id":259150,"date":"2022-11-21T15:57:57","date_gmt":"2022-11-21T14:57:57","guid":{"rendered":"https:\/\/www.intoscana.it\/it\/?p=259150"},"modified":"2022-11-21T16:20:10","modified_gmt":"2022-11-21T15:20:10","slug":"italian-music-team","status":"publish","type":"post","link":"https:\/\/www.intoscana.it\/it\/italian-music-team\/","title":{"rendered":"Nasce a Firenze l&#8217;Italian Music Team: la squadra che &#8220;fa rumore&#8221; per il pianeta"},"content":{"rendered":"<p><strong>Luned\u00ec 21 novembre<\/strong> in occasione della <a href=\"https:\/\/www.intoscana.it\/it\/articolo\/festa-degli-alberi-un-video-per-celebrare-il-rapporto-uomo-bosco\/\" target=\"_blank\" rel=\"noopener\"><strong>Festa degli alberi<\/strong> <\/a>istituita ufficialmente in\u00a0Italia nel 1951 per accendere i riflettori sull\u2019ambiente, nel Salone dei Cinquecento di\u00a0<strong>Palazzo Vecchio<\/strong> a Firenze \u00e8 stato presentato l&#8217;<a href=\"https:\/\/www.italianmusicteam.com\" target=\"_blank\" rel=\"noopener\"><strong> &#8216;Italian Music Team&#8217;<\/strong><\/a>.<\/p>\n<p>La squadra \u00e8 stata creata per sostenere i principi di <strong>ActNow,<\/strong> l&#8217;<strong>Agenda 2030 delle Nazioni Unite<\/strong> per promuovere le azioni individuali nel contrasto della crisi climatica.<\/p>\n<p>L<strong>&#8216;Italian Music Team<\/strong> vuole contribuire in maniera fattiva al raggiungimento degli obiettivi del progetto europeo <strong>Life Terra.<\/strong><\/p>\n<p>Si fonda su tre principi legati dalla parola amore: amore per il <strong>pianeta,<\/strong> per la<strong> musica,<\/strong> per lo <strong>sport.<\/strong><\/p>\n<figure id=\"post-259175 media-259175\" class=\"align-none\"><img decoding=\"async\" src=\"https:\/\/www.intoscana.it\/wp-content\/uploads\/300161922_5263201053796586_792684444643840774_n.jpg\" alt=\"\" \/><\/figure>\n<h3>Chi sono i componenti dell&#8217;Italian Music Team?<\/h3>\n<p>Il nucleo centrale di questo gruppo \u00e8 formato da <strong>16 protagonisti del panorama musicale italiano<\/strong> che sono gli <strong>Ambasciatori di Gaia<\/strong>:\u00a0Amerigo Provenzano,\u00a0Jack Mazzoni,\u00a0Dj Ross,\u00a0Ada Reina,\u00a0Erika, Federica Elmi, Massimo Alberti, Enrico\u00a0Tagliaferri, Roby Rossini, Milla De La Soul, Janelle, DJ-V Power, Giancarlo Romano, Dj Jump, Andrea Pandis&#8217;jay, Alessio Parigi.<\/p>\n<p>A loro si aggiungeranno, di volta in volta, <strong>altri artisti e personaggi<\/strong> che condividono lo stesso amore per il pianeta, la partecipazione alle iniziative \u00e8 su base volontaria e nel rispetto degli impegni professionali.<\/p>\n<h3>Cosa fa l&#8217;Italian Music Team?<\/h3>\n<p>L&#8217;<strong>Italia Music Team<\/strong> ha deciso di mettersi in gioco a tutto campo con <em><strong>Play for the Earth<\/strong><\/em>, giocando in favore delle associazioni ambientali; con la sua personale<em><strong> We Take Root<\/strong> <\/em>la campagna<strong> &#8220;Piantiamo un Albero&#8221;<\/strong> e con i <strong>Re-Sow Music Festival<\/strong> lo spettacolo musicale che si terr\u00e0 dopo ogni gara .<\/p>\n<p>In ogni citt\u00e0 dove scender\u00e0 l<strong>&#8216;Italian Music Team<\/strong> verranno piantati, nel pomeriggio prima della gara, alcuni ulivi a simbolica<strong> richiesta di pace con la terra.<\/strong><\/p>\n<p>L&#8217;impegno dell&#8217;<strong>Italian Music Team<\/strong> non finisce sul campo gara ma prosegue con<strong> uno show-event<\/strong> che vedr\u00e0 gran parte degli artisti e dei loro ospiti alternarsi spontaneamente sul palco che potr\u00e0 essere montato in una piazza della citt\u00e0 ospitante, tutto questo per regalare al pubblico uno spettacolo da ricordare e con cui condivide la necessit\u00e0 di agire con urgenza a<strong> tutela del pianeta.<\/strong><\/p>\n<p>Il tour 2023 \u00a0dell&#8217;<strong>Italian Music Team<\/strong> partir\u00e0 ad aprile e vedr\u00e0 questi <strong>&#8220;paladini musicali&#8221; toccare 20 localit\u00e0 italiane<\/strong> per terminare a settembre con il secondo <strong>Green Sport&amp;Music Day.<\/strong><\/p>\n<figure id=\"post-259176 media-259176\" class=\"align-none\"><img decoding=\"async\" src=\"https:\/\/www.intoscana.it\/wp-content\/uploads\/315450331_552212533577005_3556416620452164714_n.jpg\" alt=\"\" \/><\/figure>\n<div class=\"titleimg\"><\/div>\n<p>&nbsp;<\/p>\n<p>&nbsp;<\/p>\n","protected":false},"excerpt":{"rendered":"<p>Un team creato da 16 musicisti per sostenere i principi di ActNow, l&#8217;Agenda 2030 delle Nazioni Unite e per promuovere le azioni individuali nel contrasto alla crisi climatica<\/p>\n","protected":false},"author":518,"featured_media":259185,"comment_status":"open","ping_status":"open","sticky":false,"template":"","format":"standard","meta":{"_acf_changed":false,"footnotes":""},"categories":[19],"tags":[177,4601,167],"class_list":["post-259150","post","type-post","status-publish","format-standard","has-post-thumbnail","hentry","category-ambiente","tag-ambiente","tag-green","tag-musica"],"acf":[],"yoast_head":"<!-- This site is optimized with the Yoast SEO Premium plugin v24.2 (Yoast SEO v25.6) - https:\/\/yoast.com\/wordpress\/plugins\/seo\/ -->\n<title>Nasce a Firenze l&#039;Italian Music Team: la squadra che &quot;fa rumore&quot; per il pianeta - intoscana<\/title>\n<meta name=\"description\" content=\"La squadra \u00e8 stata creata per sostenere i principi dell&#039;Agenda 2030 delle Nazioni Unite per promuovere il contrasto alla crisi climatica\" \/>\n<meta name=\"robots\" content=\"index, follow, max-snippet:-1, max-image-preview:large, max-video-preview:-1\" \/>\n<link rel=\"canonical\" href=\"https:\/\/www.intoscana.it\/it\/italian-music-team\/\" \/>\n<meta property=\"og:locale\" content=\"it_IT\" \/>\n<meta property=\"og:type\" content=\"article\" \/>\n<meta property=\"og:title\" content=\"Nasce a Firenze l&#039;Italian Music Team: la squadra che &quot;fa rumore&quot; per il pianeta\" \/>\n<meta property=\"og:description\" content=\"La squadra \u00e8 stata creata per sostenere i principi dell&#039;Agenda 2030 delle Nazioni Unite per promuovere il contrasto alla crisi climatica\" \/>\n<meta property=\"og:url\" content=\"https:\/\/www.intoscana.it\/it\/italian-music-team\/\" \/>\n<meta property=\"og:site_name\" content=\"intoscana\" \/>\n<meta property=\"article:publisher\" content=\"https:\/\/www.facebook.com\/intoscana.it\" \/>\n<meta property=\"article:published_time\" content=\"2022-11-21T14:57:57+00:00\" \/>\n<meta property=\"article:modified_time\" content=\"2022-11-21T15:20:10+00:00\" \/>\n<meta property=\"og:image\" content=\"https:\/\/www.intoscana.it\/wp-content\/uploads\/307872409_507229594741966_1706389974159285892_n.jpg\" \/>\n\t<meta property=\"og:image:width\" content=\"1756\" \/>\n\t<meta property=\"og:image:height\" content=\"1181\" \/>\n\t<meta property=\"og:image:type\" content=\"image\/jpeg\" \/>\n<meta name=\"author\" content=\"Costanza Baldini\" \/>\n<meta name=\"twitter:card\" content=\"summary_large_image\" \/>\n<meta name=\"twitter:creator\" content=\"@intoscana\" \/>\n<meta name=\"twitter:site\" content=\"@intoscana\" \/>\n<meta name=\"twitter:label1\" content=\"Written by\" \/>\n\t<meta name=\"twitter:data1\" content=\"Costanza Baldini\" \/>\n\t<meta name=\"twitter:label2\" content=\"Est. reading time\" \/>\n\t<meta name=\"twitter:data2\" content=\"2 minuti\" \/>\n<script type=\"application\/ld+json\" class=\"yoast-schema-graph\">{\"@context\":\"https:\/\/schema.org\",\"@graph\":[{\"@type\":\"WebPage\",\"@id\":\"https:\/\/www.intoscana.it\/it\/italian-music-team\/\",\"url\":\"https:\/\/www.intoscana.it\/it\/italian-music-team\/\",\"name\":\"Nasce a Firenze l'Italian Music Team: la squadra che \\\"fa rumore\\\" per il pianeta - intoscana\",\"isPartOf\":{\"@id\":\"https:\/\/www.intoscana.it\/it\/#website\"},\"primaryImageOfPage\":{\"@id\":\"https:\/\/www.intoscana.it\/it\/italian-music-team\/#primaryimage\"},\"image\":{\"@id\":\"https:\/\/www.intoscana.it\/it\/italian-music-team\/#primaryimage\"},\"thumbnailUrl\":\"https:\/\/www.intoscana.it\/wp-content\/uploads\/307872409_507229594741966_1706389974159285892_n.jpg\",\"datePublished\":\"2022-11-21T14:57:57+00:00\",\"dateModified\":\"2022-11-21T15:20:10+00:00\",\"author\":{\"@id\":\"https:\/\/www.intoscana.it\/it\/#\/schema\/person\/d469f35f09739bdf00bf5dd3f0647a82\"},\"description\":\"La squadra \u00e8 stata creata per sostenere i principi dell'Agenda 2030 delle Nazioni Unite per promuovere il contrasto alla crisi climatica\",\"breadcrumb\":{\"@id\":\"https:\/\/www.intoscana.it\/it\/italian-music-team\/#breadcrumb\"},\"inLanguage\":\"it-IT\",\"potentialAction\":[{\"@type\":\"ReadAction\",\"target\":[\"https:\/\/www.intoscana.it\/it\/italian-music-team\/\"]}]},{\"@type\":\"ImageObject\",\"inLanguage\":\"it-IT\",\"@id\":\"https:\/\/www.intoscana.it\/it\/italian-music-team\/#primaryimage\",\"url\":\"https:\/\/www.intoscana.it\/wp-content\/uploads\/307872409_507229594741966_1706389974159285892_n.jpg\",\"contentUrl\":\"https:\/\/www.intoscana.it\/wp-content\/uploads\/307872409_507229594741966_1706389974159285892_n.jpg\",\"width\":1756,\"height\":1181},{\"@type\":\"BreadcrumbList\",\"@id\":\"https:\/\/www.intoscana.it\/it\/italian-music-team\/#breadcrumb\",\"itemListElement\":[{\"@type\":\"ListItem\",\"position\":1,\"name\":\"Home\",\"item\":\"https:\/\/www.intoscana.it\/it\/\"},{\"@type\":\"ListItem\",\"position\":2,\"name\":\"Nasce a Firenze l&#8217;Italian Music Team: la squadra che &#8220;fa rumore&#8221; per il pianeta\"}]},{\"@type\":\"WebSite\",\"@id\":\"https:\/\/www.intoscana.it\/it\/#website\",\"url\":\"https:\/\/www.intoscana.it\/it\/\",\"name\":\"intoscana\",\"description\":\"\",\"potentialAction\":[{\"@type\":\"SearchAction\",\"target\":{\"@type\":\"EntryPoint\",\"urlTemplate\":\"https:\/\/www.intoscana.it\/it\/?s={search_term_string}\"},\"query-input\":{\"@type\":\"PropertyValueSpecification\",\"valueRequired\":true,\"valueName\":\"search_term_string\"}}],\"inLanguage\":\"it-IT\"},{\"@type\":\"Person\",\"@id\":\"https:\/\/www.intoscana.it\/it\/#\/schema\/person\/d469f35f09739bdf00bf5dd3f0647a82\",\"name\":\"Costanza Baldini\",\"url\":\"https:\/\/www.intoscana.it\/it\/author\/costanza-baldini\/\"}]}<\/script>\n<!-- \/ Yoast SEO Premium plugin. -->","yoast_head_json":{"title":"Nasce a Firenze l'Italian Music Team: la squadra che \"fa rumore\" per il pianeta - intoscana","description":"La squadra \u00e8 stata creata per sostenere i principi dell'Agenda 2030 delle Nazioni Unite per promuovere il contrasto alla crisi climatica","robots":{"index":"index","follow":"follow","max-snippet":"max-snippet:-1","max-image-preview":"max-image-preview:large","max-video-preview":"max-video-preview:-1"},"canonical":"https:\/\/www.intoscana.it\/it\/italian-music-team\/","og_locale":"it_IT","og_type":"article","og_title":"Nasce a Firenze l'Italian Music Team: la squadra che \"fa rumore\" per il pianeta","og_description":"La squadra \u00e8 stata creata per sostenere i principi dell'Agenda 2030 delle Nazioni Unite per promuovere il contrasto alla crisi climatica","og_url":"https:\/\/www.intoscana.it\/it\/italian-music-team\/","og_site_name":"intoscana","article_publisher":"https:\/\/www.facebook.com\/intoscana.it","article_published_time":"2022-11-21T14:57:57+00:00","article_modified_time":"2022-11-21T15:20:10+00:00","og_image":[{"width":1756,"height":1181,"url":"https:\/\/www.intoscana.it\/wp-content\/uploads\/307872409_507229594741966_1706389974159285892_n.jpg","type":"image\/jpeg"}],"author":"Costanza Baldini","twitter_card":"summary_large_image","twitter_creator":"@intoscana","twitter_site":"@intoscana","twitter_misc":{"Written by":"Costanza Baldini","Est. reading time":"2 minuti"},"schema":{"@context":"https:\/\/schema.org","@graph":[{"@type":"WebPage","@id":"https:\/\/www.intoscana.it\/it\/italian-music-team\/","url":"https:\/\/www.intoscana.it\/it\/italian-music-team\/","name":"Nasce a Firenze l'Italian Music Team: la squadra che \"fa rumore\" per il pianeta - intoscana","isPartOf":{"@id":"https:\/\/www.intoscana.it\/it\/#website"},"primaryImageOfPage":{"@id":"https:\/\/www.intoscana.it\/it\/italian-music-team\/#primaryimage"},"image":{"@id":"https:\/\/www.intoscana.it\/it\/italian-music-team\/#primaryimage"},"thumbnailUrl":"https:\/\/www.intoscana.it\/wp-content\/uploads\/307872409_507229594741966_1706389974159285892_n.jpg","datePublished":"2022-11-21T14:57:57+00:00","dateModified":"2022-11-21T15:20:10+00:00","author":{"@id":"https:\/\/www.intoscana.it\/it\/#\/schema\/person\/d469f35f09739bdf00bf5dd3f0647a82"},"description":"La squadra \u00e8 stata creata per sostenere i principi dell'Agenda 2030 delle Nazioni Unite per promuovere il contrasto alla crisi climatica","breadcrumb":{"@id":"https:\/\/www.intoscana.it\/it\/italian-music-team\/#breadcrumb"},"inLanguage":"it-IT","potentialAction":[{"@type":"ReadAction","target":["https:\/\/www.intoscana.it\/it\/italian-music-team\/"]}]},{"@type":"ImageObject","inLanguage":"it-IT","@id":"https:\/\/www.intoscana.it\/it\/italian-music-team\/#primaryimage","url":"https:\/\/www.intoscana.it\/wp-content\/uploads\/307872409_507229594741966_1706389974159285892_n.jpg","contentUrl":"https:\/\/www.intoscana.it\/wp-content\/uploads\/307872409_507229594741966_1706389974159285892_n.jpg","width":1756,"height":1181},{"@type":"BreadcrumbList","@id":"https:\/\/www.intoscana.it\/it\/italian-music-team\/#breadcrumb","itemListElement":[{"@type":"ListItem","position":1,"name":"Home","item":"https:\/\/www.intoscana.it\/it\/"},{"@type":"ListItem","position":2,"name":"Nasce a Firenze l&#8217;Italian Music Team: la squadra che &#8220;fa rumore&#8221; per il pianeta"}]},{"@type":"WebSite","@id":"https:\/\/www.intoscana.it\/it\/#website","url":"https:\/\/www.intoscana.it\/it\/","name":"intoscana","description":"","potentialAction":[{"@type":"SearchAction","target":{"@type":"EntryPoint","urlTemplate":"https:\/\/www.intoscana.it\/it\/?s={search_term_string}"},"query-input":{"@type":"PropertyValueSpecification","valueRequired":true,"valueName":"search_term_string"}}],"inLanguage":"it-IT"},{"@type":"Person","@id":"https:\/\/www.intoscana.it\/it\/#\/schema\/person\/d469f35f09739bdf00bf5dd3f0647a82","name":"Costanza Baldini","url":"https:\/\/www.intoscana.it\/it\/author\/costanza-baldini\/"}]}},"_links":{"self":[{"href":"https:\/\/www.intoscana.it\/it\/wp-json\/wp\/v2\/posts\/259150","targetHints":{"allow":["GET"]}}],"collection":[{"href":"https:\/\/www.intoscana.it\/it\/wp-json\/wp\/v2\/posts"}],"about":[{"href":"https:\/\/www.intoscana.it\/it\/wp-json\/wp\/v2\/types\/post"}],"author":[{"embeddable":true,"href":"https:\/\/www.intoscana.it\/it\/wp-json\/wp\/v2\/users\/518"}],"replies":[{"embeddable":true,"href":"https:\/\/www.intoscana.it\/it\/wp-json\/wp\/v2\/comments?post=259150"}],"version-history":[{"count":0,"href":"https:\/\/www.intoscana.it\/it\/wp-json\/wp\/v2\/posts\/259150\/revisions"}],"wp:featuredmedia":[{"embeddable":true,"href":"https:\/\/www.intoscana.it\/it\/wp-json\/wp\/v2\/media\/259185"}],"wp:attachment":[{"href":"https:\/\/www.intoscana.it\/it\/wp-json\/wp\/v2\/media?parent=259150"}],"wp:term":[{"taxonomy":"category","embeddable":true,"href":"https:\/\/www.intoscana.it\/it\/wp-json\/wp\/v2\/categories?post=259150"},{"taxonomy":"post_tag","embeddable":true,"href":"https:\/\/www.intoscana.it\/it\/wp-json\/wp\/v2\/tags?post=259150"}],"curies":[{"name":"wp","href":"https:\/\/api.w.org\/{rel}","templated":true}]}}