{"id":259158,"date":"2022-11-21T16:30:27","date_gmt":"2022-11-21T15:30:27","guid":{"rendered":"https:\/\/www.intoscana.it\/it\/?p=259158"},"modified":"2022-11-22T15:57:13","modified_gmt":"2022-11-22T14:57:13","slug":"scuola-ecofriendly-e-a-prova-di-terremoto-la-nuova-media-di-staggia","status":"publish","type":"post","link":"https:\/\/www.intoscana.it\/it\/scuola-ecofriendly-e-a-prova-di-terremoto-la-nuova-media-di-staggia\/","title":{"rendered":"Scuola, ecofriendly e a prova di terremoto la &#8220;nuova&#8221; media di Staggia"},"content":{"rendered":"<p><mark>Adeguamento sismico ed efficientamento energetico per il restyling della scuola media di Staggia Senese<\/mark>, nel comune di Poggibonsi. L&#8217;istituto \u00e8 stato sottoposto a ingenti lavori di adeguamento e riqualificazione per circa un milione di euro. Significativo l&#8217;intervento della Regione Toscana che ha cofinanziato le opere con un contributo di 400.000 euro per rendere la scuola pi\u00f9 sicura, pi\u00f9 bella, migliorata sotto il profilo di efficientamento energetico e pi\u00f9 rispondente alle esigenze degli studenti.<\/p>\n<p>L\u2019intervento di adeguamento \u00e8 stato finanziato con contributo di <strong>400mila euro della Regione Toscana<\/strong> e con uno stanziamento diretto <strong>del Comune per 580mila euro<\/strong>. Nel gennaio 2021 i lavori sono iniziati e durante la realizzazione sono stati introdotti interventi per migliorare e realizzare <strong>l\u2019impianto di riscaldamento e di raffreddamento<\/strong>. Si \u00e8 deciso di <mark>intervenire sull\u2019edificio sotto il profilo statico e di adeguamento sismico e di efficientamento energetico<\/mark>.<\/p>\n<p>Il completamento dei lavori \u00e8 stato salutato dalla comunit\u00e0 scolastica alla presenza dell\u2019assessora all\u2019istruzione della Regione Toscana <strong>Alessandra Nardini<\/strong>.\u00a0Presenti anche la consigliera regionale <strong>Anna Paris<\/strong>, il sindaco di Poggibonsi <strong>David Bussagli<\/strong>, l\u2019assessora alle politiche educative <strong>Susanna Salvadori<\/strong>. A fare gli onori di casa a dirigente dell\u2019Istituto comprensivo 1 <strong>Annarita Magini<\/strong>, l\u2019ex dirigente scolastico, in carica fino alla fine di agosto, <strong>Manuela Becattelli<\/strong>, la ditta che ha eseguito i lavori, il direttore dei lavori.<\/p>\n<p>\u201c<em>E\u2019 una giornata bella, una giornata di festa<\/em> \u2013 ha dichiarato <strong>il sindaco Bussagli<\/strong> \u2013 <em>Finalmente abbiamo restituito alla comunit\u00e0 di Staggia questo spazio di crescita e di formazione, che nel 2018 abbiamo dovuto chiudere in seguito agli esiti delle verifiche statiche effettuate. Un esito inaspettato a cui abbiamo risposto tutti insieme costruendo il pi\u00f9 rapido percorso di adeguamento che ha visto anche il supporto fondamentale della Regione che ci ha aiutato nel reperire le risorse. Sono stati quattro anni lunghi in cui hanno inciso anche variabili esterne come il Covid. Oggi ci siamo, la scuola torna agli studenti, torna a disposizione del Comprensivo e di tutto il sistema scolastico<\/em>\u201d.<\/p>\n<figure id=\"post-259151 media-259151\" class=\"align-none\"><img decoding=\"async\" src=\"https:\/\/www.intoscana.it\/wp-content\/uploads\/Scuola-Staggia-Nardini-novembre-22.jpeg\" alt=\"\" \/><\/figure>\n<div class=\"titleimg\">L\u2019inaugurazione della scuola di Staggia al termine dei lavori<\/div>\n<p>\u201c<em>La restituzione di un edificio scolastico alla comunit\u00e0 scolastica e a tutto un territorio<\/em> \u2013 ha osservato l\u2019assessora regionale all\u2019istruzione <strong>Alessandra Nardini<\/strong> &#8211; <em>\u00e8 una festa, un bellissimo segnale di speranza e di fiducia nel futuro. Questo \u00e8 il messaggio che oggi arriva da Staggia senese. A maggior ragione dopo la pandemia, una fase che ha messo a dura prova il mondo della scuola, c&#8217;\u00e8 assoluto bisogno di investimenti. Per la Regione aver contribuito alla loro realizzazione \u00e8 motivo di grande soddisfazione. Vogliamo che le scuole toscane siano belle, sicure, accoglienti, inclusive, innovative e rispettose dell\u2019ambiente. L&#8217;architettura scolastica e gli spazi di apprendimento influiscono anche sulla qualit\u00e0 della didattica<\/em>\u201d.<\/p>\n<p>\u201c<em>Un nuovo inizio di anno scolastico<\/em> \u2013 ha detto <strong>l\u2019assessora Salvadori<\/strong> &#8211; \u00a0<em>La scuola torna a chi naturalmente la deve abitare oggi giorno. Grazie a tutti, agli studenti, ai genitori, al corpo docente, ai dirigenti che si sono succeduti. Grazie a chi i lavori li ha eseguiti e a tutti gli uffici dell\u2019amministrazione coinvolti non solo nella esecuzione dell\u2019intervento ma anche nella gestione dei servizi, degli spostamenti e di tutta la fase transitoria che si \u00e8 aperta nel 2018. Grazie anche per la pazienza perch\u00e9 il dialogo \u00e8 stato costante e ci ha permesso di costruire il percorso che ci ha portato oggi a riaprire questa nostra scuola<\/em>\u201d.<\/p>\n<p>\u201c<em>Una riapertura che \u00e8 frutto di un investimento importante, un milione di euro sono l\u2019equivalente di quattro, cinque appartamenti<\/em> \u2013 ha sottolineato <strong>la consigliera Paris<\/strong> \u2013 <em>E\u2019 frutto anche di una grande collaborazione prima di tutto fra Enti, con la Regione Toscana che ha dato un importante contributo alla realizzazione dell\u2019opera, ma anche fra tutti i soggetti coinvolti. Istituzioni, scuola, famiglie e ragazzi che collaborando hanno consentito e contribuito all\u2019adeguamento della scuola e alla sua riapertura<\/em>\u201d.<\/p>\n","protected":false},"excerpt":{"rendered":"<p>L&#8217;assessora Nardini alla riapertura dell&#8217;istituto sottoposto a lavori da un milione di euro per efficientamento energetico e adeguamento sismico<\/p>\n","protected":false},"author":525,"featured_media":259154,"comment_status":"open","ping_status":"open","sticky":false,"template":"","format":"standard","meta":{"_acf_changed":false,"footnotes":""},"categories":[19],"tags":[6226,4601,151,212,5310],"class_list":["post-259158","post","type-post","status-publish","format-standard","has-post-thumbnail","hentry","category-ambiente","tag-alessandra-nardini","tag-green","tag-regione-toscana","tag-scuola","tag-scuole-sicure"],"acf":[],"yoast_head":"<!-- This site is optimized with the Yoast SEO Premium plugin v24.2 (Yoast SEO v25.6) - https:\/\/yoast.com\/wordpress\/plugins\/seo\/ -->\n<title>Scuola, svolta ecofriendly per la &quot;nuova&quot; media di Staggia - intoscana<\/title>\n<meta name=\"description\" content=\"L&#039;assessora Nardini alla riapertura dell&#039;istituto sottoposto a lavori per efficientamento energetico e messa in sicurezza\" \/>\n<meta name=\"robots\" content=\"index, follow, max-snippet:-1, max-image-preview:large, max-video-preview:-1\" \/>\n<link rel=\"canonical\" href=\"https:\/\/www.intoscana.it\/it\/scuola-ecofriendly-e-a-prova-di-terremoto-la-nuova-media-di-staggia\/\" \/>\n<meta property=\"og:locale\" content=\"it_IT\" \/>\n<meta property=\"og:type\" content=\"article\" \/>\n<meta property=\"og:title\" content=\"Scuola, ecofriendly e a prova di terremoto la &quot;nuova&quot; media di Staggia\" \/>\n<meta property=\"og:description\" content=\"L&#039;assessora Nardini alla riapertura dell&#039;istituto sottoposto a lavori per efficientamento energetico e messa in sicurezza\" \/>\n<meta property=\"og:url\" content=\"https:\/\/www.intoscana.it\/it\/scuola-ecofriendly-e-a-prova-di-terremoto-la-nuova-media-di-staggia\/\" \/>\n<meta property=\"og:site_name\" content=\"intoscana\" \/>\n<meta property=\"article:publisher\" content=\"https:\/\/www.facebook.com\/intoscana.it\" \/>\n<meta property=\"article:published_time\" content=\"2022-11-21T15:30:27+00:00\" \/>\n<meta property=\"article:modified_time\" content=\"2022-11-22T14:57:13+00:00\" \/>\n<meta property=\"og:image\" content=\"https:\/\/www.intoscana.it\/wp-content\/uploads\/Scuola-Staggia-Nardini-novembre-22-2.jpeg\" \/>\n\t<meta property=\"og:image:width\" content=\"1000\" \/>\n\t<meta property=\"og:image:height\" content=\"750\" \/>\n\t<meta property=\"og:image:type\" content=\"image\/jpeg\" \/>\n<meta name=\"author\" content=\"Redazione\" \/>\n<meta name=\"twitter:card\" content=\"summary_large_image\" \/>\n<meta name=\"twitter:creator\" content=\"@intoscana\" \/>\n<meta name=\"twitter:site\" content=\"@intoscana\" \/>\n<meta name=\"twitter:label1\" content=\"Written by\" \/>\n\t<meta name=\"twitter:data1\" content=\"Redazione\" \/>\n\t<meta name=\"twitter:label2\" content=\"Est. reading time\" \/>\n\t<meta name=\"twitter:data2\" content=\"3 minuti\" \/>\n<script type=\"application\/ld+json\" class=\"yoast-schema-graph\">{\"@context\":\"https:\/\/schema.org\",\"@graph\":[{\"@type\":\"WebPage\",\"@id\":\"https:\/\/www.intoscana.it\/it\/scuola-ecofriendly-e-a-prova-di-terremoto-la-nuova-media-di-staggia\/\",\"url\":\"https:\/\/www.intoscana.it\/it\/scuola-ecofriendly-e-a-prova-di-terremoto-la-nuova-media-di-staggia\/\",\"name\":\"Scuola, svolta ecofriendly per la \\\"nuova\\\" media di Staggia - intoscana\",\"isPartOf\":{\"@id\":\"https:\/\/www.intoscana.it\/it\/#website\"},\"primaryImageOfPage\":{\"@id\":\"https:\/\/www.intoscana.it\/it\/scuola-ecofriendly-e-a-prova-di-terremoto-la-nuova-media-di-staggia\/#primaryimage\"},\"image\":{\"@id\":\"https:\/\/www.intoscana.it\/it\/scuola-ecofriendly-e-a-prova-di-terremoto-la-nuova-media-di-staggia\/#primaryimage\"},\"thumbnailUrl\":\"https:\/\/www.intoscana.it\/wp-content\/uploads\/Scuola-Staggia-Nardini-novembre-22-2.jpeg\",\"datePublished\":\"2022-11-21T15:30:27+00:00\",\"dateModified\":\"2022-11-22T14:57:13+00:00\",\"author\":{\"@id\":\"https:\/\/www.intoscana.it\/it\/#\/schema\/person\/9223810753230f20bd670fdd322661f8\"},\"description\":\"L'assessora Nardini alla riapertura dell'istituto sottoposto a lavori per efficientamento energetico e messa in sicurezza\",\"breadcrumb\":{\"@id\":\"https:\/\/www.intoscana.it\/it\/scuola-ecofriendly-e-a-prova-di-terremoto-la-nuova-media-di-staggia\/#breadcrumb\"},\"inLanguage\":\"it-IT\",\"potentialAction\":[{\"@type\":\"ReadAction\",\"target\":[\"https:\/\/www.intoscana.it\/it\/scuola-ecofriendly-e-a-prova-di-terremoto-la-nuova-media-di-staggia\/\"]}]},{\"@type\":\"ImageObject\",\"inLanguage\":\"it-IT\",\"@id\":\"https:\/\/www.intoscana.it\/it\/scuola-ecofriendly-e-a-prova-di-terremoto-la-nuova-media-di-staggia\/#primaryimage\",\"url\":\"https:\/\/www.intoscana.it\/wp-content\/uploads\/Scuola-Staggia-Nardini-novembre-22-2.jpeg\",\"contentUrl\":\"https:\/\/www.intoscana.it\/wp-content\/uploads\/Scuola-Staggia-Nardini-novembre-22-2.jpeg\",\"width\":1000,\"height\":750,\"caption\":\"La scuola di Staggia pi\u00f9 green e sicura\"},{\"@type\":\"BreadcrumbList\",\"@id\":\"https:\/\/www.intoscana.it\/it\/scuola-ecofriendly-e-a-prova-di-terremoto-la-nuova-media-di-staggia\/#breadcrumb\",\"itemListElement\":[{\"@type\":\"ListItem\",\"position\":1,\"name\":\"Home\",\"item\":\"https:\/\/www.intoscana.it\/it\/\"},{\"@type\":\"ListItem\",\"position\":2,\"name\":\"Scuola, ecofriendly e a prova di terremoto la &#8220;nuova&#8221; media di Staggia\"}]},{\"@type\":\"WebSite\",\"@id\":\"https:\/\/www.intoscana.it\/it\/#website\",\"url\":\"https:\/\/www.intoscana.it\/it\/\",\"name\":\"intoscana\",\"description\":\"\",\"potentialAction\":[{\"@type\":\"SearchAction\",\"target\":{\"@type\":\"EntryPoint\",\"urlTemplate\":\"https:\/\/www.intoscana.it\/it\/?s={search_term_string}\"},\"query-input\":{\"@type\":\"PropertyValueSpecification\",\"valueRequired\":true,\"valueName\":\"search_term_string\"}}],\"inLanguage\":\"it-IT\"},{\"@type\":\"Person\",\"@id\":\"https:\/\/www.intoscana.it\/it\/#\/schema\/person\/9223810753230f20bd670fdd322661f8\",\"name\":\"Redazione\",\"url\":\"https:\/\/www.intoscana.it\/it\/author\/redazione\/\"}]}<\/script>\n<!-- \/ Yoast SEO Premium plugin. -->","yoast_head_json":{"title":"Scuola, svolta ecofriendly per la \"nuova\" media di Staggia - intoscana","description":"L'assessora Nardini alla riapertura dell'istituto sottoposto a lavori per efficientamento energetico e messa in sicurezza","robots":{"index":"index","follow":"follow","max-snippet":"max-snippet:-1","max-image-preview":"max-image-preview:large","max-video-preview":"max-video-preview:-1"},"canonical":"https:\/\/www.intoscana.it\/it\/scuola-ecofriendly-e-a-prova-di-terremoto-la-nuova-media-di-staggia\/","og_locale":"it_IT","og_type":"article","og_title":"Scuola, ecofriendly e a prova di terremoto la \"nuova\" media di Staggia","og_description":"L'assessora Nardini alla riapertura dell'istituto sottoposto a lavori per efficientamento energetico e messa in sicurezza","og_url":"https:\/\/www.intoscana.it\/it\/scuola-ecofriendly-e-a-prova-di-terremoto-la-nuova-media-di-staggia\/","og_site_name":"intoscana","article_publisher":"https:\/\/www.facebook.com\/intoscana.it","article_published_time":"2022-11-21T15:30:27+00:00","article_modified_time":"2022-11-22T14:57:13+00:00","og_image":[{"width":1000,"height":750,"url":"https:\/\/www.intoscana.it\/wp-content\/uploads\/Scuola-Staggia-Nardini-novembre-22-2.jpeg","type":"image\/jpeg"}],"author":"Redazione","twitter_card":"summary_large_image","twitter_creator":"@intoscana","twitter_site":"@intoscana","twitter_misc":{"Written by":"Redazione","Est. reading time":"3 minuti"},"schema":{"@context":"https:\/\/schema.org","@graph":[{"@type":"WebPage","@id":"https:\/\/www.intoscana.it\/it\/scuola-ecofriendly-e-a-prova-di-terremoto-la-nuova-media-di-staggia\/","url":"https:\/\/www.intoscana.it\/it\/scuola-ecofriendly-e-a-prova-di-terremoto-la-nuova-media-di-staggia\/","name":"Scuola, svolta ecofriendly per la \"nuova\" media di Staggia - intoscana","isPartOf":{"@id":"https:\/\/www.intoscana.it\/it\/#website"},"primaryImageOfPage":{"@id":"https:\/\/www.intoscana.it\/it\/scuola-ecofriendly-e-a-prova-di-terremoto-la-nuova-media-di-staggia\/#primaryimage"},"image":{"@id":"https:\/\/www.intoscana.it\/it\/scuola-ecofriendly-e-a-prova-di-terremoto-la-nuova-media-di-staggia\/#primaryimage"},"thumbnailUrl":"https:\/\/www.intoscana.it\/wp-content\/uploads\/Scuola-Staggia-Nardini-novembre-22-2.jpeg","datePublished":"2022-11-21T15:30:27+00:00","dateModified":"2022-11-22T14:57:13+00:00","author":{"@id":"https:\/\/www.intoscana.it\/it\/#\/schema\/person\/9223810753230f20bd670fdd322661f8"},"description":"L'assessora Nardini alla riapertura dell'istituto sottoposto a lavori per efficientamento energetico e messa in sicurezza","breadcrumb":{"@id":"https:\/\/www.intoscana.it\/it\/scuola-ecofriendly-e-a-prova-di-terremoto-la-nuova-media-di-staggia\/#breadcrumb"},"inLanguage":"it-IT","potentialAction":[{"@type":"ReadAction","target":["https:\/\/www.intoscana.it\/it\/scuola-ecofriendly-e-a-prova-di-terremoto-la-nuova-media-di-staggia\/"]}]},{"@type":"ImageObject","inLanguage":"it-IT","@id":"https:\/\/www.intoscana.it\/it\/scuola-ecofriendly-e-a-prova-di-terremoto-la-nuova-media-di-staggia\/#primaryimage","url":"https:\/\/www.intoscana.it\/wp-content\/uploads\/Scuola-Staggia-Nardini-novembre-22-2.jpeg","contentUrl":"https:\/\/www.intoscana.it\/wp-content\/uploads\/Scuola-Staggia-Nardini-novembre-22-2.jpeg","width":1000,"height":750,"caption":"La scuola di Staggia pi\u00f9 green e sicura"},{"@type":"BreadcrumbList","@id":"https:\/\/www.intoscana.it\/it\/scuola-ecofriendly-e-a-prova-di-terremoto-la-nuova-media-di-staggia\/#breadcrumb","itemListElement":[{"@type":"ListItem","position":1,"name":"Home","item":"https:\/\/www.intoscana.it\/it\/"},{"@type":"ListItem","position":2,"name":"Scuola, ecofriendly e a prova di terremoto la &#8220;nuova&#8221; media di Staggia"}]},{"@type":"WebSite","@id":"https:\/\/www.intoscana.it\/it\/#website","url":"https:\/\/www.intoscana.it\/it\/","name":"intoscana","description":"","potentialAction":[{"@type":"SearchAction","target":{"@type":"EntryPoint","urlTemplate":"https:\/\/www.intoscana.it\/it\/?s={search_term_string}"},"query-input":{"@type":"PropertyValueSpecification","valueRequired":true,"valueName":"search_term_string"}}],"inLanguage":"it-IT"},{"@type":"Person","@id":"https:\/\/www.intoscana.it\/it\/#\/schema\/person\/9223810753230f20bd670fdd322661f8","name":"Redazione","url":"https:\/\/www.intoscana.it\/it\/author\/redazione\/"}]}},"_links":{"self":[{"href":"https:\/\/www.intoscana.it\/it\/wp-json\/wp\/v2\/posts\/259158","targetHints":{"allow":["GET"]}}],"collection":[{"href":"https:\/\/www.intoscana.it\/it\/wp-json\/wp\/v2\/posts"}],"about":[{"href":"https:\/\/www.intoscana.it\/it\/wp-json\/wp\/v2\/types\/post"}],"author":[{"embeddable":true,"href":"https:\/\/www.intoscana.it\/it\/wp-json\/wp\/v2\/users\/525"}],"replies":[{"embeddable":true,"href":"https:\/\/www.intoscana.it\/it\/wp-json\/wp\/v2\/comments?post=259158"}],"version-history":[{"count":0,"href":"https:\/\/www.intoscana.it\/it\/wp-json\/wp\/v2\/posts\/259158\/revisions"}],"wp:featuredmedia":[{"embeddable":true,"href":"https:\/\/www.intoscana.it\/it\/wp-json\/wp\/v2\/media\/259154"}],"wp:attachment":[{"href":"https:\/\/www.intoscana.it\/it\/wp-json\/wp\/v2\/media?parent=259158"}],"wp:term":[{"taxonomy":"category","embeddable":true,"href":"https:\/\/www.intoscana.it\/it\/wp-json\/wp\/v2\/categories?post=259158"},{"taxonomy":"post_tag","embeddable":true,"href":"https:\/\/www.intoscana.it\/it\/wp-json\/wp\/v2\/tags?post=259158"}],"curies":[{"name":"wp","href":"https:\/\/api.w.org\/{rel}","templated":true}]}}