{"id":259282,"date":"2022-11-22T10:49:35","date_gmt":"2022-11-22T09:49:35","guid":{"rendered":"https:\/\/www.intoscana.it\/it\/?p=259282"},"modified":"2022-11-22T10:59:33","modified_gmt":"2022-11-22T09:59:33","slug":"dalla-regione-toscana-una-strategia-per-politiche-di-genere-con-misure-capillari-e-continuative","status":"publish","type":"post","link":"https:\/\/www.intoscana.it\/it\/dalla-regione-toscana-una-strategia-per-politiche-di-genere-con-misure-capillari-e-continuative\/","title":{"rendered":"Dalla Regione Toscana una strategia per politiche di genere con misure capillari e continuative"},"content":{"rendered":"<p>Si \u00e8 concluso il viaggio nella<a href=\"https:\/\/www.intoscana.it\/it\/articolo\/la-toscana-delle-donne-sette-giorni-di-eventi-per-riflettere-su-diritti-salute-sport\/\" target=\"_blank\" rel=\"noopener\"> <strong>Toscana delle politiche di genere<\/strong><\/a> iniziato a maggio 2022 grazie alla <strong>Commissione Regionale Pari Opportunit\u00e0.<\/strong><\/p>\n<p><a href=\"https:\/\/www.intoscana.it\/it\/dettaglio-video\/pari-opportunita-di-pari-passo\/\" target=\"_blank\" rel=\"noopener\"><strong>\u201cDi pari passo\u201d<\/strong> <\/a>questo il titolo della mattinata dedicata alle pari opportunit\u00e0 e alle<strong> donne nel mondo del lavoro,<\/strong> dell\u2019agricoltura, dell\u2019ambiente, del mondo delle istituzioni.<\/p>\n<p>Il convegno organizzato dalla <strong>Regione <\/strong>\u00e8 stato il punto di partenza per la creazione di<strong> una strategia con misure di sistema, continuative, capillari e uguali<\/strong> su<strong> tutto il territorio della Toscana<\/strong>, affrontando cos\u00ec anche una delle debolezze delle politiche di genere, cio\u00e8 la<strong> frammentariet\u00e0 o il carattere temporaneo delle iniziative.<\/strong><\/p>\n<p><em>\u201cRiunire cos\u00ec tante donne fortemente impegnate, ad alto livello, nella societ\u00e0 \u00e8 un modo per creare un nuovo modo di percepire la donna e per contribuire ad abbattere la violenza di genere\u201d; <\/em>a dirlo il <strong>presidente della Regione Toscana Eugenio Giani<\/strong> del convegno \u2018<em><strong>Di pari passo\u2019<\/strong><\/em>, organizzato dalla Commissione pari opportunit\u00e0 del Consiglio regionale nell\u2019ambito de \u2018<em><strong>La Toscana delle donne\u2019.<\/strong><\/em><\/p>\n<p><em>\u201cE\u2019 dimostrato \u2013 <\/em>ha aggiunto Giani &#8211;<em> che pi\u00f9 sono i ruoli assegnati a donne nella societ\u00e0, pi\u00f9 quella societ\u00e0 va a migliorarsi. Nelle imprese, sul lavoro, cos\u00ec come nei ruoli pubblici, quando c\u2019\u00e8 una donna c\u2019\u00e8 preparazione, dedizione, metodo e costanza. Nella politica e nelle istituzioni sono state imposte le quote rosa per \u2018avviare\u2019 una maggiore presenza femminile, dopo di che le donne si sono conquistate i ruoli attraverso capacit\u00e0 e competenza. Certo, le quote non possono essere imposte in economia ma ci possono essere comunque delle azioni di supporto, anche perch\u00e9 vediamo che man mano che nel quadro economico acquistano maggiore ruolo le donne, sia come imprenditrici che come rappresentanti sindacali, le cose vanno progressivamente a migliorare\u201d.<\/em><\/p>\n<p>Riflettendo sul tema della<a href=\"https:\/\/www.intoscana.it\/it\/articolo\/violenza-di-genere-quasi-2000-donne-in-codice-rosa-nel-2021\/\" target=\"_blank\" rel=\"noopener\"><strong> violenza di genere<\/strong><\/a>, oggetto della discussione pomeridiana de \u2018La Toscana delle donne\u2019, Giani ha inoltre aggiunto:<em> \u201cSulle questioni della parit\u00e0 di genere e sulla denuncia delle violenze dobbiamo portare avanti una strategia di \u2018rottura dell\u2019omert\u00e0\u2019 simile a quella utilizzata a seguito delle grandi stragi di mafia. Dobbiamo sempre favorire e mettere nelle migliori condizioni possibili le donne che denunciano casi di violenza o sopraffazione\u201d.<\/em><\/p>\n<p><em>\u201cCon gli Stati generali delle pari opportunit\u00e0 \u2013 <\/em>ha spiegato<strong> Cristina Manetti, Capo di Gabinetto<\/strong> della presidenza della Regione \u00a0&#8211;<em> la presidente della Commissione Francesca Basanieri ha avuto modo di girare la regione e di conoscere da vicino molte realt\u00e0 e molte buone pratiche, fotografando la situazione attuale in Toscana. Oggi tiriamo le fila di questo lavoro con molte amministratrici e procediamo attraverso il ricco programma de \u2018La Toscana delle donne\u2019 presentando il XIV Rapporto sulla violenza di genere, con un\u2019incursione nel rapporto tra donne e sport grazie al contributo di Maria Sole Ferrieri Caputi, prima donna arbitro della serie A di calcio. Siamo molto contenti della risposta che questa iniziativa sta ricevendo\u201d. \u201cResta ancora molto lavoro da fare sulle pari opportunit\u00e0, in Toscana come ovunque \u2013 ha aggiunto Manetti &#8211; Molti passi in avanti sono stati fatti sulla forma ma molto resta da fare nella sostanza. Questo \u00e8 quanto ci dicono i numeri, ad esempio quelli sull\u2019occupazione femminile e sulla retribuzione. Senza parlare della violenza di genere e ricordiamo che c\u2019\u00e8 una stretta correlazione tra il modo in cui la donna cresce all\u2019interno della societ\u00e0 e la crescita e la diminuzione del numero dei casi di violenza\u201d.<\/em><\/p>\n<p><em>&#8220;La Commissione Pari Opportunit\u00e0 del Consiglio regionale \u00e8 l\u2019organismo di controllo che si occupa di parit\u00e0 di genere<\/em> &#8211; ha spiegato la Presidente della Commissione, <strong>Francesca Basanieri<\/strong> &#8211;<em> Il nostro obiettivo \u00e8 fare in modo che tutte le iniziative ed i progetti che la Regione sta mettendo in campo siano recepiti in maniera uniforme su tutto il territorio regionale, questo perch\u00e9 vogliamo che le donne costruiscano il loro futuro e siano libere di formarsi, lavorare ed autodeterminarsi. Questo \u00e8 l\u2019unico modo per combattere stereotipi, discriminazioni e anche dunque anche la violenza di genere&#8221;<\/em><\/p>\n<p><em>&#8220;Voglio davvero ringraziare di cuore la presidente Francesca Basanieri e tutte le commissarie per il loro preziosissimo impegno e per il percorso partecipato che con gli Stati generali delle Pari Opportunit\u00e0 hanno messo in campo in tutte le Province toscane&#8221; &#8211; <\/em>ha detto l\u2019assessora all\u2019Istruzione, formazione, lavoro, universit\u00e0 e pari opportunit\u00e0 <strong>Alessandra Nardini<\/strong> &#8211;<em> che poi ha proseguito: &#8220;oggi abbiamo approfondito quanto emerso, diffuso le buone pratiche e ci siamo interrogate e interrogati sulle criticit\u00e0. Lo abbiamo fatto parlando di pari opportunit\u00e0 nei vari settori e rispetto alle varie poliche che la Regione mette in campo, perche&#8217; siamo consapevoli che questo \u00e8 &#8211; e deve essere &#8211; un tema trasversale. Come Regione siamo stati apripista su questo tema, dotandoci di una apposita legge regionale, la legge 16\/2009 &#8216;Cittadinanza di genere&#8217;, che quest&#8217;anno siamo tornati a rifinanziare. Un impegno mantenuto, un rifinanziamento che vogliamo rendere stabile grazie al nuovo settennato dei fondi strutturali europei. Quest&#8217;anno, con l&#8217;adesione di tutte le Province toscane e della Citt\u00e0 Metropolitana di Firenze, metteremo in campo progetti finalizzati a sostenere le studentesse che scelgono percorsi universitari relativi alle materie STEM (Scienze, Tecnologia, Ingegneria e Matematica), percorsi formativi per favorire l&#8217;occupazione femminile, incentiveremo la redazione di bilanci di genere per Comuni e Province, in modo da analizzare e prendere coscienza di come le scelte degli enti locali vadano ad impattare sulla qualit\u00e0 di vita delle cittadine e dei cittadini e soprattutto metteremo in campo progetti nelle scuole, diffusi su tutto il territorio regionale, con l&#8217;obiettivo di promuovere la cultura del rispetto e della parit\u00e0 e di destrutturare gli stereotipi di genere. Vogliamo continuare a lavorare insieme alla Commissione Pari Opportunit\u00e0 \u2013 ha concluso l&#8217;assessora Nardini &#8211; per una Toscana sempre pi\u00f9 terra di diritti, libert\u00e0 e pari opportunit\u00e0&#8221;.<\/em><\/p>\n<p><em>\u201cLa presenza delle donne \u00e8 sempre pi\u00f9 importante in agricoltura in Toscana in termini numerici e in termini di qualit\u00e0 \u2013<\/em> ha detto la vicepresidente e assessora all\u2019agroalimentare<strong> Stefania Saccardi<\/strong> <em>&#8211; Perch\u00e9 abbiamo sempre pi\u00f9 aziende condotte da donne e perch\u00e9 sempre pi\u00f9 aziende di valore sono guidate da donne anche nelle zone pi\u00f9 difficili, dove le donne si fanno carico di preservare razze animali in via di estinzione o colture sempre meno frequenti. Direi che la presenza femminile aiuta non solo il settore ma anche le attivit\u00e0 collaterali. Penso agli agriturismi, di cui la Toscana ha il numero pi\u00f9 alto in Italia, quindi a tutto l\u2019aspetto dell\u2019ospitalit\u00e0, con l\u2019oleoturismo e l\u2019enoturismo affidati spesso alle donne, alla loro sensibilit\u00e0 e capacit\u00e0 di relazione. Una presenza dunque forte e qualificata rispetto alla quale proviamo a declinare politiche che aiutino, sostengano e favoriscano la presenza di donne in agricoltura\u201d.<\/em><\/p>\n","protected":false},"excerpt":{"rendered":"<p>Il convegno &#8220;Di pari passo&#8221; organizzato dalla Regione Toscana \u00e8 stato il punto di partenza per la creazione di una strategia con misure di sistema, continuative e uguali su tutto il territorio<\/p>\n","protected":false},"author":525,"featured_media":235718,"comment_status":"open","ping_status":"open","sticky":false,"template":"","format":"standard","meta":{"_acf_changed":false,"footnotes":""},"categories":[494],"tags":[411,158,6557,151],"class_list":["post-259282","post","type-post","status-publish","format-standard","has-post-thumbnail","hentry","category-attualita","tag-donne","tag-eugenio-giani","tag-la-toscana-delle-donne","tag-regione-toscana"],"acf":[],"yoast_head":"<!-- This site is optimized with the Yoast SEO Premium plugin v24.2 (Yoast SEO v25.6) - https:\/\/yoast.com\/wordpress\/plugins\/seo\/ -->\n<title>Dalla Regione Toscana una strategia per politiche di genere con misure capillari e continuative - intoscana<\/title>\n<meta name=\"description\" content=\"Il convegno &quot;Di pari passo&quot; organizzato dalla Regione Toscana \u00e8 stato il punto di partenza per la creazione di una strategia sul territorio\" \/>\n<meta name=\"robots\" content=\"index, follow, max-snippet:-1, max-image-preview:large, max-video-preview:-1\" \/>\n<link rel=\"canonical\" href=\"https:\/\/www.intoscana.it\/it\/dalla-regione-toscana-una-strategia-per-politiche-di-genere-con-misure-capillari-e-continuative\/\" \/>\n<meta property=\"og:locale\" content=\"it_IT\" \/>\n<meta property=\"og:type\" content=\"article\" \/>\n<meta property=\"og:title\" content=\"Dalla Regione Toscana una strategia per politiche di genere con misure capillari e continuative\" \/>\n<meta property=\"og:description\" content=\"Il convegno &quot;Di pari passo&quot; organizzato dalla Regione Toscana \u00e8 stato il punto di partenza per la creazione di una strategia sul territorio\" \/>\n<meta property=\"og:url\" content=\"https:\/\/www.intoscana.it\/it\/dalla-regione-toscana-una-strategia-per-politiche-di-genere-con-misure-capillari-e-continuative\/\" \/>\n<meta property=\"og:site_name\" content=\"intoscana\" \/>\n<meta property=\"article:publisher\" content=\"https:\/\/www.facebook.com\/intoscana.it\" \/>\n<meta property=\"article:published_time\" content=\"2022-11-22T09:49:35+00:00\" \/>\n<meta property=\"article:modified_time\" content=\"2022-11-22T09:59:33+00:00\" \/>\n<meta property=\"og:image\" content=\"https:\/\/www.intoscana.it\/wp-content\/uploads\/Donne-che-lavorano-scaled.jpg\" \/>\n\t<meta property=\"og:image:width\" content=\"2048\" \/>\n\t<meta property=\"og:image:height\" content=\"1366\" \/>\n\t<meta property=\"og:image:type\" content=\"image\/jpeg\" \/>\n<meta name=\"author\" content=\"Redazione\" \/>\n<meta name=\"twitter:card\" content=\"summary_large_image\" \/>\n<meta name=\"twitter:creator\" content=\"@intoscana\" \/>\n<meta name=\"twitter:site\" content=\"@intoscana\" \/>\n<meta name=\"twitter:label1\" content=\"Written by\" \/>\n\t<meta name=\"twitter:data1\" content=\"Redazione\" \/>\n\t<meta name=\"twitter:label2\" content=\"Est. reading time\" \/>\n\t<meta name=\"twitter:data2\" content=\"5 minuti\" \/>\n<script type=\"application\/ld+json\" class=\"yoast-schema-graph\">{\"@context\":\"https:\/\/schema.org\",\"@graph\":[{\"@type\":\"WebPage\",\"@id\":\"https:\/\/www.intoscana.it\/it\/dalla-regione-toscana-una-strategia-per-politiche-di-genere-con-misure-capillari-e-continuative\/\",\"url\":\"https:\/\/www.intoscana.it\/it\/dalla-regione-toscana-una-strategia-per-politiche-di-genere-con-misure-capillari-e-continuative\/\",\"name\":\"Dalla Regione Toscana una strategia per politiche di genere con misure capillari e continuative - intoscana\",\"isPartOf\":{\"@id\":\"https:\/\/www.intoscana.it\/it\/#website\"},\"primaryImageOfPage\":{\"@id\":\"https:\/\/www.intoscana.it\/it\/dalla-regione-toscana-una-strategia-per-politiche-di-genere-con-misure-capillari-e-continuative\/#primaryimage\"},\"image\":{\"@id\":\"https:\/\/www.intoscana.it\/it\/dalla-regione-toscana-una-strategia-per-politiche-di-genere-con-misure-capillari-e-continuative\/#primaryimage\"},\"thumbnailUrl\":\"https:\/\/www.intoscana.it\/wp-content\/uploads\/Donne-che-lavorano-scaled.jpg\",\"datePublished\":\"2022-11-22T09:49:35+00:00\",\"dateModified\":\"2022-11-22T09:59:33+00:00\",\"author\":{\"@id\":\"https:\/\/www.intoscana.it\/it\/#\/schema\/person\/9223810753230f20bd670fdd322661f8\"},\"description\":\"Il convegno \\\"Di pari passo\\\" organizzato dalla Regione Toscana \u00e8 stato il punto di partenza per la creazione di una strategia sul territorio\",\"breadcrumb\":{\"@id\":\"https:\/\/www.intoscana.it\/it\/dalla-regione-toscana-una-strategia-per-politiche-di-genere-con-misure-capillari-e-continuative\/#breadcrumb\"},\"inLanguage\":\"it-IT\",\"potentialAction\":[{\"@type\":\"ReadAction\",\"target\":[\"https:\/\/www.intoscana.it\/it\/dalla-regione-toscana-una-strategia-per-politiche-di-genere-con-misure-capillari-e-continuative\/\"]}]},{\"@type\":\"ImageObject\",\"inLanguage\":\"it-IT\",\"@id\":\"https:\/\/www.intoscana.it\/it\/dalla-regione-toscana-una-strategia-per-politiche-di-genere-con-misure-capillari-e-continuative\/#primaryimage\",\"url\":\"https:\/\/www.intoscana.it\/wp-content\/uploads\/Donne-che-lavorano-scaled.jpg\",\"contentUrl\":\"https:\/\/www.intoscana.it\/wp-content\/uploads\/Donne-che-lavorano-scaled.jpg\",\"width\":2048,\"height\":1366,\"caption\":\"Donna che lavora\"},{\"@type\":\"BreadcrumbList\",\"@id\":\"https:\/\/www.intoscana.it\/it\/dalla-regione-toscana-una-strategia-per-politiche-di-genere-con-misure-capillari-e-continuative\/#breadcrumb\",\"itemListElement\":[{\"@type\":\"ListItem\",\"position\":1,\"name\":\"Home\",\"item\":\"https:\/\/www.intoscana.it\/it\/\"},{\"@type\":\"ListItem\",\"position\":2,\"name\":\"Dalla Regione Toscana una strategia per politiche di genere con misure capillari e continuative\"}]},{\"@type\":\"WebSite\",\"@id\":\"https:\/\/www.intoscana.it\/it\/#website\",\"url\":\"https:\/\/www.intoscana.it\/it\/\",\"name\":\"intoscana\",\"description\":\"\",\"potentialAction\":[{\"@type\":\"SearchAction\",\"target\":{\"@type\":\"EntryPoint\",\"urlTemplate\":\"https:\/\/www.intoscana.it\/it\/?s={search_term_string}\"},\"query-input\":{\"@type\":\"PropertyValueSpecification\",\"valueRequired\":true,\"valueName\":\"search_term_string\"}}],\"inLanguage\":\"it-IT\"},{\"@type\":\"Person\",\"@id\":\"https:\/\/www.intoscana.it\/it\/#\/schema\/person\/9223810753230f20bd670fdd322661f8\",\"name\":\"Redazione\",\"url\":\"https:\/\/www.intoscana.it\/it\/author\/redazione\/\"}]}<\/script>\n<!-- \/ Yoast SEO Premium plugin. -->","yoast_head_json":{"title":"Dalla Regione Toscana una strategia per politiche di genere con misure capillari e continuative - intoscana","description":"Il convegno \"Di pari passo\" organizzato dalla Regione Toscana \u00e8 stato il punto di partenza per la creazione di una strategia sul territorio","robots":{"index":"index","follow":"follow","max-snippet":"max-snippet:-1","max-image-preview":"max-image-preview:large","max-video-preview":"max-video-preview:-1"},"canonical":"https:\/\/www.intoscana.it\/it\/dalla-regione-toscana-una-strategia-per-politiche-di-genere-con-misure-capillari-e-continuative\/","og_locale":"it_IT","og_type":"article","og_title":"Dalla Regione Toscana una strategia per politiche di genere con misure capillari e continuative","og_description":"Il convegno \"Di pari passo\" organizzato dalla Regione Toscana \u00e8 stato il punto di partenza per la creazione di una strategia sul territorio","og_url":"https:\/\/www.intoscana.it\/it\/dalla-regione-toscana-una-strategia-per-politiche-di-genere-con-misure-capillari-e-continuative\/","og_site_name":"intoscana","article_publisher":"https:\/\/www.facebook.com\/intoscana.it","article_published_time":"2022-11-22T09:49:35+00:00","article_modified_time":"2022-11-22T09:59:33+00:00","og_image":[{"width":2048,"height":1366,"url":"https:\/\/www.intoscana.it\/wp-content\/uploads\/Donne-che-lavorano-scaled.jpg","type":"image\/jpeg"}],"author":"Redazione","twitter_card":"summary_large_image","twitter_creator":"@intoscana","twitter_site":"@intoscana","twitter_misc":{"Written by":"Redazione","Est. reading time":"5 minuti"},"schema":{"@context":"https:\/\/schema.org","@graph":[{"@type":"WebPage","@id":"https:\/\/www.intoscana.it\/it\/dalla-regione-toscana-una-strategia-per-politiche-di-genere-con-misure-capillari-e-continuative\/","url":"https:\/\/www.intoscana.it\/it\/dalla-regione-toscana-una-strategia-per-politiche-di-genere-con-misure-capillari-e-continuative\/","name":"Dalla Regione Toscana una strategia per politiche di genere con misure capillari e continuative - intoscana","isPartOf":{"@id":"https:\/\/www.intoscana.it\/it\/#website"},"primaryImageOfPage":{"@id":"https:\/\/www.intoscana.it\/it\/dalla-regione-toscana-una-strategia-per-politiche-di-genere-con-misure-capillari-e-continuative\/#primaryimage"},"image":{"@id":"https:\/\/www.intoscana.it\/it\/dalla-regione-toscana-una-strategia-per-politiche-di-genere-con-misure-capillari-e-continuative\/#primaryimage"},"thumbnailUrl":"https:\/\/www.intoscana.it\/wp-content\/uploads\/Donne-che-lavorano-scaled.jpg","datePublished":"2022-11-22T09:49:35+00:00","dateModified":"2022-11-22T09:59:33+00:00","author":{"@id":"https:\/\/www.intoscana.it\/it\/#\/schema\/person\/9223810753230f20bd670fdd322661f8"},"description":"Il convegno \"Di pari passo\" organizzato dalla Regione Toscana \u00e8 stato il punto di partenza per la creazione di una strategia sul territorio","breadcrumb":{"@id":"https:\/\/www.intoscana.it\/it\/dalla-regione-toscana-una-strategia-per-politiche-di-genere-con-misure-capillari-e-continuative\/#breadcrumb"},"inLanguage":"it-IT","potentialAction":[{"@type":"ReadAction","target":["https:\/\/www.intoscana.it\/it\/dalla-regione-toscana-una-strategia-per-politiche-di-genere-con-misure-capillari-e-continuative\/"]}]},{"@type":"ImageObject","inLanguage":"it-IT","@id":"https:\/\/www.intoscana.it\/it\/dalla-regione-toscana-una-strategia-per-politiche-di-genere-con-misure-capillari-e-continuative\/#primaryimage","url":"https:\/\/www.intoscana.it\/wp-content\/uploads\/Donne-che-lavorano-scaled.jpg","contentUrl":"https:\/\/www.intoscana.it\/wp-content\/uploads\/Donne-che-lavorano-scaled.jpg","width":2048,"height":1366,"caption":"Donna che lavora"},{"@type":"BreadcrumbList","@id":"https:\/\/www.intoscana.it\/it\/dalla-regione-toscana-una-strategia-per-politiche-di-genere-con-misure-capillari-e-continuative\/#breadcrumb","itemListElement":[{"@type":"ListItem","position":1,"name":"Home","item":"https:\/\/www.intoscana.it\/it\/"},{"@type":"ListItem","position":2,"name":"Dalla Regione Toscana una strategia per politiche di genere con misure capillari e continuative"}]},{"@type":"WebSite","@id":"https:\/\/www.intoscana.it\/it\/#website","url":"https:\/\/www.intoscana.it\/it\/","name":"intoscana","description":"","potentialAction":[{"@type":"SearchAction","target":{"@type":"EntryPoint","urlTemplate":"https:\/\/www.intoscana.it\/it\/?s={search_term_string}"},"query-input":{"@type":"PropertyValueSpecification","valueRequired":true,"valueName":"search_term_string"}}],"inLanguage":"it-IT"},{"@type":"Person","@id":"https:\/\/www.intoscana.it\/it\/#\/schema\/person\/9223810753230f20bd670fdd322661f8","name":"Redazione","url":"https:\/\/www.intoscana.it\/it\/author\/redazione\/"}]}},"_links":{"self":[{"href":"https:\/\/www.intoscana.it\/it\/wp-json\/wp\/v2\/posts\/259282","targetHints":{"allow":["GET"]}}],"collection":[{"href":"https:\/\/www.intoscana.it\/it\/wp-json\/wp\/v2\/posts"}],"about":[{"href":"https:\/\/www.intoscana.it\/it\/wp-json\/wp\/v2\/types\/post"}],"author":[{"embeddable":true,"href":"https:\/\/www.intoscana.it\/it\/wp-json\/wp\/v2\/users\/525"}],"replies":[{"embeddable":true,"href":"https:\/\/www.intoscana.it\/it\/wp-json\/wp\/v2\/comments?post=259282"}],"version-history":[{"count":0,"href":"https:\/\/www.intoscana.it\/it\/wp-json\/wp\/v2\/posts\/259282\/revisions"}],"wp:featuredmedia":[{"embeddable":true,"href":"https:\/\/www.intoscana.it\/it\/wp-json\/wp\/v2\/media\/235718"}],"wp:attachment":[{"href":"https:\/\/www.intoscana.it\/it\/wp-json\/wp\/v2\/media?parent=259282"}],"wp:term":[{"taxonomy":"category","embeddable":true,"href":"https:\/\/www.intoscana.it\/it\/wp-json\/wp\/v2\/categories?post=259282"},{"taxonomy":"post_tag","embeddable":true,"href":"https:\/\/www.intoscana.it\/it\/wp-json\/wp\/v2\/tags?post=259282"}],"curies":[{"name":"wp","href":"https:\/\/api.w.org\/{rel}","templated":true}]}}