{"id":259295,"date":"2022-11-22T11:40:02","date_gmt":"2022-11-22T10:40:02","guid":{"rendered":"https:\/\/www.intoscana.it\/it\/?p=259295"},"modified":"2022-11-22T11:40:02","modified_gmt":"2022-11-22T10:40:02","slug":"giorgio-vasari-palazzo-vecchio-visita-guidata","status":"publish","type":"post","link":"https:\/\/www.intoscana.it\/it\/giorgio-vasari-palazzo-vecchio-visita-guidata\/","title":{"rendered":"Alla scoperta dei segreti di Palazzo Vecchio insieme a Giorgio Vasari"},"content":{"rendered":"<p>Dopo due anni di sospensione a causa della pandemia, <strong>Giorgio Vasari in persona<\/strong> torner\u00e0 a svelare i <strong>&#8220;segreti&#8221; di <a href=\"https:\/\/www.intoscana.it\/it\/articolo\/a-palazzo-vecchio-riapre-dopo-un-lungo-restauro-la-sala-delle-carte-geografiche\/\" target=\"_blank\" rel=\"noopener\">Palazzo Vecchio.<\/a><\/strong><\/p>\n<p>Al <strong>Museo di Palazzo Vecchio<\/strong> tornano le esperienze di <strong>&#8220;living history&#8221;<\/strong>: ogni domenica due occasioni per farsi accompagnare dall\u2019<strong>architetto di corte.<\/strong><\/p>\n<p>Alle 11 e alle 12:30 prender\u00e0 vita l\u2019esperienza dedicata a giovani e adulti (dai 10 anni in su) che vedr\u00e0 protagonista proprio il direttore dei cantieri ducali, nonch\u00e9 geniale autore delle <em><strong>Vite de&#8217; pi\u00f9 eccellenti pittori, scultori e architettori<\/strong><\/em> e dei Ragionamenti.<\/p>\n<p>In <strong>un dialogo al di l\u00e0 del tempo,<\/strong> la visita guidata permetter\u00e0 un vero e proprio <strong>tuffo nel passato<\/strong> e consentir\u00e0 di apprezzare in forma inedita la chiave del programma decorativo e i suoi principali capolavori.<\/p>\n<figure id=\"post-259296 media-259296\" class=\"align-none\"><img decoding=\"async\" src=\"https:\/\/www.intoscana.it\/wp-content\/uploads\/Living-history-Giorgio-Vasari-Palazzo-Vecchio_2-scaled.jpg\" alt=\"\" \/><\/figure>\n<p>\u00c8 nel 1555 che<strong> Giorgio Vasari<\/strong>, pittore, architetto e scrittore aretino diventa il responsabile del <strong>cantiere di <a href=\"https:\/\/www.intoscana.it\/it\/articolo\/salone-dei-cinquecento-di-palazzo-vecchio-al-via-il-monitoraggio-del-soffitto-realizzato-da-giorgio-vasari\/\" target=\"_blank\" rel=\"noopener\">Palazzo Vecchio<\/a><\/strong> e compie un immenso lavoro per trasformare l\u2019antico edificio da lui definito <em><strong>\u201ctutto storpiato e guasto\u201d<\/strong><\/em> in una sontuosa <strong>reggia rinascimentale.<\/strong><\/p>\n<p>Nel dialogo con il pubblico <strong>la storia riprende vita<\/strong> e il maestro Vasari in persona illustra ai visitatori le linee di politica culturale del suo<strong> signor Duca Cosimo I de\u2019 Medici,<\/strong> committente assoluto degli interventi, e il suo contributo a capo di una nutrita schiera di collaboratori &#8211; artisti, artigiani, manovali &#8211; per la realizzazione del complesso programma iconografico del<strong> palazzo ducale.<\/strong><\/p>\n<p>Dai ricetti alle stanze, fino al grandioso Salone dei Cinquecento: tutto concorre a illustrare la storia di Firenze e<strong> celebrare il potere della famiglia dei Medici.<\/strong><\/p>\n<p><strong>Biglietti:<\/strong> \u20ac2,50 (residenti Citt\u00e0 Metropolitana di Firenze) o di \u20ac5 (non residenti Citt\u00e0 Metropolitana di Firenze) oltre al biglietto di ingresso al museo. Riduzione 2\u00d71 soci Unicoop Firenze. La partecipazione \u00e8 gratuita per i possessori della <strong>Card del Fiorentino<\/strong>, entro le tre proposte annue incluse nella Card.<\/p>\n<p><strong>La prenotazione \u00e8 obbligatoria.<\/strong><\/p>\n<p>Per informazioni e prenotazioni: <strong>tel 055-2768224, info@musefirenze.it<\/strong><\/p>\n","protected":false},"excerpt":{"rendered":"<p>Ogni domenica al museo di Palazzo Vecchio tornano le esperienze di &#8220;living history&#8221;: due visite guidate (alle 11 e alle 12.30) accompagnati dall\u2019architetto di corte in persona<\/p>\n","protected":false},"author":525,"featured_media":259297,"comment_status":"open","ping_status":"open","sticky":false,"template":"","format":"standard","meta":{"_acf_changed":false,"footnotes":""},"categories":[493],"tags":[174,202,5155,165,4617],"class_list":["post-259295","post","type-post","status-publish","format-standard","has-post-thumbnail","hentry","category-cultura","tag-arte","tag-firenze","tag-museo","tag-palazzo-vecchio","tag-weekend"],"acf":[],"yoast_head":"<!-- This site is optimized with the Yoast SEO Premium plugin v24.2 (Yoast SEO v25.6) - https:\/\/yoast.com\/wordpress\/plugins\/seo\/ -->\n<title>Alla scoperta dei segreti di Palazzo Vecchio insieme a Giorgio Vasari - intoscana<\/title>\n<meta name=\"description\" content=\"Ogni domenica al museo di Palazzo Vecchio tornano le esperienze di &quot;living history&quot;: due visite guidate con l&#039;architetto di corte in persona\" \/>\n<meta name=\"robots\" content=\"index, follow, max-snippet:-1, max-image-preview:large, max-video-preview:-1\" \/>\n<link rel=\"canonical\" href=\"https:\/\/www.intoscana.it\/it\/giorgio-vasari-palazzo-vecchio-visita-guidata\/\" \/>\n<meta property=\"og:locale\" content=\"it_IT\" \/>\n<meta property=\"og:type\" content=\"article\" \/>\n<meta property=\"og:title\" content=\"Alla scoperta dei segreti di Palazzo Vecchio insieme a Giorgio Vasari\" \/>\n<meta property=\"og:description\" content=\"Ogni domenica al museo di Palazzo Vecchio tornano le esperienze di &quot;living history&quot;: due visite guidate con l&#039;architetto di corte in persona\" \/>\n<meta property=\"og:url\" content=\"https:\/\/www.intoscana.it\/it\/giorgio-vasari-palazzo-vecchio-visita-guidata\/\" \/>\n<meta property=\"og:site_name\" content=\"intoscana\" \/>\n<meta property=\"article:publisher\" content=\"https:\/\/www.facebook.com\/intoscana.it\" \/>\n<meta property=\"article:published_time\" content=\"2022-11-22T10:40:02+00:00\" \/>\n<meta property=\"og:image\" content=\"https:\/\/www.intoscana.it\/wp-content\/uploads\/Living-history-Giorgio-Vasari_Palazzo-Vecchio-scaled.jpg\" \/>\n\t<meta property=\"og:image:width\" content=\"2048\" \/>\n\t<meta property=\"og:image:height\" content=\"1365\" \/>\n\t<meta property=\"og:image:type\" content=\"image\/jpeg\" \/>\n<meta name=\"author\" content=\"Redazione\" \/>\n<meta name=\"twitter:card\" content=\"summary_large_image\" \/>\n<meta name=\"twitter:creator\" content=\"@intoscana\" \/>\n<meta name=\"twitter:site\" content=\"@intoscana\" \/>\n<meta name=\"twitter:label1\" content=\"Written by\" \/>\n\t<meta name=\"twitter:data1\" content=\"Redazione\" \/>\n\t<meta name=\"twitter:label2\" content=\"Est. reading time\" \/>\n\t<meta name=\"twitter:data2\" content=\"2 minuti\" \/>\n<script type=\"application\/ld+json\" class=\"yoast-schema-graph\">{\"@context\":\"https:\/\/schema.org\",\"@graph\":[{\"@type\":\"WebPage\",\"@id\":\"https:\/\/www.intoscana.it\/it\/giorgio-vasari-palazzo-vecchio-visita-guidata\/\",\"url\":\"https:\/\/www.intoscana.it\/it\/giorgio-vasari-palazzo-vecchio-visita-guidata\/\",\"name\":\"Alla scoperta dei segreti di Palazzo Vecchio insieme a Giorgio Vasari - intoscana\",\"isPartOf\":{\"@id\":\"https:\/\/www.intoscana.it\/it\/#website\"},\"primaryImageOfPage\":{\"@id\":\"https:\/\/www.intoscana.it\/it\/giorgio-vasari-palazzo-vecchio-visita-guidata\/#primaryimage\"},\"image\":{\"@id\":\"https:\/\/www.intoscana.it\/it\/giorgio-vasari-palazzo-vecchio-visita-guidata\/#primaryimage\"},\"thumbnailUrl\":\"https:\/\/www.intoscana.it\/wp-content\/uploads\/Living-history-Giorgio-Vasari_Palazzo-Vecchio-scaled.jpg\",\"datePublished\":\"2022-11-22T10:40:02+00:00\",\"author\":{\"@id\":\"https:\/\/www.intoscana.it\/it\/#\/schema\/person\/9223810753230f20bd670fdd322661f8\"},\"description\":\"Ogni domenica al museo di Palazzo Vecchio tornano le esperienze di \\\"living history\\\": due visite guidate con l'architetto di corte in persona\",\"breadcrumb\":{\"@id\":\"https:\/\/www.intoscana.it\/it\/giorgio-vasari-palazzo-vecchio-visita-guidata\/#breadcrumb\"},\"inLanguage\":\"it-IT\",\"potentialAction\":[{\"@type\":\"ReadAction\",\"target\":[\"https:\/\/www.intoscana.it\/it\/giorgio-vasari-palazzo-vecchio-visita-guidata\/\"]}]},{\"@type\":\"ImageObject\",\"inLanguage\":\"it-IT\",\"@id\":\"https:\/\/www.intoscana.it\/it\/giorgio-vasari-palazzo-vecchio-visita-guidata\/#primaryimage\",\"url\":\"https:\/\/www.intoscana.it\/wp-content\/uploads\/Living-history-Giorgio-Vasari_Palazzo-Vecchio-scaled.jpg\",\"contentUrl\":\"https:\/\/www.intoscana.it\/wp-content\/uploads\/Living-history-Giorgio-Vasari_Palazzo-Vecchio-scaled.jpg\",\"width\":2048,\"height\":1365},{\"@type\":\"BreadcrumbList\",\"@id\":\"https:\/\/www.intoscana.it\/it\/giorgio-vasari-palazzo-vecchio-visita-guidata\/#breadcrumb\",\"itemListElement\":[{\"@type\":\"ListItem\",\"position\":1,\"name\":\"Home\",\"item\":\"https:\/\/www.intoscana.it\/it\/\"},{\"@type\":\"ListItem\",\"position\":2,\"name\":\"Alla scoperta dei segreti di Palazzo Vecchio insieme a Giorgio Vasari\"}]},{\"@type\":\"WebSite\",\"@id\":\"https:\/\/www.intoscana.it\/it\/#website\",\"url\":\"https:\/\/www.intoscana.it\/it\/\",\"name\":\"intoscana\",\"description\":\"\",\"potentialAction\":[{\"@type\":\"SearchAction\",\"target\":{\"@type\":\"EntryPoint\",\"urlTemplate\":\"https:\/\/www.intoscana.it\/it\/?s={search_term_string}\"},\"query-input\":{\"@type\":\"PropertyValueSpecification\",\"valueRequired\":true,\"valueName\":\"search_term_string\"}}],\"inLanguage\":\"it-IT\"},{\"@type\":\"Person\",\"@id\":\"https:\/\/www.intoscana.it\/it\/#\/schema\/person\/9223810753230f20bd670fdd322661f8\",\"name\":\"Redazione\",\"url\":\"https:\/\/www.intoscana.it\/it\/author\/redazione\/\"}]}<\/script>\n<!-- \/ Yoast SEO Premium plugin. -->","yoast_head_json":{"title":"Alla scoperta dei segreti di Palazzo Vecchio insieme a Giorgio Vasari - intoscana","description":"Ogni domenica al museo di Palazzo Vecchio tornano le esperienze di \"living history\": due visite guidate con l'architetto di corte in persona","robots":{"index":"index","follow":"follow","max-snippet":"max-snippet:-1","max-image-preview":"max-image-preview:large","max-video-preview":"max-video-preview:-1"},"canonical":"https:\/\/www.intoscana.it\/it\/giorgio-vasari-palazzo-vecchio-visita-guidata\/","og_locale":"it_IT","og_type":"article","og_title":"Alla scoperta dei segreti di Palazzo Vecchio insieme a Giorgio Vasari","og_description":"Ogni domenica al museo di Palazzo Vecchio tornano le esperienze di \"living history\": due visite guidate con l'architetto di corte in persona","og_url":"https:\/\/www.intoscana.it\/it\/giorgio-vasari-palazzo-vecchio-visita-guidata\/","og_site_name":"intoscana","article_publisher":"https:\/\/www.facebook.com\/intoscana.it","article_published_time":"2022-11-22T10:40:02+00:00","og_image":[{"width":2048,"height":1365,"url":"https:\/\/www.intoscana.it\/wp-content\/uploads\/Living-history-Giorgio-Vasari_Palazzo-Vecchio-scaled.jpg","type":"image\/jpeg"}],"author":"Redazione","twitter_card":"summary_large_image","twitter_creator":"@intoscana","twitter_site":"@intoscana","twitter_misc":{"Written by":"Redazione","Est. reading time":"2 minuti"},"schema":{"@context":"https:\/\/schema.org","@graph":[{"@type":"WebPage","@id":"https:\/\/www.intoscana.it\/it\/giorgio-vasari-palazzo-vecchio-visita-guidata\/","url":"https:\/\/www.intoscana.it\/it\/giorgio-vasari-palazzo-vecchio-visita-guidata\/","name":"Alla scoperta dei segreti di Palazzo Vecchio insieme a Giorgio Vasari - intoscana","isPartOf":{"@id":"https:\/\/www.intoscana.it\/it\/#website"},"primaryImageOfPage":{"@id":"https:\/\/www.intoscana.it\/it\/giorgio-vasari-palazzo-vecchio-visita-guidata\/#primaryimage"},"image":{"@id":"https:\/\/www.intoscana.it\/it\/giorgio-vasari-palazzo-vecchio-visita-guidata\/#primaryimage"},"thumbnailUrl":"https:\/\/www.intoscana.it\/wp-content\/uploads\/Living-history-Giorgio-Vasari_Palazzo-Vecchio-scaled.jpg","datePublished":"2022-11-22T10:40:02+00:00","author":{"@id":"https:\/\/www.intoscana.it\/it\/#\/schema\/person\/9223810753230f20bd670fdd322661f8"},"description":"Ogni domenica al museo di Palazzo Vecchio tornano le esperienze di \"living history\": due visite guidate con l'architetto di corte in persona","breadcrumb":{"@id":"https:\/\/www.intoscana.it\/it\/giorgio-vasari-palazzo-vecchio-visita-guidata\/#breadcrumb"},"inLanguage":"it-IT","potentialAction":[{"@type":"ReadAction","target":["https:\/\/www.intoscana.it\/it\/giorgio-vasari-palazzo-vecchio-visita-guidata\/"]}]},{"@type":"ImageObject","inLanguage":"it-IT","@id":"https:\/\/www.intoscana.it\/it\/giorgio-vasari-palazzo-vecchio-visita-guidata\/#primaryimage","url":"https:\/\/www.intoscana.it\/wp-content\/uploads\/Living-history-Giorgio-Vasari_Palazzo-Vecchio-scaled.jpg","contentUrl":"https:\/\/www.intoscana.it\/wp-content\/uploads\/Living-history-Giorgio-Vasari_Palazzo-Vecchio-scaled.jpg","width":2048,"height":1365},{"@type":"BreadcrumbList","@id":"https:\/\/www.intoscana.it\/it\/giorgio-vasari-palazzo-vecchio-visita-guidata\/#breadcrumb","itemListElement":[{"@type":"ListItem","position":1,"name":"Home","item":"https:\/\/www.intoscana.it\/it\/"},{"@type":"ListItem","position":2,"name":"Alla scoperta dei segreti di Palazzo Vecchio insieme a Giorgio Vasari"}]},{"@type":"WebSite","@id":"https:\/\/www.intoscana.it\/it\/#website","url":"https:\/\/www.intoscana.it\/it\/","name":"intoscana","description":"","potentialAction":[{"@type":"SearchAction","target":{"@type":"EntryPoint","urlTemplate":"https:\/\/www.intoscana.it\/it\/?s={search_term_string}"},"query-input":{"@type":"PropertyValueSpecification","valueRequired":true,"valueName":"search_term_string"}}],"inLanguage":"it-IT"},{"@type":"Person","@id":"https:\/\/www.intoscana.it\/it\/#\/schema\/person\/9223810753230f20bd670fdd322661f8","name":"Redazione","url":"https:\/\/www.intoscana.it\/it\/author\/redazione\/"}]}},"_links":{"self":[{"href":"https:\/\/www.intoscana.it\/it\/wp-json\/wp\/v2\/posts\/259295","targetHints":{"allow":["GET"]}}],"collection":[{"href":"https:\/\/www.intoscana.it\/it\/wp-json\/wp\/v2\/posts"}],"about":[{"href":"https:\/\/www.intoscana.it\/it\/wp-json\/wp\/v2\/types\/post"}],"author":[{"embeddable":true,"href":"https:\/\/www.intoscana.it\/it\/wp-json\/wp\/v2\/users\/525"}],"replies":[{"embeddable":true,"href":"https:\/\/www.intoscana.it\/it\/wp-json\/wp\/v2\/comments?post=259295"}],"version-history":[{"count":0,"href":"https:\/\/www.intoscana.it\/it\/wp-json\/wp\/v2\/posts\/259295\/revisions"}],"wp:featuredmedia":[{"embeddable":true,"href":"https:\/\/www.intoscana.it\/it\/wp-json\/wp\/v2\/media\/259297"}],"wp:attachment":[{"href":"https:\/\/www.intoscana.it\/it\/wp-json\/wp\/v2\/media?parent=259295"}],"wp:term":[{"taxonomy":"category","embeddable":true,"href":"https:\/\/www.intoscana.it\/it\/wp-json\/wp\/v2\/categories?post=259295"},{"taxonomy":"post_tag","embeddable":true,"href":"https:\/\/www.intoscana.it\/it\/wp-json\/wp\/v2\/tags?post=259295"}],"curies":[{"name":"wp","href":"https:\/\/api.w.org\/{rel}","templated":true}]}}