{"id":259333,"date":"2022-11-22T13:52:57","date_gmt":"2022-11-22T12:52:57","guid":{"rendered":"https:\/\/www.intoscana.it\/it\/?p=259333"},"modified":"2022-11-22T13:54:08","modified_gmt":"2022-11-22T12:54:08","slug":"forum-risk-management-arezzo-2022","status":"publish","type":"post","link":"https:\/\/www.intoscana.it\/it\/forum-risk-management-arezzo-2022\/","title":{"rendered":"Forum Risk Management ad Arezzo,  Brusaferro: &#8220;Un momento importante per condividere le buone pratiche&#8221;"},"content":{"rendered":"<p>Ha preso il via al <strong>Palaffari di Arezzo<\/strong>\u00a0da oggi fino al 25 novembre il <strong>Forum Risk Management<\/strong>, che impegner\u00e0<strong> istituzioni e medici da tutta Italia, <\/strong>al centro del dibattito:\u00a0<em><strong>&#8220;la sanit\u00e0 di oggi e di domani&#8221;.<\/strong><\/em><\/p>\n<p>Il Forum \u00e8 promosso da <strong>Istituto Superiore di Sanit\u00e0 e Fondazione Innovazione e Sicurezza in Sanit\u00e0<\/strong> col patrocinio del <strong>Ministero della Salute e della Conferenza delle Regioni,<\/strong> presente anche<strong> Agenas<\/strong> l\u2019Agenzia nazionale per i servizi sanitari regionali.<\/p>\n<p>Nelle quattro giornate di lavoro ci sar\u00e0 un programma ricco di <strong>occasioni di incontro, scambio e condivisione di esperienze<\/strong> fra esperti e <strong>professionisti della sanit\u00e0<\/strong> di ogni regione e azienda sanitaria per condividere il percorso di ripresa e rinnovamento del <strong>sistema sanitario.<\/strong><\/p>\n<p>Tra gli ospiti il <strong>ministro della sanit\u00e0 Orazio Schillaci<\/strong> e quello per le disabilit\u00e0<strong> Alessandra Locatelli,\u00a0<\/strong>il direttore generale della Programmazione del ministero della Salute\u00a0<strong>Stefano Lorusso,<\/strong>il direttore dell&#8217;Istituto Superiore di Sanit\u00e0<strong>\u00a0Silvio Brusaferro\u00a0<\/strong>e il direttore generale dell\u2019Agenas\u00a0<strong>Domenico Mantoana.<\/strong><\/p>\n<p>Parteciperanno anche anche il <strong>governatore della Toscana Eugenio Giani<\/strong> e l\u2019<strong>assessore alla sanit\u00e0 regionale Stefano Bezzini,<\/strong>\u00a0attesi inoltre nella settimana del forum <strong>80 direttori generali<\/strong> e tutti gli assessori della sanit\u00e0 delle regioni italiane.<\/p>\n<p>Al centro dei lavori la lezione del <strong>Covid<\/strong> e i fondi del <strong>Pnrr.<\/strong>\u00a0In apertura anche il grande appuntamento con le due sessioni aretine dell\u2019evento regionale <a href=\"https:\/\/www.intoscana.it\/it\/articolo\/la-toscana-delle-donne-sette-giorni-di-eventi-per-riflettere-su-diritti-salute-sport\/\" target=\"_blank\" rel=\"noopener\"><em><strong>&#8220;La Toscana delle Donne&#8221;<\/strong><\/em><\/a> che mette al centro della sanit\u00e0<strong> la figura femminile<\/strong> con\u00a0due eventi legati all\u2019eliminazione dei <strong>tumori correlati al papilloma virus<\/strong> e uno sulla sanit\u00e0 delle differenze nelle <strong>malattie infettive.<\/strong><\/p>\n<p><strong>Il presidente del Forum Vasco Giannotti<\/strong> ha dichiarato: <em>&#8220;E\u2019 importante che si presenti subito una proposta di legge che possa \u2018portare\u2019 nei corridoi dei nostri ospedali i medici specializzandi. La carenza di personale medico e infermieristico \u00e8 un problema al quale mettere subito mano, oramai lo definirei un\u2019emergenza. All\u2019interno del forum oggi anche due eventi aretini de La Toscana delle Donne, uno legato all\u2019eliminazione dei tumori correlati al papilloma virus e uno sulla sanit\u00e0 delle differenze nelle malattie infettive&#8221;<\/em><\/p>\n<p>Il <strong>Forum Risk Management<\/strong> &#8220;<em>\u00e8 un momento importante per fare il punto e per condividere le buone pratiche e le esperienze presenti in tutte le nostre regioni,<\/em> &#8211; ha dichiarato <strong>Silvio Brusaferro<\/strong>\u00a0presidente dell&#8217;Istituto Superiore di Sanit\u00e0 &#8211; <em>nel nostro Paese, che riguardano vari aspetti: dal controllo delle malattie infettive, che conosciamo molto bene per questi due anni di pandemia ma anche il tema dell&#8217;antimicrobico-resistenza, cos\u00ec come temi sempre pi\u00f9 presenti nella nostra agenda per la prevenzione che sono quelli legati al benessere ambientale e al benessere animale uniti al benessere umano, quindi il concetto One Health, e allo stesso tempo il tema del cambiamento climatico&#8221;. <\/em><\/p>\n<p><strong> La ministra per le <a href=\"https:\/\/www.intoscana.it\/it\/articolo\/20-milioni-dalla-regione-toscana-alle-persone-con-disabilita-gravissima\/\" target=\"_blank\" rel=\"noopener\">Disabilit\u00e0<\/a> Alessandra Locatelli ha dichiarato:\u00a0<\/strong><i>&#8220;Quella del Governo \u00e8 una manovra fatta nel giro di poco pi\u00f9 di tre settimane. C&#8217;\u00e8 stato un grande lavoro di attenzione per le persone pi\u00f9 fragile, in difficolt\u00e0 e le famiglie. Siamo in un momento socioeconomico molto difficile, dove la maggior parte delle risorse, soprattutto quelle dello scostamento, sono state utilizzate per il caro bollette, per contenere i costi. Sempre rivolgendoci verso le famiglie pi\u00f9 in difficolt\u00e0. Lo considero un ottimo punto di partenza, un ottimo lavoro in un momento difficile, per il prossimo anno e da qua ripartiamo con tavoli e riflessioni per migliorare ancora di pi\u00f9&#8221;.\u00a0<\/i><\/p>\n<p><em>&#8220;Per la disabilit\u00e0 abbiamo ribadito e reso strutturale le risorse per i nuclei con persone con disabilit\u00e0 nell&#8217;assegno unico familiare, e poi un piccolo, ma grande, aspetto \u00e8 quello di rivolgersi ai contesti pi\u00f9 degradati delle periferie delle grandi citt\u00e0, dove spesso le famiglie vivono isolate in contesto di cui si parla per degrado, droga, violenza spaccio ma non si parla degli aspetti virtuosi, alcune piccole associazioni che riescono a portare un aiuto concreto a queste persone&#8221;<\/em> -ha aggiunto &#8211;<em> &#8220;Non \u00e8 il fulcro della manovra &#8211; ha aggiunto &#8211; ma sono orgogliosa di poter dire che quel pezzettino lo possiamo mettere a disposizione di quelle fasce pi\u00f9 deboli in contesti pi\u00f9 difficili&#8221;.<\/em><\/p>\n","protected":false},"excerpt":{"rendered":"<p>Fino al 25 novembre ad Arezzo quattro giornate di lavoro un programma ricco di occasioni di incontro, scambio e condivisione di esperienze fra esperti e professionisti della sanit\u00e0 di ogni regione e azienda sanitaria per condividere il percorso di ripresa e rinnovamento del sistema sanitario<\/p>\n","protected":false},"author":525,"featured_media":259334,"comment_status":"open","ping_status":"open","sticky":false,"template":"","format":"standard","meta":{"_acf_changed":false,"footnotes":""},"categories":[494],"tags":[196,411,6557,151,134,349],"class_list":["post-259333","post","type-post","status-publish","format-standard","has-post-thumbnail","hentry","category-attualita","tag-arezzo","tag-donne","tag-la-toscana-delle-donne","tag-regione-toscana","tag-salute","tag-sanita"],"acf":[],"yoast_head":"<!-- This site is optimized with the Yoast SEO Premium plugin v24.2 (Yoast SEO v25.6) - https:\/\/yoast.com\/wordpress\/plugins\/seo\/ -->\n<title>Forum Risk Management ad Arezzo, Brusaferro: &quot;Un momento importante per condividere le buone pratiche&quot; - intoscana<\/title>\n<meta name=\"description\" content=\"Fino al 25 novembre quattro giornate di lavoro con un programma ricco di occasioni di incontro e scambio tra professionisti della sanit\u00e0\" \/>\n<meta name=\"robots\" content=\"index, follow, max-snippet:-1, max-image-preview:large, max-video-preview:-1\" \/>\n<link rel=\"canonical\" href=\"https:\/\/www.intoscana.it\/it\/forum-risk-management-arezzo-2022\/\" \/>\n<meta property=\"og:locale\" content=\"it_IT\" \/>\n<meta property=\"og:type\" content=\"article\" \/>\n<meta property=\"og:title\" content=\"Forum Risk Management ad Arezzo, Brusaferro: &quot;Un momento importante per condividere le buone pratiche&quot;\" \/>\n<meta property=\"og:description\" content=\"Fino al 25 novembre quattro giornate di lavoro con un programma ricco di occasioni di incontro e scambio tra professionisti della sanit\u00e0\" \/>\n<meta property=\"og:url\" content=\"https:\/\/www.intoscana.it\/it\/forum-risk-management-arezzo-2022\/\" \/>\n<meta property=\"og:site_name\" content=\"intoscana\" \/>\n<meta property=\"article:publisher\" content=\"https:\/\/www.facebook.com\/intoscana.it\" \/>\n<meta property=\"article:published_time\" content=\"2022-11-22T12:52:57+00:00\" \/>\n<meta property=\"article:modified_time\" content=\"2022-11-22T12:54:08+00:00\" \/>\n<meta property=\"og:image\" content=\"https:\/\/www.intoscana.it\/wp-content\/uploads\/GOLF_20200313190707654-1148x768-1.jpg\" \/>\n\t<meta property=\"og:image:width\" content=\"1148\" \/>\n\t<meta property=\"og:image:height\" content=\"768\" \/>\n\t<meta property=\"og:image:type\" content=\"image\/jpeg\" \/>\n<meta name=\"author\" content=\"Redazione\" \/>\n<meta name=\"twitter:card\" content=\"summary_large_image\" \/>\n<meta name=\"twitter:creator\" content=\"@intoscana\" \/>\n<meta name=\"twitter:site\" content=\"@intoscana\" \/>\n<meta name=\"twitter:label1\" content=\"Written by\" \/>\n\t<meta name=\"twitter:data1\" content=\"Redazione\" \/>\n\t<meta name=\"twitter:label2\" content=\"Est. reading time\" \/>\n\t<meta name=\"twitter:data2\" content=\"3 minuti\" \/>\n<script type=\"application\/ld+json\" class=\"yoast-schema-graph\">{\"@context\":\"https:\/\/schema.org\",\"@graph\":[{\"@type\":\"WebPage\",\"@id\":\"https:\/\/www.intoscana.it\/it\/forum-risk-management-arezzo-2022\/\",\"url\":\"https:\/\/www.intoscana.it\/it\/forum-risk-management-arezzo-2022\/\",\"name\":\"Forum Risk Management ad Arezzo, Brusaferro: \\\"Un momento importante per condividere le buone pratiche\\\" - intoscana\",\"isPartOf\":{\"@id\":\"https:\/\/www.intoscana.it\/it\/#website\"},\"primaryImageOfPage\":{\"@id\":\"https:\/\/www.intoscana.it\/it\/forum-risk-management-arezzo-2022\/#primaryimage\"},\"image\":{\"@id\":\"https:\/\/www.intoscana.it\/it\/forum-risk-management-arezzo-2022\/#primaryimage\"},\"thumbnailUrl\":\"https:\/\/www.intoscana.it\/wp-content\/uploads\/GOLF_20200313190707654-1148x768-1.jpg\",\"datePublished\":\"2022-11-22T12:52:57+00:00\",\"dateModified\":\"2022-11-22T12:54:08+00:00\",\"author\":{\"@id\":\"https:\/\/www.intoscana.it\/it\/#\/schema\/person\/9223810753230f20bd670fdd322661f8\"},\"description\":\"Fino al 25 novembre quattro giornate di lavoro con un programma ricco di occasioni di incontro e scambio tra professionisti della sanit\u00e0\",\"breadcrumb\":{\"@id\":\"https:\/\/www.intoscana.it\/it\/forum-risk-management-arezzo-2022\/#breadcrumb\"},\"inLanguage\":\"it-IT\",\"potentialAction\":[{\"@type\":\"ReadAction\",\"target\":[\"https:\/\/www.intoscana.it\/it\/forum-risk-management-arezzo-2022\/\"]}]},{\"@type\":\"ImageObject\",\"inLanguage\":\"it-IT\",\"@id\":\"https:\/\/www.intoscana.it\/it\/forum-risk-management-arezzo-2022\/#primaryimage\",\"url\":\"https:\/\/www.intoscana.it\/wp-content\/uploads\/GOLF_20200313190707654-1148x768-1.jpg\",\"contentUrl\":\"https:\/\/www.intoscana.it\/wp-content\/uploads\/GOLF_20200313190707654-1148x768-1.jpg\",\"width\":1148,\"height\":768,\"caption\":\"Silvio Brusaferro, presidente dell'Istituto Superiore di Sanita', durante la conferenza stampa sul Coronavirus all'Istituto Superiore di Sanita', Roma, 29 gennaio 2020. ANSA\/RICCARDO ANTIMIANI\"},{\"@type\":\"BreadcrumbList\",\"@id\":\"https:\/\/www.intoscana.it\/it\/forum-risk-management-arezzo-2022\/#breadcrumb\",\"itemListElement\":[{\"@type\":\"ListItem\",\"position\":1,\"name\":\"Home\",\"item\":\"https:\/\/www.intoscana.it\/it\/\"},{\"@type\":\"ListItem\",\"position\":2,\"name\":\"Forum Risk Management ad Arezzo, Brusaferro: &#8220;Un momento importante per condividere le buone pratiche&#8221;\"}]},{\"@type\":\"WebSite\",\"@id\":\"https:\/\/www.intoscana.it\/it\/#website\",\"url\":\"https:\/\/www.intoscana.it\/it\/\",\"name\":\"intoscana\",\"description\":\"\",\"potentialAction\":[{\"@type\":\"SearchAction\",\"target\":{\"@type\":\"EntryPoint\",\"urlTemplate\":\"https:\/\/www.intoscana.it\/it\/?s={search_term_string}\"},\"query-input\":{\"@type\":\"PropertyValueSpecification\",\"valueRequired\":true,\"valueName\":\"search_term_string\"}}],\"inLanguage\":\"it-IT\"},{\"@type\":\"Person\",\"@id\":\"https:\/\/www.intoscana.it\/it\/#\/schema\/person\/9223810753230f20bd670fdd322661f8\",\"name\":\"Redazione\",\"url\":\"https:\/\/www.intoscana.it\/it\/author\/redazione\/\"}]}<\/script>\n<!-- \/ Yoast SEO Premium plugin. -->","yoast_head_json":{"title":"Forum Risk Management ad Arezzo, Brusaferro: \"Un momento importante per condividere le buone pratiche\" - intoscana","description":"Fino al 25 novembre quattro giornate di lavoro con un programma ricco di occasioni di incontro e scambio tra professionisti della sanit\u00e0","robots":{"index":"index","follow":"follow","max-snippet":"max-snippet:-1","max-image-preview":"max-image-preview:large","max-video-preview":"max-video-preview:-1"},"canonical":"https:\/\/www.intoscana.it\/it\/forum-risk-management-arezzo-2022\/","og_locale":"it_IT","og_type":"article","og_title":"Forum Risk Management ad Arezzo, Brusaferro: \"Un momento importante per condividere le buone pratiche\"","og_description":"Fino al 25 novembre quattro giornate di lavoro con un programma ricco di occasioni di incontro e scambio tra professionisti della sanit\u00e0","og_url":"https:\/\/www.intoscana.it\/it\/forum-risk-management-arezzo-2022\/","og_site_name":"intoscana","article_publisher":"https:\/\/www.facebook.com\/intoscana.it","article_published_time":"2022-11-22T12:52:57+00:00","article_modified_time":"2022-11-22T12:54:08+00:00","og_image":[{"width":1148,"height":768,"url":"https:\/\/www.intoscana.it\/wp-content\/uploads\/GOLF_20200313190707654-1148x768-1.jpg","type":"image\/jpeg"}],"author":"Redazione","twitter_card":"summary_large_image","twitter_creator":"@intoscana","twitter_site":"@intoscana","twitter_misc":{"Written by":"Redazione","Est. reading time":"3 minuti"},"schema":{"@context":"https:\/\/schema.org","@graph":[{"@type":"WebPage","@id":"https:\/\/www.intoscana.it\/it\/forum-risk-management-arezzo-2022\/","url":"https:\/\/www.intoscana.it\/it\/forum-risk-management-arezzo-2022\/","name":"Forum Risk Management ad Arezzo, Brusaferro: \"Un momento importante per condividere le buone pratiche\" - intoscana","isPartOf":{"@id":"https:\/\/www.intoscana.it\/it\/#website"},"primaryImageOfPage":{"@id":"https:\/\/www.intoscana.it\/it\/forum-risk-management-arezzo-2022\/#primaryimage"},"image":{"@id":"https:\/\/www.intoscana.it\/it\/forum-risk-management-arezzo-2022\/#primaryimage"},"thumbnailUrl":"https:\/\/www.intoscana.it\/wp-content\/uploads\/GOLF_20200313190707654-1148x768-1.jpg","datePublished":"2022-11-22T12:52:57+00:00","dateModified":"2022-11-22T12:54:08+00:00","author":{"@id":"https:\/\/www.intoscana.it\/it\/#\/schema\/person\/9223810753230f20bd670fdd322661f8"},"description":"Fino al 25 novembre quattro giornate di lavoro con un programma ricco di occasioni di incontro e scambio tra professionisti della sanit\u00e0","breadcrumb":{"@id":"https:\/\/www.intoscana.it\/it\/forum-risk-management-arezzo-2022\/#breadcrumb"},"inLanguage":"it-IT","potentialAction":[{"@type":"ReadAction","target":["https:\/\/www.intoscana.it\/it\/forum-risk-management-arezzo-2022\/"]}]},{"@type":"ImageObject","inLanguage":"it-IT","@id":"https:\/\/www.intoscana.it\/it\/forum-risk-management-arezzo-2022\/#primaryimage","url":"https:\/\/www.intoscana.it\/wp-content\/uploads\/GOLF_20200313190707654-1148x768-1.jpg","contentUrl":"https:\/\/www.intoscana.it\/wp-content\/uploads\/GOLF_20200313190707654-1148x768-1.jpg","width":1148,"height":768,"caption":"Silvio Brusaferro, presidente dell'Istituto Superiore di Sanita', durante la conferenza stampa sul Coronavirus all'Istituto Superiore di Sanita', Roma, 29 gennaio 2020. ANSA\/RICCARDO ANTIMIANI"},{"@type":"BreadcrumbList","@id":"https:\/\/www.intoscana.it\/it\/forum-risk-management-arezzo-2022\/#breadcrumb","itemListElement":[{"@type":"ListItem","position":1,"name":"Home","item":"https:\/\/www.intoscana.it\/it\/"},{"@type":"ListItem","position":2,"name":"Forum Risk Management ad Arezzo, Brusaferro: &#8220;Un momento importante per condividere le buone pratiche&#8221;"}]},{"@type":"WebSite","@id":"https:\/\/www.intoscana.it\/it\/#website","url":"https:\/\/www.intoscana.it\/it\/","name":"intoscana","description":"","potentialAction":[{"@type":"SearchAction","target":{"@type":"EntryPoint","urlTemplate":"https:\/\/www.intoscana.it\/it\/?s={search_term_string}"},"query-input":{"@type":"PropertyValueSpecification","valueRequired":true,"valueName":"search_term_string"}}],"inLanguage":"it-IT"},{"@type":"Person","@id":"https:\/\/www.intoscana.it\/it\/#\/schema\/person\/9223810753230f20bd670fdd322661f8","name":"Redazione","url":"https:\/\/www.intoscana.it\/it\/author\/redazione\/"}]}},"_links":{"self":[{"href":"https:\/\/www.intoscana.it\/it\/wp-json\/wp\/v2\/posts\/259333","targetHints":{"allow":["GET"]}}],"collection":[{"href":"https:\/\/www.intoscana.it\/it\/wp-json\/wp\/v2\/posts"}],"about":[{"href":"https:\/\/www.intoscana.it\/it\/wp-json\/wp\/v2\/types\/post"}],"author":[{"embeddable":true,"href":"https:\/\/www.intoscana.it\/it\/wp-json\/wp\/v2\/users\/525"}],"replies":[{"embeddable":true,"href":"https:\/\/www.intoscana.it\/it\/wp-json\/wp\/v2\/comments?post=259333"}],"version-history":[{"count":0,"href":"https:\/\/www.intoscana.it\/it\/wp-json\/wp\/v2\/posts\/259333\/revisions"}],"wp:featuredmedia":[{"embeddable":true,"href":"https:\/\/www.intoscana.it\/it\/wp-json\/wp\/v2\/media\/259334"}],"wp:attachment":[{"href":"https:\/\/www.intoscana.it\/it\/wp-json\/wp\/v2\/media?parent=259333"}],"wp:term":[{"taxonomy":"category","embeddable":true,"href":"https:\/\/www.intoscana.it\/it\/wp-json\/wp\/v2\/categories?post=259333"},{"taxonomy":"post_tag","embeddable":true,"href":"https:\/\/www.intoscana.it\/it\/wp-json\/wp\/v2\/tags?post=259333"}],"curies":[{"name":"wp","href":"https:\/\/api.w.org\/{rel}","templated":true}]}}