{"id":259424,"date":"2022-11-22T17:06:04","date_gmt":"2022-11-22T16:06:04","guid":{"rendered":"https:\/\/www.intoscana.it\/it\/?p=259424"},"modified":"2022-11-22T17:12:31","modified_gmt":"2022-11-22T16:12:31","slug":"garibaldi-milleventi-riapre-a-prato-lo-storico-cinema","status":"publish","type":"post","link":"https:\/\/www.intoscana.it\/it\/garibaldi-milleventi-riapre-a-prato-lo-storico-cinema\/","title":{"rendered":"&#8220;Garibaldi \/ Milleventi&#8221;, riapre a Prato lo storico cinema"},"content":{"rendered":"<p>Aveva tirato gi\u00f9 il bandone nel 2009 lo storico cinema pratese Garibaldi, sorto nel 1906 con il nome di Excelsior, insediato nello storico palazzo Buonamici Nencini , di origine cinquecentesca e classificato dal Comune di Prato tra gli immobili di valore storico-artistico. Un destino che sembrava ormai segnato, quello del cinema pratese, in linea con le tante chiusure delle sale cinematografiche italiane, fino al 2017, quando la societ\u00e0 Civico 69 s.r.l. non lo aveva acquistato.<\/p>\n<p>Da allora il destino della sala \u00e8 completamene cambiato: in seguito a importanti interventi di riqualificazione, venerd\u00ec 18 novembre, lo spazio \u00e8 stato riaperto con il nome di <strong>&#8220;Garibaldi \/ Milleventi&#8221;<\/strong>, a sottolineare la sua nuova fisionomia poliedrica e aperta ad una pluralit\u00e0 di eventi. L&#8217;evento di apertura \u00e8 stato l&#8217;anteprima del film<strong> <em>E&#8217; stato tutto bello. Storia di Paolino e Pablito<\/em><\/strong>, firmato da <strong>Walter Veltroni<\/strong>, ospite a Prato, incentrato sulla figura del grande calciatore Paolo Rossi, dalla sua infanzia nella frazione di Santa Lucia, i suoi esordi nelle societ\u00e0 sportive toscane, fino ai suoi pi\u00f9 importanti traguardi calcistici e alla sua scomparsa. Un film prodotto da Palomar, in collaborazione con Vision Distribution, Sky e con Toscana Film Commission, la cui troupe ha fatto base, per i casting e altri servizi cineportuali, a <a href=\"http:\/\/www.manifatturedigitalicinema.it\"><strong><span style=\"color: blue;\">Manifatture Digitali Cinema Prato.<\/span><\/strong><\/a><\/p>\n<p>Il progetto di riqualificazione dello spazio \u00e8 stata curata dall\u2019architetto Carlo Carbone, pratese di nascita e fiorentino d\u2019adozione, progettista esperto di spazi deputati allo spettacolo. Al suo fianco un team di progettisti, tra cui Paolo Bresci, Giovanni Corsi, Tommaso Guerra, Stefano Omeri, Michele e Marco Passaleva. La sala dispone oggi di 400 posti a sedere, tra platea e galleria, l&#8217;impianto di proiezione \u00e8 di ultima generazione, con tecnologia laser, dolby 7.1, capace di eseguire proiezioni anche on demand. Gli arredi (poltroncine e palco) sono interamente smontabili all&#8217;occorrenza, rendendo pienamente flessibile l&#8217;utilizzo dello spazio. I lavori di riqualificazione hanno riguardato l\u2019intero rifacimento degli impianti elettrici, meccanici e idraulici, antincendio, il consolidamento strutturale e antisismico del solaio di copertura e della galleria. Particolare cura \u00e8 stata data all&#8217;acustica sia in termini di qualit\u00e0 del suono interna alla sala, sia all&#8217;isolamento rispetto agli edifici limitrofi, mediante l\u2019uso di pannelli isolanti, pannelli fono assorbenti e supporti antivibranti. Inoltre molta attenzione \u00e8 stata dedicata alla fruizione cinematografica da parte di persone con disabilit\u00e0 sensoriale (audiolesi e ipovedenti), mediante l\u2019utilizzo di sottotitoli e strumenti di audiodescrizione che saranno loro forniti durante la partecipazione all\u2019attivit\u00e0.<\/p>\n<p>Ad accompagnare la Civico 69 srl nell&#8217;apertura della Sala \u00e8 fondamentale la presenza di sostenitori quali Assiteca, Caf, Chianti Banca, Estra, Unicoop Firenze, tutte aziende che hanno scelto di aderire al progetto fin dai suoi primi passi. Tra i \u201cpartner culturali\u201d del Garibaldi ci sono invece il Comune di Prato, Fondazione Sistema Toscana &#8211; Manifatture Digitali Cinema, la Camerata strumentale Citt\u00e0 di Prato, l\u2019Universit\u00e0 di Firenze (Progeas), ed enti culturali privati come la Fonderia Cultart, Tuscany Hall, P.R.G. Un ulteriore soggetto che ha l&#8217;obiettivo di sostenere la memoria dello storico cinema e di valorizzarne la riapertura \u00e8 inoltre la neo-costituita Associazione Anita Garibaldi.<\/p>\n<p>La programmazione cinematografica del <strong>&#8220;Garibaldi \/ Milleventi&#8221;<\/strong> sar\u00e0 realizzata con il supporto dell&#8217;agenzia Giglio distribuzione di Firenze e in collaborazione della Fondazione Stensen di Firenze, guardando sia al cinema indipendente che a quello pi\u00f9 mainstream. Il programma, variegato e ad orari non convenzionali, sar\u00e0 pubblicato ogni settimana sul sito <a href=\"https:\/\/www.ilgaribaldi.it\/\"><strong><span style=\"color: blue;\">www.ilgaribaldi.it<\/span><\/strong><\/a><\/p>\n<p><iframe loading=\"lazy\" title=\"YouTube video player\" src=\"https:\/\/www.youtube.com\/embed\/70iARk_RIOU\" width=\"860\" height=\"615\" frameborder=\"0\" allowfullscreen=\"allowfullscreen\"><span style=\"display: inline-block; width: 0px; overflow: hidden; line-height: 0;\" data-mce-type=\"bookmark\" class=\"mce_SELRES_start\">\ufeff<\/span><\/iframe><\/p>\n<p>&nbsp;<\/p>\n<p><b>\u00a0<\/b><\/p>\n","protected":false},"excerpt":{"rendered":"<p>Ospite dell&#8217;evento di inaugurazione, il 18 novembre, il regista, scrittore e politico italiano, Walter Veltroni, che ha presentato in anteprima il suo nuovo docufilm, &#8220;E&#8217; stato tutto bello. Storia di Pablito e Paolino&#8221;, sulla leggenda del calcio, Paolo Rossi, girato in collaborazione con Toscana Film Commission<\/p>\n","protected":false},"author":492,"featured_media":259436,"comment_status":"open","ping_status":"open","sticky":false,"template":"","format":"standard","meta":{"_acf_changed":false,"footnotes":""},"categories":[493],"tags":[188,6315],"class_list":["post-259424","post","type-post","status-publish","format-standard","has-post-thumbnail","hentry","category-cultura","tag-cinema","tag-manifatture-digitali-cinema-prato"],"acf":[],"yoast_head":"<!-- This site is optimized with the Yoast SEO Premium plugin v24.2 (Yoast SEO v25.6) - https:\/\/yoast.com\/wordpress\/plugins\/seo\/ -->\n<title>&quot;Garibaldi \/ Milleventi&quot;, riapre a Prato lo storico cinema - intoscana<\/title>\n<meta name=\"description\" content=\"Il 18 novembre \u00e8 aperto a Prato lo spazio polifunzionale &quot;Garibaldi \/ Milleventi&quot;, alla presenza di Walter Veltroni\" \/>\n<meta name=\"robots\" content=\"index, follow, max-snippet:-1, max-image-preview:large, max-video-preview:-1\" \/>\n<link rel=\"canonical\" href=\"https:\/\/www.intoscana.it\/it\/garibaldi-milleventi-riapre-a-prato-lo-storico-cinema\/\" \/>\n<meta property=\"og:locale\" content=\"it_IT\" \/>\n<meta property=\"og:type\" content=\"article\" \/>\n<meta property=\"og:title\" content=\"&quot;Garibaldi \/ Milleventi&quot;, riapre a Prato lo storico cinema\" \/>\n<meta property=\"og:description\" content=\"Il 18 novembre \u00e8 aperto a Prato lo spazio polifunzionale &quot;Garibaldi \/ Milleventi&quot;, alla presenza di Walter Veltroni\" \/>\n<meta property=\"og:url\" content=\"https:\/\/www.intoscana.it\/it\/garibaldi-milleventi-riapre-a-prato-lo-storico-cinema\/\" \/>\n<meta property=\"og:site_name\" content=\"intoscana\" \/>\n<meta property=\"article:publisher\" content=\"https:\/\/www.facebook.com\/intoscana.it\" \/>\n<meta property=\"article:published_time\" content=\"2022-11-22T16:06:04+00:00\" \/>\n<meta property=\"article:modified_time\" content=\"2022-11-22T16:12:31+00:00\" \/>\n<meta property=\"og:image\" content=\"https:\/\/www.intoscana.it\/wp-content\/uploads\/proprieta\u0300esostenitori.jpg\" \/>\n\t<meta property=\"og:image:width\" content=\"1366\" \/>\n\t<meta property=\"og:image:height\" content=\"911\" \/>\n\t<meta property=\"og:image:type\" content=\"image\/jpeg\" \/>\n<meta name=\"author\" content=\"Elisabetta Vagaggini\" \/>\n<meta name=\"twitter:card\" content=\"summary_large_image\" \/>\n<meta name=\"twitter:creator\" content=\"@intoscana\" \/>\n<meta name=\"twitter:site\" content=\"@intoscana\" \/>\n<meta name=\"twitter:label1\" content=\"Written by\" \/>\n\t<meta name=\"twitter:data1\" content=\"Elisabetta Vagaggini\" \/>\n\t<meta name=\"twitter:label2\" content=\"Est. reading time\" \/>\n\t<meta name=\"twitter:data2\" content=\"3 minuti\" \/>\n<script type=\"application\/ld+json\" class=\"yoast-schema-graph\">{\"@context\":\"https:\/\/schema.org\",\"@graph\":[{\"@type\":\"WebPage\",\"@id\":\"https:\/\/www.intoscana.it\/it\/garibaldi-milleventi-riapre-a-prato-lo-storico-cinema\/\",\"url\":\"https:\/\/www.intoscana.it\/it\/garibaldi-milleventi-riapre-a-prato-lo-storico-cinema\/\",\"name\":\"\\\"Garibaldi \/ Milleventi\\\", riapre a Prato lo storico cinema - intoscana\",\"isPartOf\":{\"@id\":\"https:\/\/www.intoscana.it\/it\/#website\"},\"primaryImageOfPage\":{\"@id\":\"https:\/\/www.intoscana.it\/it\/garibaldi-milleventi-riapre-a-prato-lo-storico-cinema\/#primaryimage\"},\"image\":{\"@id\":\"https:\/\/www.intoscana.it\/it\/garibaldi-milleventi-riapre-a-prato-lo-storico-cinema\/#primaryimage\"},\"thumbnailUrl\":\"https:\/\/www.intoscana.it\/wp-content\/uploads\/proprieta\u0300esostenitori.jpg\",\"datePublished\":\"2022-11-22T16:06:04+00:00\",\"dateModified\":\"2022-11-22T16:12:31+00:00\",\"author\":{\"@id\":\"https:\/\/www.intoscana.it\/it\/#\/schema\/person\/20956e1a83baf96027b69e776f754e43\"},\"description\":\"Il 18 novembre \u00e8 aperto a Prato lo spazio polifunzionale \\\"Garibaldi \/ Milleventi\\\", alla presenza di Walter Veltroni\",\"breadcrumb\":{\"@id\":\"https:\/\/www.intoscana.it\/it\/garibaldi-milleventi-riapre-a-prato-lo-storico-cinema\/#breadcrumb\"},\"inLanguage\":\"it-IT\",\"potentialAction\":[{\"@type\":\"ReadAction\",\"target\":[\"https:\/\/www.intoscana.it\/it\/garibaldi-milleventi-riapre-a-prato-lo-storico-cinema\/\"]}]},{\"@type\":\"ImageObject\",\"inLanguage\":\"it-IT\",\"@id\":\"https:\/\/www.intoscana.it\/it\/garibaldi-milleventi-riapre-a-prato-lo-storico-cinema\/#primaryimage\",\"url\":\"https:\/\/www.intoscana.it\/wp-content\/uploads\/proprieta\u0300esostenitori.jpg\",\"contentUrl\":\"https:\/\/www.intoscana.it\/wp-content\/uploads\/proprieta\u0300esostenitori.jpg\",\"width\":1366,\"height\":911,\"caption\":\"Inaugurazione del \\\"Garibaldi \/ Milleventi\\\"\"},{\"@type\":\"BreadcrumbList\",\"@id\":\"https:\/\/www.intoscana.it\/it\/garibaldi-milleventi-riapre-a-prato-lo-storico-cinema\/#breadcrumb\",\"itemListElement\":[{\"@type\":\"ListItem\",\"position\":1,\"name\":\"Home\",\"item\":\"https:\/\/www.intoscana.it\/it\/\"},{\"@type\":\"ListItem\",\"position\":2,\"name\":\"&#8220;Garibaldi \/ Milleventi&#8221;, riapre a Prato lo storico cinema\"}]},{\"@type\":\"WebSite\",\"@id\":\"https:\/\/www.intoscana.it\/it\/#website\",\"url\":\"https:\/\/www.intoscana.it\/it\/\",\"name\":\"intoscana\",\"description\":\"\",\"potentialAction\":[{\"@type\":\"SearchAction\",\"target\":{\"@type\":\"EntryPoint\",\"urlTemplate\":\"https:\/\/www.intoscana.it\/it\/?s={search_term_string}\"},\"query-input\":{\"@type\":\"PropertyValueSpecification\",\"valueRequired\":true,\"valueName\":\"search_term_string\"}}],\"inLanguage\":\"it-IT\"},{\"@type\":\"Person\",\"@id\":\"https:\/\/www.intoscana.it\/it\/#\/schema\/person\/20956e1a83baf96027b69e776f754e43\",\"name\":\"Elisabetta Vagaggini\",\"url\":\"https:\/\/www.intoscana.it\/it\/author\/elisabetta-vagaggini\/\"}]}<\/script>\n<!-- \/ Yoast SEO Premium plugin. -->","yoast_head_json":{"title":"\"Garibaldi \/ Milleventi\", riapre a Prato lo storico cinema - intoscana","description":"Il 18 novembre \u00e8 aperto a Prato lo spazio polifunzionale \"Garibaldi \/ Milleventi\", alla presenza di Walter Veltroni","robots":{"index":"index","follow":"follow","max-snippet":"max-snippet:-1","max-image-preview":"max-image-preview:large","max-video-preview":"max-video-preview:-1"},"canonical":"https:\/\/www.intoscana.it\/it\/garibaldi-milleventi-riapre-a-prato-lo-storico-cinema\/","og_locale":"it_IT","og_type":"article","og_title":"\"Garibaldi \/ Milleventi\", riapre a Prato lo storico cinema","og_description":"Il 18 novembre \u00e8 aperto a Prato lo spazio polifunzionale \"Garibaldi \/ Milleventi\", alla presenza di Walter Veltroni","og_url":"https:\/\/www.intoscana.it\/it\/garibaldi-milleventi-riapre-a-prato-lo-storico-cinema\/","og_site_name":"intoscana","article_publisher":"https:\/\/www.facebook.com\/intoscana.it","article_published_time":"2022-11-22T16:06:04+00:00","article_modified_time":"2022-11-22T16:12:31+00:00","og_image":[{"width":1366,"height":911,"url":"https:\/\/www.intoscana.it\/wp-content\/uploads\/proprieta\u0300esostenitori.jpg","type":"image\/jpeg"}],"author":"Elisabetta Vagaggini","twitter_card":"summary_large_image","twitter_creator":"@intoscana","twitter_site":"@intoscana","twitter_misc":{"Written by":"Elisabetta Vagaggini","Est. reading time":"3 minuti"},"schema":{"@context":"https:\/\/schema.org","@graph":[{"@type":"WebPage","@id":"https:\/\/www.intoscana.it\/it\/garibaldi-milleventi-riapre-a-prato-lo-storico-cinema\/","url":"https:\/\/www.intoscana.it\/it\/garibaldi-milleventi-riapre-a-prato-lo-storico-cinema\/","name":"\"Garibaldi \/ Milleventi\", riapre a Prato lo storico cinema - intoscana","isPartOf":{"@id":"https:\/\/www.intoscana.it\/it\/#website"},"primaryImageOfPage":{"@id":"https:\/\/www.intoscana.it\/it\/garibaldi-milleventi-riapre-a-prato-lo-storico-cinema\/#primaryimage"},"image":{"@id":"https:\/\/www.intoscana.it\/it\/garibaldi-milleventi-riapre-a-prato-lo-storico-cinema\/#primaryimage"},"thumbnailUrl":"https:\/\/www.intoscana.it\/wp-content\/uploads\/proprieta\u0300esostenitori.jpg","datePublished":"2022-11-22T16:06:04+00:00","dateModified":"2022-11-22T16:12:31+00:00","author":{"@id":"https:\/\/www.intoscana.it\/it\/#\/schema\/person\/20956e1a83baf96027b69e776f754e43"},"description":"Il 18 novembre \u00e8 aperto a Prato lo spazio polifunzionale \"Garibaldi \/ Milleventi\", alla presenza di Walter Veltroni","breadcrumb":{"@id":"https:\/\/www.intoscana.it\/it\/garibaldi-milleventi-riapre-a-prato-lo-storico-cinema\/#breadcrumb"},"inLanguage":"it-IT","potentialAction":[{"@type":"ReadAction","target":["https:\/\/www.intoscana.it\/it\/garibaldi-milleventi-riapre-a-prato-lo-storico-cinema\/"]}]},{"@type":"ImageObject","inLanguage":"it-IT","@id":"https:\/\/www.intoscana.it\/it\/garibaldi-milleventi-riapre-a-prato-lo-storico-cinema\/#primaryimage","url":"https:\/\/www.intoscana.it\/wp-content\/uploads\/proprieta\u0300esostenitori.jpg","contentUrl":"https:\/\/www.intoscana.it\/wp-content\/uploads\/proprieta\u0300esostenitori.jpg","width":1366,"height":911,"caption":"Inaugurazione del \"Garibaldi \/ Milleventi\""},{"@type":"BreadcrumbList","@id":"https:\/\/www.intoscana.it\/it\/garibaldi-milleventi-riapre-a-prato-lo-storico-cinema\/#breadcrumb","itemListElement":[{"@type":"ListItem","position":1,"name":"Home","item":"https:\/\/www.intoscana.it\/it\/"},{"@type":"ListItem","position":2,"name":"&#8220;Garibaldi \/ Milleventi&#8221;, riapre a Prato lo storico cinema"}]},{"@type":"WebSite","@id":"https:\/\/www.intoscana.it\/it\/#website","url":"https:\/\/www.intoscana.it\/it\/","name":"intoscana","description":"","potentialAction":[{"@type":"SearchAction","target":{"@type":"EntryPoint","urlTemplate":"https:\/\/www.intoscana.it\/it\/?s={search_term_string}"},"query-input":{"@type":"PropertyValueSpecification","valueRequired":true,"valueName":"search_term_string"}}],"inLanguage":"it-IT"},{"@type":"Person","@id":"https:\/\/www.intoscana.it\/it\/#\/schema\/person\/20956e1a83baf96027b69e776f754e43","name":"Elisabetta Vagaggini","url":"https:\/\/www.intoscana.it\/it\/author\/elisabetta-vagaggini\/"}]}},"_links":{"self":[{"href":"https:\/\/www.intoscana.it\/it\/wp-json\/wp\/v2\/posts\/259424","targetHints":{"allow":["GET"]}}],"collection":[{"href":"https:\/\/www.intoscana.it\/it\/wp-json\/wp\/v2\/posts"}],"about":[{"href":"https:\/\/www.intoscana.it\/it\/wp-json\/wp\/v2\/types\/post"}],"author":[{"embeddable":true,"href":"https:\/\/www.intoscana.it\/it\/wp-json\/wp\/v2\/users\/492"}],"replies":[{"embeddable":true,"href":"https:\/\/www.intoscana.it\/it\/wp-json\/wp\/v2\/comments?post=259424"}],"version-history":[{"count":0,"href":"https:\/\/www.intoscana.it\/it\/wp-json\/wp\/v2\/posts\/259424\/revisions"}],"wp:featuredmedia":[{"embeddable":true,"href":"https:\/\/www.intoscana.it\/it\/wp-json\/wp\/v2\/media\/259436"}],"wp:attachment":[{"href":"https:\/\/www.intoscana.it\/it\/wp-json\/wp\/v2\/media?parent=259424"}],"wp:term":[{"taxonomy":"category","embeddable":true,"href":"https:\/\/www.intoscana.it\/it\/wp-json\/wp\/v2\/categories?post=259424"},{"taxonomy":"post_tag","embeddable":true,"href":"https:\/\/www.intoscana.it\/it\/wp-json\/wp\/v2\/tags?post=259424"}],"curies":[{"name":"wp","href":"https:\/\/api.w.org\/{rel}","templated":true}]}}