{"id":259559,"date":"2022-11-23T13:34:06","date_gmt":"2022-11-23T12:34:06","guid":{"rendered":"https:\/\/www.intoscana.it\/it\/?p=259559"},"modified":"2022-11-23T13:34:06","modified_gmt":"2022-11-23T12:34:06","slug":"antonella-bogoni-del-santanna-di-pisa-e-la-scienziata-leader-nella-fotonica-il-riconoscimento-di-optica","status":"publish","type":"post","link":"https:\/\/www.intoscana.it\/it\/antonella-bogoni-del-santanna-di-pisa-e-la-scienziata-leader-nella-fotonica-il-riconoscimento-di-optica\/","title":{"rendered":"Antonella Bogoni del Sant&#8217;Anna di Pisa \u00e8 la scienziata leader nella fotonica: il riconoscimento di Optica"},"content":{"rendered":"<p>La docente della <strong>Scuola Superiore Sant\u2019Anna di Pisa<\/strong>, <strong>Antonella Bogoni<\/strong>, professoressa ordinaria di telecomunicazioni,\u00a0 \u00e8 stata eletta <mark>\u201cfellow member\u201d nella \u201cfellow class\u201d di <strong>Optica<\/strong> (Optical Society of America), associazione fondata nel 1916 per raccogliere le scienziate e gli scienziati leader che, in tutto il mondo, si occupano di ottica e di fotonica,<\/mark> discipline legate in particolare allo sviluppo delle reti di telecomunicazioni.<\/p>\n<p>Il riconoscimento di cui \u00e8 stata insignita la docente della Scuola Superiore Sant&#8217;Anna \u00e8 riservato alle scienziate e agli scienziati che, con le loro attivit\u00e0 di ricerca, si sono particolarmente distinti nel progresso delle conoscenze e delle applicazioni per ottica e fotonica. In questi due settori, <mark>Optica \u00e8 considerata l&#8217;organizzazione di riferimento per scienziati, ingegneri, professionisti, studenti e chiunque sia interessato alla scienza della luce.<\/mark><\/p>\n<h3><em>I &#8220;suoi&#8221; radar fotonici per il controllo del traffico aereo<\/em><\/h3>\n<p>Antonella Bogoni \u00e8 stata premiata, in particolare, per i suoi contributi significativi all&#8217;elaborazione dei segnali ottici ad alta velocit\u00e0 e alla fotonica per le microonde, tra cui i radar basati sulla fotonica. La docente \u00a0\u00e8 stata, infatti, la vincitrice di un progetto finanziato dal Consiglio Europeo delle Ricerche per sviluppare una nuova generazione di <strong>radar fotonici<\/strong> per il controllo del traffico aeroportuale. I risultati sono stati pubblicati su <strong>Nature<\/strong> e hanno messo le basi per lo sviluppo, tuttora in corso, di nuovi sistemi per lo spazio in collaborazione con il Ministero dell\u2019Universit\u00e0 e della Ricerca, l\u2019Agenzia Spaziale Europea e l\u2019Agenzia Spaziale Italiana.<\/p>\n<p>\u201cA nome della comunit\u00e0 accademica \u2013 dichiara <strong>Sabina Nuti<\/strong>, rettrice della Scuola Superiore Sant&#8217;Anna &#8211; mi congratulo con Antonella Bogoni per la nomina a \u2018Fellow Member\u2019 di Optica. <mark>Questo nuovo riconoscimento conferma la capacit\u00e0 di Antonella Bogoni di portare contributi rilevanti su temi di ricerca tra i pi\u00f9 avanzati in ambito Stem (Scienza, tecnologia, ingegneria, matematica), in settori cruciali per il nostro futuro<\/mark> come, in questo caso, lo sviluppo delle telecomunicazioni. Antonella Bogoni \u00e8 un grande esempio per i nostri allievi e, soprattutto, per le nostre allieve\u201d.<\/p>\n","protected":false},"excerpt":{"rendered":"<p>La docente ha ottenuto la nomina dall&#8217;associazione che \u00e8 punto di riferimento mondiale nel settore dell&#8217;ottica e delle telecomunicazione. A lei si deve la nuova generazione di radar per il controllo del traffico aeroportuale<\/p>\n","protected":false},"author":525,"featured_media":259562,"comment_status":"open","ping_status":"open","sticky":false,"template":"","format":"standard","meta":{"_acf_changed":false,"footnotes":""},"categories":[475],"tags":[4373],"class_list":["post-259559","post","type-post","status-publish","format-standard","has-post-thumbnail","hentry","category-innovazione","tag-scuola-santanna-di-pisa"],"acf":[],"yoast_head":"<!-- This site is optimized with the Yoast SEO Premium plugin v24.2 (Yoast SEO v25.6) - https:\/\/yoast.com\/wordpress\/plugins\/seo\/ -->\n<title>Antonella Bogoni del Sant&#039;Anna di Pisa \u00e8 la scienziata leader nella fotonica: il riconoscimento di Optica - intoscana<\/title>\n<meta name=\"description\" content=\"La docente ha ottenuto la nomina dall&#039;associazione che \u00e8 punto di riferimento mondiale nel settore dell&#039;ottica e delle telecomunicazione. A lei si deve la nuova generazione di radar per il controllo del traffico aeroportuale\" \/>\n<meta name=\"robots\" content=\"index, follow, max-snippet:-1, max-image-preview:large, max-video-preview:-1\" \/>\n<link rel=\"canonical\" href=\"https:\/\/www.intoscana.it\/it\/antonella-bogoni-del-santanna-di-pisa-e-la-scienziata-leader-nella-fotonica-il-riconoscimento-di-optica\/\" \/>\n<meta property=\"og:locale\" content=\"it_IT\" \/>\n<meta property=\"og:type\" content=\"article\" \/>\n<meta property=\"og:title\" content=\"Antonella Bogoni del Sant&#039;Anna di Pisa \u00e8 la scienziata leader nella fotonica: il riconoscimento di Optica\" \/>\n<meta property=\"og:description\" content=\"La docente ha ottenuto la nomina dall&#039;associazione che \u00e8 punto di riferimento mondiale nel settore dell&#039;ottica e delle telecomunicazione. A lei si deve la nuova generazione di radar per il controllo del traffico aeroportuale\" \/>\n<meta property=\"og:url\" content=\"https:\/\/www.intoscana.it\/it\/antonella-bogoni-del-santanna-di-pisa-e-la-scienziata-leader-nella-fotonica-il-riconoscimento-di-optica\/\" \/>\n<meta property=\"og:site_name\" content=\"intoscana\" \/>\n<meta property=\"article:publisher\" content=\"https:\/\/www.facebook.com\/intoscana.it\" \/>\n<meta property=\"article:published_time\" content=\"2022-11-23T12:34:06+00:00\" \/>\n<meta property=\"og:image\" content=\"https:\/\/www.intoscana.it\/wp-content\/uploads\/Bogoni.jpg\" \/>\n\t<meta property=\"og:image:width\" content=\"2036\" \/>\n\t<meta property=\"og:image:height\" content=\"1116\" \/>\n\t<meta property=\"og:image:type\" content=\"image\/jpeg\" \/>\n<meta name=\"author\" content=\"Redazione\" \/>\n<meta name=\"twitter:card\" content=\"summary_large_image\" \/>\n<meta name=\"twitter:creator\" content=\"@intoscana\" \/>\n<meta name=\"twitter:site\" content=\"@intoscana\" \/>\n<meta name=\"twitter:label1\" content=\"Written by\" \/>\n\t<meta name=\"twitter:data1\" content=\"Redazione\" \/>\n\t<meta name=\"twitter:label2\" content=\"Est. reading time\" \/>\n\t<meta name=\"twitter:data2\" content=\"2 minuti\" \/>\n<script type=\"application\/ld+json\" class=\"yoast-schema-graph\">{\"@context\":\"https:\/\/schema.org\",\"@graph\":[{\"@type\":\"WebPage\",\"@id\":\"https:\/\/www.intoscana.it\/it\/antonella-bogoni-del-santanna-di-pisa-e-la-scienziata-leader-nella-fotonica-il-riconoscimento-di-optica\/\",\"url\":\"https:\/\/www.intoscana.it\/it\/antonella-bogoni-del-santanna-di-pisa-e-la-scienziata-leader-nella-fotonica-il-riconoscimento-di-optica\/\",\"name\":\"Antonella Bogoni del Sant'Anna di Pisa \u00e8 la scienziata leader nella fotonica: il riconoscimento di Optica - intoscana\",\"isPartOf\":{\"@id\":\"https:\/\/www.intoscana.it\/it\/#website\"},\"primaryImageOfPage\":{\"@id\":\"https:\/\/www.intoscana.it\/it\/antonella-bogoni-del-santanna-di-pisa-e-la-scienziata-leader-nella-fotonica-il-riconoscimento-di-optica\/#primaryimage\"},\"image\":{\"@id\":\"https:\/\/www.intoscana.it\/it\/antonella-bogoni-del-santanna-di-pisa-e-la-scienziata-leader-nella-fotonica-il-riconoscimento-di-optica\/#primaryimage\"},\"thumbnailUrl\":\"https:\/\/www.intoscana.it\/wp-content\/uploads\/Bogoni.jpg\",\"datePublished\":\"2022-11-23T12:34:06+00:00\",\"author\":{\"@id\":\"https:\/\/www.intoscana.it\/it\/#\/schema\/person\/9223810753230f20bd670fdd322661f8\"},\"description\":\"La docente ha ottenuto la nomina dall'associazione che \u00e8 punto di riferimento mondiale nel settore dell'ottica e delle telecomunicazione. A lei si deve la nuova generazione di radar per il controllo del traffico aeroportuale\",\"breadcrumb\":{\"@id\":\"https:\/\/www.intoscana.it\/it\/antonella-bogoni-del-santanna-di-pisa-e-la-scienziata-leader-nella-fotonica-il-riconoscimento-di-optica\/#breadcrumb\"},\"inLanguage\":\"it-IT\",\"potentialAction\":[{\"@type\":\"ReadAction\",\"target\":[\"https:\/\/www.intoscana.it\/it\/antonella-bogoni-del-santanna-di-pisa-e-la-scienziata-leader-nella-fotonica-il-riconoscimento-di-optica\/\"]}]},{\"@type\":\"ImageObject\",\"inLanguage\":\"it-IT\",\"@id\":\"https:\/\/www.intoscana.it\/it\/antonella-bogoni-del-santanna-di-pisa-e-la-scienziata-leader-nella-fotonica-il-riconoscimento-di-optica\/#primaryimage\",\"url\":\"https:\/\/www.intoscana.it\/wp-content\/uploads\/Bogoni.jpg\",\"contentUrl\":\"https:\/\/www.intoscana.it\/wp-content\/uploads\/Bogoni.jpg\",\"width\":2036,\"height\":1116},{\"@type\":\"BreadcrumbList\",\"@id\":\"https:\/\/www.intoscana.it\/it\/antonella-bogoni-del-santanna-di-pisa-e-la-scienziata-leader-nella-fotonica-il-riconoscimento-di-optica\/#breadcrumb\",\"itemListElement\":[{\"@type\":\"ListItem\",\"position\":1,\"name\":\"Home\",\"item\":\"https:\/\/www.intoscana.it\/it\/\"},{\"@type\":\"ListItem\",\"position\":2,\"name\":\"Antonella Bogoni del Sant&#8217;Anna di Pisa \u00e8 la scienziata leader nella fotonica: il riconoscimento di Optica\"}]},{\"@type\":\"WebSite\",\"@id\":\"https:\/\/www.intoscana.it\/it\/#website\",\"url\":\"https:\/\/www.intoscana.it\/it\/\",\"name\":\"intoscana\",\"description\":\"\",\"potentialAction\":[{\"@type\":\"SearchAction\",\"target\":{\"@type\":\"EntryPoint\",\"urlTemplate\":\"https:\/\/www.intoscana.it\/it\/?s={search_term_string}\"},\"query-input\":{\"@type\":\"PropertyValueSpecification\",\"valueRequired\":true,\"valueName\":\"search_term_string\"}}],\"inLanguage\":\"it-IT\"},{\"@type\":\"Person\",\"@id\":\"https:\/\/www.intoscana.it\/it\/#\/schema\/person\/9223810753230f20bd670fdd322661f8\",\"name\":\"Redazione\",\"url\":\"https:\/\/www.intoscana.it\/it\/author\/redazione\/\"}]}<\/script>\n<!-- \/ Yoast SEO Premium plugin. -->","yoast_head_json":{"title":"Antonella Bogoni del Sant'Anna di Pisa \u00e8 la scienziata leader nella fotonica: il riconoscimento di Optica - intoscana","description":"La docente ha ottenuto la nomina dall'associazione che \u00e8 punto di riferimento mondiale nel settore dell'ottica e delle telecomunicazione. A lei si deve la nuova generazione di radar per il controllo del traffico aeroportuale","robots":{"index":"index","follow":"follow","max-snippet":"max-snippet:-1","max-image-preview":"max-image-preview:large","max-video-preview":"max-video-preview:-1"},"canonical":"https:\/\/www.intoscana.it\/it\/antonella-bogoni-del-santanna-di-pisa-e-la-scienziata-leader-nella-fotonica-il-riconoscimento-di-optica\/","og_locale":"it_IT","og_type":"article","og_title":"Antonella Bogoni del Sant'Anna di Pisa \u00e8 la scienziata leader nella fotonica: il riconoscimento di Optica","og_description":"La docente ha ottenuto la nomina dall'associazione che \u00e8 punto di riferimento mondiale nel settore dell'ottica e delle telecomunicazione. A lei si deve la nuova generazione di radar per il controllo del traffico aeroportuale","og_url":"https:\/\/www.intoscana.it\/it\/antonella-bogoni-del-santanna-di-pisa-e-la-scienziata-leader-nella-fotonica-il-riconoscimento-di-optica\/","og_site_name":"intoscana","article_publisher":"https:\/\/www.facebook.com\/intoscana.it","article_published_time":"2022-11-23T12:34:06+00:00","og_image":[{"width":2036,"height":1116,"url":"https:\/\/www.intoscana.it\/wp-content\/uploads\/Bogoni.jpg","type":"image\/jpeg"}],"author":"Redazione","twitter_card":"summary_large_image","twitter_creator":"@intoscana","twitter_site":"@intoscana","twitter_misc":{"Written by":"Redazione","Est. reading time":"2 minuti"},"schema":{"@context":"https:\/\/schema.org","@graph":[{"@type":"WebPage","@id":"https:\/\/www.intoscana.it\/it\/antonella-bogoni-del-santanna-di-pisa-e-la-scienziata-leader-nella-fotonica-il-riconoscimento-di-optica\/","url":"https:\/\/www.intoscana.it\/it\/antonella-bogoni-del-santanna-di-pisa-e-la-scienziata-leader-nella-fotonica-il-riconoscimento-di-optica\/","name":"Antonella Bogoni del Sant'Anna di Pisa \u00e8 la scienziata leader nella fotonica: il riconoscimento di Optica - intoscana","isPartOf":{"@id":"https:\/\/www.intoscana.it\/it\/#website"},"primaryImageOfPage":{"@id":"https:\/\/www.intoscana.it\/it\/antonella-bogoni-del-santanna-di-pisa-e-la-scienziata-leader-nella-fotonica-il-riconoscimento-di-optica\/#primaryimage"},"image":{"@id":"https:\/\/www.intoscana.it\/it\/antonella-bogoni-del-santanna-di-pisa-e-la-scienziata-leader-nella-fotonica-il-riconoscimento-di-optica\/#primaryimage"},"thumbnailUrl":"https:\/\/www.intoscana.it\/wp-content\/uploads\/Bogoni.jpg","datePublished":"2022-11-23T12:34:06+00:00","author":{"@id":"https:\/\/www.intoscana.it\/it\/#\/schema\/person\/9223810753230f20bd670fdd322661f8"},"description":"La docente ha ottenuto la nomina dall'associazione che \u00e8 punto di riferimento mondiale nel settore dell'ottica e delle telecomunicazione. A lei si deve la nuova generazione di radar per il controllo del traffico aeroportuale","breadcrumb":{"@id":"https:\/\/www.intoscana.it\/it\/antonella-bogoni-del-santanna-di-pisa-e-la-scienziata-leader-nella-fotonica-il-riconoscimento-di-optica\/#breadcrumb"},"inLanguage":"it-IT","potentialAction":[{"@type":"ReadAction","target":["https:\/\/www.intoscana.it\/it\/antonella-bogoni-del-santanna-di-pisa-e-la-scienziata-leader-nella-fotonica-il-riconoscimento-di-optica\/"]}]},{"@type":"ImageObject","inLanguage":"it-IT","@id":"https:\/\/www.intoscana.it\/it\/antonella-bogoni-del-santanna-di-pisa-e-la-scienziata-leader-nella-fotonica-il-riconoscimento-di-optica\/#primaryimage","url":"https:\/\/www.intoscana.it\/wp-content\/uploads\/Bogoni.jpg","contentUrl":"https:\/\/www.intoscana.it\/wp-content\/uploads\/Bogoni.jpg","width":2036,"height":1116},{"@type":"BreadcrumbList","@id":"https:\/\/www.intoscana.it\/it\/antonella-bogoni-del-santanna-di-pisa-e-la-scienziata-leader-nella-fotonica-il-riconoscimento-di-optica\/#breadcrumb","itemListElement":[{"@type":"ListItem","position":1,"name":"Home","item":"https:\/\/www.intoscana.it\/it\/"},{"@type":"ListItem","position":2,"name":"Antonella Bogoni del Sant&#8217;Anna di Pisa \u00e8 la scienziata leader nella fotonica: il riconoscimento di Optica"}]},{"@type":"WebSite","@id":"https:\/\/www.intoscana.it\/it\/#website","url":"https:\/\/www.intoscana.it\/it\/","name":"intoscana","description":"","potentialAction":[{"@type":"SearchAction","target":{"@type":"EntryPoint","urlTemplate":"https:\/\/www.intoscana.it\/it\/?s={search_term_string}"},"query-input":{"@type":"PropertyValueSpecification","valueRequired":true,"valueName":"search_term_string"}}],"inLanguage":"it-IT"},{"@type":"Person","@id":"https:\/\/www.intoscana.it\/it\/#\/schema\/person\/9223810753230f20bd670fdd322661f8","name":"Redazione","url":"https:\/\/www.intoscana.it\/it\/author\/redazione\/"}]}},"_links":{"self":[{"href":"https:\/\/www.intoscana.it\/it\/wp-json\/wp\/v2\/posts\/259559","targetHints":{"allow":["GET"]}}],"collection":[{"href":"https:\/\/www.intoscana.it\/it\/wp-json\/wp\/v2\/posts"}],"about":[{"href":"https:\/\/www.intoscana.it\/it\/wp-json\/wp\/v2\/types\/post"}],"author":[{"embeddable":true,"href":"https:\/\/www.intoscana.it\/it\/wp-json\/wp\/v2\/users\/525"}],"replies":[{"embeddable":true,"href":"https:\/\/www.intoscana.it\/it\/wp-json\/wp\/v2\/comments?post=259559"}],"version-history":[{"count":0,"href":"https:\/\/www.intoscana.it\/it\/wp-json\/wp\/v2\/posts\/259559\/revisions"}],"wp:featuredmedia":[{"embeddable":true,"href":"https:\/\/www.intoscana.it\/it\/wp-json\/wp\/v2\/media\/259562"}],"wp:attachment":[{"href":"https:\/\/www.intoscana.it\/it\/wp-json\/wp\/v2\/media?parent=259559"}],"wp:term":[{"taxonomy":"category","embeddable":true,"href":"https:\/\/www.intoscana.it\/it\/wp-json\/wp\/v2\/categories?post=259559"},{"taxonomy":"post_tag","embeddable":true,"href":"https:\/\/www.intoscana.it\/it\/wp-json\/wp\/v2\/tags?post=259559"}],"curies":[{"name":"wp","href":"https:\/\/api.w.org\/{rel}","templated":true}]}}