{"id":259743,"date":"2022-11-24T11:04:04","date_gmt":"2022-11-24T10:04:04","guid":{"rendered":"https:\/\/www.intoscana.it\/it\/?p=259743"},"modified":"2022-11-25T13:01:00","modified_gmt":"2022-11-25T12:01:00","slug":"covid-19-2361-nuovi-casi-e-sette-decessi-in-toscana","status":"publish","type":"post","link":"https:\/\/www.intoscana.it\/it\/covid-19-2361-nuovi-casi-e-sette-decessi-in-toscana\/","title":{"rendered":"Covid-19: 2361 nuovi casi e sette decessi in Toscana"},"content":{"rendered":"<div id=\"_com_liferay_asset_publisher_web_portlet_AssetPublisherPortlet_INSTANCE_yUmQsTG5G4iu_135885344\" class=\"asset-content\">\n<div class=\"clearfix journal-content-article\" data-analytics-asset-id=\"135885332\" data-analytics-asset-title=\"Coronavirus, 2.361 nuovi casi. I decessi sono sette\" data-analytics-asset-type=\"web-content\">\n<section id=\"content\" class=\"container rt-container\">\n<div class=\"row\">\n<div id=\"column-1\" class=\"col-md-12 portlet-column portlet-column-only\">\n<section class=\"rt-subheader rt-subheader--news\">\n<div class=\"rt-subheader__wrapper\">\n<div class=\"rt-subheader__title-wrapper\"><\/div>\n<\/div>\n<\/section>\n<\/div>\n<\/div>\n<div class=\"row has-sidebar\">\n<div id=\"column-2\" class=\"col-md-12 col-lg-9 portlet-column portlet-column-first\">\n<div class=\"rt-page__content rt-page-content--left\">\n<div class=\"rt-page__content-text\">\n<p>Sono 2.361 i <strong>nuovi casi<\/strong> di <strong>Covid-19<\/strong> registrati nelle ultime ventiquattro ore in Toscana: 420 sono stati confermati con tampone molecolare e gli altri 1.941 con test rapido.<\/p>\n<p>Il numero dei<strong> contagiati<\/strong> rilevati nella regione dall&#8217;inizio della pandemia sale dunque a 1.514.403. I nuovi casi sono lo 0,2% in pi\u00f9 rispetto al totale del giorno precedente. I guariti crescono dello 0,1% (1.314 persone) e raggiungono quota 1.440.723 (95,1% dei casi totali).<\/p>\n<p>I dati, relativi all&#8217;andamento della pandemia, sono quelli accertati oggi sulla base delle richieste della Protezione civile nazionale.<\/p>\n<p>Al momento in Toscana risultano pertanto <strong>62.540 positivi<\/strong>, +1,7% rispetto a ieri. Di questi 499 (1 in meno rispetto a ieri) sono ricoverati in ospedale: 16 (1 in pi\u00f9) si trovano in terapia intensiva.<\/p>\n<p>La lista dei decessi si aggiorna con 7 nuovi decessi: 5 uomini e 2 donne con un&#8217;et\u00e0 media di 85,4 anni.<\/p>\n<p>Dall&#8217;ultimo bollettino quotidiano sono stati eseguiti 1.233 tamponi molecolari e 10.542 tamponi antigenici rapidi: di questi il 20,1% \u00e8 risultato positivo. Sono invece 2.662 i soggetti testati, escludendo i tamponi di controllo: l&#8217;88,7% di questi \u00e8 risultato positivo.<\/p>\n<h3><strong>L&#8217;andamento dei casi per provincia<\/strong><\/h3>\n<p>Con gli ultimi casi salgono a 408.865 i positivi dall&#8217;inizio dell&#8217;emergenza nei comuni della Citt\u00e0 metropolitana di Firenze (586 in pi\u00f9 rispetto a ieri), 100.042 in provincia di Prato (105 in pi\u00f9), 118.689 a Pistoia (152 in pi\u00f9), 77.283 a Massa Carrara (162 in pi\u00f9), 164.073 a Lucca (310 in pi\u00f9), 176.550 a Pisa (321 in pi\u00f9), 137.908 a Livorno (267 in pi\u00f9), 137.011 ad Arezzo (163 in pi\u00f9), 108.617 a Siena (141 in pi\u00f9) e 84.382 a Grosseto (149 in pi\u00f9). A questi vanno aggiunti 569 casi di positivit\u00e0 notificati in Toscana ma che riguardano residenti in altre regioni.<\/p>\n<p>La Toscana ha circa 41.009 casi complessivi ogni 100.000 abitanti dall&#8217;inizio della pandemia (tra residenti e non residenti). Al momento la provincia di notifica con il tasso pi\u00f9 alto \u00e9 Lucca (con 42.732 casi ogni 100 mila abitanti), seguita da Pisa (42.239) e Livorno (41.918). La pi\u00f9 bassa concentrazione si riscontra a Prato (con un tasso di 37.713).<\/p>\n<p>In 62.041 sono in isolamento a casa, perch\u00e9 presentano sintomi lievi che non richiedono cure ospedaliere o risultano prive di sintomi (1.041 in pi\u00f9 rispetto a ieri, pi\u00f9 1,7%).<\/p>\n<p>I 1.440.723 guariti registrati a oggi lo sono a tutti gli effetti, da un punto di vista virale, certificati con tampone negativo.<\/p>\n<h3><strong>Sette decessi: et\u00e0 media 85,4 anni<\/strong><\/h3>\n<p>La lista dei decessi si aggiorna con 7 nuovi decessi: 5 uomini e 2 donne con un&#8217;et\u00e0 media di <strong>85,4 anni. <\/strong>Relativamente alla provincia di residenza, le persone decedute sono: 3 a Firenze, 2 a Prato, 1 a Pistoia, 1 a Arezzo.<\/p>\n<p>Sono<strong> 11.140 i deceduti<\/strong> dall&#8217;inizio dell&#8217;epidemia: 3.528 nella Citt\u00e0 metropolitana di Firenze, 903 in provincia di Prato, 997 a Pistoia, 704 a Massa Carrara, 1.042 a Lucca, 1.254 a Pisa, 831 a Livorno, 713 ad Arezzo, 602 a Siena, 409 a Grosseto. Vanno aggiunte 157 persone decedute sul suolo toscano ma erano residenti fuori regione.<\/p>\n<p>Il tasso grezzo di mortalit\u00e0 per Covid-19 (numero di deceduti\/popolazione residente) \u00e8 al momento 301,7 ogni 100 mila residenti. Per quanto riguarda le province, il tasso di mortalit\u00e0 pi\u00f9 alto si riscontra a Massa Carrara (370,8 ogni 100 mila abitanti), seguita da Firenze (353,4) e Pistoia (343,5), mentre il pi\u00f9 basso \u00e8 a Grosseto (187,7).<\/p>\n<\/div>\n<\/div>\n<\/div>\n<\/div>\n<\/section>\n<\/div>\n<\/div>\n<div class=\"col-xs-6 col-sm-4 col-md-3 help-block\"><\/div>\n","protected":false},"excerpt":{"rendered":"<p>Son 499 (1 in meno rispetto a ieri) i ricoverati in ospedale: 16 (1 in pi\u00f9) si trovano in terapia intensiva<\/p>\n","protected":false},"author":525,"featured_media":0,"comment_status":"open","ping_status":"open","sticky":false,"template":"","format":"standard","meta":{"_acf_changed":false,"footnotes":""},"categories":[494],"tags":[4868,418],"class_list":["post-259743","post","type-post","status-publish","format-standard","hentry","category-attualita","tag-bollettino-covid-toscana","tag-covid-19"],"acf":[],"yoast_head":"<!-- This site is optimized with the Yoast SEO Premium plugin v24.2 (Yoast SEO v25.6) - https:\/\/yoast.com\/wordpress\/plugins\/seo\/ -->\n<title>Covid-19: 2361 nuovi casi e sette decessi in Toscana - intoscana<\/title>\n<meta name=\"robots\" content=\"index, follow, max-snippet:-1, max-image-preview:large, max-video-preview:-1\" \/>\n<link rel=\"canonical\" href=\"https:\/\/www.intoscana.it\/it\/covid-19-2361-nuovi-casi-e-sette-decessi-in-toscana\/\" \/>\n<meta property=\"og:locale\" content=\"it_IT\" \/>\n<meta property=\"og:type\" content=\"article\" \/>\n<meta property=\"og:title\" content=\"Covid-19: 2361 nuovi casi e sette decessi in Toscana\" \/>\n<meta property=\"og:description\" content=\"Son 499 (1 in meno rispetto a ieri) i ricoverati in ospedale: 16 (1 in pi\u00f9) si trovano in terapia intensiva\" \/>\n<meta property=\"og:url\" content=\"https:\/\/www.intoscana.it\/it\/covid-19-2361-nuovi-casi-e-sette-decessi-in-toscana\/\" \/>\n<meta property=\"og:site_name\" content=\"intoscana\" \/>\n<meta property=\"article:publisher\" content=\"https:\/\/www.facebook.com\/intoscana.it\" \/>\n<meta property=\"article:published_time\" content=\"2022-11-24T10:04:04+00:00\" \/>\n<meta property=\"article:modified_time\" content=\"2022-11-25T12:01:00+00:00\" \/>\n<meta name=\"author\" content=\"Redazione\" \/>\n<meta name=\"twitter:card\" content=\"summary_large_image\" \/>\n<meta name=\"twitter:creator\" content=\"@intoscana\" \/>\n<meta name=\"twitter:site\" content=\"@intoscana\" \/>\n<meta name=\"twitter:label1\" content=\"Written by\" \/>\n\t<meta name=\"twitter:data1\" content=\"Redazione\" \/>\n\t<meta name=\"twitter:label2\" content=\"Est. reading time\" \/>\n\t<meta name=\"twitter:data2\" content=\"2 minuti\" \/>\n<script type=\"application\/ld+json\" class=\"yoast-schema-graph\">{\"@context\":\"https:\/\/schema.org\",\"@graph\":[{\"@type\":\"WebPage\",\"@id\":\"https:\/\/www.intoscana.it\/it\/covid-19-2361-nuovi-casi-e-sette-decessi-in-toscana\/\",\"url\":\"https:\/\/www.intoscana.it\/it\/covid-19-2361-nuovi-casi-e-sette-decessi-in-toscana\/\",\"name\":\"Covid-19: 2361 nuovi casi e sette decessi in Toscana - intoscana\",\"isPartOf\":{\"@id\":\"https:\/\/www.intoscana.it\/it\/#website\"},\"datePublished\":\"2022-11-24T10:04:04+00:00\",\"dateModified\":\"2022-11-25T12:01:00+00:00\",\"author\":{\"@id\":\"https:\/\/www.intoscana.it\/it\/#\/schema\/person\/9223810753230f20bd670fdd322661f8\"},\"breadcrumb\":{\"@id\":\"https:\/\/www.intoscana.it\/it\/covid-19-2361-nuovi-casi-e-sette-decessi-in-toscana\/#breadcrumb\"},\"inLanguage\":\"it-IT\",\"potentialAction\":[{\"@type\":\"ReadAction\",\"target\":[\"https:\/\/www.intoscana.it\/it\/covid-19-2361-nuovi-casi-e-sette-decessi-in-toscana\/\"]}]},{\"@type\":\"BreadcrumbList\",\"@id\":\"https:\/\/www.intoscana.it\/it\/covid-19-2361-nuovi-casi-e-sette-decessi-in-toscana\/#breadcrumb\",\"itemListElement\":[{\"@type\":\"ListItem\",\"position\":1,\"name\":\"Home\",\"item\":\"https:\/\/www.intoscana.it\/it\/\"},{\"@type\":\"ListItem\",\"position\":2,\"name\":\"Covid-19: 2361 nuovi casi e sette decessi in Toscana\"}]},{\"@type\":\"WebSite\",\"@id\":\"https:\/\/www.intoscana.it\/it\/#website\",\"url\":\"https:\/\/www.intoscana.it\/it\/\",\"name\":\"intoscana\",\"description\":\"\",\"potentialAction\":[{\"@type\":\"SearchAction\",\"target\":{\"@type\":\"EntryPoint\",\"urlTemplate\":\"https:\/\/www.intoscana.it\/it\/?s={search_term_string}\"},\"query-input\":{\"@type\":\"PropertyValueSpecification\",\"valueRequired\":true,\"valueName\":\"search_term_string\"}}],\"inLanguage\":\"it-IT\"},{\"@type\":\"Person\",\"@id\":\"https:\/\/www.intoscana.it\/it\/#\/schema\/person\/9223810753230f20bd670fdd322661f8\",\"name\":\"Redazione\",\"url\":\"https:\/\/www.intoscana.it\/it\/author\/redazione\/\"}]}<\/script>\n<!-- \/ Yoast SEO Premium plugin. -->","yoast_head_json":{"title":"Covid-19: 2361 nuovi casi e sette decessi in Toscana - intoscana","robots":{"index":"index","follow":"follow","max-snippet":"max-snippet:-1","max-image-preview":"max-image-preview:large","max-video-preview":"max-video-preview:-1"},"canonical":"https:\/\/www.intoscana.it\/it\/covid-19-2361-nuovi-casi-e-sette-decessi-in-toscana\/","og_locale":"it_IT","og_type":"article","og_title":"Covid-19: 2361 nuovi casi e sette decessi in Toscana","og_description":"Son 499 (1 in meno rispetto a ieri) i ricoverati in ospedale: 16 (1 in pi\u00f9) si trovano in terapia intensiva","og_url":"https:\/\/www.intoscana.it\/it\/covid-19-2361-nuovi-casi-e-sette-decessi-in-toscana\/","og_site_name":"intoscana","article_publisher":"https:\/\/www.facebook.com\/intoscana.it","article_published_time":"2022-11-24T10:04:04+00:00","article_modified_time":"2022-11-25T12:01:00+00:00","author":"Redazione","twitter_card":"summary_large_image","twitter_creator":"@intoscana","twitter_site":"@intoscana","twitter_misc":{"Written by":"Redazione","Est. reading time":"2 minuti"},"schema":{"@context":"https:\/\/schema.org","@graph":[{"@type":"WebPage","@id":"https:\/\/www.intoscana.it\/it\/covid-19-2361-nuovi-casi-e-sette-decessi-in-toscana\/","url":"https:\/\/www.intoscana.it\/it\/covid-19-2361-nuovi-casi-e-sette-decessi-in-toscana\/","name":"Covid-19: 2361 nuovi casi e sette decessi in Toscana - intoscana","isPartOf":{"@id":"https:\/\/www.intoscana.it\/it\/#website"},"datePublished":"2022-11-24T10:04:04+00:00","dateModified":"2022-11-25T12:01:00+00:00","author":{"@id":"https:\/\/www.intoscana.it\/it\/#\/schema\/person\/9223810753230f20bd670fdd322661f8"},"breadcrumb":{"@id":"https:\/\/www.intoscana.it\/it\/covid-19-2361-nuovi-casi-e-sette-decessi-in-toscana\/#breadcrumb"},"inLanguage":"it-IT","potentialAction":[{"@type":"ReadAction","target":["https:\/\/www.intoscana.it\/it\/covid-19-2361-nuovi-casi-e-sette-decessi-in-toscana\/"]}]},{"@type":"BreadcrumbList","@id":"https:\/\/www.intoscana.it\/it\/covid-19-2361-nuovi-casi-e-sette-decessi-in-toscana\/#breadcrumb","itemListElement":[{"@type":"ListItem","position":1,"name":"Home","item":"https:\/\/www.intoscana.it\/it\/"},{"@type":"ListItem","position":2,"name":"Covid-19: 2361 nuovi casi e sette decessi in Toscana"}]},{"@type":"WebSite","@id":"https:\/\/www.intoscana.it\/it\/#website","url":"https:\/\/www.intoscana.it\/it\/","name":"intoscana","description":"","potentialAction":[{"@type":"SearchAction","target":{"@type":"EntryPoint","urlTemplate":"https:\/\/www.intoscana.it\/it\/?s={search_term_string}"},"query-input":{"@type":"PropertyValueSpecification","valueRequired":true,"valueName":"search_term_string"}}],"inLanguage":"it-IT"},{"@type":"Person","@id":"https:\/\/www.intoscana.it\/it\/#\/schema\/person\/9223810753230f20bd670fdd322661f8","name":"Redazione","url":"https:\/\/www.intoscana.it\/it\/author\/redazione\/"}]}},"_links":{"self":[{"href":"https:\/\/www.intoscana.it\/it\/wp-json\/wp\/v2\/posts\/259743","targetHints":{"allow":["GET"]}}],"collection":[{"href":"https:\/\/www.intoscana.it\/it\/wp-json\/wp\/v2\/posts"}],"about":[{"href":"https:\/\/www.intoscana.it\/it\/wp-json\/wp\/v2\/types\/post"}],"author":[{"embeddable":true,"href":"https:\/\/www.intoscana.it\/it\/wp-json\/wp\/v2\/users\/525"}],"replies":[{"embeddable":true,"href":"https:\/\/www.intoscana.it\/it\/wp-json\/wp\/v2\/comments?post=259743"}],"version-history":[{"count":0,"href":"https:\/\/www.intoscana.it\/it\/wp-json\/wp\/v2\/posts\/259743\/revisions"}],"wp:attachment":[{"href":"https:\/\/www.intoscana.it\/it\/wp-json\/wp\/v2\/media?parent=259743"}],"wp:term":[{"taxonomy":"category","embeddable":true,"href":"https:\/\/www.intoscana.it\/it\/wp-json\/wp\/v2\/categories?post=259743"},{"taxonomy":"post_tag","embeddable":true,"href":"https:\/\/www.intoscana.it\/it\/wp-json\/wp\/v2\/tags?post=259743"}],"curies":[{"name":"wp","href":"https:\/\/api.w.org\/{rel}","templated":true}]}}