{"id":260114,"date":"2022-11-26T15:46:02","date_gmt":"2022-11-26T14:46:02","guid":{"rendered":"https:\/\/www.intoscana.it\/it\/?p=260114"},"modified":"2022-11-28T11:50:14","modified_gmt":"2022-11-28T10:50:14","slug":"coronavirus-1969-i-nuovi-casi-dieci-decessi","status":"publish","type":"post","link":"https:\/\/www.intoscana.it\/it\/coronavirus-1969-i-nuovi-casi-dieci-decessi\/","title":{"rendered":"Coronavirus: 1969 i nuovi casi. Dieci decessi"},"content":{"rendered":"<p>Sono <strong>1.969 i nuovi casi<\/strong> di Covid-19 registrati nelle ultime ventiquattro ore in Toscana: 357 sono stati confermati con tampone molecolare e gli altri 1.612 con test rapido.<\/p>\n<p><strong>Il numero dei contagiati<\/strong> rilevati nella regione dall&#8217;inizio della pandemia <strong>sale a 1.518.446<\/strong>. \u00a0I nuovi casi sono lo 0,1% in pi\u00f9 rispetto al totale del giorno precedente. <strong>I guariti<\/strong> crescono dello 0,1% (996 persone) e raggiungono <strong>quota 1.442.931<\/strong> (95% dei casi totali).<\/p>\n<p>In Toscana risultano pertanto <strong>64.360 positivi<\/strong>, +1,5% rispetto a ieri. Di questi <strong>496<\/strong> (2 in meno rispetto a ieri) sono ricoverati <strong>in ospedale<\/strong>: sono <strong>19 (3 in pi\u00f9) in terapia intensiva<\/strong>.<\/p>\n<p><strong>In 63.864<\/strong> sono <strong>in isolamento a casa<\/strong>, perch\u00e9 presentano sintomi lievi che non richiedono cure ospedaliere o risultano prive di sintomi (965 in pi\u00f9 rispetto a ieri, pi\u00f9 1,5%)<\/p>\n<p>Dall&#8217;ultimo bollettino quotidiano sono stati eseguiti <mark>985 tamponi molecolari e 8.443 tamponi antigenici rapidi<\/mark>: di questi il 20,9% \u00e8 risultato positivo. Sono invece 2.173 i soggetti testati, escludendo i tamponi di controllo: il 90,6% di questi \u00e8 risultato positivo.<\/p>\n<h3>L&#8217;andamento per provincia<\/h3>\n<p>Con gli ultimi casi salgono a 409.886 i positivi dall&#8217;inizio dell&#8217;emergenza nei comuni della <strong>Citt\u00e0 metropolitana di Firenze<\/strong> (499 in pi\u00f9 rispetto a ieri), 100.258 in provincia di <strong>Prato<\/strong> (106 in pi\u00f9), 118.993 a <strong>Pistoia<\/strong> (141 in pi\u00f9), 77.519 a <strong>Massa Carrara<\/strong> (113 in pi\u00f9), 164.617 a <strong>Lucca<\/strong> (268 in pi\u00f9), 177.060 a <strong>Pisa<\/strong> (251 in pi\u00f9), 138.346 a <strong>Livorno<\/strong> (207 in pi\u00f9), 137.296 ad <strong>Arezzo<\/strong> (143 in pi\u00f9), 108.867 a <strong>Siena<\/strong> (118 in pi\u00f9) e 84.609 a <strong>Grosseto<\/strong> (117 in pi\u00f9). A questi vanno aggiunti 569 casi di positivit\u00e0 notificati in Toscana ma che riguardano residenti in altre regioni.<\/p>\n<h3>L&#8217;andamento dei decessi<\/h3>\n<p>La lista dei decessi si aggiorna con <strong>10 nuovi decessi<\/strong>: 5 uomini e 5 donne con un&#8217;et\u00e0 media di 89,8 anni. Relativamente alla provincia di residenza, le persone decedute sono: 4 a Firenze, 1 a Massa Carrara, 1 a Lucca, 1 a Pisa, 1 a Livorno, 1 a Arezzo, 1 fuori Toscana.<\/p>\n<p>Sono <strong>11.155 i deceduti dall&#8217;inizio dell&#8217;epidemia<\/strong>: 3.535 nella <strong>Citt\u00e0 metropolitana<\/strong> di Firenze, 903 in provincia di <strong>Prato<\/strong>, 997 a <strong>Pistoia<\/strong>, 705 a <strong>Massa Carrara<\/strong>, 1.044 a <strong>Lucca<\/strong>, 1.255 a <strong>Pisa<\/strong>, 832 a <strong>Livorno<\/strong>, 714 ad <strong>Arezzo<\/strong>, 602 a <strong>Siena<\/strong>, 409 a <strong>Grosseto<\/strong>. Vanno aggiunte 159 persone decedute sul suolo toscano ma erano residenti fuori regione.<\/p>\n","protected":false},"excerpt":{"rendered":"<p>In Toscana 64.360 positivi, +1,5% rispetto a ieri. Sono 496 (2 in meno) ricoverati in ospedale: 19 (3 in pi\u00f9) in terapia intensiva<\/p>\n","protected":false},"author":525,"featured_media":252981,"comment_status":"open","ping_status":"open","sticky":false,"template":"","format":"standard","meta":{"_acf_changed":false,"footnotes":""},"categories":[494],"tags":[6559,418],"class_list":["post-260114","post","type-post","status-publish","format-standard","has-post-thumbnail","hentry","category-attualita","tag-coronavirus","tag-covid-19"],"acf":[],"yoast_head":"<!-- This site is optimized with the Yoast SEO Premium plugin v24.2 (Yoast SEO v25.6) - https:\/\/yoast.com\/wordpress\/plugins\/seo\/ -->\n<title>Coronavirus: 1969 i nuovi casi. Dieci decessi - intoscana<\/title>\n<meta name=\"description\" content=\"In Toscana 64.360 positivi, +1,5% rispetto a ieri. Sono 496 (2 in meno) ricoverati in ospedale: 19 (3 in pi\u00f9) in terapia intensiva\" \/>\n<meta name=\"robots\" content=\"index, follow, max-snippet:-1, max-image-preview:large, max-video-preview:-1\" \/>\n<link rel=\"canonical\" href=\"https:\/\/www.intoscana.it\/it\/coronavirus-1969-i-nuovi-casi-dieci-decessi\/\" \/>\n<meta property=\"og:locale\" content=\"it_IT\" \/>\n<meta property=\"og:type\" content=\"article\" \/>\n<meta property=\"og:title\" content=\"Coronavirus: 1969 i nuovi casi. Dieci decessi\" \/>\n<meta property=\"og:description\" content=\"In Toscana 64.360 positivi, +1,5% rispetto a ieri. Sono 496 (2 in meno) ricoverati in ospedale: 19 (3 in pi\u00f9) in terapia intensiva\" \/>\n<meta property=\"og:url\" content=\"https:\/\/www.intoscana.it\/it\/coronavirus-1969-i-nuovi-casi-dieci-decessi\/\" \/>\n<meta property=\"og:site_name\" content=\"intoscana\" \/>\n<meta property=\"article:publisher\" content=\"https:\/\/www.facebook.com\/intoscana.it\" \/>\n<meta property=\"article:published_time\" content=\"2022-11-26T14:46:02+00:00\" \/>\n<meta property=\"article:modified_time\" content=\"2022-11-28T10:50:14+00:00\" \/>\n<meta property=\"og:image\" content=\"https:\/\/www.intoscana.it\/wp-content\/uploads\/vaccine-6165772_1920.jpg\" \/>\n\t<meta property=\"og:image:width\" content=\"1920\" \/>\n\t<meta property=\"og:image:height\" content=\"1272\" \/>\n\t<meta property=\"og:image:type\" content=\"image\/jpeg\" \/>\n<meta name=\"author\" content=\"Redazione\" \/>\n<meta name=\"twitter:card\" content=\"summary_large_image\" \/>\n<meta name=\"twitter:creator\" content=\"@intoscana\" \/>\n<meta name=\"twitter:site\" content=\"@intoscana\" \/>\n<meta name=\"twitter:label1\" content=\"Written by\" \/>\n\t<meta name=\"twitter:data1\" content=\"Redazione\" \/>\n\t<meta name=\"twitter:label2\" content=\"Est. reading time\" \/>\n\t<meta name=\"twitter:data2\" content=\"2 minuti\" \/>\n<script type=\"application\/ld+json\" class=\"yoast-schema-graph\">{\"@context\":\"https:\/\/schema.org\",\"@graph\":[{\"@type\":\"WebPage\",\"@id\":\"https:\/\/www.intoscana.it\/it\/coronavirus-1969-i-nuovi-casi-dieci-decessi\/\",\"url\":\"https:\/\/www.intoscana.it\/it\/coronavirus-1969-i-nuovi-casi-dieci-decessi\/\",\"name\":\"Coronavirus: 1969 i nuovi casi. Dieci decessi - intoscana\",\"isPartOf\":{\"@id\":\"https:\/\/www.intoscana.it\/it\/#website\"},\"primaryImageOfPage\":{\"@id\":\"https:\/\/www.intoscana.it\/it\/coronavirus-1969-i-nuovi-casi-dieci-decessi\/#primaryimage\"},\"image\":{\"@id\":\"https:\/\/www.intoscana.it\/it\/coronavirus-1969-i-nuovi-casi-dieci-decessi\/#primaryimage\"},\"thumbnailUrl\":\"https:\/\/www.intoscana.it\/wp-content\/uploads\/vaccine-6165772_1920.jpg\",\"datePublished\":\"2022-11-26T14:46:02+00:00\",\"dateModified\":\"2022-11-28T10:50:14+00:00\",\"author\":{\"@id\":\"https:\/\/www.intoscana.it\/it\/#\/schema\/person\/9223810753230f20bd670fdd322661f8\"},\"description\":\"In Toscana 64.360 positivi, +1,5% rispetto a ieri. Sono 496 (2 in meno) ricoverati in ospedale: 19 (3 in pi\u00f9) in terapia intensiva\",\"breadcrumb\":{\"@id\":\"https:\/\/www.intoscana.it\/it\/coronavirus-1969-i-nuovi-casi-dieci-decessi\/#breadcrumb\"},\"inLanguage\":\"it-IT\",\"potentialAction\":[{\"@type\":\"ReadAction\",\"target\":[\"https:\/\/www.intoscana.it\/it\/coronavirus-1969-i-nuovi-casi-dieci-decessi\/\"]}]},{\"@type\":\"ImageObject\",\"inLanguage\":\"it-IT\",\"@id\":\"https:\/\/www.intoscana.it\/it\/coronavirus-1969-i-nuovi-casi-dieci-decessi\/#primaryimage\",\"url\":\"https:\/\/www.intoscana.it\/wp-content\/uploads\/vaccine-6165772_1920.jpg\",\"contentUrl\":\"https:\/\/www.intoscana.it\/wp-content\/uploads\/vaccine-6165772_1920.jpg\",\"width\":1920,\"height\":1272,\"caption\":\"Un vaccino per il Covid-19 - \u00a9 Spencer Davis da Pixabay\"},{\"@type\":\"BreadcrumbList\",\"@id\":\"https:\/\/www.intoscana.it\/it\/coronavirus-1969-i-nuovi-casi-dieci-decessi\/#breadcrumb\",\"itemListElement\":[{\"@type\":\"ListItem\",\"position\":1,\"name\":\"Home\",\"item\":\"https:\/\/www.intoscana.it\/it\/\"},{\"@type\":\"ListItem\",\"position\":2,\"name\":\"Coronavirus: 1969 i nuovi casi. Dieci decessi\"}]},{\"@type\":\"WebSite\",\"@id\":\"https:\/\/www.intoscana.it\/it\/#website\",\"url\":\"https:\/\/www.intoscana.it\/it\/\",\"name\":\"intoscana\",\"description\":\"\",\"potentialAction\":[{\"@type\":\"SearchAction\",\"target\":{\"@type\":\"EntryPoint\",\"urlTemplate\":\"https:\/\/www.intoscana.it\/it\/?s={search_term_string}\"},\"query-input\":{\"@type\":\"PropertyValueSpecification\",\"valueRequired\":true,\"valueName\":\"search_term_string\"}}],\"inLanguage\":\"it-IT\"},{\"@type\":\"Person\",\"@id\":\"https:\/\/www.intoscana.it\/it\/#\/schema\/person\/9223810753230f20bd670fdd322661f8\",\"name\":\"Redazione\",\"url\":\"https:\/\/www.intoscana.it\/it\/author\/redazione\/\"}]}<\/script>\n<!-- \/ Yoast SEO Premium plugin. -->","yoast_head_json":{"title":"Coronavirus: 1969 i nuovi casi. Dieci decessi - intoscana","description":"In Toscana 64.360 positivi, +1,5% rispetto a ieri. Sono 496 (2 in meno) ricoverati in ospedale: 19 (3 in pi\u00f9) in terapia intensiva","robots":{"index":"index","follow":"follow","max-snippet":"max-snippet:-1","max-image-preview":"max-image-preview:large","max-video-preview":"max-video-preview:-1"},"canonical":"https:\/\/www.intoscana.it\/it\/coronavirus-1969-i-nuovi-casi-dieci-decessi\/","og_locale":"it_IT","og_type":"article","og_title":"Coronavirus: 1969 i nuovi casi. Dieci decessi","og_description":"In Toscana 64.360 positivi, +1,5% rispetto a ieri. Sono 496 (2 in meno) ricoverati in ospedale: 19 (3 in pi\u00f9) in terapia intensiva","og_url":"https:\/\/www.intoscana.it\/it\/coronavirus-1969-i-nuovi-casi-dieci-decessi\/","og_site_name":"intoscana","article_publisher":"https:\/\/www.facebook.com\/intoscana.it","article_published_time":"2022-11-26T14:46:02+00:00","article_modified_time":"2022-11-28T10:50:14+00:00","og_image":[{"width":1920,"height":1272,"url":"https:\/\/www.intoscana.it\/wp-content\/uploads\/vaccine-6165772_1920.jpg","type":"image\/jpeg"}],"author":"Redazione","twitter_card":"summary_large_image","twitter_creator":"@intoscana","twitter_site":"@intoscana","twitter_misc":{"Written by":"Redazione","Est. reading time":"2 minuti"},"schema":{"@context":"https:\/\/schema.org","@graph":[{"@type":"WebPage","@id":"https:\/\/www.intoscana.it\/it\/coronavirus-1969-i-nuovi-casi-dieci-decessi\/","url":"https:\/\/www.intoscana.it\/it\/coronavirus-1969-i-nuovi-casi-dieci-decessi\/","name":"Coronavirus: 1969 i nuovi casi. Dieci decessi - intoscana","isPartOf":{"@id":"https:\/\/www.intoscana.it\/it\/#website"},"primaryImageOfPage":{"@id":"https:\/\/www.intoscana.it\/it\/coronavirus-1969-i-nuovi-casi-dieci-decessi\/#primaryimage"},"image":{"@id":"https:\/\/www.intoscana.it\/it\/coronavirus-1969-i-nuovi-casi-dieci-decessi\/#primaryimage"},"thumbnailUrl":"https:\/\/www.intoscana.it\/wp-content\/uploads\/vaccine-6165772_1920.jpg","datePublished":"2022-11-26T14:46:02+00:00","dateModified":"2022-11-28T10:50:14+00:00","author":{"@id":"https:\/\/www.intoscana.it\/it\/#\/schema\/person\/9223810753230f20bd670fdd322661f8"},"description":"In Toscana 64.360 positivi, +1,5% rispetto a ieri. Sono 496 (2 in meno) ricoverati in ospedale: 19 (3 in pi\u00f9) in terapia intensiva","breadcrumb":{"@id":"https:\/\/www.intoscana.it\/it\/coronavirus-1969-i-nuovi-casi-dieci-decessi\/#breadcrumb"},"inLanguage":"it-IT","potentialAction":[{"@type":"ReadAction","target":["https:\/\/www.intoscana.it\/it\/coronavirus-1969-i-nuovi-casi-dieci-decessi\/"]}]},{"@type":"ImageObject","inLanguage":"it-IT","@id":"https:\/\/www.intoscana.it\/it\/coronavirus-1969-i-nuovi-casi-dieci-decessi\/#primaryimage","url":"https:\/\/www.intoscana.it\/wp-content\/uploads\/vaccine-6165772_1920.jpg","contentUrl":"https:\/\/www.intoscana.it\/wp-content\/uploads\/vaccine-6165772_1920.jpg","width":1920,"height":1272,"caption":"Un vaccino per il Covid-19 - \u00a9 Spencer Davis da Pixabay"},{"@type":"BreadcrumbList","@id":"https:\/\/www.intoscana.it\/it\/coronavirus-1969-i-nuovi-casi-dieci-decessi\/#breadcrumb","itemListElement":[{"@type":"ListItem","position":1,"name":"Home","item":"https:\/\/www.intoscana.it\/it\/"},{"@type":"ListItem","position":2,"name":"Coronavirus: 1969 i nuovi casi. Dieci decessi"}]},{"@type":"WebSite","@id":"https:\/\/www.intoscana.it\/it\/#website","url":"https:\/\/www.intoscana.it\/it\/","name":"intoscana","description":"","potentialAction":[{"@type":"SearchAction","target":{"@type":"EntryPoint","urlTemplate":"https:\/\/www.intoscana.it\/it\/?s={search_term_string}"},"query-input":{"@type":"PropertyValueSpecification","valueRequired":true,"valueName":"search_term_string"}}],"inLanguage":"it-IT"},{"@type":"Person","@id":"https:\/\/www.intoscana.it\/it\/#\/schema\/person\/9223810753230f20bd670fdd322661f8","name":"Redazione","url":"https:\/\/www.intoscana.it\/it\/author\/redazione\/"}]}},"_links":{"self":[{"href":"https:\/\/www.intoscana.it\/it\/wp-json\/wp\/v2\/posts\/260114","targetHints":{"allow":["GET"]}}],"collection":[{"href":"https:\/\/www.intoscana.it\/it\/wp-json\/wp\/v2\/posts"}],"about":[{"href":"https:\/\/www.intoscana.it\/it\/wp-json\/wp\/v2\/types\/post"}],"author":[{"embeddable":true,"href":"https:\/\/www.intoscana.it\/it\/wp-json\/wp\/v2\/users\/525"}],"replies":[{"embeddable":true,"href":"https:\/\/www.intoscana.it\/it\/wp-json\/wp\/v2\/comments?post=260114"}],"version-history":[{"count":0,"href":"https:\/\/www.intoscana.it\/it\/wp-json\/wp\/v2\/posts\/260114\/revisions"}],"wp:featuredmedia":[{"embeddable":true,"href":"https:\/\/www.intoscana.it\/it\/wp-json\/wp\/v2\/media\/252981"}],"wp:attachment":[{"href":"https:\/\/www.intoscana.it\/it\/wp-json\/wp\/v2\/media?parent=260114"}],"wp:term":[{"taxonomy":"category","embeddable":true,"href":"https:\/\/www.intoscana.it\/it\/wp-json\/wp\/v2\/categories?post=260114"},{"taxonomy":"post_tag","embeddable":true,"href":"https:\/\/www.intoscana.it\/it\/wp-json\/wp\/v2\/tags?post=260114"}],"curies":[{"name":"wp","href":"https:\/\/api.w.org\/{rel}","templated":true}]}}