{"id":260354,"date":"2022-11-28T16:50:24","date_gmt":"2022-11-28T15:50:24","guid":{"rendered":"https:\/\/www.intoscana.it\/it\/?p=260354"},"modified":"2022-11-28T16:50:59","modified_gmt":"2022-11-28T15:50:59","slug":"mese-della-memoria-lamico-ritrovato-in-scena-al-teatro-di-rifredi-di-firenze","status":"publish","type":"post","link":"https:\/\/www.intoscana.it\/it\/mese-della-memoria-lamico-ritrovato-in-scena-al-teatro-di-rifredi-di-firenze\/","title":{"rendered":"Mese della Memoria: &#8220;L&#8217;amico ritrovato&#8221; in scena al Teatro di Rifredi di Firenze"},"content":{"rendered":"<p>In occasione del <strong>Mese della Memoria<\/strong> dedicato alle vittime dell&#8217;Olocausto <strong>dal 17 al 29 gennaio 2023<\/strong> andr\u00e0 in scena al\u00a0<strong>Teatro di Rifredi di Firenze<\/strong> il capolavoro di <strong>Fred Uhlman<\/strong> riadattato dal drammaturgo catalano <strong>Josep Maria Mir\u00f3<\/strong>, tradotto e diretto da <strong>Angelo Savelli<\/strong>: <em><strong>&#8220;L&#8217;amico ritrovato&#8221;.<\/strong><\/em><\/p>\n<p>La storia narra la vicenda di <strong>un\u2019amicizia<\/strong>, quell&#8217;amicizia che dovrebbe unire persone e popoli e che invece<strong> viene calpestata dai rovinosi razzismi e nazionalismi<\/strong> che hanno segnato il periodo pi\u00f9 buio della nostra storia, il <strong>nazismo.<\/strong><\/p>\n<p>Lo spettacolo che il <strong>Teatro della Toscana<\/strong> offre ai giovani (e non solo) vede\u00a0gi\u00e0 <strong>oltre 2200 studentesse e studenti<\/strong> di tutta la Toscana prenotati per le matin\u00e9e di gennaio.<\/p>\n<p><strong>Gli studenti delle scuole toscane<\/strong> potranno assistere allo spettacolo al <strong>Teatro di Rifredi<\/strong> nelle seguenti date:\u00a0marted\u00ec 17 gennaio ore 10,\u00a0mercoled\u00ec 18 gennaio ore 10,\u00a0gioved\u00ec 19 gennaio ore 10 e ore 21,\u00a0venerd\u00ec 20 gennaio ore 10 e ore 21,\u00a0luned\u00ec 23 gennaio ore 10,\u00a0marted\u00ec 24 gennaio ore 10,\u00a0mercoled\u00ec 25 gennaio ore 10,\u00a0gioved\u00ec 26 gennaio ore 10,\u00a0venerd\u00ec 27 gennaio ore 10.<\/p>\n<p><strong>Quattro le repliche anche serali<\/strong> (una in pomeridiana) proprio in concomitanza con il fine settimana del <strong>Giorno della Memoria:<\/strong>\u00a0gioved\u00ec 26 gennaio ore 21,\u00a0venerd\u00ec 27 gennaio ore 21,\u00a0sabato 28 gennaio ore 21,\u00a0domenica 29 gennaio ore 16:30.<\/p>\n<p><em>\u201cSono molto contento<\/em> \u2013 <strong>ha detto il presidente Eugenio Giani<\/strong> &#8211;<em> di presentare uno spettacolo come \u201cL\u2019amico ritrovato\u201d , la prima produzione del Teatro della Toscana dopo la fusione con il Teatro di Rifredi, operazione condotta e sviluppata dalla Regione. Ne vediamo qua i frutti: negli spazi di Rifredi ci viene proposto uno spettacolo che a gennaio, mese della memoria, d\u00e0 ai pi\u00f9 giovani un segnale forte. E\u2019 la storia di un\u2019amicizia funestata dall\u2019odio razziale, le violenze del periodo nazista, che ci racconta l\u2019orrore di quei tempi e la bellezza e la forza di un sentimento amicale tra due coetanei. Un\u2019opera che lancia un messaggio ai nostri giovani e che onora la qualit\u00e0 del nostro teatro e del teatro della Toscana\u201d.<\/em><\/p>\n<p><em>\u201cLa scuola<\/em> \u2013 <strong>ha detto l\u2019assessora all\u2019istruzione e alla memoria Alessandra Nardini<\/strong> &#8211; <em>\u00e8 il luogo dove si formano le cittadine e i cittadini del futuro ma anche il luogo che ci insegna a vivere il presente. E questo spettacolo \u00e8 un legame stretto tra il mondo della cultura e la nostra scuola, in cui attraverso uno strumento potente come il teatro si affrontano tematiche fondamentali come la Memoria. Viviamo una fase molto complicata, ieri ci ha lasciato una delle ultime testimoni della strage di Sant&#8217;anna di Stazzema. Oggi siamo qua, e in una sorta di staffetta generazionale raccogliamo il testimone per far conoscere ai pi\u00f9 giovani quello che \u00e8 stato, gli anni pi\u00f9 bui della nostra storia perch\u00e9 non si ripetano pi\u00f9. Come Regione siamo impegnati da sempre nella difesa, valorizzazione e promozione della Memoria, con il Treno che speriamo di poter riprendere presto, con il grande Meeting che ogni anno coinvolge tantissime studentesse e studenti della Toscana. Anche attraverso questo spettacolo rinnoviamo il nostro impegno\u201d.<\/em><\/p>\n<p><em>&#8220;Tenere viva la memoria di quel terribile crimine che fu la Shoah \u00e8 importante per costruire un mondo migliore<\/em> \u2013 afferma <strong>Tommaso Sacchi, presidente della Fondazione Teatro della Toscana.<\/strong>\u00a0&#8211; <em>\u00c8 importante che, fin da giovani, le nostre ragazze e i nostri ragazzi imparino a vedere nell&#8217;altro innanzitutto l\u2019essere umano, portatore di una dignit\u00e0 innata e titolare di diritti universali. In questa direzione va la scelta di aver prodotto L\u2019amico ritrovato con la regia di Angelo Savelli e, dopo il successo al debutto al Teatro di Rifredi, di riproporlo a fine gennaio in occasione della settimana della Memoria, promossa dalla Regione Toscana. L\u2019umanit\u00e0 \u2013 conclude il presidente Sacchi \u2013 esige che ci\u00f2 che \u00e8 avvenuto non accada pi\u00f9, in nessun luogo e in nessun tempo. \u00c8 di enorme importanza che le nuove generazioni facciano proprio questo insegnamento nel modo pi\u00f9 vivo e partecipato possibile, come solo il teatro sa fare, stimolando il dibattito, le domande, i \u201cperch\u00e9\u201d indispensabili per la comprensione di quei tragici eventi&#8221;.<\/em><\/p>\n<figure id=\"post-260375 media-260375\" class=\"align-none\"><img decoding=\"async\" src=\"https:\/\/www.intoscana.it\/wp-content\/uploads\/cq5dam.web_.1280.1280.jpg\" alt=\"\" \/><\/figure>\n<div class=\"titleimg\"><em>L\u2019Amico ritrovato, film<\/em><\/div>\n<h3>L\u2019amico ritrovato di Fred Uhlman<\/h3>\n<p>Stoccarda, 1933. <strong>Due sedicenni frequentano la stessa scuola.<\/strong> Uno \u00e8 figlio di un medico ebreo, l&#8217;altro \u00e8 il rampollo di una ricca famiglia aristocratica. Nonostante le differenze di classe, di cultura e di carattere, tra i due<strong> nasce una profonda amicizia che per\u00f2 sar\u00e0 messa a dura prova<\/strong> dalla spietata ascesa del nazismo. Si trovano, si perdono e poi si ritrovano; una \u201criunione\u201d amara e liberatoria al tempo stesso.<\/p>\n<p>Il romanzo <em><strong>L\u2019amico ritrovato<\/strong> <\/em>di <strong>Fred Uhlman<\/strong> \u00e8 apparso nel 1971 negli Stati Uniti ed \u00e8 poi stato pubblicato in tutto il mondo con unanime, travolgente successo, diventando anche <strong>un film diretto da Jerry Schatzberg.<\/strong><\/p>\n<p>Il<strong> drammaturgo catalano Josep Maria Mir\u00f3<\/strong> ne ha realizzata un&#8217;efficace e toccante riduzione in un atto unico per tre attori, strutturata come una inarrestabile \u201cricerca del tempo perduto\u201d, provocata nella coscienza del protagonista \u2013 ormai emigrato a New York \u2013 dall&#8217;arrivo di una inaspettata missiva.<\/p>\n<p><strong>Il regista Angelo Savelli<\/strong> ha ricreato per questo tuffo nel passato una sorta di \u201cclasse morta\u201d, dove pi\u00f9 vivi che mai sono proprio e solo i sentimenti dei due ragazzi; quei sentimenti resi ancor pi\u00f9 vividi e toccanti dalle musiche originali composte dal giovane Federico Ciompi.<\/p>\n<p><em>\u201cIl giorno della memoria e la notte dell&#8217;oblio<\/em> \u2013 <strong>ha detto il regista Angelo Savelli<\/strong> &#8211; <em>Tra questi due opposti, uno luminoso (per quanto a volta doloroso) e l&#8217;altro oscuro (per quanto a volte ostentato alla luce del sole), ci dibattiamo in questa nostra imbelle contemporaneit\u00e0. Dimenticare \u00e8 facile, \u00e8 soporifero, \u00e8 tranquillizzante. Meglio rimuovere che fare i conti con le nostre a volte imbarazzanti radici. Ma il Teatro no! Un teatro pubblico, un teatro civile, un teatro tanto testimone della contemporaneit\u00e0 quanto guardiano dei valori fondanti della nostra libera societ\u00e0, non gira la testa, non chiude gli occhi. \u201cTeatro specchio del mondo\u201d diceva Shakespeare. Per questo abbiamo ritenuto opportuno portare in scena \u201cL&#8217;amico ritrovato\u201d e di proporlo a quelle giovani generazioni che rischino non solo di non ricordare ma addirittura di non sapere, di non conoscere quanta dolorosa fatica \u00e8 costata la costruzione del mondo in cui vivono, esponendosi cos\u00ec al rischio di stupidi negazionismi e alle sirene di un tronfio neofascismo. E la scelta del romanzo di Uhlman ci \u00e8 sembrata tanto pi\u00f9 giusta in quanto parla proprio di giovani e parla di una cosa bellissima come l&#8217;Amicizia, fondamentale e naturale nella formazione dei giovani quanto difficile tra popoli e culture diverse. Questo \u00e8 il sentimento \u2013 quello dell&#8217;Amicizia empatica ed inclusiva \u2013 che ci ha guidato nella messa in scena di questo spettacolo, dalla complice sintonia tra gli attori e le maestranze tutte, alla condivisione delle sottili scelte drammaturgiche e musicali, dalla comune coscienza di stare insieme non solo per compiere un lavoro ma anche per tenere accesa una luce, al comune disprezzo per l&#8217;antisemitismo, il razzismo e le guerre\u201d.<\/em><\/p>\n<p>&nbsp;<\/p>\n<p>&nbsp;<\/p>\n","protected":false},"excerpt":{"rendered":"<p>In occasione del Mese della Memoria dedicato alle vittime dell&#039;Olocausto dal 17 al 29 gennaio 2023 andr\u00e0 in scena al Teatro di Rifredi di Firenze il capolavoro di Fred Uhlman riadattato dal drammaturgo catalano Josep Maria Mir\u00f3<\/p>\n","protected":false},"author":525,"featured_media":260357,"comment_status":"open","ping_status":"open","sticky":false,"template":"","format":"standard","meta":{"_acf_changed":false,"footnotes":""},"categories":[493],"tags":[1650,151,236],"class_list":["post-260354","post","type-post","status-publish","format-standard","has-post-thumbnail","hentry","category-cultura","tag-giorno-della-memoria","tag-regione-toscana","tag-teatro"],"acf":[],"yoast_head":"<!-- This site is optimized with the Yoast SEO Premium plugin v24.2 (Yoast SEO v25.6) - https:\/\/yoast.com\/wordpress\/plugins\/seo\/ -->\n<title>Mese della Memoria: &quot;L&#039;amico ritrovato&quot; in scena al Teatro di Rifredi di Firenze - intoscana<\/title>\n<meta name=\"description\" content=\"Dal 17 al 29 gennaio 2023 andr\u00e0 in scena a Firenze il capolavoro di Fred Uhlman riadattato dal drammaturgo catalano Josep Maria Mir\u00f3\" \/>\n<meta name=\"robots\" content=\"index, follow, max-snippet:-1, max-image-preview:large, max-video-preview:-1\" \/>\n<link rel=\"canonical\" href=\"https:\/\/www.intoscana.it\/it\/mese-della-memoria-lamico-ritrovato-in-scena-al-teatro-di-rifredi-di-firenze\/\" \/>\n<meta property=\"og:locale\" content=\"it_IT\" \/>\n<meta property=\"og:type\" content=\"article\" \/>\n<meta property=\"og:title\" content=\"Mese della Memoria: &quot;L&#039;amico ritrovato&quot; in scena al Teatro di Rifredi di Firenze\" \/>\n<meta property=\"og:description\" content=\"Dal 17 al 29 gennaio 2023 andr\u00e0 in scena a Firenze il capolavoro di Fred Uhlman riadattato dal drammaturgo catalano Josep Maria Mir\u00f3\" \/>\n<meta property=\"og:url\" content=\"https:\/\/www.intoscana.it\/it\/mese-della-memoria-lamico-ritrovato-in-scena-al-teatro-di-rifredi-di-firenze\/\" \/>\n<meta property=\"og:site_name\" content=\"intoscana\" \/>\n<meta property=\"article:publisher\" content=\"https:\/\/www.facebook.com\/intoscana.it\" \/>\n<meta property=\"article:published_time\" content=\"2022-11-28T15:50:24+00:00\" \/>\n<meta property=\"article:modified_time\" content=\"2022-11-28T15:50:59+00:00\" \/>\n<meta property=\"og:image\" content=\"https:\/\/www.intoscana.it\/wp-content\/uploads\/locandina-ritoccata.jfif_.jpg\" \/>\n\t<meta property=\"og:image:width\" content=\"1600\" \/>\n\t<meta property=\"og:image:height\" content=\"1038\" \/>\n\t<meta property=\"og:image:type\" content=\"image\/jpeg\" \/>\n<meta name=\"author\" content=\"Redazione\" \/>\n<meta name=\"twitter:card\" content=\"summary_large_image\" \/>\n<meta name=\"twitter:creator\" content=\"@intoscana\" \/>\n<meta name=\"twitter:site\" content=\"@intoscana\" \/>\n<meta name=\"twitter:label1\" content=\"Written by\" \/>\n\t<meta name=\"twitter:data1\" content=\"Redazione\" \/>\n\t<meta name=\"twitter:label2\" content=\"Est. reading time\" \/>\n\t<meta name=\"twitter:data2\" content=\"6 minuti\" \/>\n<script type=\"application\/ld+json\" class=\"yoast-schema-graph\">{\"@context\":\"https:\/\/schema.org\",\"@graph\":[{\"@type\":\"WebPage\",\"@id\":\"https:\/\/www.intoscana.it\/it\/mese-della-memoria-lamico-ritrovato-in-scena-al-teatro-di-rifredi-di-firenze\/\",\"url\":\"https:\/\/www.intoscana.it\/it\/mese-della-memoria-lamico-ritrovato-in-scena-al-teatro-di-rifredi-di-firenze\/\",\"name\":\"Mese della Memoria: \\\"L'amico ritrovato\\\" in scena al Teatro di Rifredi di Firenze - intoscana\",\"isPartOf\":{\"@id\":\"https:\/\/www.intoscana.it\/it\/#website\"},\"primaryImageOfPage\":{\"@id\":\"https:\/\/www.intoscana.it\/it\/mese-della-memoria-lamico-ritrovato-in-scena-al-teatro-di-rifredi-di-firenze\/#primaryimage\"},\"image\":{\"@id\":\"https:\/\/www.intoscana.it\/it\/mese-della-memoria-lamico-ritrovato-in-scena-al-teatro-di-rifredi-di-firenze\/#primaryimage\"},\"thumbnailUrl\":\"https:\/\/www.intoscana.it\/wp-content\/uploads\/locandina-ritoccata.jfif_.jpg\",\"datePublished\":\"2022-11-28T15:50:24+00:00\",\"dateModified\":\"2022-11-28T15:50:59+00:00\",\"author\":{\"@id\":\"https:\/\/www.intoscana.it\/it\/#\/schema\/person\/9223810753230f20bd670fdd322661f8\"},\"description\":\"Dal 17 al 29 gennaio 2023 andr\u00e0 in scena a Firenze il capolavoro di Fred Uhlman riadattato dal drammaturgo catalano Josep Maria Mir\u00f3\",\"breadcrumb\":{\"@id\":\"https:\/\/www.intoscana.it\/it\/mese-della-memoria-lamico-ritrovato-in-scena-al-teatro-di-rifredi-di-firenze\/#breadcrumb\"},\"inLanguage\":\"it-IT\",\"potentialAction\":[{\"@type\":\"ReadAction\",\"target\":[\"https:\/\/www.intoscana.it\/it\/mese-della-memoria-lamico-ritrovato-in-scena-al-teatro-di-rifredi-di-firenze\/\"]}]},{\"@type\":\"ImageObject\",\"inLanguage\":\"it-IT\",\"@id\":\"https:\/\/www.intoscana.it\/it\/mese-della-memoria-lamico-ritrovato-in-scena-al-teatro-di-rifredi-di-firenze\/#primaryimage\",\"url\":\"https:\/\/www.intoscana.it\/wp-content\/uploads\/locandina-ritoccata.jfif_.jpg\",\"contentUrl\":\"https:\/\/www.intoscana.it\/wp-content\/uploads\/locandina-ritoccata.jfif_.jpg\",\"width\":1600,\"height\":1038},{\"@type\":\"BreadcrumbList\",\"@id\":\"https:\/\/www.intoscana.it\/it\/mese-della-memoria-lamico-ritrovato-in-scena-al-teatro-di-rifredi-di-firenze\/#breadcrumb\",\"itemListElement\":[{\"@type\":\"ListItem\",\"position\":1,\"name\":\"Home\",\"item\":\"https:\/\/www.intoscana.it\/it\/\"},{\"@type\":\"ListItem\",\"position\":2,\"name\":\"Mese della Memoria: &#8220;L&#8217;amico ritrovato&#8221; in scena al Teatro di Rifredi di Firenze\"}]},{\"@type\":\"WebSite\",\"@id\":\"https:\/\/www.intoscana.it\/it\/#website\",\"url\":\"https:\/\/www.intoscana.it\/it\/\",\"name\":\"intoscana\",\"description\":\"\",\"potentialAction\":[{\"@type\":\"SearchAction\",\"target\":{\"@type\":\"EntryPoint\",\"urlTemplate\":\"https:\/\/www.intoscana.it\/it\/?s={search_term_string}\"},\"query-input\":{\"@type\":\"PropertyValueSpecification\",\"valueRequired\":true,\"valueName\":\"search_term_string\"}}],\"inLanguage\":\"it-IT\"},{\"@type\":\"Person\",\"@id\":\"https:\/\/www.intoscana.it\/it\/#\/schema\/person\/9223810753230f20bd670fdd322661f8\",\"name\":\"Redazione\",\"url\":\"https:\/\/www.intoscana.it\/it\/author\/redazione\/\"}]}<\/script>\n<!-- \/ Yoast SEO Premium plugin. -->","yoast_head_json":{"title":"Mese della Memoria: \"L'amico ritrovato\" in scena al Teatro di Rifredi di Firenze - intoscana","description":"Dal 17 al 29 gennaio 2023 andr\u00e0 in scena a Firenze il capolavoro di Fred Uhlman riadattato dal drammaturgo catalano Josep Maria Mir\u00f3","robots":{"index":"index","follow":"follow","max-snippet":"max-snippet:-1","max-image-preview":"max-image-preview:large","max-video-preview":"max-video-preview:-1"},"canonical":"https:\/\/www.intoscana.it\/it\/mese-della-memoria-lamico-ritrovato-in-scena-al-teatro-di-rifredi-di-firenze\/","og_locale":"it_IT","og_type":"article","og_title":"Mese della Memoria: \"L'amico ritrovato\" in scena al Teatro di Rifredi di Firenze","og_description":"Dal 17 al 29 gennaio 2023 andr\u00e0 in scena a Firenze il capolavoro di Fred Uhlman riadattato dal drammaturgo catalano Josep Maria Mir\u00f3","og_url":"https:\/\/www.intoscana.it\/it\/mese-della-memoria-lamico-ritrovato-in-scena-al-teatro-di-rifredi-di-firenze\/","og_site_name":"intoscana","article_publisher":"https:\/\/www.facebook.com\/intoscana.it","article_published_time":"2022-11-28T15:50:24+00:00","article_modified_time":"2022-11-28T15:50:59+00:00","og_image":[{"width":1600,"height":1038,"url":"https:\/\/www.intoscana.it\/wp-content\/uploads\/locandina-ritoccata.jfif_.jpg","type":"image\/jpeg"}],"author":"Redazione","twitter_card":"summary_large_image","twitter_creator":"@intoscana","twitter_site":"@intoscana","twitter_misc":{"Written by":"Redazione","Est. reading time":"6 minuti"},"schema":{"@context":"https:\/\/schema.org","@graph":[{"@type":"WebPage","@id":"https:\/\/www.intoscana.it\/it\/mese-della-memoria-lamico-ritrovato-in-scena-al-teatro-di-rifredi-di-firenze\/","url":"https:\/\/www.intoscana.it\/it\/mese-della-memoria-lamico-ritrovato-in-scena-al-teatro-di-rifredi-di-firenze\/","name":"Mese della Memoria: \"L'amico ritrovato\" in scena al Teatro di Rifredi di Firenze - intoscana","isPartOf":{"@id":"https:\/\/www.intoscana.it\/it\/#website"},"primaryImageOfPage":{"@id":"https:\/\/www.intoscana.it\/it\/mese-della-memoria-lamico-ritrovato-in-scena-al-teatro-di-rifredi-di-firenze\/#primaryimage"},"image":{"@id":"https:\/\/www.intoscana.it\/it\/mese-della-memoria-lamico-ritrovato-in-scena-al-teatro-di-rifredi-di-firenze\/#primaryimage"},"thumbnailUrl":"https:\/\/www.intoscana.it\/wp-content\/uploads\/locandina-ritoccata.jfif_.jpg","datePublished":"2022-11-28T15:50:24+00:00","dateModified":"2022-11-28T15:50:59+00:00","author":{"@id":"https:\/\/www.intoscana.it\/it\/#\/schema\/person\/9223810753230f20bd670fdd322661f8"},"description":"Dal 17 al 29 gennaio 2023 andr\u00e0 in scena a Firenze il capolavoro di Fred Uhlman riadattato dal drammaturgo catalano Josep Maria Mir\u00f3","breadcrumb":{"@id":"https:\/\/www.intoscana.it\/it\/mese-della-memoria-lamico-ritrovato-in-scena-al-teatro-di-rifredi-di-firenze\/#breadcrumb"},"inLanguage":"it-IT","potentialAction":[{"@type":"ReadAction","target":["https:\/\/www.intoscana.it\/it\/mese-della-memoria-lamico-ritrovato-in-scena-al-teatro-di-rifredi-di-firenze\/"]}]},{"@type":"ImageObject","inLanguage":"it-IT","@id":"https:\/\/www.intoscana.it\/it\/mese-della-memoria-lamico-ritrovato-in-scena-al-teatro-di-rifredi-di-firenze\/#primaryimage","url":"https:\/\/www.intoscana.it\/wp-content\/uploads\/locandina-ritoccata.jfif_.jpg","contentUrl":"https:\/\/www.intoscana.it\/wp-content\/uploads\/locandina-ritoccata.jfif_.jpg","width":1600,"height":1038},{"@type":"BreadcrumbList","@id":"https:\/\/www.intoscana.it\/it\/mese-della-memoria-lamico-ritrovato-in-scena-al-teatro-di-rifredi-di-firenze\/#breadcrumb","itemListElement":[{"@type":"ListItem","position":1,"name":"Home","item":"https:\/\/www.intoscana.it\/it\/"},{"@type":"ListItem","position":2,"name":"Mese della Memoria: &#8220;L&#8217;amico ritrovato&#8221; in scena al Teatro di Rifredi di Firenze"}]},{"@type":"WebSite","@id":"https:\/\/www.intoscana.it\/it\/#website","url":"https:\/\/www.intoscana.it\/it\/","name":"intoscana","description":"","potentialAction":[{"@type":"SearchAction","target":{"@type":"EntryPoint","urlTemplate":"https:\/\/www.intoscana.it\/it\/?s={search_term_string}"},"query-input":{"@type":"PropertyValueSpecification","valueRequired":true,"valueName":"search_term_string"}}],"inLanguage":"it-IT"},{"@type":"Person","@id":"https:\/\/www.intoscana.it\/it\/#\/schema\/person\/9223810753230f20bd670fdd322661f8","name":"Redazione","url":"https:\/\/www.intoscana.it\/it\/author\/redazione\/"}]}},"_links":{"self":[{"href":"https:\/\/www.intoscana.it\/it\/wp-json\/wp\/v2\/posts\/260354","targetHints":{"allow":["GET"]}}],"collection":[{"href":"https:\/\/www.intoscana.it\/it\/wp-json\/wp\/v2\/posts"}],"about":[{"href":"https:\/\/www.intoscana.it\/it\/wp-json\/wp\/v2\/types\/post"}],"author":[{"embeddable":true,"href":"https:\/\/www.intoscana.it\/it\/wp-json\/wp\/v2\/users\/525"}],"replies":[{"embeddable":true,"href":"https:\/\/www.intoscana.it\/it\/wp-json\/wp\/v2\/comments?post=260354"}],"version-history":[{"count":0,"href":"https:\/\/www.intoscana.it\/it\/wp-json\/wp\/v2\/posts\/260354\/revisions"}],"wp:featuredmedia":[{"embeddable":true,"href":"https:\/\/www.intoscana.it\/it\/wp-json\/wp\/v2\/media\/260357"}],"wp:attachment":[{"href":"https:\/\/www.intoscana.it\/it\/wp-json\/wp\/v2\/media?parent=260354"}],"wp:term":[{"taxonomy":"category","embeddable":true,"href":"https:\/\/www.intoscana.it\/it\/wp-json\/wp\/v2\/categories?post=260354"},{"taxonomy":"post_tag","embeddable":true,"href":"https:\/\/www.intoscana.it\/it\/wp-json\/wp\/v2\/tags?post=260354"}],"curies":[{"name":"wp","href":"https:\/\/api.w.org\/{rel}","templated":true}]}}