{"id":260639,"date":"2022-11-30T10:32:35","date_gmt":"2022-11-30T09:32:35","guid":{"rendered":"https:\/\/www.intoscana.it\/it\/?p=260639"},"modified":"2022-11-30T10:48:03","modified_gmt":"2022-11-30T09:48:03","slug":"ciclovia-lucca-pontedera-accordo","status":"publish","type":"post","link":"https:\/\/www.intoscana.it\/it\/ciclovia-lucca-pontedera-accordo\/","title":{"rendered":"Siglato l&#8217;accordo per realizzare la ciclovia Lucca-Pontedera recuperando la ferrovia dismessa"},"content":{"rendered":"<p>La Regione Toscana e i comuni di Bientina, Buti, Calcinaia, Capannori, Pontedera e Vicopisano firmeranno un accordo per la redazione e l\u2019approvazione del progetto definitivo della <strong>Ciclovia Lucca-Pontedera<\/strong>. Questo \u00e8 quanto definito dalla delibera presentata in Giunta da <strong>Stefano Baccelli<\/strong>, assessore regionale alla mobilit\u00e0 e ai trasporti e che individua nel Comune di Bientina il soggetto attuatore della progettazione.<\/p>\n<p>\u201c<em>Siamo di fronte<\/em> \u2013 spiega l\u2019assessore Baccelli \u2013 <em>ad un tratto rilevante del pi\u00f9 esteso e complesso sistema di ciclovie che gi\u00e0 attraversano e che attraverseranno la Toscana. Il nostro intento \u00e8 infatti quello di arrivare ad una migliore relazione ed integrazione fra le varie ciclovie di interesse regionale, anche attraverso il collegamento tra la Ciclovia del Sole, la Francigena, la Tirrenica. In questo caso siamo nel segmento che va da Lucca a Livorno, passando da Pontedera, e che realizzeremo mediante il recupero di estesi tratti della <strong>dismessa ferrovia Lucca-Pontedera,<\/strong> che in questo modo vivr\u00e0 una seconda vita, stavolta su due ruote in gomma invece che su numerose ruote in ferro. E\u2019 il nostro modello di mobilit\u00e0 sostenibile e slow, che permetter\u00e0 di attraversare un territorio, quello Toscano, bellissimo e che merita di essere gustato lentamente<\/em>\u201d.<\/p>\n<h3>La ferrovia<\/h3>\n<p>La linea ferroviaria \u201cLucca \u2013 Pontedera\u201d fu realizzata nel 1919, distrutta dai bombardamenti nel 1944 e poi abbandonata. Il tracciato della ferrovia e della ciclovia, sar\u00e0 di circa <strong>25 chilometri<\/strong>, e rappresenta una cerniera di collegamento tra i Comuni di Lucca, di Capannori. Attualmente oltre ad essere inutilizzato \u00e8 in stato di degrado.<\/p>\n<p>Il tratto tra Lucca e Capannori, chiamato \u201cDalle fonti alle fontane\u201d, parte dalla stazione di Lucca, segue il tratto dell\u2019acquedotto monumentale del Nottolini, raggiunge Capannori e si immette nel tratto della ferrovia Lucca \u2013 Pontedera. Questa porzione di ciclovia non fa parte di quest\u2019accordo perch\u00e8 gi\u00e0 finanziato dalla Regione nel 2021 con 1,15 milioni di euro.<\/p>\n<h3>Investimenti e cronoprogramma<\/h3>\n<p>Per realizzare la Ciclovia Lucca-Pontedera sar\u00e0 necessario un investimento di circa 8,4 milioni di euro. Per la progettazione, la Regione Toscana ha gi\u00e0 stanziato 95mila euro, il restante, per un totale di 169mila euro, saranno a carico dei comuni secondo questa ripartizione:\u00a0comune di Bientina per 13.634 euro, di quello di Buti per 12.000, di Calcinaia per 6.638, Capannori 28.411, Pontedera 3.422 e Vicopisano 9.802.<\/p>\n<p>Il cronoprogramma che porter\u00e0 alla stesura definitiva del progetto prevede il suo affidamento entro il 31 maggio del prossimo anno, la conclusione della progettazione entro il 30 settembre. Spetter\u00e0 poi ad una apposita conferenza dei servizi approvare entro fine 2023 il progetto e la sua rendicontazione.<\/p>\n","protected":false},"excerpt":{"rendered":"<p>Il progetto vede il coinvolgimento di Regione Toscana e dei comuni di Bientina, Buti, Calcinaia, Capannori, Pontedera e Vicopisano. Sar\u00e0 necessario un investimento di 8,4 milioni di euro<\/p>\n","protected":false},"author":525,"featured_media":159041,"comment_status":"open","ping_status":"open","sticky":false,"template":"","format":"standard","meta":{"_acf_changed":false,"footnotes":""},"categories":[494],"tags":[377,1577,4967,4818],"class_list":["post-260639","post","type-post","status-publish","format-standard","has-post-thumbnail","hentry","category-attualita","tag-bicicletta","tag-muoversi-in-toscana","tag-pista-ciclabile","tag-stefano-baccelli"],"acf":[],"yoast_head":"<!-- This site is optimized with the Yoast SEO Premium plugin v24.2 (Yoast SEO v25.6) - https:\/\/yoast.com\/wordpress\/plugins\/seo\/ -->\n<title>Siglato l&#039;accordo per realizzare la ciclovia Lucca-Pontedera recuperando la ferrovia dismessa - intoscana<\/title>\n<meta name=\"robots\" content=\"index, follow, max-snippet:-1, max-image-preview:large, max-video-preview:-1\" \/>\n<link rel=\"canonical\" href=\"https:\/\/www.intoscana.it\/it\/ciclovia-lucca-pontedera-accordo\/\" \/>\n<meta property=\"og:locale\" content=\"it_IT\" \/>\n<meta property=\"og:type\" content=\"article\" \/>\n<meta property=\"og:title\" content=\"Siglato l&#039;accordo per realizzare la ciclovia Lucca-Pontedera recuperando la ferrovia dismessa\" \/>\n<meta property=\"og:description\" content=\"Il progetto vede il coinvolgimento di Regione Toscana e dei comuni di Bientina, Buti, Calcinaia, Capannori, Pontedera e Vicopisano. Sar\u00e0 necessario un investimento di 8,4 milioni di euro\" \/>\n<meta property=\"og:url\" content=\"https:\/\/www.intoscana.it\/it\/ciclovia-lucca-pontedera-accordo\/\" \/>\n<meta property=\"og:site_name\" content=\"intoscana\" \/>\n<meta property=\"article:publisher\" content=\"https:\/\/www.facebook.com\/intoscana.it\" \/>\n<meta property=\"article:published_time\" content=\"2022-11-30T09:32:35+00:00\" \/>\n<meta property=\"article:modified_time\" content=\"2022-11-30T09:48:03+00:00\" \/>\n<meta property=\"og:image\" content=\"https:\/\/www.intoscana.it\/wp-content\/uploads\/ombre-bici-GeorgyDzyura-.jpg\" \/>\n\t<meta property=\"og:image:width\" content=\"1620\" \/>\n\t<meta property=\"og:image:height\" content=\"1080\" \/>\n\t<meta property=\"og:image:type\" content=\"image\/jpeg\" \/>\n<meta name=\"author\" content=\"Redazione\" \/>\n<meta name=\"twitter:card\" content=\"summary_large_image\" \/>\n<meta name=\"twitter:creator\" content=\"@intoscana\" \/>\n<meta name=\"twitter:site\" content=\"@intoscana\" \/>\n<meta name=\"twitter:label1\" content=\"Written by\" \/>\n\t<meta name=\"twitter:data1\" content=\"Redazione\" \/>\n\t<meta name=\"twitter:label2\" content=\"Est. reading time\" \/>\n\t<meta name=\"twitter:data2\" content=\"2 minuti\" \/>\n<script type=\"application\/ld+json\" class=\"yoast-schema-graph\">{\"@context\":\"https:\/\/schema.org\",\"@graph\":[{\"@type\":\"WebPage\",\"@id\":\"https:\/\/www.intoscana.it\/it\/ciclovia-lucca-pontedera-accordo\/\",\"url\":\"https:\/\/www.intoscana.it\/it\/ciclovia-lucca-pontedera-accordo\/\",\"name\":\"Siglato l'accordo per realizzare la ciclovia Lucca-Pontedera recuperando la ferrovia dismessa - intoscana\",\"isPartOf\":{\"@id\":\"https:\/\/www.intoscana.it\/it\/#website\"},\"primaryImageOfPage\":{\"@id\":\"https:\/\/www.intoscana.it\/it\/ciclovia-lucca-pontedera-accordo\/#primaryimage\"},\"image\":{\"@id\":\"https:\/\/www.intoscana.it\/it\/ciclovia-lucca-pontedera-accordo\/#primaryimage\"},\"thumbnailUrl\":\"https:\/\/www.intoscana.it\/wp-content\/uploads\/ombre-bici-GeorgyDzyura-.jpg\",\"datePublished\":\"2022-11-30T09:32:35+00:00\",\"dateModified\":\"2022-11-30T09:48:03+00:00\",\"author\":{\"@id\":\"https:\/\/www.intoscana.it\/it\/#\/schema\/person\/9223810753230f20bd670fdd322661f8\"},\"breadcrumb\":{\"@id\":\"https:\/\/www.intoscana.it\/it\/ciclovia-lucca-pontedera-accordo\/#breadcrumb\"},\"inLanguage\":\"it-IT\",\"potentialAction\":[{\"@type\":\"ReadAction\",\"target\":[\"https:\/\/www.intoscana.it\/it\/ciclovia-lucca-pontedera-accordo\/\"]}]},{\"@type\":\"ImageObject\",\"inLanguage\":\"it-IT\",\"@id\":\"https:\/\/www.intoscana.it\/it\/ciclovia-lucca-pontedera-accordo\/#primaryimage\",\"url\":\"https:\/\/www.intoscana.it\/wp-content\/uploads\/ombre-bici-GeorgyDzyura-.jpg\",\"contentUrl\":\"https:\/\/www.intoscana.it\/wp-content\/uploads\/ombre-bici-GeorgyDzyura-.jpg\",\"width\":1620,\"height\":1080,\"caption\":\"Ciclovia\"},{\"@type\":\"BreadcrumbList\",\"@id\":\"https:\/\/www.intoscana.it\/it\/ciclovia-lucca-pontedera-accordo\/#breadcrumb\",\"itemListElement\":[{\"@type\":\"ListItem\",\"position\":1,\"name\":\"Home\",\"item\":\"https:\/\/www.intoscana.it\/it\/\"},{\"@type\":\"ListItem\",\"position\":2,\"name\":\"Siglato l&#8217;accordo per realizzare la ciclovia Lucca-Pontedera recuperando la ferrovia dismessa\"}]},{\"@type\":\"WebSite\",\"@id\":\"https:\/\/www.intoscana.it\/it\/#website\",\"url\":\"https:\/\/www.intoscana.it\/it\/\",\"name\":\"intoscana\",\"description\":\"\",\"potentialAction\":[{\"@type\":\"SearchAction\",\"target\":{\"@type\":\"EntryPoint\",\"urlTemplate\":\"https:\/\/www.intoscana.it\/it\/?s={search_term_string}\"},\"query-input\":{\"@type\":\"PropertyValueSpecification\",\"valueRequired\":true,\"valueName\":\"search_term_string\"}}],\"inLanguage\":\"it-IT\"},{\"@type\":\"Person\",\"@id\":\"https:\/\/www.intoscana.it\/it\/#\/schema\/person\/9223810753230f20bd670fdd322661f8\",\"name\":\"Redazione\",\"url\":\"https:\/\/www.intoscana.it\/it\/author\/redazione\/\"}]}<\/script>\n<!-- \/ Yoast SEO Premium plugin. -->","yoast_head_json":{"title":"Siglato l'accordo per realizzare la ciclovia Lucca-Pontedera recuperando la ferrovia dismessa - intoscana","robots":{"index":"index","follow":"follow","max-snippet":"max-snippet:-1","max-image-preview":"max-image-preview:large","max-video-preview":"max-video-preview:-1"},"canonical":"https:\/\/www.intoscana.it\/it\/ciclovia-lucca-pontedera-accordo\/","og_locale":"it_IT","og_type":"article","og_title":"Siglato l'accordo per realizzare la ciclovia Lucca-Pontedera recuperando la ferrovia dismessa","og_description":"Il progetto vede il coinvolgimento di Regione Toscana e dei comuni di Bientina, Buti, Calcinaia, Capannori, Pontedera e Vicopisano. Sar\u00e0 necessario un investimento di 8,4 milioni di euro","og_url":"https:\/\/www.intoscana.it\/it\/ciclovia-lucca-pontedera-accordo\/","og_site_name":"intoscana","article_publisher":"https:\/\/www.facebook.com\/intoscana.it","article_published_time":"2022-11-30T09:32:35+00:00","article_modified_time":"2022-11-30T09:48:03+00:00","og_image":[{"width":1620,"height":1080,"url":"https:\/\/www.intoscana.it\/wp-content\/uploads\/ombre-bici-GeorgyDzyura-.jpg","type":"image\/jpeg"}],"author":"Redazione","twitter_card":"summary_large_image","twitter_creator":"@intoscana","twitter_site":"@intoscana","twitter_misc":{"Written by":"Redazione","Est. reading time":"2 minuti"},"schema":{"@context":"https:\/\/schema.org","@graph":[{"@type":"WebPage","@id":"https:\/\/www.intoscana.it\/it\/ciclovia-lucca-pontedera-accordo\/","url":"https:\/\/www.intoscana.it\/it\/ciclovia-lucca-pontedera-accordo\/","name":"Siglato l'accordo per realizzare la ciclovia Lucca-Pontedera recuperando la ferrovia dismessa - intoscana","isPartOf":{"@id":"https:\/\/www.intoscana.it\/it\/#website"},"primaryImageOfPage":{"@id":"https:\/\/www.intoscana.it\/it\/ciclovia-lucca-pontedera-accordo\/#primaryimage"},"image":{"@id":"https:\/\/www.intoscana.it\/it\/ciclovia-lucca-pontedera-accordo\/#primaryimage"},"thumbnailUrl":"https:\/\/www.intoscana.it\/wp-content\/uploads\/ombre-bici-GeorgyDzyura-.jpg","datePublished":"2022-11-30T09:32:35+00:00","dateModified":"2022-11-30T09:48:03+00:00","author":{"@id":"https:\/\/www.intoscana.it\/it\/#\/schema\/person\/9223810753230f20bd670fdd322661f8"},"breadcrumb":{"@id":"https:\/\/www.intoscana.it\/it\/ciclovia-lucca-pontedera-accordo\/#breadcrumb"},"inLanguage":"it-IT","potentialAction":[{"@type":"ReadAction","target":["https:\/\/www.intoscana.it\/it\/ciclovia-lucca-pontedera-accordo\/"]}]},{"@type":"ImageObject","inLanguage":"it-IT","@id":"https:\/\/www.intoscana.it\/it\/ciclovia-lucca-pontedera-accordo\/#primaryimage","url":"https:\/\/www.intoscana.it\/wp-content\/uploads\/ombre-bici-GeorgyDzyura-.jpg","contentUrl":"https:\/\/www.intoscana.it\/wp-content\/uploads\/ombre-bici-GeorgyDzyura-.jpg","width":1620,"height":1080,"caption":"Ciclovia"},{"@type":"BreadcrumbList","@id":"https:\/\/www.intoscana.it\/it\/ciclovia-lucca-pontedera-accordo\/#breadcrumb","itemListElement":[{"@type":"ListItem","position":1,"name":"Home","item":"https:\/\/www.intoscana.it\/it\/"},{"@type":"ListItem","position":2,"name":"Siglato l&#8217;accordo per realizzare la ciclovia Lucca-Pontedera recuperando la ferrovia dismessa"}]},{"@type":"WebSite","@id":"https:\/\/www.intoscana.it\/it\/#website","url":"https:\/\/www.intoscana.it\/it\/","name":"intoscana","description":"","potentialAction":[{"@type":"SearchAction","target":{"@type":"EntryPoint","urlTemplate":"https:\/\/www.intoscana.it\/it\/?s={search_term_string}"},"query-input":{"@type":"PropertyValueSpecification","valueRequired":true,"valueName":"search_term_string"}}],"inLanguage":"it-IT"},{"@type":"Person","@id":"https:\/\/www.intoscana.it\/it\/#\/schema\/person\/9223810753230f20bd670fdd322661f8","name":"Redazione","url":"https:\/\/www.intoscana.it\/it\/author\/redazione\/"}]}},"_links":{"self":[{"href":"https:\/\/www.intoscana.it\/it\/wp-json\/wp\/v2\/posts\/260639","targetHints":{"allow":["GET"]}}],"collection":[{"href":"https:\/\/www.intoscana.it\/it\/wp-json\/wp\/v2\/posts"}],"about":[{"href":"https:\/\/www.intoscana.it\/it\/wp-json\/wp\/v2\/types\/post"}],"author":[{"embeddable":true,"href":"https:\/\/www.intoscana.it\/it\/wp-json\/wp\/v2\/users\/525"}],"replies":[{"embeddable":true,"href":"https:\/\/www.intoscana.it\/it\/wp-json\/wp\/v2\/comments?post=260639"}],"version-history":[{"count":0,"href":"https:\/\/www.intoscana.it\/it\/wp-json\/wp\/v2\/posts\/260639\/revisions"}],"wp:featuredmedia":[{"embeddable":true,"href":"https:\/\/www.intoscana.it\/it\/wp-json\/wp\/v2\/media\/159041"}],"wp:attachment":[{"href":"https:\/\/www.intoscana.it\/it\/wp-json\/wp\/v2\/media?parent=260639"}],"wp:term":[{"taxonomy":"category","embeddable":true,"href":"https:\/\/www.intoscana.it\/it\/wp-json\/wp\/v2\/categories?post=260639"},{"taxonomy":"post_tag","embeddable":true,"href":"https:\/\/www.intoscana.it\/it\/wp-json\/wp\/v2\/tags?post=260639"}],"curies":[{"name":"wp","href":"https:\/\/api.w.org\/{rel}","templated":true}]}}