{"id":260996,"date":"2022-12-01T15:48:36","date_gmt":"2022-12-01T14:48:36","guid":{"rendered":"https:\/\/www.intoscana.it\/it\/?p=260996"},"modified":"2022-12-01T16:12:29","modified_gmt":"2022-12-01T15:12:29","slug":"stati-generali-cultura-livorno","status":"publish","type":"post","link":"https:\/\/www.intoscana.it\/it\/stati-generali-cultura-livorno\/","title":{"rendered":"Stati Generali della Cultura: a Livorno il confronto con gli operatori dello spettacolo dal vivo"},"content":{"rendered":"<p>Proseguono le consultazioni degli<strong> Stati Generali della Cultura<\/strong>, il percorso di ascolto e supporto al settore culturale promosso dalla Regione Toscana. Oggi si \u00e8 tenuto il primo incontro sul territorio a <strong>Livorno<\/strong> per la commissione del Consiglio regionale presieduta da Cristina Giachi, che ha incontrato gli operatori degli spettacoli dal vivo.<\/p>\n<p><strong>&#8220;Fai contare la Cultura. Toscana creativa 2030&#8221;<\/strong> \u00e8 il <a href=\"https:\/\/www.intoscana.it\/it\/articolo\/fai-contare-la-cultura-giani\/\" target=\"_blank\" rel=\"noopener\">percorso partecipativo<\/a> per disegnare il nuovo volto delle politiche culturali in Toscana lanciato dalla commissione Istruzione e cultura dell\u2019Assemblea legislativa e dalla Giunta regionale lo scorso mese di luglio.<\/p>\n<p>Una giornata proficua di lavoro, come ha sottolineato <mark>Cristina Giachi: <em>\u201cUno degli effetti della pandemia \u00e8 stato quello di creare dei coordinamenti spontanei degli operatori del mondo della cultura, un settore ad alto tasso di individualit\u00e0. E stiamo cominciando a parlare con loro per mettere in luce con loro le priorit\u00e0 di intervento, le necessit\u00e0 e bisogni per organizzare in modo pi\u00f9 strategico l\u2019investimento pubblico in questi che sono settori importanti. <\/mark>Siamo a Livorno per la prima tappa in presenza degli Stati Generali della Cultura che hanno proprio questa finalit\u00e0: insieme disegnare il<strong> futuro delle politiche culturali<\/strong> in Toscana per mettere al centro delle attivit\u00e0 di programmazione strategica perch\u00e9 come ci ha rivelato l\u2019indagine online elaborata da IRPET si tratta di un settore che impiega quasi 100mila lavoratori nella regione e produce il 2% del Pil senza contare l\u2019indotto turistico che genera il 12% del Prodotto interno lordo. Settore che produce lavoro, ha bisogno di organizzarlo meglio e necessita di finanziamenti meglio distribuiti e programmati\u201d.<\/em><\/p>\n<div class=\"focuson\"><a href=\"https:\/\/www.intoscana.it\/it\/articolo\/fai-contare-la-cultura-al-via-il-percorso-per-la-toscana-creativa-del-2030\/\"><img decoding=\"async\" class=\"lazy\" src=\"https:\/\/www.intoscana.it\/wp-content\/uploads\/ngf-concert-gbphotos-157.jpg\" style=\"\">\n                <div class=\"cat\">Fai contare la Cultura<\/div>\n                <h4>Al via il percorso per la Toscana creativa del 2030<\/h4><\/a>\n              <\/div>\n<h3>Le richieste della rete dei promoter della Toscana<\/h3>\n<p><em>\u201c\u00c8 importante ascoltare le <strong>loro richieste<\/strong> e conoscere il loro modo di lavorare<\/em> &#8211; ha sottolineato la vicepresidente della commissione Istruzione e cultura Luciana Bartolini \u2013 <em>ed \u00e8 quello che stiamo facendo con gli Stati Generali, capire prima per provare poi a fare qualcosa di concreto a livello legislativo. Gli aiuti da parte del pubblico servono sicuramente per potere andare avanti, perch\u00e9 si tratta di un settore vivo, molto importante per la Toscana, che impiega tantissime persone e crea lavoro e d\u00e0 lavoro anche se si tratta di un\u2019occupazione molto spesso precaria e servir\u00e0 una legge precisa su questo settore\u201d.<\/em><\/p>\n<p>Un <strong>ampio dibattito<\/strong> da cui sono emerse le richieste formalizzate da Luca Zannotti del coordinamento informale della<strong> rete dei promoter<\/strong> della Toscana: <em>\u201cSiamo qui per portare spunti e idee e proporre modifiche a una legge regionale che non parla della nostra filiera, dei nostri live club, delle nostre imprese culturali e creative legate alla <strong>musica dal vivo<\/strong>. Non parla di un settore che produce indotto, coesione sociale, occupazione giovanile altamente specializzata e produce indotto nei nostri territori. E\u2019 indispensabile che la legge parli dei nostri luoghi della cultura e dei nostri presidi\u201d.<\/em><\/p>\n<p><em>\u201cNoi &#8211; ha proseguito Zannotti &#8211; chiediamo il riconoscimento dei live club, delle imprese culturali creative, e di tutti quei lavoratori coinvolti che animano la filiera e che producono quello che si ascolta nei club, ma anche negli stadi e nei palazzetti dello sport, dove gli artisti hanno la possibilit\u00e0 di portare il loro linguaggio. <mark>Il sistema culturale ha bisogno, soprattutto in una fase di grande crisi, prima pandemica e poi energetica, che depotenzia la capacit\u00e0 delle nostre imprese, di <strong>un intervento pubblico<\/strong> per tutelare i nostri presidi. Diversamente rischia di non superare questa fase\u201d.<\/mark><\/em><\/p>\n<p><em>\u201cI lavoratori dello spettacolo sono l\u2019anello debole di questo meccanismo &#8211;<\/em> ha concluso<em> \u2013 c\u2019\u00e8 una legge che riconosce per la prima volta l\u2019indennit\u00e0 di discontinuit\u00e0, che deve essere finanziata, \u00e8 necessario che vengano riconosciute le particolarit\u00e0 del nostro settore. I ristori della Regione Toscana \u00e8 capitato che abbiano lasciato indietro dei nostri lavoratori iscritti alla gestione separata perch\u00e9 non sono stati riconosciuti come <strong>lavoratori dello spettacolo.<\/strong> Questo significa che chi legifera non riconosce la variet\u00e0 che il nostro settore porta con s\u00e9. E\u2019 importante che chi legifera sia a stretto contatto con il nostro settore per conoscerne le specificit\u00e0 e non lasciare indietro nessuno\u201d.<\/em><\/p>\n","protected":false},"excerpt":{"rendered":"<p>Procede il percorso della Regione Toscana con una giornata di lavoro su live club, imprese culturali e creative e lavoratori dello spettacolo.<\/p>\n","protected":false},"author":525,"featured_media":151373,"comment_status":"open","ping_status":"open","sticky":false,"template":"","format":"standard","meta":{"_acf_changed":false,"footnotes":""},"categories":[493],"tags":[148,151],"class_list":["post-260996","post","type-post","status-publish","format-standard","has-post-thumbnail","hentry","category-cultura","tag-cultura","tag-regione-toscana"],"acf":[],"yoast_head":"<!-- This site is optimized with the Yoast SEO Premium plugin v24.2 (Yoast SEO v25.6) - https:\/\/yoast.com\/wordpress\/plugins\/seo\/ -->\n<title>Stati Generali della Cultura: il confronto con gli operatori dello spettacolo<\/title>\n<meta name=\"description\" content=\"Prosegue il percorso regionale degi Stati Generali della Cultur: oggi a Livorno il confronto con gli operatori dello spettacolo dal vivo.\" \/>\n<meta name=\"robots\" content=\"index, follow, max-snippet:-1, max-image-preview:large, max-video-preview:-1\" \/>\n<link rel=\"canonical\" href=\"https:\/\/www.intoscana.it\/it\/stati-generali-cultura-livorno\/\" \/>\n<meta property=\"og:locale\" content=\"it_IT\" \/>\n<meta property=\"og:type\" content=\"article\" \/>\n<meta property=\"og:title\" content=\"Stati Generali della Cultura: a Livorno il confronto con gli operatori dello spettacolo dal vivo\" \/>\n<meta property=\"og:description\" content=\"Prosegue il percorso regionale degi Stati Generali della Cultur: oggi a Livorno il confronto con gli operatori dello spettacolo dal vivo.\" \/>\n<meta property=\"og:url\" content=\"https:\/\/www.intoscana.it\/it\/stati-generali-cultura-livorno\/\" \/>\n<meta property=\"og:site_name\" content=\"intoscana\" \/>\n<meta property=\"article:publisher\" content=\"https:\/\/www.facebook.com\/intoscana.it\" \/>\n<meta property=\"article:published_time\" content=\"2022-12-01T14:48:36+00:00\" \/>\n<meta property=\"article:modified_time\" content=\"2022-12-01T15:12:29+00:00\" \/>\n<meta property=\"og:image\" content=\"https:\/\/www.intoscana.it\/wp-content\/uploads\/concerto-3-scaled.jpg\" \/>\n\t<meta property=\"og:image:width\" content=\"2048\" \/>\n\t<meta property=\"og:image:height\" content=\"1365\" \/>\n\t<meta property=\"og:image:type\" content=\"image\/jpeg\" \/>\n<meta name=\"author\" content=\"Redazione\" \/>\n<meta name=\"twitter:card\" content=\"summary_large_image\" \/>\n<meta name=\"twitter:creator\" content=\"@intoscana\" \/>\n<meta name=\"twitter:site\" content=\"@intoscana\" \/>\n<meta name=\"twitter:label1\" content=\"Written by\" \/>\n\t<meta name=\"twitter:data1\" content=\"Redazione\" \/>\n\t<meta name=\"twitter:label2\" content=\"Est. reading time\" \/>\n\t<meta name=\"twitter:data2\" content=\"3 minuti\" \/>\n<script type=\"application\/ld+json\" class=\"yoast-schema-graph\">{\"@context\":\"https:\/\/schema.org\",\"@graph\":[{\"@type\":\"WebPage\",\"@id\":\"https:\/\/www.intoscana.it\/it\/stati-generali-cultura-livorno\/\",\"url\":\"https:\/\/www.intoscana.it\/it\/stati-generali-cultura-livorno\/\",\"name\":\"Stati Generali della Cultura: il confronto con gli operatori dello spettacolo\",\"isPartOf\":{\"@id\":\"https:\/\/www.intoscana.it\/it\/#website\"},\"primaryImageOfPage\":{\"@id\":\"https:\/\/www.intoscana.it\/it\/stati-generali-cultura-livorno\/#primaryimage\"},\"image\":{\"@id\":\"https:\/\/www.intoscana.it\/it\/stati-generali-cultura-livorno\/#primaryimage\"},\"thumbnailUrl\":\"https:\/\/www.intoscana.it\/wp-content\/uploads\/concerto-3-scaled.jpg\",\"datePublished\":\"2022-12-01T14:48:36+00:00\",\"dateModified\":\"2022-12-01T15:12:29+00:00\",\"author\":{\"@id\":\"https:\/\/www.intoscana.it\/it\/#\/schema\/person\/9223810753230f20bd670fdd322661f8\"},\"description\":\"Prosegue il percorso regionale degi Stati Generali della Cultur: oggi a Livorno il confronto con gli operatori dello spettacolo dal vivo.\",\"breadcrumb\":{\"@id\":\"https:\/\/www.intoscana.it\/it\/stati-generali-cultura-livorno\/#breadcrumb\"},\"inLanguage\":\"it-IT\",\"potentialAction\":[{\"@type\":\"ReadAction\",\"target\":[\"https:\/\/www.intoscana.it\/it\/stati-generali-cultura-livorno\/\"]}]},{\"@type\":\"ImageObject\",\"inLanguage\":\"it-IT\",\"@id\":\"https:\/\/www.intoscana.it\/it\/stati-generali-cultura-livorno\/#primaryimage\",\"url\":\"https:\/\/www.intoscana.it\/wp-content\/uploads\/concerto-3-scaled.jpg\",\"contentUrl\":\"https:\/\/www.intoscana.it\/wp-content\/uploads\/concerto-3-scaled.jpg\",\"width\":2048,\"height\":1365,\"caption\":\"Concerto\"},{\"@type\":\"BreadcrumbList\",\"@id\":\"https:\/\/www.intoscana.it\/it\/stati-generali-cultura-livorno\/#breadcrumb\",\"itemListElement\":[{\"@type\":\"ListItem\",\"position\":1,\"name\":\"Home\",\"item\":\"https:\/\/www.intoscana.it\/it\/\"},{\"@type\":\"ListItem\",\"position\":2,\"name\":\"Stati Generali della Cultura: a Livorno il confronto con gli operatori dello spettacolo dal vivo\"}]},{\"@type\":\"WebSite\",\"@id\":\"https:\/\/www.intoscana.it\/it\/#website\",\"url\":\"https:\/\/www.intoscana.it\/it\/\",\"name\":\"intoscana\",\"description\":\"\",\"potentialAction\":[{\"@type\":\"SearchAction\",\"target\":{\"@type\":\"EntryPoint\",\"urlTemplate\":\"https:\/\/www.intoscana.it\/it\/?s={search_term_string}\"},\"query-input\":{\"@type\":\"PropertyValueSpecification\",\"valueRequired\":true,\"valueName\":\"search_term_string\"}}],\"inLanguage\":\"it-IT\"},{\"@type\":\"Person\",\"@id\":\"https:\/\/www.intoscana.it\/it\/#\/schema\/person\/9223810753230f20bd670fdd322661f8\",\"name\":\"Redazione\",\"url\":\"https:\/\/www.intoscana.it\/it\/author\/redazione\/\"}]}<\/script>\n<!-- \/ Yoast SEO Premium plugin. -->","yoast_head_json":{"title":"Stati Generali della Cultura: il confronto con gli operatori dello spettacolo","description":"Prosegue il percorso regionale degi Stati Generali della Cultur: oggi a Livorno il confronto con gli operatori dello spettacolo dal vivo.","robots":{"index":"index","follow":"follow","max-snippet":"max-snippet:-1","max-image-preview":"max-image-preview:large","max-video-preview":"max-video-preview:-1"},"canonical":"https:\/\/www.intoscana.it\/it\/stati-generali-cultura-livorno\/","og_locale":"it_IT","og_type":"article","og_title":"Stati Generali della Cultura: a Livorno il confronto con gli operatori dello spettacolo dal vivo","og_description":"Prosegue il percorso regionale degi Stati Generali della Cultur: oggi a Livorno il confronto con gli operatori dello spettacolo dal vivo.","og_url":"https:\/\/www.intoscana.it\/it\/stati-generali-cultura-livorno\/","og_site_name":"intoscana","article_publisher":"https:\/\/www.facebook.com\/intoscana.it","article_published_time":"2022-12-01T14:48:36+00:00","article_modified_time":"2022-12-01T15:12:29+00:00","og_image":[{"width":2048,"height":1365,"url":"https:\/\/www.intoscana.it\/wp-content\/uploads\/concerto-3-scaled.jpg","type":"image\/jpeg"}],"author":"Redazione","twitter_card":"summary_large_image","twitter_creator":"@intoscana","twitter_site":"@intoscana","twitter_misc":{"Written by":"Redazione","Est. reading time":"3 minuti"},"schema":{"@context":"https:\/\/schema.org","@graph":[{"@type":"WebPage","@id":"https:\/\/www.intoscana.it\/it\/stati-generali-cultura-livorno\/","url":"https:\/\/www.intoscana.it\/it\/stati-generali-cultura-livorno\/","name":"Stati Generali della Cultura: il confronto con gli operatori dello spettacolo","isPartOf":{"@id":"https:\/\/www.intoscana.it\/it\/#website"},"primaryImageOfPage":{"@id":"https:\/\/www.intoscana.it\/it\/stati-generali-cultura-livorno\/#primaryimage"},"image":{"@id":"https:\/\/www.intoscana.it\/it\/stati-generali-cultura-livorno\/#primaryimage"},"thumbnailUrl":"https:\/\/www.intoscana.it\/wp-content\/uploads\/concerto-3-scaled.jpg","datePublished":"2022-12-01T14:48:36+00:00","dateModified":"2022-12-01T15:12:29+00:00","author":{"@id":"https:\/\/www.intoscana.it\/it\/#\/schema\/person\/9223810753230f20bd670fdd322661f8"},"description":"Prosegue il percorso regionale degi Stati Generali della Cultur: oggi a Livorno il confronto con gli operatori dello spettacolo dal vivo.","breadcrumb":{"@id":"https:\/\/www.intoscana.it\/it\/stati-generali-cultura-livorno\/#breadcrumb"},"inLanguage":"it-IT","potentialAction":[{"@type":"ReadAction","target":["https:\/\/www.intoscana.it\/it\/stati-generali-cultura-livorno\/"]}]},{"@type":"ImageObject","inLanguage":"it-IT","@id":"https:\/\/www.intoscana.it\/it\/stati-generali-cultura-livorno\/#primaryimage","url":"https:\/\/www.intoscana.it\/wp-content\/uploads\/concerto-3-scaled.jpg","contentUrl":"https:\/\/www.intoscana.it\/wp-content\/uploads\/concerto-3-scaled.jpg","width":2048,"height":1365,"caption":"Concerto"},{"@type":"BreadcrumbList","@id":"https:\/\/www.intoscana.it\/it\/stati-generali-cultura-livorno\/#breadcrumb","itemListElement":[{"@type":"ListItem","position":1,"name":"Home","item":"https:\/\/www.intoscana.it\/it\/"},{"@type":"ListItem","position":2,"name":"Stati Generali della Cultura: a Livorno il confronto con gli operatori dello spettacolo dal vivo"}]},{"@type":"WebSite","@id":"https:\/\/www.intoscana.it\/it\/#website","url":"https:\/\/www.intoscana.it\/it\/","name":"intoscana","description":"","potentialAction":[{"@type":"SearchAction","target":{"@type":"EntryPoint","urlTemplate":"https:\/\/www.intoscana.it\/it\/?s={search_term_string}"},"query-input":{"@type":"PropertyValueSpecification","valueRequired":true,"valueName":"search_term_string"}}],"inLanguage":"it-IT"},{"@type":"Person","@id":"https:\/\/www.intoscana.it\/it\/#\/schema\/person\/9223810753230f20bd670fdd322661f8","name":"Redazione","url":"https:\/\/www.intoscana.it\/it\/author\/redazione\/"}]}},"_links":{"self":[{"href":"https:\/\/www.intoscana.it\/it\/wp-json\/wp\/v2\/posts\/260996","targetHints":{"allow":["GET"]}}],"collection":[{"href":"https:\/\/www.intoscana.it\/it\/wp-json\/wp\/v2\/posts"}],"about":[{"href":"https:\/\/www.intoscana.it\/it\/wp-json\/wp\/v2\/types\/post"}],"author":[{"embeddable":true,"href":"https:\/\/www.intoscana.it\/it\/wp-json\/wp\/v2\/users\/525"}],"replies":[{"embeddable":true,"href":"https:\/\/www.intoscana.it\/it\/wp-json\/wp\/v2\/comments?post=260996"}],"version-history":[{"count":0,"href":"https:\/\/www.intoscana.it\/it\/wp-json\/wp\/v2\/posts\/260996\/revisions"}],"wp:featuredmedia":[{"embeddable":true,"href":"https:\/\/www.intoscana.it\/it\/wp-json\/wp\/v2\/media\/151373"}],"wp:attachment":[{"href":"https:\/\/www.intoscana.it\/it\/wp-json\/wp\/v2\/media?parent=260996"}],"wp:term":[{"taxonomy":"category","embeddable":true,"href":"https:\/\/www.intoscana.it\/it\/wp-json\/wp\/v2\/categories?post=260996"},{"taxonomy":"post_tag","embeddable":true,"href":"https:\/\/www.intoscana.it\/it\/wp-json\/wp\/v2\/tags?post=260996"}],"curies":[{"name":"wp","href":"https:\/\/api.w.org\/{rel}","templated":true}]}}