{"id":261095,"date":"2022-12-02T16:55:31","date_gmt":"2022-12-02T15:55:31","guid":{"rendered":"https:\/\/www.intoscana.it\/it\/?p=261095"},"modified":"2022-12-02T16:58:08","modified_gmt":"2022-12-02T15:58:08","slug":"disabilita-in-arrivo-la-mappatura-delle-sedi-accessibili-di-unifi","status":"publish","type":"post","link":"https:\/\/www.intoscana.it\/it\/disabilita-in-arrivo-la-mappatura-delle-sedi-accessibili-di-unifi\/","title":{"rendered":"Disabilit\u00e0, in arrivo la mappatura delle sedi accessibili di Unifi"},"content":{"rendered":"<p>Sabato 3 dicembre si celebra <mark>la giornata internazionale delle persone con disabilit\u00e0<\/mark>. Una ricorrenza che per l&#8217;universit\u00e0 di Firenze ha un sapore particolare. L&#8217;ateneo ha scelto di ricordare <a href=\"https:\/\/www.intoscana.it\/it\/articolo\/nicco-che-vive-nelle-sue-poesie-oltre-la-disabilita-il-dono-di-un-ragazzo-speciale\/\">Niccol\u00f2 Bizzarri, studente dell\u2019Ateneo fiorentino<\/a> con disabilit\u00e0 motoria prematuramente scomparso nel gennaio 2020: per farlo ha apposto una targa in sua memoria nel cortile della sede universitaria di piazza Brunelleschi.<\/p>\n<p>Il giovane studente si era speso con passione negli organi istituzionali per <mark>il pieno coinvolgimento degli studenti disabili nelle attivit\u00e0 dell\u2019Ateneo<\/mark>.<\/p>\n<h3>Il ricordo di Unifi per Niccol\u00f2 Bizzarri<\/h3>\n<p>\u201c<em>Con la scomparsa tragica di Niccol\u00f2, abbiamo avuto la percezione di un diritto negato<\/em> \u2013 ha affermato la rettrice Alessandra Petrucci &#8211; <em>Per garantire, invece, l\u2019esercizio di questo diritto, l\u2019Ateneo si \u00e8 mosso e sta lavorando costantemente. Vogliamo offrire a studentesse e studenti con disabilit\u00e0 e disturbi specifici dell&#8217;apprendimento pari condizioni nel diritto allo studio, tramite azioni specifiche, mirate alla progressiva rimozione degli ostacoli che limitano il loro inserimento nel mondo universitario&#8221;<\/em>.<\/p>\n<figure id=\"post-261267 media-261267\" class=\"align-none\"><img decoding=\"async\" src=\"https:\/\/www.intoscana.it\/wp-content\/uploads\/mappatura_partecipata_disabili_3.jpg\" alt=\"\" \/><\/figure>\n<div class=\"titleimg\">La mappatura partecipata dei luoghi accessibili ai disabili nell\u2019ateneo fiorentino<\/div>\n<h3>La mappatura delle sedi dell&#8217;ateneo<\/h3>\n<p>La presentazione della targa \u00e8 stato il momento conclusivo dell\u2019iniziativa \u201c<em>Senza barriere<\/em>\u201d, organizzata dall\u2019Universit\u00e0 di Firenze. E&#8217; stato illustrato il progetto di <strong>mappatura delle sedi dell\u2019Ateneo fiorentino<\/strong>, che sar\u00e0 realizzato dalla startup Kinoa per offrire a studentesse e studenti informazioni utili sull\u2019accessibilit\u00e0 degli ingressi e dei servizi nei plessi dell\u2019Ateneo e dei luoghi di utilit\u00e0 generale nei loro dintorni.<\/p>\n<h3>I dati dei luoghi accessibili su Kimap<\/h3>\n<p>I dati raccolti dalla mappatura \u2013 di cui \u00e8 stata realizzata un\u2019anteprima con la partecipazione diretta dei soggetti fruitori &#8211; confluiranno in mappe digitali all\u2019interno di <strong>Kimap, App<\/strong> fruibile gratuitamente che facilita la mobilit\u00e0 delle persone con disabilit\u00e0.<\/p>\n<p>L&#8217;iniziative dell&#8217;Universit\u00e0 di Firenze non \u00e8 l&#8217;unica per celebrare la giornata internazionale delle persone con disabilit\u00e0 e rendere la citt\u00e0 pi\u00f9 inclusiva e aperta a tutti.<\/p>\n<figure id=\"post-261116 media-261116\" class=\"align-none\"><img decoding=\"async\" src=\"https:\/\/www.intoscana.it\/wp-content\/uploads\/Alessandro-Filipepi-detto-Botticelli-attr.-Madonna-col-Bambino-e-san-Giovannino-con-due-angeli-mondello-in-3D-bassa.jpg\" alt=\"\" \/><\/figure>\n<div class=\"titleimg\">Un modello 3D della Madonna col Bambino e San Giovannino con due angeli di Sandro Botticelli<\/div>\n<h3>Un percorso tattile alla Galleria dell&#8217;Accademia<\/h3>\n<p>Un <mark>percorso tattile per ipovedenti e non vedenti con la riproduzione 3D in vetroresina di una selezione di opere<\/mark>, tra le pi\u00f9 significative, conservate nelle diverse collezioni della <strong>Galleria dell&#8217;Accademia<\/strong>. E&#8217; quanto realizzato dal museo fiorentino in occasione della <mark>Giornata internazionale delle persone con disabilit\u00e0<\/mark>.<\/p>\n<p>Realizzate anche <strong>didascalie in Braille<\/strong> composte da indicazione autore, titolo dell&#8217;opera, tecnica e anno, sia in italiano che in inglese, oltre all&#8217;indicazione del <strong>numero dell&#8217;audioguida<\/strong> corrispondente. Inoltre, tenendo presenti le necessit\u00e0 delle persone ipovedenti, <strong>le nuove didascalie<\/strong> della sala del Colosso e della Gipsoteca, scritte con un carattere ben leggibile per tipologia, dimensioni e contrasto, illuminate dal nuovo sistema a led, sono state collocate ad un&#8217;altezza facilmente visibile anche quando il museo \u00e8 affollato.<\/p>\n<figure id=\"post-261120 media-261120\" class=\"align-none\"><img decoding=\"async\" src=\"https:\/\/www.intoscana.it\/wp-content\/uploads\/biblioteca-comunale-Ernesto-Balducci-Tavarnelle-Val-di-Pesa-libri-inclusivi.jpeg\" alt=\"\" \/><\/figure>\n<div class=\"titleimg\">Libri inclusivi alla biblioteca comunale Ernesto Balducci di Tavarnelle Val di Pesa<\/div>\n<h3>La comunicazione facilitata<\/h3>\n<p>Nessuno escluso dalla comunicazione e dalla lettura. <strong>Barberino Tavarnelle<\/strong> \u00e8 uno dei pochi comuni toscani a realizzare un progetto di <strong>comunicazione facilitata urbana<\/strong>. Un nuovo approccio, poco diffuso in Italia, costituito da <strong>simboli visivi<\/strong> per migliorare la vita delle persone che, per particolari patologie congenite o disturbi cognitivi, non riescono ad esprimersi verbalmente.<\/p>\n<p>Un modello di rete civica che consente di usare gli strumenti della <strong>Comunicazione Aumentativa Alternativa<\/strong>. Uffici e biblioteche comunali, negozi del centro storico di Tavarnelle, mercatini ed eventi si dotano di cartelli con<strong> i simboli visivi della CAA<\/strong>. Nelle biblioteche comunali di Barberino Tavarnelle \u201c<em>Ernesto Balducci<\/em>\u201d e \u201c<em>Alda Merini<\/em>\u201d sono state create specifiche sezioni per avvicinare alla lettura chi ha difficolt\u00e0 comunicative.<\/p>\n<h3>L&#8217;arte non ha confini e limiti espressivi<\/h3>\n<p id=\"m_-4621380240987461116zimbraEditorContainer\"><span lang=\"it-IT\">Esposizione di opere realizzate dalle ragazze e dai ragazzi del Centro Poliedro, del Progetto Solidariet\u00e0, dei Centri Diurni <span class=\"il\">disabili<\/span> della Valdera e di Fornacette.\u00a0<\/span><span lang=\"it-IT\">L\u2019esposizione\u00a0<\/span><span lang=\"it-IT\">rester\u00e0 aperta al pubblico<b> dal 3 al 16 dicembre <\/b><\/span><span lang=\"it-IT\">e potr\u00e0 essere visitata\u00a0<\/span><span lang=\"it-IT\"><b>gratuitamente. <\/b><\/span><span lang=\"it-IT\">L&#8217;inaugurazione <b>sabato 3 Dicembre alle ore 10.30 presso il Centro M. Montessori di Fornacette<\/b>.<\/span><\/p>\n","protected":false},"excerpt":{"rendered":"<p>Molte le iniziative in Toscana in occasione della giornata internazionale. Alla Galleria dell&#8217;Accademia un percorso tattile, a Barberino Tavarnelle cartelli con simboli visivi<\/p>\n","protected":false},"author":554,"featured_media":261266,"comment_status":"open","ping_status":"open","sticky":false,"template":"","format":"standard","meta":{"_acf_changed":false,"footnotes":""},"categories":[494],"tags":[5698,406],"class_list":["post-261095","post","type-post","status-publish","format-standard","has-post-thumbnail","hentry","category-attualita","tag-accessibilita","tag-disabilita"],"acf":[],"yoast_head":"<!-- This site is optimized with the Yoast SEO Premium plugin v24.2 (Yoast SEO v25.6) - https:\/\/yoast.com\/wordpress\/plugins\/seo\/ -->\n<title>Disabilit\u00e0, in arrivo la mappatura delle sedi accessibili di Unifi - intoscana<\/title>\n<meta name=\"description\" content=\"Molte le iniziative in Toscana in occasione della giornata internazionale. Alla Galleria dell&#039;Accademia un percorso tattile\" \/>\n<meta name=\"robots\" content=\"index, follow, max-snippet:-1, max-image-preview:large, max-video-preview:-1\" \/>\n<link rel=\"canonical\" href=\"https:\/\/www.intoscana.it\/it\/disabilita-in-arrivo-la-mappatura-delle-sedi-accessibili-di-unifi\/\" \/>\n<meta property=\"og:locale\" content=\"it_IT\" \/>\n<meta property=\"og:type\" content=\"article\" \/>\n<meta property=\"og:title\" content=\"Disabilit\u00e0, in arrivo la mappatura delle sedi accessibili di Unifi\" \/>\n<meta property=\"og:description\" content=\"Molte le iniziative in Toscana in occasione della giornata internazionale. Alla Galleria dell&#039;Accademia un percorso tattile\" \/>\n<meta property=\"og:url\" content=\"https:\/\/www.intoscana.it\/it\/disabilita-in-arrivo-la-mappatura-delle-sedi-accessibili-di-unifi\/\" \/>\n<meta property=\"og:site_name\" content=\"intoscana\" \/>\n<meta property=\"article:publisher\" content=\"https:\/\/www.facebook.com\/intoscana.it\" \/>\n<meta property=\"article:published_time\" content=\"2022-12-02T15:55:31+00:00\" \/>\n<meta property=\"article:modified_time\" content=\"2022-12-02T15:58:08+00:00\" \/>\n<meta property=\"og:image\" content=\"https:\/\/www.intoscana.it\/wp-content\/uploads\/mappatura_partecipata_disabili_2.jpg\" \/>\n\t<meta property=\"og:image:width\" content=\"2000\" \/>\n\t<meta property=\"og:image:height\" content=\"1333\" \/>\n\t<meta property=\"og:image:type\" content=\"image\/jpeg\" \/>\n<meta name=\"author\" content=\"Raffaella Galamini\" \/>\n<meta name=\"twitter:card\" content=\"summary_large_image\" \/>\n<meta name=\"twitter:creator\" content=\"@orio\" \/>\n<meta name=\"twitter:site\" content=\"@intoscana\" \/>\n<meta name=\"twitter:label1\" content=\"Written by\" \/>\n\t<meta name=\"twitter:data1\" content=\"Raffaella Galamini\" \/>\n\t<meta name=\"twitter:label2\" content=\"Est. reading time\" \/>\n\t<meta name=\"twitter:data2\" content=\"3 minuti\" \/>\n<script type=\"application\/ld+json\" class=\"yoast-schema-graph\">{\"@context\":\"https:\/\/schema.org\",\"@graph\":[{\"@type\":\"WebPage\",\"@id\":\"https:\/\/www.intoscana.it\/it\/disabilita-in-arrivo-la-mappatura-delle-sedi-accessibili-di-unifi\/\",\"url\":\"https:\/\/www.intoscana.it\/it\/disabilita-in-arrivo-la-mappatura-delle-sedi-accessibili-di-unifi\/\",\"name\":\"Disabilit\u00e0, in arrivo la mappatura delle sedi accessibili di Unifi - intoscana\",\"isPartOf\":{\"@id\":\"https:\/\/www.intoscana.it\/it\/#website\"},\"primaryImageOfPage\":{\"@id\":\"https:\/\/www.intoscana.it\/it\/disabilita-in-arrivo-la-mappatura-delle-sedi-accessibili-di-unifi\/#primaryimage\"},\"image\":{\"@id\":\"https:\/\/www.intoscana.it\/it\/disabilita-in-arrivo-la-mappatura-delle-sedi-accessibili-di-unifi\/#primaryimage\"},\"thumbnailUrl\":\"https:\/\/www.intoscana.it\/wp-content\/uploads\/mappatura_partecipata_disabili_2.jpg\",\"datePublished\":\"2022-12-02T15:55:31+00:00\",\"dateModified\":\"2022-12-02T15:58:08+00:00\",\"author\":{\"@id\":\"https:\/\/www.intoscana.it\/it\/#\/schema\/person\/9eb9daa846a49fe51af39a73d9d1986b\"},\"description\":\"Molte le iniziative in Toscana in occasione della giornata internazionale. Alla Galleria dell'Accademia un percorso tattile\",\"breadcrumb\":{\"@id\":\"https:\/\/www.intoscana.it\/it\/disabilita-in-arrivo-la-mappatura-delle-sedi-accessibili-di-unifi\/#breadcrumb\"},\"inLanguage\":\"it-IT\",\"potentialAction\":[{\"@type\":\"ReadAction\",\"target\":[\"https:\/\/www.intoscana.it\/it\/disabilita-in-arrivo-la-mappatura-delle-sedi-accessibili-di-unifi\/\"]}]},{\"@type\":\"ImageObject\",\"inLanguage\":\"it-IT\",\"@id\":\"https:\/\/www.intoscana.it\/it\/disabilita-in-arrivo-la-mappatura-delle-sedi-accessibili-di-unifi\/#primaryimage\",\"url\":\"https:\/\/www.intoscana.it\/wp-content\/uploads\/mappatura_partecipata_disabili_2.jpg\",\"contentUrl\":\"https:\/\/www.intoscana.it\/wp-content\/uploads\/mappatura_partecipata_disabili_2.jpg\",\"width\":2000,\"height\":1333,\"caption\":\"La mappatura partecipata dei luoghi accessibili ai disabili nell'ateneo fiorentino\"},{\"@type\":\"BreadcrumbList\",\"@id\":\"https:\/\/www.intoscana.it\/it\/disabilita-in-arrivo-la-mappatura-delle-sedi-accessibili-di-unifi\/#breadcrumb\",\"itemListElement\":[{\"@type\":\"ListItem\",\"position\":1,\"name\":\"Home\",\"item\":\"https:\/\/www.intoscana.it\/it\/\"},{\"@type\":\"ListItem\",\"position\":2,\"name\":\"Disabilit\u00e0, in arrivo la mappatura delle sedi accessibili di Unifi\"}]},{\"@type\":\"WebSite\",\"@id\":\"https:\/\/www.intoscana.it\/it\/#website\",\"url\":\"https:\/\/www.intoscana.it\/it\/\",\"name\":\"intoscana\",\"description\":\"\",\"potentialAction\":[{\"@type\":\"SearchAction\",\"target\":{\"@type\":\"EntryPoint\",\"urlTemplate\":\"https:\/\/www.intoscana.it\/it\/?s={search_term_string}\"},\"query-input\":{\"@type\":\"PropertyValueSpecification\",\"valueRequired\":true,\"valueName\":\"search_term_string\"}}],\"inLanguage\":\"it-IT\"},{\"@type\":\"Person\",\"@id\":\"https:\/\/www.intoscana.it\/it\/#\/schema\/person\/9eb9daa846a49fe51af39a73d9d1986b\",\"name\":\"Raffaella Galamini\",\"sameAs\":[\"https:\/\/x.com\/orio\"],\"url\":\"https:\/\/www.intoscana.it\/it\/author\/r-galamini\/\"}]}<\/script>\n<!-- \/ Yoast SEO Premium plugin. -->","yoast_head_json":{"title":"Disabilit\u00e0, in arrivo la mappatura delle sedi accessibili di Unifi - intoscana","description":"Molte le iniziative in Toscana in occasione della giornata internazionale. Alla Galleria dell'Accademia un percorso tattile","robots":{"index":"index","follow":"follow","max-snippet":"max-snippet:-1","max-image-preview":"max-image-preview:large","max-video-preview":"max-video-preview:-1"},"canonical":"https:\/\/www.intoscana.it\/it\/disabilita-in-arrivo-la-mappatura-delle-sedi-accessibili-di-unifi\/","og_locale":"it_IT","og_type":"article","og_title":"Disabilit\u00e0, in arrivo la mappatura delle sedi accessibili di Unifi","og_description":"Molte le iniziative in Toscana in occasione della giornata internazionale. Alla Galleria dell'Accademia un percorso tattile","og_url":"https:\/\/www.intoscana.it\/it\/disabilita-in-arrivo-la-mappatura-delle-sedi-accessibili-di-unifi\/","og_site_name":"intoscana","article_publisher":"https:\/\/www.facebook.com\/intoscana.it","article_published_time":"2022-12-02T15:55:31+00:00","article_modified_time":"2022-12-02T15:58:08+00:00","og_image":[{"width":2000,"height":1333,"url":"https:\/\/www.intoscana.it\/wp-content\/uploads\/mappatura_partecipata_disabili_2.jpg","type":"image\/jpeg"}],"author":"Raffaella Galamini","twitter_card":"summary_large_image","twitter_creator":"@orio","twitter_site":"@intoscana","twitter_misc":{"Written by":"Raffaella Galamini","Est. reading time":"3 minuti"},"schema":{"@context":"https:\/\/schema.org","@graph":[{"@type":"WebPage","@id":"https:\/\/www.intoscana.it\/it\/disabilita-in-arrivo-la-mappatura-delle-sedi-accessibili-di-unifi\/","url":"https:\/\/www.intoscana.it\/it\/disabilita-in-arrivo-la-mappatura-delle-sedi-accessibili-di-unifi\/","name":"Disabilit\u00e0, in arrivo la mappatura delle sedi accessibili di Unifi - intoscana","isPartOf":{"@id":"https:\/\/www.intoscana.it\/it\/#website"},"primaryImageOfPage":{"@id":"https:\/\/www.intoscana.it\/it\/disabilita-in-arrivo-la-mappatura-delle-sedi-accessibili-di-unifi\/#primaryimage"},"image":{"@id":"https:\/\/www.intoscana.it\/it\/disabilita-in-arrivo-la-mappatura-delle-sedi-accessibili-di-unifi\/#primaryimage"},"thumbnailUrl":"https:\/\/www.intoscana.it\/wp-content\/uploads\/mappatura_partecipata_disabili_2.jpg","datePublished":"2022-12-02T15:55:31+00:00","dateModified":"2022-12-02T15:58:08+00:00","author":{"@id":"https:\/\/www.intoscana.it\/it\/#\/schema\/person\/9eb9daa846a49fe51af39a73d9d1986b"},"description":"Molte le iniziative in Toscana in occasione della giornata internazionale. Alla Galleria dell'Accademia un percorso tattile","breadcrumb":{"@id":"https:\/\/www.intoscana.it\/it\/disabilita-in-arrivo-la-mappatura-delle-sedi-accessibili-di-unifi\/#breadcrumb"},"inLanguage":"it-IT","potentialAction":[{"@type":"ReadAction","target":["https:\/\/www.intoscana.it\/it\/disabilita-in-arrivo-la-mappatura-delle-sedi-accessibili-di-unifi\/"]}]},{"@type":"ImageObject","inLanguage":"it-IT","@id":"https:\/\/www.intoscana.it\/it\/disabilita-in-arrivo-la-mappatura-delle-sedi-accessibili-di-unifi\/#primaryimage","url":"https:\/\/www.intoscana.it\/wp-content\/uploads\/mappatura_partecipata_disabili_2.jpg","contentUrl":"https:\/\/www.intoscana.it\/wp-content\/uploads\/mappatura_partecipata_disabili_2.jpg","width":2000,"height":1333,"caption":"La mappatura partecipata dei luoghi accessibili ai disabili nell'ateneo fiorentino"},{"@type":"BreadcrumbList","@id":"https:\/\/www.intoscana.it\/it\/disabilita-in-arrivo-la-mappatura-delle-sedi-accessibili-di-unifi\/#breadcrumb","itemListElement":[{"@type":"ListItem","position":1,"name":"Home","item":"https:\/\/www.intoscana.it\/it\/"},{"@type":"ListItem","position":2,"name":"Disabilit\u00e0, in arrivo la mappatura delle sedi accessibili di Unifi"}]},{"@type":"WebSite","@id":"https:\/\/www.intoscana.it\/it\/#website","url":"https:\/\/www.intoscana.it\/it\/","name":"intoscana","description":"","potentialAction":[{"@type":"SearchAction","target":{"@type":"EntryPoint","urlTemplate":"https:\/\/www.intoscana.it\/it\/?s={search_term_string}"},"query-input":{"@type":"PropertyValueSpecification","valueRequired":true,"valueName":"search_term_string"}}],"inLanguage":"it-IT"},{"@type":"Person","@id":"https:\/\/www.intoscana.it\/it\/#\/schema\/person\/9eb9daa846a49fe51af39a73d9d1986b","name":"Raffaella Galamini","sameAs":["https:\/\/x.com\/orio"],"url":"https:\/\/www.intoscana.it\/it\/author\/r-galamini\/"}]}},"_links":{"self":[{"href":"https:\/\/www.intoscana.it\/it\/wp-json\/wp\/v2\/posts\/261095","targetHints":{"allow":["GET"]}}],"collection":[{"href":"https:\/\/www.intoscana.it\/it\/wp-json\/wp\/v2\/posts"}],"about":[{"href":"https:\/\/www.intoscana.it\/it\/wp-json\/wp\/v2\/types\/post"}],"author":[{"embeddable":true,"href":"https:\/\/www.intoscana.it\/it\/wp-json\/wp\/v2\/users\/554"}],"replies":[{"embeddable":true,"href":"https:\/\/www.intoscana.it\/it\/wp-json\/wp\/v2\/comments?post=261095"}],"version-history":[{"count":0,"href":"https:\/\/www.intoscana.it\/it\/wp-json\/wp\/v2\/posts\/261095\/revisions"}],"wp:featuredmedia":[{"embeddable":true,"href":"https:\/\/www.intoscana.it\/it\/wp-json\/wp\/v2\/media\/261266"}],"wp:attachment":[{"href":"https:\/\/www.intoscana.it\/it\/wp-json\/wp\/v2\/media?parent=261095"}],"wp:term":[{"taxonomy":"category","embeddable":true,"href":"https:\/\/www.intoscana.it\/it\/wp-json\/wp\/v2\/categories?post=261095"},{"taxonomy":"post_tag","embeddable":true,"href":"https:\/\/www.intoscana.it\/it\/wp-json\/wp\/v2\/tags?post=261095"}],"curies":[{"name":"wp","href":"https:\/\/api.w.org\/{rel}","templated":true}]}}