{"id":261105,"date":"2022-12-02T12:05:43","date_gmt":"2022-12-02T11:05:43","guid":{"rendered":"https:\/\/www.intoscana.it\/it\/?p=261105"},"modified":"2022-12-02T12:07:58","modified_gmt":"2022-12-02T11:07:58","slug":"massimo-ranieri-concerto-teatro-verdi-firenze-2022","status":"publish","type":"post","link":"https:\/\/www.intoscana.it\/it\/massimo-ranieri-concerto-teatro-verdi-firenze-2022\/","title":{"rendered":"Massimo Ranieri al Teatro Verdi di Firenze porta la magia di &#8220;Tutti i sogni ancora in volo&#8221;"},"content":{"rendered":"<p><strong>Luned\u00ec 5 dicembre\u00a0Massimo Ranieri<\/strong> torna nel <a href=\"https:\/\/www.intoscana.it\/it\/articolo\/il-teatro-verdi-di-firenze-saluta-gigi-proietti-con-un-abbraccio-lungo-7-metri\/\" target=\"_blank\" rel=\"noopener\"><strong>Teatro Verdi di Firenze <\/strong><\/a>con\u00a0il suo nuovo spettacolo <em><strong>&#8220;Tutti i sogni ancora in volo&#8221;,<\/strong><\/em> immortale verso del tormentone <em><strong>&#8220;Perdere l&#8217;amore&#8221;<\/strong><\/em> e titolo dell&#8217;ultimo album pubblicato nel 2022.<\/p>\n<p>L&#8217;artista torna a Firenze <strong>dopo oltre 800 repliche<\/strong> del suo show campione di incassi <a href=\"https:\/\/www.intoscana.it\/it\/articolo\/mercoledi-5-gennaio-massimo-ranieri-a-firenze-con-sogno-e-son-desto-500-volte\/\" target=\"_blank\" rel=\"noopener\"><strong><em>\u201cSogno e son desto\u201d.<\/em><\/strong><\/a><\/p>\n<p>Ranieri sul palco si esibir\u00e0 in una carrellata dei <strong>bellissimi brani inediti<\/strong> scritti per lui da alcuni grandi cantautori italiani per l\u2019album<em><strong> \u201cTutti i sogni ancora in volo\u201d<\/strong><\/em>: tra cui\u00a0<strong>Pino Donaggio, Ivano Fossati, Bruno Lauzi, Pacifico, Giuliano Sangiorgi, Gianni Togni e Franco Fasano.<\/strong><\/p>\n<p><em><strong>Tutti i Sogni ancora in Volo<\/strong> <\/em>\u00e8 il primo disco di inediti di <strong>Massimo Ranieri,<\/strong> dopo<strong> l&#8217;ultimo del 1997,<\/strong> ed \u00e8 frutto della consolidata collaborazione con<strong> Gino Vannelli,<\/strong> interprete, compositore e produttore di origine italiana.<\/p>\n<p>Il disco ha avuto <strong>una lunga genesi, oltre un anno e mezzo di lavoro,<\/strong> intervallato da numerosi periodi di pausa: la <strong>Pandemia di COVID-19<\/strong>, la partecipazione al <a href=\"https:\/\/www.intoscana.it\/it\/articolo\/opinione\/emma-e-la-protesta-femminista-a-sanremo-un-gesto-vale-piu-di-mille-parole\/\" target=\"_blank\" rel=\"noopener\"><strong>Festival di Sanremo 2022<\/strong><\/a> dove<strong> Massimo Ranieri<\/strong> ha vinto il <strong>Premio della Critica Mia Martini<\/strong> con il brano <em><strong>Lettera di l\u00e0 dal mare,<\/strong><\/em> i numerosi impegni teatrali, la pubblicazione del libro omonimo fino alla lavorazione della nuova fiction televisiva <em><strong>La voce<\/strong> <\/em>che hai dentro, prodotta da Lucky Red, e attualmente ancora in fase di realizzazione, e che <strong>andr\u00e0 in onda nel 2023 su reti Mediaset e <a href=\"https:\/\/www.intoscana.it\/it\/articolo\/toscana-film-netflix\/\" target=\"_blank\" rel=\"noopener\">Netflix.<\/a><\/strong><\/p>\n<p>Un ulteriore ritardo alla lavorazione del disco \u00e8 stato causato dall\u2019incidente durante lo spettacolo al<strong> Teatro Diana di Napoli,<\/strong> dove l\u2019Artista ha riportato una leggera frattura alle costole che non ha in alcun modo frenato la sua incessante creativit\u00e0.<\/p>\n<p>Sul palco del <strong>Teatro Verdi luned\u00ec 5 dicembre<\/strong> ci sar\u00e0 <strong>un Massimo Ranieri al cento per cento<\/strong> per il suo ultimo spettacolo che va in scena con una rinnovata veste scenografica e una inedita band composta da <strong>Seby Burgio<\/strong> al pianoforte,<strong> Giovanna Perna<\/strong> alle tastiere e voce, <strong>Pierpaolo Ranieri<\/strong> al basso,<strong> Luca Trolli<\/strong> alla batteria, <strong>Arnaldo Vacca<\/strong> alle percussioni, <strong>Andrea Pistilli e Tony Puja<\/strong> alle chitarre, <strong>Valentina Pinto<\/strong> al violino, <strong>Max Filosi e Cristiana Polegri<\/strong> ai sax.<\/p>\n<p><iframe loading=\"lazy\" title=\"YouTube video player\" src=\"https:\/\/www.youtube.com\/embed\/LUDBGoWwFFA\" width=\"800\" height=\"500\" frameborder=\"0\" allowfullscreen=\"allowfullscreen\"><span data-mce-type=\"bookmark\" style=\"display: inline-block; width: 0px; overflow: hidden; line-height: 0;\" class=\"mce_SELRES_start\">\ufeff<\/span><\/iframe><\/p>\n","protected":false},"excerpt":{"rendered":"<p>Luned\u00ec 5 dicembre nel triplice ruolo di cantante, attore e narratore, Ranieri interpreter\u00e0 i brani inediti del suo ultimo disco senza dimenticare il meglio del suo repertorio pi\u00f9 amato<\/p>\n","protected":false},"author":518,"featured_media":205666,"comment_status":"open","ping_status":"open","sticky":false,"template":"","format":"standard","meta":{"_acf_changed":false,"footnotes":""},"categories":[14],"tags":[216,4474,202],"class_list":["post-261105","post","type-post","status-publish","format-standard","has-post-thumbnail","hentry","category-musica","tag-concerti","tag-eventi","tag-firenze"],"acf":[],"yoast_head":"<!-- This site is optimized with the Yoast SEO Premium plugin v24.2 (Yoast SEO v25.6) - https:\/\/yoast.com\/wordpress\/plugins\/seo\/ -->\n<title>Massimo Ranieri al Teatro Verdi di Firenze porta la magia di &quot;Tutti i sogni ancora in volo&quot; - intoscana<\/title>\n<meta name=\"description\" content=\"Luned\u00ec 5 dicembre al Teatro Verdi di Firenze Massimo ranieri si divider\u00e0 nel triplice ruolo di cantante, attore e narratore\" \/>\n<meta name=\"robots\" content=\"index, follow, max-snippet:-1, max-image-preview:large, max-video-preview:-1\" \/>\n<link rel=\"canonical\" href=\"https:\/\/www.intoscana.it\/it\/massimo-ranieri-concerto-teatro-verdi-firenze-2022\/\" \/>\n<meta property=\"og:locale\" content=\"it_IT\" \/>\n<meta property=\"og:type\" content=\"article\" \/>\n<meta property=\"og:title\" content=\"Massimo Ranieri al Teatro Verdi di Firenze porta la magia di &quot;Tutti i sogni ancora in volo&quot;\" \/>\n<meta property=\"og:description\" content=\"Luned\u00ec 5 dicembre al Teatro Verdi di Firenze Massimo ranieri si divider\u00e0 nel triplice ruolo di cantante, attore e narratore\" \/>\n<meta property=\"og:url\" content=\"https:\/\/www.intoscana.it\/it\/massimo-ranieri-concerto-teatro-verdi-firenze-2022\/\" \/>\n<meta property=\"og:site_name\" content=\"intoscana\" \/>\n<meta property=\"article:publisher\" content=\"https:\/\/www.facebook.com\/intoscana.it\" \/>\n<meta property=\"article:published_time\" content=\"2022-12-02T11:05:43+00:00\" \/>\n<meta property=\"article:modified_time\" content=\"2022-12-02T11:07:58+00:00\" \/>\n<meta property=\"og:image\" content=\"https:\/\/www.intoscana.it\/wp-content\/uploads\/Massimo-Ranieri-2.jpg\" \/>\n\t<meta property=\"og:image:width\" content=\"2046\" \/>\n\t<meta property=\"og:image:height\" content=\"1376\" \/>\n\t<meta property=\"og:image:type\" content=\"image\/jpeg\" \/>\n<meta name=\"author\" content=\"Costanza Baldini\" \/>\n<meta name=\"twitter:card\" content=\"summary_large_image\" \/>\n<meta name=\"twitter:creator\" content=\"@intoscana\" \/>\n<meta name=\"twitter:site\" content=\"@intoscana\" \/>\n<meta name=\"twitter:label1\" content=\"Written by\" \/>\n\t<meta name=\"twitter:data1\" content=\"Costanza Baldini\" \/>\n\t<meta name=\"twitter:label2\" content=\"Est. reading time\" \/>\n\t<meta name=\"twitter:data2\" content=\"2 minuti\" \/>\n<script type=\"application\/ld+json\" class=\"yoast-schema-graph\">{\"@context\":\"https:\/\/schema.org\",\"@graph\":[{\"@type\":\"WebPage\",\"@id\":\"https:\/\/www.intoscana.it\/it\/massimo-ranieri-concerto-teatro-verdi-firenze-2022\/\",\"url\":\"https:\/\/www.intoscana.it\/it\/massimo-ranieri-concerto-teatro-verdi-firenze-2022\/\",\"name\":\"Massimo Ranieri al Teatro Verdi di Firenze porta la magia di \\\"Tutti i sogni ancora in volo\\\" - intoscana\",\"isPartOf\":{\"@id\":\"https:\/\/www.intoscana.it\/it\/#website\"},\"primaryImageOfPage\":{\"@id\":\"https:\/\/www.intoscana.it\/it\/massimo-ranieri-concerto-teatro-verdi-firenze-2022\/#primaryimage\"},\"image\":{\"@id\":\"https:\/\/www.intoscana.it\/it\/massimo-ranieri-concerto-teatro-verdi-firenze-2022\/#primaryimage\"},\"thumbnailUrl\":\"https:\/\/www.intoscana.it\/wp-content\/uploads\/Massimo-Ranieri-2.jpg\",\"datePublished\":\"2022-12-02T11:05:43+00:00\",\"dateModified\":\"2022-12-02T11:07:58+00:00\",\"author\":{\"@id\":\"https:\/\/www.intoscana.it\/it\/#\/schema\/person\/d469f35f09739bdf00bf5dd3f0647a82\"},\"description\":\"Luned\u00ec 5 dicembre al Teatro Verdi di Firenze Massimo ranieri si divider\u00e0 nel triplice ruolo di cantante, attore e narratore\",\"breadcrumb\":{\"@id\":\"https:\/\/www.intoscana.it\/it\/massimo-ranieri-concerto-teatro-verdi-firenze-2022\/#breadcrumb\"},\"inLanguage\":\"it-IT\",\"potentialAction\":[{\"@type\":\"ReadAction\",\"target\":[\"https:\/\/www.intoscana.it\/it\/massimo-ranieri-concerto-teatro-verdi-firenze-2022\/\"]}]},{\"@type\":\"ImageObject\",\"inLanguage\":\"it-IT\",\"@id\":\"https:\/\/www.intoscana.it\/it\/massimo-ranieri-concerto-teatro-verdi-firenze-2022\/#primaryimage\",\"url\":\"https:\/\/www.intoscana.it\/wp-content\/uploads\/Massimo-Ranieri-2.jpg\",\"contentUrl\":\"https:\/\/www.intoscana.it\/wp-content\/uploads\/Massimo-Ranieri-2.jpg\",\"width\":2046,\"height\":1376},{\"@type\":\"BreadcrumbList\",\"@id\":\"https:\/\/www.intoscana.it\/it\/massimo-ranieri-concerto-teatro-verdi-firenze-2022\/#breadcrumb\",\"itemListElement\":[{\"@type\":\"ListItem\",\"position\":1,\"name\":\"Home\",\"item\":\"https:\/\/www.intoscana.it\/it\/\"},{\"@type\":\"ListItem\",\"position\":2,\"name\":\"Massimo Ranieri al Teatro Verdi di Firenze porta la magia di &#8220;Tutti i sogni ancora in volo&#8221;\"}]},{\"@type\":\"WebSite\",\"@id\":\"https:\/\/www.intoscana.it\/it\/#website\",\"url\":\"https:\/\/www.intoscana.it\/it\/\",\"name\":\"intoscana\",\"description\":\"\",\"potentialAction\":[{\"@type\":\"SearchAction\",\"target\":{\"@type\":\"EntryPoint\",\"urlTemplate\":\"https:\/\/www.intoscana.it\/it\/?s={search_term_string}\"},\"query-input\":{\"@type\":\"PropertyValueSpecification\",\"valueRequired\":true,\"valueName\":\"search_term_string\"}}],\"inLanguage\":\"it-IT\"},{\"@type\":\"Person\",\"@id\":\"https:\/\/www.intoscana.it\/it\/#\/schema\/person\/d469f35f09739bdf00bf5dd3f0647a82\",\"name\":\"Costanza Baldini\",\"url\":\"https:\/\/www.intoscana.it\/it\/author\/costanza-baldini\/\"}]}<\/script>\n<!-- \/ Yoast SEO Premium plugin. -->","yoast_head_json":{"title":"Massimo Ranieri al Teatro Verdi di Firenze porta la magia di \"Tutti i sogni ancora in volo\" - intoscana","description":"Luned\u00ec 5 dicembre al Teatro Verdi di Firenze Massimo ranieri si divider\u00e0 nel triplice ruolo di cantante, attore e narratore","robots":{"index":"index","follow":"follow","max-snippet":"max-snippet:-1","max-image-preview":"max-image-preview:large","max-video-preview":"max-video-preview:-1"},"canonical":"https:\/\/www.intoscana.it\/it\/massimo-ranieri-concerto-teatro-verdi-firenze-2022\/","og_locale":"it_IT","og_type":"article","og_title":"Massimo Ranieri al Teatro Verdi di Firenze porta la magia di \"Tutti i sogni ancora in volo\"","og_description":"Luned\u00ec 5 dicembre al Teatro Verdi di Firenze Massimo ranieri si divider\u00e0 nel triplice ruolo di cantante, attore e narratore","og_url":"https:\/\/www.intoscana.it\/it\/massimo-ranieri-concerto-teatro-verdi-firenze-2022\/","og_site_name":"intoscana","article_publisher":"https:\/\/www.facebook.com\/intoscana.it","article_published_time":"2022-12-02T11:05:43+00:00","article_modified_time":"2022-12-02T11:07:58+00:00","og_image":[{"width":2046,"height":1376,"url":"https:\/\/www.intoscana.it\/wp-content\/uploads\/Massimo-Ranieri-2.jpg","type":"image\/jpeg"}],"author":"Costanza Baldini","twitter_card":"summary_large_image","twitter_creator":"@intoscana","twitter_site":"@intoscana","twitter_misc":{"Written by":"Costanza Baldini","Est. reading time":"2 minuti"},"schema":{"@context":"https:\/\/schema.org","@graph":[{"@type":"WebPage","@id":"https:\/\/www.intoscana.it\/it\/massimo-ranieri-concerto-teatro-verdi-firenze-2022\/","url":"https:\/\/www.intoscana.it\/it\/massimo-ranieri-concerto-teatro-verdi-firenze-2022\/","name":"Massimo Ranieri al Teatro Verdi di Firenze porta la magia di \"Tutti i sogni ancora in volo\" - intoscana","isPartOf":{"@id":"https:\/\/www.intoscana.it\/it\/#website"},"primaryImageOfPage":{"@id":"https:\/\/www.intoscana.it\/it\/massimo-ranieri-concerto-teatro-verdi-firenze-2022\/#primaryimage"},"image":{"@id":"https:\/\/www.intoscana.it\/it\/massimo-ranieri-concerto-teatro-verdi-firenze-2022\/#primaryimage"},"thumbnailUrl":"https:\/\/www.intoscana.it\/wp-content\/uploads\/Massimo-Ranieri-2.jpg","datePublished":"2022-12-02T11:05:43+00:00","dateModified":"2022-12-02T11:07:58+00:00","author":{"@id":"https:\/\/www.intoscana.it\/it\/#\/schema\/person\/d469f35f09739bdf00bf5dd3f0647a82"},"description":"Luned\u00ec 5 dicembre al Teatro Verdi di Firenze Massimo ranieri si divider\u00e0 nel triplice ruolo di cantante, attore e narratore","breadcrumb":{"@id":"https:\/\/www.intoscana.it\/it\/massimo-ranieri-concerto-teatro-verdi-firenze-2022\/#breadcrumb"},"inLanguage":"it-IT","potentialAction":[{"@type":"ReadAction","target":["https:\/\/www.intoscana.it\/it\/massimo-ranieri-concerto-teatro-verdi-firenze-2022\/"]}]},{"@type":"ImageObject","inLanguage":"it-IT","@id":"https:\/\/www.intoscana.it\/it\/massimo-ranieri-concerto-teatro-verdi-firenze-2022\/#primaryimage","url":"https:\/\/www.intoscana.it\/wp-content\/uploads\/Massimo-Ranieri-2.jpg","contentUrl":"https:\/\/www.intoscana.it\/wp-content\/uploads\/Massimo-Ranieri-2.jpg","width":2046,"height":1376},{"@type":"BreadcrumbList","@id":"https:\/\/www.intoscana.it\/it\/massimo-ranieri-concerto-teatro-verdi-firenze-2022\/#breadcrumb","itemListElement":[{"@type":"ListItem","position":1,"name":"Home","item":"https:\/\/www.intoscana.it\/it\/"},{"@type":"ListItem","position":2,"name":"Massimo Ranieri al Teatro Verdi di Firenze porta la magia di &#8220;Tutti i sogni ancora in volo&#8221;"}]},{"@type":"WebSite","@id":"https:\/\/www.intoscana.it\/it\/#website","url":"https:\/\/www.intoscana.it\/it\/","name":"intoscana","description":"","potentialAction":[{"@type":"SearchAction","target":{"@type":"EntryPoint","urlTemplate":"https:\/\/www.intoscana.it\/it\/?s={search_term_string}"},"query-input":{"@type":"PropertyValueSpecification","valueRequired":true,"valueName":"search_term_string"}}],"inLanguage":"it-IT"},{"@type":"Person","@id":"https:\/\/www.intoscana.it\/it\/#\/schema\/person\/d469f35f09739bdf00bf5dd3f0647a82","name":"Costanza Baldini","url":"https:\/\/www.intoscana.it\/it\/author\/costanza-baldini\/"}]}},"_links":{"self":[{"href":"https:\/\/www.intoscana.it\/it\/wp-json\/wp\/v2\/posts\/261105","targetHints":{"allow":["GET"]}}],"collection":[{"href":"https:\/\/www.intoscana.it\/it\/wp-json\/wp\/v2\/posts"}],"about":[{"href":"https:\/\/www.intoscana.it\/it\/wp-json\/wp\/v2\/types\/post"}],"author":[{"embeddable":true,"href":"https:\/\/www.intoscana.it\/it\/wp-json\/wp\/v2\/users\/518"}],"replies":[{"embeddable":true,"href":"https:\/\/www.intoscana.it\/it\/wp-json\/wp\/v2\/comments?post=261105"}],"version-history":[{"count":0,"href":"https:\/\/www.intoscana.it\/it\/wp-json\/wp\/v2\/posts\/261105\/revisions"}],"wp:featuredmedia":[{"embeddable":true,"href":"https:\/\/www.intoscana.it\/it\/wp-json\/wp\/v2\/media\/205666"}],"wp:attachment":[{"href":"https:\/\/www.intoscana.it\/it\/wp-json\/wp\/v2\/media?parent=261105"}],"wp:term":[{"taxonomy":"category","embeddable":true,"href":"https:\/\/www.intoscana.it\/it\/wp-json\/wp\/v2\/categories?post=261105"},{"taxonomy":"post_tag","embeddable":true,"href":"https:\/\/www.intoscana.it\/it\/wp-json\/wp\/v2\/tags?post=261105"}],"curies":[{"name":"wp","href":"https:\/\/api.w.org\/{rel}","templated":true}]}}