{"id":261177,"date":"2022-12-02T14:06:38","date_gmt":"2022-12-02T13:06:38","guid":{"rendered":"https:\/\/www.intoscana.it\/it\/?p=261177"},"modified":"2022-12-02T19:43:12","modified_gmt":"2022-12-02T18:43:12","slug":"nicco-che-vive-nelle-sue-poesie-oltre-la-disabilita-il-dono-di-un-ragazzo-speciale","status":"publish","type":"post","link":"https:\/\/www.intoscana.it\/it\/nicco-che-vive-nelle-sue-poesie-oltre-la-disabilita-il-dono-di-un-ragazzo-speciale\/","title":{"rendered":"Nicco che vive nelle sue poesie: oltre la disabilit\u00e0, il dono di un ragazzo speciale"},"content":{"rendered":"<p><strong>Niccol\u00f2 Bizzarri<\/strong> mor\u00ec a 21 anni perch\u00e9 la sua carrozzina fin\u00ec in una buca nell&#8217;asfalto di piazza Brunelleschi a Firenze, davanti alla Facolt\u00e0 di lettere che frequentava. La caduta fu rovinosa e mortale. Una tragedia che lasci\u00f2 la citt\u00e0 sgomenta, rabbiosa, incredula. Era il 13 gennaio 2020. Con i mesi <mark>la rabbia si \u00e8 fatta un po&#8217; da parte, lasciando spazio ai ricordi degli amici, dei suoi professori e soprattutto dei suoi cari che hanno raccontato di un ragazzo che la vita l&#8217;amava e la decantava attraverso i versi delle sue poesie.<\/mark><\/p>\n<p>Era un giovane socievole e gentile Nicco (cos\u00ec lo chiamavano i suoi amici), tanti interessi &#8211; soprattutto filosofici &#8211; e l&#8217;impegno civile che esprimeva attraverso i movimenti studenteschi. Un&#8217;anima bella, insomma, che ha saputo insegnare agli altri come l&#8217;essenza conti pi\u00f9 dell&#8217;apparenza, soprattutto se si \u00e8 costretti a vivere su una carozzina per una malattia degenerativa chiamata <strong>sindrome di Duchenne<\/strong>. <mark>Niccol\u00f2 oggi \u00e8 esempio e modello per tanti e con le sue poesie fa ancora compagnia a molti, sia a quelli che l&#8217;hanno conosciuto che a chi lo ha scoperto solo dopo la morte.<\/mark><\/p>\n<h3><em>L&#8217;associazione e un concorso per ricordare Nicco<\/em><\/h3>\n<p>Quando mor\u00ec i suoi compagni scrissero una <strong>lettera<\/strong> per ricordare le sue battaglie e le sue conquiste, l&#8217;impegno politico e gli interesse che sfociavano sempre nell&#8217;amore potente per la filosofia e la letteratura. E <a href=\"https:\/\/www.facebook.com\/notes\/1308372059505541\/\" target=\"_blank\" rel=\"noopener\">condivisero questo ricordo<\/a> con tutti, firmandosi &#8220;<strong>Gli amici di Nicco<\/strong>&#8220;. La carica emotiva per\u00f2 non fin\u00ec l\u00ec, ma si trasform\u00f2 in qualcosa nato per durare, crescere, per portare il nome di Nicco attraverso gli anni e per rendere omaggio alle sue passioni. <mark>Nacque dunque un&#8217;<a href=\"http:\/\/www.amicidinicco.it\/chi-siamo\/\" target=\"_blank\" rel=\"noopener\">associazione<\/a> con questo nome.<\/mark><\/p>\n<p>La <strong>poesia<\/strong> continua ad essere cuore dell&#8217;attivit\u00e0 dell&#8217;associazione, tanto da organizzare un <strong>concorso<\/strong> rivolto a giovani talenti. Nicol\u00f2 infatti scrisse tantissimi versi: inizi\u00f2 nel 2018, due anni prima di morire, quasi per gioco, poi un suo insegnante lo invit\u00f2 a proseguire. La tragedia non ferm\u00f2 il suo sogno e <mark>nel gennaio 2021 la casa editrice Capire Edizioni ha pubblicato la sua raccolta\u00a0 <a href=\"https:\/\/cartacantaeditore.it\/libri\/come-chi-vede-la-luce-in-quel-momento\/\" target=\"_blank\" rel=\"noopener\">\u201cCome chi vede la luce in quel momento\u201d<\/a> a cura di Davide Rondoni e con la prefazione di Daniele Mencarelli.<\/mark><\/p>\n<p>Il concorso di poesie diventa quindi punto di incontro di passioni, di ricordi e di speranze. Arrivato alla <a href=\"http:\/\/www.amicidinicco.it\/concorso\/\" target=\"_blank\" rel=\"noopener\">sua seconda edizione<\/a>, l&#8217;evento vede <mark><\/mark>la partecipazione centinaia di giovani, anche coetani di Nicco che con lui hanno in comune tanto e che da lui trovano ispirazione.<\/p>\n<figure id=\"post-261197 media-261197\" class=\"align-none\"><img decoding=\"async\" src=\"https:\/\/www.intoscana.it\/wp-content\/uploads\/Niccolo\u0300-Bizzarri-con-gli-amici.jpeg\" alt=\"\" \/><\/figure>\n<h3><em>Una delle poesie di Niccol\u00f2<\/em><\/h3>\n<p><i>Nelle stelle di ieri ho visto<br \/>\nil rinnovarsi del destino dei passanti<br \/>\nnella musica dell\u2019eterno.<br \/>\nHo visto la rinascita del mio cuore<br \/>\nnelle vibrazioni di un\u2019altra esistenza.<br \/>\nCon il sole di domani vedro\u0300<br \/>\ntutto quel mondo che non ho certo cercato,<br \/>\nassorto in inutili pensieri.<br \/>\nNel mattino torno a vivere<br \/>\nper la grandezza di un altro giorno.<\/i><\/p>\n<p>(All&#8217;alba di un nuovo giorno, 4 dicembre 2019)<\/p>\n<h3>Il ricordo dell&#8217;Universit\u00e0 di Firenze<\/h3>\n<p>E questi versi sono stati incisi nella targa in memoria di Niccol\u00f2 che \u00e8 stata posta proprio nel cortile della sede della sua Facolt\u00e0, quella di Lettere, in piazza Brunelleschi.<\/p>\n<figure id=\"post-261252 media-261252\" class=\"align-none\"><img decoding=\"async\" src=\"https:\/\/www.intoscana.it\/wp-content\/uploads\/genitori_Niccolo_Bizzarri_Angelo-e-Carolina_rettrice_Petrucci_Zago_Bettini_Ungar_targa.jpg\" alt=\"\" \/><\/figure>\n<p>Alla cerimonia per ricordare il giovane studente &#8211; nel giorno dedicato alla disabilit\u00e0, il 2 dicembre &#8211;\u00a0 hanno partecipato la rettrice <strong>Alessandra Petrucci<\/strong>, la vicesindaca del Comune di Firenze, Alessia Bettini, e la famiglia di Niccol\u00f2. &#8220;In ricordo di Niccol\u00f2 Bizzarri &#8211; ha detto la rettrice &#8211;\u00a0 presente attraverso la voce dei suoi amici e della sua famiglia, la sua eredit\u00e0 parla la lingua della poesia, ma ci richiama anche ai nostri doveri\u201d.<\/p>\n","protected":false},"excerpt":{"rendered":"<p>Niccol\u00f2 Bizzarri mor\u00ec a causa di una tragica caduta. Oggi i suoi versi sono diventati un libro e i suoi cari hanno creato un&#8217;associazione e un concorso per giovani talenti<\/p>\n","protected":false},"author":545,"featured_media":261198,"comment_status":"open","ping_status":"open","sticky":false,"template":"","format":"standard","meta":{"_acf_changed":false,"footnotes":""},"categories":[4],"tags":[202],"class_list":["post-261177","post","type-post","status-publish","format-standard","has-post-thumbnail","hentry","category-storie","tag-firenze"],"acf":[],"yoast_head":"<!-- This site is optimized with the Yoast SEO Premium plugin v24.2 (Yoast SEO v25.6) - https:\/\/yoast.com\/wordpress\/plugins\/seo\/ -->\n<title>Nicco che vive nelle sue poesie: oltre la disabilit\u00e0, il dono di un ragazzo speciale - intoscana<\/title>\n<meta name=\"description\" content=\"Niccol\u00f2 Bizzarri mor\u00ec a causa di una tragica caduta. Oggi i suoi versi sono diventati un libro (con la prefazione di Riondino) e i suoi cari hanno creato un&#039;associazione e un concorso per giovani talenti\" \/>\n<meta name=\"robots\" content=\"index, follow, max-snippet:-1, max-image-preview:large, max-video-preview:-1\" \/>\n<link rel=\"canonical\" href=\"https:\/\/www.intoscana.it\/it\/nicco-che-vive-nelle-sue-poesie-oltre-la-disabilita-il-dono-di-un-ragazzo-speciale\/\" \/>\n<meta property=\"og:locale\" content=\"it_IT\" \/>\n<meta property=\"og:type\" content=\"article\" \/>\n<meta property=\"og:title\" content=\"Nicco che vive nelle sue poesie: oltre la disabilit\u00e0, il dono di un ragazzo speciale\" \/>\n<meta property=\"og:description\" content=\"Niccol\u00f2 Bizzarri mor\u00ec a causa di una tragica caduta. Oggi i suoi versi sono diventati un libro (con la prefazione di Riondino) e i suoi cari hanno creato un&#039;associazione e un concorso per giovani talenti\" \/>\n<meta property=\"og:url\" content=\"https:\/\/www.intoscana.it\/it\/nicco-che-vive-nelle-sue-poesie-oltre-la-disabilita-il-dono-di-un-ragazzo-speciale\/\" \/>\n<meta property=\"og:site_name\" content=\"intoscana\" \/>\n<meta property=\"article:publisher\" content=\"https:\/\/www.facebook.com\/intoscana.it\" \/>\n<meta property=\"article:published_time\" content=\"2022-12-02T13:06:38+00:00\" \/>\n<meta property=\"article:modified_time\" content=\"2022-12-02T18:43:12+00:00\" \/>\n<meta property=\"og:image\" content=\"https:\/\/www.intoscana.it\/wp-content\/uploads\/Niccolo\u0300-Bizzarri-e1669983329762.jpeg\" \/>\n\t<meta property=\"og:image:width\" content=\"1212\" \/>\n\t<meta property=\"og:image:height\" content=\"986\" \/>\n\t<meta property=\"og:image:type\" content=\"image\/jpeg\" \/>\n<meta name=\"author\" content=\"Clara D&#039;Acunto\" \/>\n<meta name=\"twitter:card\" content=\"summary_large_image\" \/>\n<meta name=\"twitter:creator\" content=\"@intoscana\" \/>\n<meta name=\"twitter:site\" content=\"@intoscana\" \/>\n<meta name=\"twitter:label1\" content=\"Written by\" \/>\n\t<meta name=\"twitter:data1\" content=\"Clara D&#039;Acunto\" \/>\n\t<meta name=\"twitter:label2\" content=\"Est. reading time\" \/>\n\t<meta name=\"twitter:data2\" content=\"3 minuti\" \/>\n<script type=\"application\/ld+json\" class=\"yoast-schema-graph\">{\"@context\":\"https:\/\/schema.org\",\"@graph\":[{\"@type\":\"WebPage\",\"@id\":\"https:\/\/www.intoscana.it\/it\/nicco-che-vive-nelle-sue-poesie-oltre-la-disabilita-il-dono-di-un-ragazzo-speciale\/\",\"url\":\"https:\/\/www.intoscana.it\/it\/nicco-che-vive-nelle-sue-poesie-oltre-la-disabilita-il-dono-di-un-ragazzo-speciale\/\",\"name\":\"Nicco che vive nelle sue poesie: oltre la disabilit\u00e0, il dono di un ragazzo speciale - intoscana\",\"isPartOf\":{\"@id\":\"https:\/\/www.intoscana.it\/it\/#website\"},\"primaryImageOfPage\":{\"@id\":\"https:\/\/www.intoscana.it\/it\/nicco-che-vive-nelle-sue-poesie-oltre-la-disabilita-il-dono-di-un-ragazzo-speciale\/#primaryimage\"},\"image\":{\"@id\":\"https:\/\/www.intoscana.it\/it\/nicco-che-vive-nelle-sue-poesie-oltre-la-disabilita-il-dono-di-un-ragazzo-speciale\/#primaryimage\"},\"thumbnailUrl\":\"https:\/\/www.intoscana.it\/wp-content\/uploads\/Niccolo\u0300-Bizzarri-e1669983329762.jpeg\",\"datePublished\":\"2022-12-02T13:06:38+00:00\",\"dateModified\":\"2022-12-02T18:43:12+00:00\",\"author\":{\"@id\":\"https:\/\/www.intoscana.it\/it\/#\/schema\/person\/137419af9ef5d385bde52864a841e6ce\"},\"description\":\"Niccol\u00f2 Bizzarri mor\u00ec a causa di una tragica caduta. Oggi i suoi versi sono diventati un libro (con la prefazione di Riondino) e i suoi cari hanno creato un'associazione e un concorso per giovani talenti\",\"breadcrumb\":{\"@id\":\"https:\/\/www.intoscana.it\/it\/nicco-che-vive-nelle-sue-poesie-oltre-la-disabilita-il-dono-di-un-ragazzo-speciale\/#breadcrumb\"},\"inLanguage\":\"it-IT\",\"potentialAction\":[{\"@type\":\"ReadAction\",\"target\":[\"https:\/\/www.intoscana.it\/it\/nicco-che-vive-nelle-sue-poesie-oltre-la-disabilita-il-dono-di-un-ragazzo-speciale\/\"]}]},{\"@type\":\"ImageObject\",\"inLanguage\":\"it-IT\",\"@id\":\"https:\/\/www.intoscana.it\/it\/nicco-che-vive-nelle-sue-poesie-oltre-la-disabilita-il-dono-di-un-ragazzo-speciale\/#primaryimage\",\"url\":\"https:\/\/www.intoscana.it\/wp-content\/uploads\/Niccolo\u0300-Bizzarri-e1669983329762.jpeg\",\"contentUrl\":\"https:\/\/www.intoscana.it\/wp-content\/uploads\/Niccolo\u0300-Bizzarri-e1669983329762.jpeg\",\"width\":1212,\"height\":986},{\"@type\":\"BreadcrumbList\",\"@id\":\"https:\/\/www.intoscana.it\/it\/nicco-che-vive-nelle-sue-poesie-oltre-la-disabilita-il-dono-di-un-ragazzo-speciale\/#breadcrumb\",\"itemListElement\":[{\"@type\":\"ListItem\",\"position\":1,\"name\":\"Home\",\"item\":\"https:\/\/www.intoscana.it\/it\/\"},{\"@type\":\"ListItem\",\"position\":2,\"name\":\"Nicco che vive nelle sue poesie: oltre la disabilit\u00e0, il dono di un ragazzo speciale\"}]},{\"@type\":\"WebSite\",\"@id\":\"https:\/\/www.intoscana.it\/it\/#website\",\"url\":\"https:\/\/www.intoscana.it\/it\/\",\"name\":\"intoscana\",\"description\":\"\",\"potentialAction\":[{\"@type\":\"SearchAction\",\"target\":{\"@type\":\"EntryPoint\",\"urlTemplate\":\"https:\/\/www.intoscana.it\/it\/?s={search_term_string}\"},\"query-input\":{\"@type\":\"PropertyValueSpecification\",\"valueRequired\":true,\"valueName\":\"search_term_string\"}}],\"inLanguage\":\"it-IT\"},{\"@type\":\"Person\",\"@id\":\"https:\/\/www.intoscana.it\/it\/#\/schema\/person\/137419af9ef5d385bde52864a841e6ce\",\"name\":\"Clara D'Acunto\",\"url\":\"https:\/\/www.intoscana.it\/it\/author\/clara-d_acunto\/\"}]}<\/script>\n<!-- \/ Yoast SEO Premium plugin. -->","yoast_head_json":{"title":"Nicco che vive nelle sue poesie: oltre la disabilit\u00e0, il dono di un ragazzo speciale - intoscana","description":"Niccol\u00f2 Bizzarri mor\u00ec a causa di una tragica caduta. Oggi i suoi versi sono diventati un libro (con la prefazione di Riondino) e i suoi cari hanno creato un'associazione e un concorso per giovani talenti","robots":{"index":"index","follow":"follow","max-snippet":"max-snippet:-1","max-image-preview":"max-image-preview:large","max-video-preview":"max-video-preview:-1"},"canonical":"https:\/\/www.intoscana.it\/it\/nicco-che-vive-nelle-sue-poesie-oltre-la-disabilita-il-dono-di-un-ragazzo-speciale\/","og_locale":"it_IT","og_type":"article","og_title":"Nicco che vive nelle sue poesie: oltre la disabilit\u00e0, il dono di un ragazzo speciale","og_description":"Niccol\u00f2 Bizzarri mor\u00ec a causa di una tragica caduta. Oggi i suoi versi sono diventati un libro (con la prefazione di Riondino) e i suoi cari hanno creato un'associazione e un concorso per giovani talenti","og_url":"https:\/\/www.intoscana.it\/it\/nicco-che-vive-nelle-sue-poesie-oltre-la-disabilita-il-dono-di-un-ragazzo-speciale\/","og_site_name":"intoscana","article_publisher":"https:\/\/www.facebook.com\/intoscana.it","article_published_time":"2022-12-02T13:06:38+00:00","article_modified_time":"2022-12-02T18:43:12+00:00","og_image":[{"width":1212,"height":986,"url":"https:\/\/www.intoscana.it\/wp-content\/uploads\/Niccolo\u0300-Bizzarri-e1669983329762.jpeg","type":"image\/jpeg"}],"author":"Clara D'Acunto","twitter_card":"summary_large_image","twitter_creator":"@intoscana","twitter_site":"@intoscana","twitter_misc":{"Written by":"Clara D'Acunto","Est. reading time":"3 minuti"},"schema":{"@context":"https:\/\/schema.org","@graph":[{"@type":"WebPage","@id":"https:\/\/www.intoscana.it\/it\/nicco-che-vive-nelle-sue-poesie-oltre-la-disabilita-il-dono-di-un-ragazzo-speciale\/","url":"https:\/\/www.intoscana.it\/it\/nicco-che-vive-nelle-sue-poesie-oltre-la-disabilita-il-dono-di-un-ragazzo-speciale\/","name":"Nicco che vive nelle sue poesie: oltre la disabilit\u00e0, il dono di un ragazzo speciale - intoscana","isPartOf":{"@id":"https:\/\/www.intoscana.it\/it\/#website"},"primaryImageOfPage":{"@id":"https:\/\/www.intoscana.it\/it\/nicco-che-vive-nelle-sue-poesie-oltre-la-disabilita-il-dono-di-un-ragazzo-speciale\/#primaryimage"},"image":{"@id":"https:\/\/www.intoscana.it\/it\/nicco-che-vive-nelle-sue-poesie-oltre-la-disabilita-il-dono-di-un-ragazzo-speciale\/#primaryimage"},"thumbnailUrl":"https:\/\/www.intoscana.it\/wp-content\/uploads\/Niccolo\u0300-Bizzarri-e1669983329762.jpeg","datePublished":"2022-12-02T13:06:38+00:00","dateModified":"2022-12-02T18:43:12+00:00","author":{"@id":"https:\/\/www.intoscana.it\/it\/#\/schema\/person\/137419af9ef5d385bde52864a841e6ce"},"description":"Niccol\u00f2 Bizzarri mor\u00ec a causa di una tragica caduta. Oggi i suoi versi sono diventati un libro (con la prefazione di Riondino) e i suoi cari hanno creato un'associazione e un concorso per giovani talenti","breadcrumb":{"@id":"https:\/\/www.intoscana.it\/it\/nicco-che-vive-nelle-sue-poesie-oltre-la-disabilita-il-dono-di-un-ragazzo-speciale\/#breadcrumb"},"inLanguage":"it-IT","potentialAction":[{"@type":"ReadAction","target":["https:\/\/www.intoscana.it\/it\/nicco-che-vive-nelle-sue-poesie-oltre-la-disabilita-il-dono-di-un-ragazzo-speciale\/"]}]},{"@type":"ImageObject","inLanguage":"it-IT","@id":"https:\/\/www.intoscana.it\/it\/nicco-che-vive-nelle-sue-poesie-oltre-la-disabilita-il-dono-di-un-ragazzo-speciale\/#primaryimage","url":"https:\/\/www.intoscana.it\/wp-content\/uploads\/Niccolo\u0300-Bizzarri-e1669983329762.jpeg","contentUrl":"https:\/\/www.intoscana.it\/wp-content\/uploads\/Niccolo\u0300-Bizzarri-e1669983329762.jpeg","width":1212,"height":986},{"@type":"BreadcrumbList","@id":"https:\/\/www.intoscana.it\/it\/nicco-che-vive-nelle-sue-poesie-oltre-la-disabilita-il-dono-di-un-ragazzo-speciale\/#breadcrumb","itemListElement":[{"@type":"ListItem","position":1,"name":"Home","item":"https:\/\/www.intoscana.it\/it\/"},{"@type":"ListItem","position":2,"name":"Nicco che vive nelle sue poesie: oltre la disabilit\u00e0, il dono di un ragazzo speciale"}]},{"@type":"WebSite","@id":"https:\/\/www.intoscana.it\/it\/#website","url":"https:\/\/www.intoscana.it\/it\/","name":"intoscana","description":"","potentialAction":[{"@type":"SearchAction","target":{"@type":"EntryPoint","urlTemplate":"https:\/\/www.intoscana.it\/it\/?s={search_term_string}"},"query-input":{"@type":"PropertyValueSpecification","valueRequired":true,"valueName":"search_term_string"}}],"inLanguage":"it-IT"},{"@type":"Person","@id":"https:\/\/www.intoscana.it\/it\/#\/schema\/person\/137419af9ef5d385bde52864a841e6ce","name":"Clara D'Acunto","url":"https:\/\/www.intoscana.it\/it\/author\/clara-d_acunto\/"}]}},"_links":{"self":[{"href":"https:\/\/www.intoscana.it\/it\/wp-json\/wp\/v2\/posts\/261177","targetHints":{"allow":["GET"]}}],"collection":[{"href":"https:\/\/www.intoscana.it\/it\/wp-json\/wp\/v2\/posts"}],"about":[{"href":"https:\/\/www.intoscana.it\/it\/wp-json\/wp\/v2\/types\/post"}],"author":[{"embeddable":true,"href":"https:\/\/www.intoscana.it\/it\/wp-json\/wp\/v2\/users\/545"}],"replies":[{"embeddable":true,"href":"https:\/\/www.intoscana.it\/it\/wp-json\/wp\/v2\/comments?post=261177"}],"version-history":[{"count":0,"href":"https:\/\/www.intoscana.it\/it\/wp-json\/wp\/v2\/posts\/261177\/revisions"}],"wp:featuredmedia":[{"embeddable":true,"href":"https:\/\/www.intoscana.it\/it\/wp-json\/wp\/v2\/media\/261198"}],"wp:attachment":[{"href":"https:\/\/www.intoscana.it\/it\/wp-json\/wp\/v2\/media?parent=261177"}],"wp:term":[{"taxonomy":"category","embeddable":true,"href":"https:\/\/www.intoscana.it\/it\/wp-json\/wp\/v2\/categories?post=261177"},{"taxonomy":"post_tag","embeddable":true,"href":"https:\/\/www.intoscana.it\/it\/wp-json\/wp\/v2\/tags?post=261177"}],"curies":[{"name":"wp","href":"https:\/\/api.w.org\/{rel}","templated":true}]}}