{"id":261258,"date":"2022-12-02T16:24:12","date_gmt":"2022-12-02T15:24:12","guid":{"rendered":"https:\/\/www.intoscana.it\/it\/?p=261258"},"modified":"2023-08-09T12:41:21","modified_gmt":"2023-08-09T10:41:21","slug":"la-toscana-diffusa-da-valorizzare-giani-la-rigenerazione-urbana-per-contrastare-lo-spopolamento","status":"publish","type":"post","link":"https:\/\/www.intoscana.it\/it\/la-toscana-diffusa-da-valorizzare-giani-la-rigenerazione-urbana-per-contrastare-lo-spopolamento\/","title":{"rendered":"La Toscana diffusa da valorizzare, Giani: &#8220;La rigenerazione urbana per contrastare lo spopolamento&#8221;"},"content":{"rendered":"<p>La rigenerazione urbana come strumento per valorizzare la <strong>Toscana diffusa<\/strong>, &#8220;riqualificare zone importanti e contribuendo a contrastare lo <strong>spopolamento<\/strong> delle porzioni di territorio interne e montane&#8221;, &#8220;dove esistono almeno 120.000 luoghi presidiati soltanto da una o due abitazioni\u201c. Il presidente della Regione, <strong>Eugenio Giani<\/strong>, sintetizza cos\u00ec la lunga <mark>mattinata di confronto e approfondimento &#8211; organizzato da Regione e Anci &#8211;\u00a0 al Parco dell\u2019Orecchiella nel Comune di San Romano in Garfagnana\u00a0 dedicata alla <a href=\"https:\/\/www.intoscana.it\/it\/articolo\/rigenerazione-urbana-convegno-2022\/\" target=\"_blank\" rel=\"noopener\">\u201cRigenerazione urbana nei Comuni di piccole e medie dimensioni\u201d.<\/a><\/mark><\/p>\n<p>\u201cSiamo di fronte \u2013 ha aggiunto il presidente \u2013 ad uno strumento importante di tipo urbanistico ed edilizio, che fortunatamente non soffre degli impaludamenti di altre misure e che si mostra quindi pi\u00f9 flessibile e pi\u00f9 un grado di raccogliere o catalizzare finanziamenti. Quindi <mark>invito senz\u2019altro a sviluppare i master plan di rigenerazione urbana, che hanno le maggiori possibilit\u00e0 di essere finanziati. Ed invito le amministrazioni comunali a muoversi in questa direzione<\/mark> perch\u00e9 abbiamo sempre maggiore necessit\u00e0 di promuovere la qualit\u00e0 ambientale dei luoghi. E aggiungo che la Toscana intende legittimarsi, grazie agli straordinari luoghi di cui dispone e alla sua sensibilit\u00e0 su questa materia, come un punto di riferimento per tutta Italia in materia di rigenerazione urbana\u201d.<\/p>\n<h3><em>Rigenerazione urbana strumento per i piccoli comuni<\/em><\/h3>\n<p>La Toscana, ha ricordato <strong>Stefano Baccelli<\/strong>, assessore regionale ai trasporti, urbanistica e territorio, si \u00e8 dotata di una di una legge, la 65 del 2014, che ha l\u2019obiettivo di non sprecare suolo, &#8220;da perseguire attraverso l\u2019affermazione di un altro valore, quello della rigenerazione urbana, della riqualificazione. <mark>I comuni toscani si sono dimostrati attivi rispetto all&#8217;applicazione della legge, adottando e approvando la pianificazione prevista.<\/mark> Per\u00f2 affinch\u00e9 questi obiettivi non restino soltanto sulla carta, occorrono risorse economiche per consentire ai comuni di fare rigenerazione in modo concreto&#8221;.<\/p>\n<p>Allarga lo sguardo alla &#8220;rigenerazione territoriale&#8221; l\u2019assessore regionale alle infrastrutture informatiche e alla digitalizzazione, <strong>Stefano Ciuoffo<\/strong>, che ha puntualizzato come\u00a0come le grandi aziende delle <strong>telecomunicazioni<\/strong> non si preoccupano di garantire i collegamenti informatici in quelle aree che non garantiscono una adeguata remunerazione in fatto di numero di cittadini residenti. <mark>\u201c\u00c8 in casi come questi, e sono tanti, che interviene la Regione con finanziamenti propri e attingendo a fondi nazionali ed europei, per garantire la copertura nelle aree cosiddette bianche\u201d, ha detto Ciuoffo. \u201cEd entro il 2026 contiamo di raggiungere e di connettere compiutamente tutte quelle definite grige,<\/mark> dove il segnale arriva, ma non \u00e8 di una qualit\u00e0 sufficiente.\u00a0 E\u2019 necessario connettere alla rete anche quel 20% di studenti toscani che durante la pandemia non ha avuto modo di usufruire della didattica a distanza per inesistenti o insufficienti collegamenti\u201d.<\/p>\n<p>Di qualit\u00e0 della vita e di miglioramento delle condizioni sociali ha parlato l&#8217;assessora regionale alle politiche sociali <strong>Serena Spinelli<\/strong>. Intervenire, ha detto, significa \u201cdare nuove opportunit\u00e0 e prospettive di residenza e di turismo di qualit\u00e0, in maniera diffusa su tutta la regione. \u00c8 fondamentale per questo che <mark>le azioni di rigenerazione urbana, sia attraverso la riqualificazione degli spazi, che con la creazione di servizi tendano a favorire le relazioni, la vita di comunit\u00e0, la coesione sociale.<\/mark> Una comunit\u00e0 coesa e che si sostiene \u00e8 infatti una comunit\u00e0 che garantisce pi\u00f9 opportunit\u00e0 per tutti e tutte\u201d.<\/p>\n<p>&nbsp;<\/p>\n","protected":false},"excerpt":{"rendered":"<p>Il convegno organizzato dalla Regione al Parco dell\u2019Orecchiella in Garfagnana per fare il punto sugli interventi in atto e quelli futuri. Hanno partecipato anche gli assessori Spinelli, Baccelli e Ciuoffo<\/p>\n","protected":false},"author":525,"featured_media":261268,"comment_status":"open","ping_status":"open","sticky":false,"template":"","format":"standard","meta":{"_acf_changed":false,"footnotes":""},"categories":[19],"tags":[158,5290,4822,4818,5145,6642],"class_list":["post-261258","post","type-post","status-publish","format-standard","has-post-thumbnail","hentry","category-ambiente","tag-eugenio-giani","tag-rigenerazione-urbana","tag-serena-spinelli","tag-stefano-baccelli","tag-stefano-ciuoffo","tag-toscana-diffusa"],"acf":[],"yoast_head":"<!-- This site is optimized with the Yoast SEO Premium plugin v24.2 (Yoast SEO v25.6) - https:\/\/yoast.com\/wordpress\/plugins\/seo\/ -->\n<title>La Toscana diffusa da valorizzare, Giani: &quot;La rigenerazione urbana per contrastare lo spopolamento&quot; - intoscana<\/title>\n<meta name=\"description\" content=\"Il convegno organizzato dalla Regione al Parco dell\u2019Orecchiella in Garfagnana per fare il punto sugli interventi in atto e quelli futuri. Hanno partecipato anche gli assessori Spinelli, Baccelli e Ciuoffo\" \/>\n<meta name=\"robots\" content=\"index, follow, max-snippet:-1, max-image-preview:large, max-video-preview:-1\" \/>\n<link rel=\"canonical\" href=\"https:\/\/www.intoscana.it\/it\/la-toscana-diffusa-da-valorizzare-giani-la-rigenerazione-urbana-per-contrastare-lo-spopolamento\/\" \/>\n<meta property=\"og:locale\" content=\"it_IT\" \/>\n<meta property=\"og:type\" content=\"article\" \/>\n<meta property=\"og:title\" content=\"La Toscana diffusa da valorizzare, Giani: &quot;La rigenerazione urbana per contrastare lo spopolamento&quot;\" \/>\n<meta property=\"og:description\" content=\"Il convegno organizzato dalla Regione al Parco dell\u2019Orecchiella in Garfagnana per fare il punto sugli interventi in atto e quelli futuri. Hanno partecipato anche gli assessori Spinelli, Baccelli e Ciuoffo\" \/>\n<meta property=\"og:url\" content=\"https:\/\/www.intoscana.it\/it\/la-toscana-diffusa-da-valorizzare-giani-la-rigenerazione-urbana-per-contrastare-lo-spopolamento\/\" \/>\n<meta property=\"og:site_name\" content=\"intoscana\" \/>\n<meta property=\"article:publisher\" content=\"https:\/\/www.facebook.com\/intoscana.it\" \/>\n<meta property=\"article:published_time\" content=\"2022-12-02T15:24:12+00:00\" \/>\n<meta property=\"article:modified_time\" content=\"2023-08-09T10:41:21+00:00\" \/>\n<meta property=\"og:image\" content=\"https:\/\/www.intoscana.it\/wp-content\/uploads\/Giani-Rigenerazione-urbana.jpeg\" \/>\n\t<meta property=\"og:image:width\" content=\"2048\" \/>\n\t<meta property=\"og:image:height\" content=\"1536\" \/>\n\t<meta property=\"og:image:type\" content=\"image\/jpeg\" \/>\n<meta name=\"author\" content=\"Redazione\" \/>\n<meta name=\"twitter:card\" content=\"summary_large_image\" \/>\n<meta name=\"twitter:creator\" content=\"@intoscana\" \/>\n<meta name=\"twitter:site\" content=\"@intoscana\" \/>\n<meta name=\"twitter:label1\" content=\"Written by\" \/>\n\t<meta name=\"twitter:data1\" content=\"Redazione\" \/>\n\t<meta name=\"twitter:label2\" content=\"Est. reading time\" \/>\n\t<meta name=\"twitter:data2\" content=\"3 minuti\" \/>\n<script type=\"application\/ld+json\" class=\"yoast-schema-graph\">{\"@context\":\"https:\/\/schema.org\",\"@graph\":[{\"@type\":\"WebPage\",\"@id\":\"https:\/\/www.intoscana.it\/it\/la-toscana-diffusa-da-valorizzare-giani-la-rigenerazione-urbana-per-contrastare-lo-spopolamento\/\",\"url\":\"https:\/\/www.intoscana.it\/it\/la-toscana-diffusa-da-valorizzare-giani-la-rigenerazione-urbana-per-contrastare-lo-spopolamento\/\",\"name\":\"La Toscana diffusa da valorizzare, Giani: \\\"La rigenerazione urbana per contrastare lo spopolamento\\\" - intoscana\",\"isPartOf\":{\"@id\":\"https:\/\/www.intoscana.it\/it\/#website\"},\"primaryImageOfPage\":{\"@id\":\"https:\/\/www.intoscana.it\/it\/la-toscana-diffusa-da-valorizzare-giani-la-rigenerazione-urbana-per-contrastare-lo-spopolamento\/#primaryimage\"},\"image\":{\"@id\":\"https:\/\/www.intoscana.it\/it\/la-toscana-diffusa-da-valorizzare-giani-la-rigenerazione-urbana-per-contrastare-lo-spopolamento\/#primaryimage\"},\"thumbnailUrl\":\"https:\/\/www.intoscana.it\/wp-content\/uploads\/Giani-Rigenerazione-urbana.jpeg\",\"datePublished\":\"2022-12-02T15:24:12+00:00\",\"dateModified\":\"2023-08-09T10:41:21+00:00\",\"author\":{\"@id\":\"https:\/\/www.intoscana.it\/it\/#\/schema\/person\/9223810753230f20bd670fdd322661f8\"},\"description\":\"Il convegno organizzato dalla Regione al Parco dell\u2019Orecchiella in Garfagnana per fare il punto sugli interventi in atto e quelli futuri. Hanno partecipato anche gli assessori Spinelli, Baccelli e Ciuoffo\",\"breadcrumb\":{\"@id\":\"https:\/\/www.intoscana.it\/it\/la-toscana-diffusa-da-valorizzare-giani-la-rigenerazione-urbana-per-contrastare-lo-spopolamento\/#breadcrumb\"},\"inLanguage\":\"it-IT\",\"potentialAction\":[{\"@type\":\"ReadAction\",\"target\":[\"https:\/\/www.intoscana.it\/it\/la-toscana-diffusa-da-valorizzare-giani-la-rigenerazione-urbana-per-contrastare-lo-spopolamento\/\"]}]},{\"@type\":\"ImageObject\",\"inLanguage\":\"it-IT\",\"@id\":\"https:\/\/www.intoscana.it\/it\/la-toscana-diffusa-da-valorizzare-giani-la-rigenerazione-urbana-per-contrastare-lo-spopolamento\/#primaryimage\",\"url\":\"https:\/\/www.intoscana.it\/wp-content\/uploads\/Giani-Rigenerazione-urbana.jpeg\",\"contentUrl\":\"https:\/\/www.intoscana.it\/wp-content\/uploads\/Giani-Rigenerazione-urbana.jpeg\",\"width\":2048,\"height\":1536},{\"@type\":\"BreadcrumbList\",\"@id\":\"https:\/\/www.intoscana.it\/it\/la-toscana-diffusa-da-valorizzare-giani-la-rigenerazione-urbana-per-contrastare-lo-spopolamento\/#breadcrumb\",\"itemListElement\":[{\"@type\":\"ListItem\",\"position\":1,\"name\":\"Home\",\"item\":\"https:\/\/www.intoscana.it\/it\/\"},{\"@type\":\"ListItem\",\"position\":2,\"name\":\"La Toscana diffusa da valorizzare, Giani: &#8220;La rigenerazione urbana per contrastare lo spopolamento&#8221;\"}]},{\"@type\":\"WebSite\",\"@id\":\"https:\/\/www.intoscana.it\/it\/#website\",\"url\":\"https:\/\/www.intoscana.it\/it\/\",\"name\":\"intoscana\",\"description\":\"\",\"potentialAction\":[{\"@type\":\"SearchAction\",\"target\":{\"@type\":\"EntryPoint\",\"urlTemplate\":\"https:\/\/www.intoscana.it\/it\/?s={search_term_string}\"},\"query-input\":{\"@type\":\"PropertyValueSpecification\",\"valueRequired\":true,\"valueName\":\"search_term_string\"}}],\"inLanguage\":\"it-IT\"},{\"@type\":\"Person\",\"@id\":\"https:\/\/www.intoscana.it\/it\/#\/schema\/person\/9223810753230f20bd670fdd322661f8\",\"name\":\"Redazione\",\"url\":\"https:\/\/www.intoscana.it\/it\/author\/redazione\/\"}]}<\/script>\n<!-- \/ Yoast SEO Premium plugin. -->","yoast_head_json":{"title":"La Toscana diffusa da valorizzare, Giani: \"La rigenerazione urbana per contrastare lo spopolamento\" - intoscana","description":"Il convegno organizzato dalla Regione al Parco dell\u2019Orecchiella in Garfagnana per fare il punto sugli interventi in atto e quelli futuri. Hanno partecipato anche gli assessori Spinelli, Baccelli e Ciuoffo","robots":{"index":"index","follow":"follow","max-snippet":"max-snippet:-1","max-image-preview":"max-image-preview:large","max-video-preview":"max-video-preview:-1"},"canonical":"https:\/\/www.intoscana.it\/it\/la-toscana-diffusa-da-valorizzare-giani-la-rigenerazione-urbana-per-contrastare-lo-spopolamento\/","og_locale":"it_IT","og_type":"article","og_title":"La Toscana diffusa da valorizzare, Giani: \"La rigenerazione urbana per contrastare lo spopolamento\"","og_description":"Il convegno organizzato dalla Regione al Parco dell\u2019Orecchiella in Garfagnana per fare il punto sugli interventi in atto e quelli futuri. Hanno partecipato anche gli assessori Spinelli, Baccelli e Ciuoffo","og_url":"https:\/\/www.intoscana.it\/it\/la-toscana-diffusa-da-valorizzare-giani-la-rigenerazione-urbana-per-contrastare-lo-spopolamento\/","og_site_name":"intoscana","article_publisher":"https:\/\/www.facebook.com\/intoscana.it","article_published_time":"2022-12-02T15:24:12+00:00","article_modified_time":"2023-08-09T10:41:21+00:00","og_image":[{"width":2048,"height":1536,"url":"https:\/\/www.intoscana.it\/wp-content\/uploads\/Giani-Rigenerazione-urbana.jpeg","type":"image\/jpeg"}],"author":"Redazione","twitter_card":"summary_large_image","twitter_creator":"@intoscana","twitter_site":"@intoscana","twitter_misc":{"Written by":"Redazione","Est. reading time":"3 minuti"},"schema":{"@context":"https:\/\/schema.org","@graph":[{"@type":"WebPage","@id":"https:\/\/www.intoscana.it\/it\/la-toscana-diffusa-da-valorizzare-giani-la-rigenerazione-urbana-per-contrastare-lo-spopolamento\/","url":"https:\/\/www.intoscana.it\/it\/la-toscana-diffusa-da-valorizzare-giani-la-rigenerazione-urbana-per-contrastare-lo-spopolamento\/","name":"La Toscana diffusa da valorizzare, Giani: \"La rigenerazione urbana per contrastare lo spopolamento\" - intoscana","isPartOf":{"@id":"https:\/\/www.intoscana.it\/it\/#website"},"primaryImageOfPage":{"@id":"https:\/\/www.intoscana.it\/it\/la-toscana-diffusa-da-valorizzare-giani-la-rigenerazione-urbana-per-contrastare-lo-spopolamento\/#primaryimage"},"image":{"@id":"https:\/\/www.intoscana.it\/it\/la-toscana-diffusa-da-valorizzare-giani-la-rigenerazione-urbana-per-contrastare-lo-spopolamento\/#primaryimage"},"thumbnailUrl":"https:\/\/www.intoscana.it\/wp-content\/uploads\/Giani-Rigenerazione-urbana.jpeg","datePublished":"2022-12-02T15:24:12+00:00","dateModified":"2023-08-09T10:41:21+00:00","author":{"@id":"https:\/\/www.intoscana.it\/it\/#\/schema\/person\/9223810753230f20bd670fdd322661f8"},"description":"Il convegno organizzato dalla Regione al Parco dell\u2019Orecchiella in Garfagnana per fare il punto sugli interventi in atto e quelli futuri. Hanno partecipato anche gli assessori Spinelli, Baccelli e Ciuoffo","breadcrumb":{"@id":"https:\/\/www.intoscana.it\/it\/la-toscana-diffusa-da-valorizzare-giani-la-rigenerazione-urbana-per-contrastare-lo-spopolamento\/#breadcrumb"},"inLanguage":"it-IT","potentialAction":[{"@type":"ReadAction","target":["https:\/\/www.intoscana.it\/it\/la-toscana-diffusa-da-valorizzare-giani-la-rigenerazione-urbana-per-contrastare-lo-spopolamento\/"]}]},{"@type":"ImageObject","inLanguage":"it-IT","@id":"https:\/\/www.intoscana.it\/it\/la-toscana-diffusa-da-valorizzare-giani-la-rigenerazione-urbana-per-contrastare-lo-spopolamento\/#primaryimage","url":"https:\/\/www.intoscana.it\/wp-content\/uploads\/Giani-Rigenerazione-urbana.jpeg","contentUrl":"https:\/\/www.intoscana.it\/wp-content\/uploads\/Giani-Rigenerazione-urbana.jpeg","width":2048,"height":1536},{"@type":"BreadcrumbList","@id":"https:\/\/www.intoscana.it\/it\/la-toscana-diffusa-da-valorizzare-giani-la-rigenerazione-urbana-per-contrastare-lo-spopolamento\/#breadcrumb","itemListElement":[{"@type":"ListItem","position":1,"name":"Home","item":"https:\/\/www.intoscana.it\/it\/"},{"@type":"ListItem","position":2,"name":"La Toscana diffusa da valorizzare, Giani: &#8220;La rigenerazione urbana per contrastare lo spopolamento&#8221;"}]},{"@type":"WebSite","@id":"https:\/\/www.intoscana.it\/it\/#website","url":"https:\/\/www.intoscana.it\/it\/","name":"intoscana","description":"","potentialAction":[{"@type":"SearchAction","target":{"@type":"EntryPoint","urlTemplate":"https:\/\/www.intoscana.it\/it\/?s={search_term_string}"},"query-input":{"@type":"PropertyValueSpecification","valueRequired":true,"valueName":"search_term_string"}}],"inLanguage":"it-IT"},{"@type":"Person","@id":"https:\/\/www.intoscana.it\/it\/#\/schema\/person\/9223810753230f20bd670fdd322661f8","name":"Redazione","url":"https:\/\/www.intoscana.it\/it\/author\/redazione\/"}]}},"_links":{"self":[{"href":"https:\/\/www.intoscana.it\/it\/wp-json\/wp\/v2\/posts\/261258","targetHints":{"allow":["GET"]}}],"collection":[{"href":"https:\/\/www.intoscana.it\/it\/wp-json\/wp\/v2\/posts"}],"about":[{"href":"https:\/\/www.intoscana.it\/it\/wp-json\/wp\/v2\/types\/post"}],"author":[{"embeddable":true,"href":"https:\/\/www.intoscana.it\/it\/wp-json\/wp\/v2\/users\/525"}],"replies":[{"embeddable":true,"href":"https:\/\/www.intoscana.it\/it\/wp-json\/wp\/v2\/comments?post=261258"}],"version-history":[{"count":0,"href":"https:\/\/www.intoscana.it\/it\/wp-json\/wp\/v2\/posts\/261258\/revisions"}],"wp:featuredmedia":[{"embeddable":true,"href":"https:\/\/www.intoscana.it\/it\/wp-json\/wp\/v2\/media\/261268"}],"wp:attachment":[{"href":"https:\/\/www.intoscana.it\/it\/wp-json\/wp\/v2\/media?parent=261258"}],"wp:term":[{"taxonomy":"category","embeddable":true,"href":"https:\/\/www.intoscana.it\/it\/wp-json\/wp\/v2\/categories?post=261258"},{"taxonomy":"post_tag","embeddable":true,"href":"https:\/\/www.intoscana.it\/it\/wp-json\/wp\/v2\/tags?post=261258"}],"curies":[{"name":"wp","href":"https:\/\/api.w.org\/{rel}","templated":true}]}}