{"id":261296,"date":"2022-12-02T17:10:53","date_gmt":"2022-12-02T16:10:53","guid":{"rendered":"https:\/\/www.intoscana.it\/it\/?p=261296"},"modified":"2022-12-02T17:16:09","modified_gmt":"2022-12-02T16:16:09","slug":"orbetello-presto-una-legge-regionale-per-la-gestione-della-laguna","status":"publish","type":"post","link":"https:\/\/www.intoscana.it\/it\/orbetello-presto-una-legge-regionale-per-la-gestione-della-laguna\/","title":{"rendered":"Orbetello, presto una legge regionale per la gestione della laguna"},"content":{"rendered":"<div class=\"rt-page__content rt-page-content--left\">\n<div class=\"rt-page__content-text\">\n<p>Accordo tra <strong>Regione Toscana e Comune di Orbetello<\/strong> per definire un percorso finalizzato a garantire &#8220;<em>il corretto proseguimento delle attivit\u00e0 di gestione della Laguna di Orbetello&#8221;. <\/em>L&#8217;obiettivo \u00e8 di<em> &#8220;assicurare continuit\u00e0 amministrativa e adeguato sostegno finanziario<\/em>&#8220;.<\/p>\n<p>Entro il 31 dicembre sar\u00e0 stipulato un accordo per assegnare <mark>alla Regione per il 2023 il ruolo di soggetto attuatore<\/mark>. Si avvier\u00e0 inoltre un lavoro utile a definire una legge che r<strong>iordini le competenze<\/strong> per consentire al Comune di assumere, a partire dal primo gennaio 2024, un ruolo di &#8220;<em>maggiore rilievo e responsabilit\u00e0<\/em>&#8220;.<\/p>\n<figure id=\"post-201564 media-201564\" class=\"align-none\"><img decoding=\"async\" src=\"https:\/\/www.intoscana.it\/wp-content\/uploads\/Lassessora-Monia-Monni.jpeg\" alt=\"\" \/><\/figure>\n<div class=\"titleimg\">L\u2019assessora Monia Monni<\/div>\n<p>&#8220;<em>L&#8217;incontro<\/em> &#8211; dichiara l&#8217;assessora regionale all&#8217;ambiente <strong>Monia Monni<\/strong> &#8211; <em>si \u00e8 svolto in un clima estremamente costruttivo che \u00e8 partito dal riconoscimento del prezioso lavoro che la Regione Toscana sta conducendo nell&#8217;ambito della gestione della laguna, area di estremo pregio. Un nuovo accordo per il 2023 ci consente di completare il processo di transizione delle competenze al Comune di Orbetello: dovr\u00e0 poi sostanziarsi in una legge regionale che definisca un quadro di competenze ordinarie a partire dal 1 gennaio 2024<\/em>&#8220;.<\/p>\n<p>La Regione Toscana anche per il 2023 ha garantito <strong>oltre 1 milione di euro<\/strong> per le attivit\u00e0 connesse alla <strong>gestione della laguna<\/strong> e la legge servir\u00e0 anche a dare continuit\u00e0 ai finanziamenti. &#8220;<em>Regione e Comune<\/em> &#8211; aggiunge Monni &#8211; <em>sono altres\u00ec convinti che debba quanto prima sostanziarsi anche un ruolo del Governo nazionale per consolidare la tutela naturalistica ed il prestigio della Laguna. Voglio ringraziare il sindaco Casamenti per la disponibilit\u00e0 ad assumere come Comune le responsabilit\u00e0 necessarie, che comunque vedranno sempre il supporto operativo e finanziario della Regione e il coinvolgimento gestionale del Consorzio di Bonifica<\/em>&#8220;.<\/p>\n<p>&#8220;<em>Come amministrazione comunale<\/em> &#8211; ha aggiunto il sindaco di Orbetello <strong>Andrea Casamenti<\/strong> &#8211; <em>siamo molto soddisfatti che sia stata accolta dalla Regione Toscana la nostra proposta di rimanere per il 2023 soggetto attuatore. Questo ci permetter\u00e0 di lavorare per preparare al meglio i successivi passaggi, nei quali il Comune di Orbetello andr\u00e0 assumendo maggiori responsabilit\u00e0. Nel frattempo lavoreremo anche con i parlamentari per coinvolgere finalmente anche il Governo<\/em>&#8220;.<\/p>\n<\/div>\n<\/div>\n","protected":false},"excerpt":{"rendered":"<p>Accordo ponte: la Regione proseguir\u00e0 l&#8217;attivit\u00e0 per il 2023 nell&#8217;attesa del passaggio di competenze al comune grossetano<\/p>\n","protected":false},"author":525,"featured_media":75956,"comment_status":"open","ping_status":"open","sticky":false,"template":"","format":"standard","meta":{"_acf_changed":false,"footnotes":""},"categories":[19],"tags":[5232,4814],"class_list":["post-261296","post","type-post","status-publish","format-standard","has-post-thumbnail","hentry","category-ambiente","tag-monia-monni","tag-orbetello"],"acf":[],"yoast_head":"<!-- This site is optimized with the Yoast SEO Premium plugin v24.2 (Yoast SEO v25.6) - https:\/\/yoast.com\/wordpress\/plugins\/seo\/ -->\n<title>Orbetello, presto legge regionale per la gestione della laguna - intoscana<\/title>\n<meta name=\"description\" content=\"Accordo ponte: la Regione proseguir\u00e0 l&#039;attivit\u00e0 per il 2023 nell&#039;attesa del passaggio di competenze al comune grossetano\" \/>\n<meta name=\"robots\" content=\"index, follow, max-snippet:-1, max-image-preview:large, max-video-preview:-1\" \/>\n<link rel=\"canonical\" href=\"https:\/\/www.intoscana.it\/it\/orbetello-presto-una-legge-regionale-per-la-gestione-della-laguna\/\" \/>\n<meta property=\"og:locale\" content=\"it_IT\" \/>\n<meta property=\"og:type\" content=\"article\" \/>\n<meta property=\"og:title\" content=\"Orbetello, presto una legge regionale per la gestione della laguna\" \/>\n<meta property=\"og:description\" content=\"Accordo ponte: la Regione proseguir\u00e0 l&#039;attivit\u00e0 per il 2023 nell&#039;attesa del passaggio di competenze al comune grossetano\" \/>\n<meta property=\"og:url\" content=\"https:\/\/www.intoscana.it\/it\/orbetello-presto-una-legge-regionale-per-la-gestione-della-laguna\/\" \/>\n<meta property=\"og:site_name\" content=\"intoscana\" \/>\n<meta property=\"article:publisher\" content=\"https:\/\/www.facebook.com\/intoscana.it\" \/>\n<meta property=\"article:published_time\" content=\"2022-12-02T16:10:53+00:00\" \/>\n<meta property=\"article:modified_time\" content=\"2022-12-02T16:16:09+00:00\" \/>\n<meta property=\"og:image\" content=\"https:\/\/www.intoscana.it\/wp-content\/uploads\/Orbetello-mulino-barca-laguna-2365.jpg\" \/>\n\t<meta property=\"og:image:width\" content=\"768\" \/>\n\t<meta property=\"og:image:height\" content=\"511\" \/>\n\t<meta property=\"og:image:type\" content=\"image\/jpeg\" \/>\n<meta name=\"author\" content=\"Redazione\" \/>\n<meta name=\"twitter:card\" content=\"summary_large_image\" \/>\n<meta name=\"twitter:creator\" content=\"@intoscana\" \/>\n<meta name=\"twitter:site\" content=\"@intoscana\" \/>\n<meta name=\"twitter:label1\" content=\"Written by\" \/>\n\t<meta name=\"twitter:data1\" content=\"Redazione\" \/>\n\t<meta name=\"twitter:label2\" content=\"Est. reading time\" \/>\n\t<meta name=\"twitter:data2\" content=\"2 minuti\" \/>\n<script type=\"application\/ld+json\" class=\"yoast-schema-graph\">{\"@context\":\"https:\/\/schema.org\",\"@graph\":[{\"@type\":\"WebPage\",\"@id\":\"https:\/\/www.intoscana.it\/it\/orbetello-presto-una-legge-regionale-per-la-gestione-della-laguna\/\",\"url\":\"https:\/\/www.intoscana.it\/it\/orbetello-presto-una-legge-regionale-per-la-gestione-della-laguna\/\",\"name\":\"Orbetello, presto legge regionale per la gestione della laguna - intoscana\",\"isPartOf\":{\"@id\":\"https:\/\/www.intoscana.it\/it\/#website\"},\"primaryImageOfPage\":{\"@id\":\"https:\/\/www.intoscana.it\/it\/orbetello-presto-una-legge-regionale-per-la-gestione-della-laguna\/#primaryimage\"},\"image\":{\"@id\":\"https:\/\/www.intoscana.it\/it\/orbetello-presto-una-legge-regionale-per-la-gestione-della-laguna\/#primaryimage\"},\"thumbnailUrl\":\"https:\/\/www.intoscana.it\/wp-content\/uploads\/Orbetello-mulino-barca-laguna-2365.jpg\",\"datePublished\":\"2022-12-02T16:10:53+00:00\",\"dateModified\":\"2022-12-02T16:16:09+00:00\",\"author\":{\"@id\":\"https:\/\/www.intoscana.it\/it\/#\/schema\/person\/9223810753230f20bd670fdd322661f8\"},\"description\":\"Accordo ponte: la Regione proseguir\u00e0 l'attivit\u00e0 per il 2023 nell'attesa del passaggio di competenze al comune grossetano\",\"breadcrumb\":{\"@id\":\"https:\/\/www.intoscana.it\/it\/orbetello-presto-una-legge-regionale-per-la-gestione-della-laguna\/#breadcrumb\"},\"inLanguage\":\"it-IT\",\"potentialAction\":[{\"@type\":\"ReadAction\",\"target\":[\"https:\/\/www.intoscana.it\/it\/orbetello-presto-una-legge-regionale-per-la-gestione-della-laguna\/\"]}]},{\"@type\":\"ImageObject\",\"inLanguage\":\"it-IT\",\"@id\":\"https:\/\/www.intoscana.it\/it\/orbetello-presto-una-legge-regionale-per-la-gestione-della-laguna\/#primaryimage\",\"url\":\"https:\/\/www.intoscana.it\/wp-content\/uploads\/Orbetello-mulino-barca-laguna-2365.jpg\",\"contentUrl\":\"https:\/\/www.intoscana.it\/wp-content\/uploads\/Orbetello-mulino-barca-laguna-2365.jpg\",\"width\":768,\"height\":511,\"caption\":\"La laguna di Orbetello\"},{\"@type\":\"BreadcrumbList\",\"@id\":\"https:\/\/www.intoscana.it\/it\/orbetello-presto-una-legge-regionale-per-la-gestione-della-laguna\/#breadcrumb\",\"itemListElement\":[{\"@type\":\"ListItem\",\"position\":1,\"name\":\"Home\",\"item\":\"https:\/\/www.intoscana.it\/it\/\"},{\"@type\":\"ListItem\",\"position\":2,\"name\":\"Orbetello, presto una legge regionale per la gestione della laguna\"}]},{\"@type\":\"WebSite\",\"@id\":\"https:\/\/www.intoscana.it\/it\/#website\",\"url\":\"https:\/\/www.intoscana.it\/it\/\",\"name\":\"intoscana\",\"description\":\"\",\"potentialAction\":[{\"@type\":\"SearchAction\",\"target\":{\"@type\":\"EntryPoint\",\"urlTemplate\":\"https:\/\/www.intoscana.it\/it\/?s={search_term_string}\"},\"query-input\":{\"@type\":\"PropertyValueSpecification\",\"valueRequired\":true,\"valueName\":\"search_term_string\"}}],\"inLanguage\":\"it-IT\"},{\"@type\":\"Person\",\"@id\":\"https:\/\/www.intoscana.it\/it\/#\/schema\/person\/9223810753230f20bd670fdd322661f8\",\"name\":\"Redazione\",\"url\":\"https:\/\/www.intoscana.it\/it\/author\/redazione\/\"}]}<\/script>\n<!-- \/ Yoast SEO Premium plugin. -->","yoast_head_json":{"title":"Orbetello, presto legge regionale per la gestione della laguna - intoscana","description":"Accordo ponte: la Regione proseguir\u00e0 l'attivit\u00e0 per il 2023 nell'attesa del passaggio di competenze al comune grossetano","robots":{"index":"index","follow":"follow","max-snippet":"max-snippet:-1","max-image-preview":"max-image-preview:large","max-video-preview":"max-video-preview:-1"},"canonical":"https:\/\/www.intoscana.it\/it\/orbetello-presto-una-legge-regionale-per-la-gestione-della-laguna\/","og_locale":"it_IT","og_type":"article","og_title":"Orbetello, presto una legge regionale per la gestione della laguna","og_description":"Accordo ponte: la Regione proseguir\u00e0 l'attivit\u00e0 per il 2023 nell'attesa del passaggio di competenze al comune grossetano","og_url":"https:\/\/www.intoscana.it\/it\/orbetello-presto-una-legge-regionale-per-la-gestione-della-laguna\/","og_site_name":"intoscana","article_publisher":"https:\/\/www.facebook.com\/intoscana.it","article_published_time":"2022-12-02T16:10:53+00:00","article_modified_time":"2022-12-02T16:16:09+00:00","og_image":[{"width":768,"height":511,"url":"https:\/\/www.intoscana.it\/wp-content\/uploads\/Orbetello-mulino-barca-laguna-2365.jpg","type":"image\/jpeg"}],"author":"Redazione","twitter_card":"summary_large_image","twitter_creator":"@intoscana","twitter_site":"@intoscana","twitter_misc":{"Written by":"Redazione","Est. reading time":"2 minuti"},"schema":{"@context":"https:\/\/schema.org","@graph":[{"@type":"WebPage","@id":"https:\/\/www.intoscana.it\/it\/orbetello-presto-una-legge-regionale-per-la-gestione-della-laguna\/","url":"https:\/\/www.intoscana.it\/it\/orbetello-presto-una-legge-regionale-per-la-gestione-della-laguna\/","name":"Orbetello, presto legge regionale per la gestione della laguna - intoscana","isPartOf":{"@id":"https:\/\/www.intoscana.it\/it\/#website"},"primaryImageOfPage":{"@id":"https:\/\/www.intoscana.it\/it\/orbetello-presto-una-legge-regionale-per-la-gestione-della-laguna\/#primaryimage"},"image":{"@id":"https:\/\/www.intoscana.it\/it\/orbetello-presto-una-legge-regionale-per-la-gestione-della-laguna\/#primaryimage"},"thumbnailUrl":"https:\/\/www.intoscana.it\/wp-content\/uploads\/Orbetello-mulino-barca-laguna-2365.jpg","datePublished":"2022-12-02T16:10:53+00:00","dateModified":"2022-12-02T16:16:09+00:00","author":{"@id":"https:\/\/www.intoscana.it\/it\/#\/schema\/person\/9223810753230f20bd670fdd322661f8"},"description":"Accordo ponte: la Regione proseguir\u00e0 l'attivit\u00e0 per il 2023 nell'attesa del passaggio di competenze al comune grossetano","breadcrumb":{"@id":"https:\/\/www.intoscana.it\/it\/orbetello-presto-una-legge-regionale-per-la-gestione-della-laguna\/#breadcrumb"},"inLanguage":"it-IT","potentialAction":[{"@type":"ReadAction","target":["https:\/\/www.intoscana.it\/it\/orbetello-presto-una-legge-regionale-per-la-gestione-della-laguna\/"]}]},{"@type":"ImageObject","inLanguage":"it-IT","@id":"https:\/\/www.intoscana.it\/it\/orbetello-presto-una-legge-regionale-per-la-gestione-della-laguna\/#primaryimage","url":"https:\/\/www.intoscana.it\/wp-content\/uploads\/Orbetello-mulino-barca-laguna-2365.jpg","contentUrl":"https:\/\/www.intoscana.it\/wp-content\/uploads\/Orbetello-mulino-barca-laguna-2365.jpg","width":768,"height":511,"caption":"La laguna di Orbetello"},{"@type":"BreadcrumbList","@id":"https:\/\/www.intoscana.it\/it\/orbetello-presto-una-legge-regionale-per-la-gestione-della-laguna\/#breadcrumb","itemListElement":[{"@type":"ListItem","position":1,"name":"Home","item":"https:\/\/www.intoscana.it\/it\/"},{"@type":"ListItem","position":2,"name":"Orbetello, presto una legge regionale per la gestione della laguna"}]},{"@type":"WebSite","@id":"https:\/\/www.intoscana.it\/it\/#website","url":"https:\/\/www.intoscana.it\/it\/","name":"intoscana","description":"","potentialAction":[{"@type":"SearchAction","target":{"@type":"EntryPoint","urlTemplate":"https:\/\/www.intoscana.it\/it\/?s={search_term_string}"},"query-input":{"@type":"PropertyValueSpecification","valueRequired":true,"valueName":"search_term_string"}}],"inLanguage":"it-IT"},{"@type":"Person","@id":"https:\/\/www.intoscana.it\/it\/#\/schema\/person\/9223810753230f20bd670fdd322661f8","name":"Redazione","url":"https:\/\/www.intoscana.it\/it\/author\/redazione\/"}]}},"_links":{"self":[{"href":"https:\/\/www.intoscana.it\/it\/wp-json\/wp\/v2\/posts\/261296","targetHints":{"allow":["GET"]}}],"collection":[{"href":"https:\/\/www.intoscana.it\/it\/wp-json\/wp\/v2\/posts"}],"about":[{"href":"https:\/\/www.intoscana.it\/it\/wp-json\/wp\/v2\/types\/post"}],"author":[{"embeddable":true,"href":"https:\/\/www.intoscana.it\/it\/wp-json\/wp\/v2\/users\/525"}],"replies":[{"embeddable":true,"href":"https:\/\/www.intoscana.it\/it\/wp-json\/wp\/v2\/comments?post=261296"}],"version-history":[{"count":0,"href":"https:\/\/www.intoscana.it\/it\/wp-json\/wp\/v2\/posts\/261296\/revisions"}],"wp:featuredmedia":[{"embeddable":true,"href":"https:\/\/www.intoscana.it\/it\/wp-json\/wp\/v2\/media\/75956"}],"wp:attachment":[{"href":"https:\/\/www.intoscana.it\/it\/wp-json\/wp\/v2\/media?parent=261296"}],"wp:term":[{"taxonomy":"category","embeddable":true,"href":"https:\/\/www.intoscana.it\/it\/wp-json\/wp\/v2\/categories?post=261296"},{"taxonomy":"post_tag","embeddable":true,"href":"https:\/\/www.intoscana.it\/it\/wp-json\/wp\/v2\/tags?post=261296"}],"curies":[{"name":"wp","href":"https:\/\/api.w.org\/{rel}","templated":true}]}}