{"id":261321,"date":"2023-01-25T15:23:40","date_gmt":"2023-01-25T14:23:40","guid":{"rendered":"https:\/\/www.intoscana.it\/it\/?p=261321"},"modified":"2023-01-25T15:29:00","modified_gmt":"2023-01-25T14:29:00","slug":"il-ritorno-di-taste-in-fortezza-tra-musica-pasta-e-amari","status":"publish","type":"post","link":"https:\/\/www.intoscana.it\/it\/il-ritorno-di-taste-in-fortezza-tra-musica-pasta-e-amari\/","title":{"rendered":"Il ritorno di Taste in Fortezza tra musica, pasta e amari"},"content":{"rendered":"<p>La 16\u00b0 edizione di <strong>Taste<\/strong> sar\u00e0 ancora &#8220;<em>In viaggio con le diversit\u00e0 del gusto<\/em>&#8221; e soprattutto alla Fortezza da Basso a Firenze.\u00a0 <mark>Tendenze food&amp;beverage, dolci e amari, aziende ed eccellenze gastronomiche<\/mark> protagoniste a Firenze, dal 4 al 6 febbraio 2023.<\/p>\n<p>L&#8217;evento, che quest&#8217;anno ha per tema &#8220;<em>Jazzy Taste<\/em>&#8221; a sancire il connubio <strong>cibo-musica<\/strong>, \u00e8 inserito all&#8217;interno del calendario di Pitti Immagine. A far da contorno a<a href=\"https:\/\/taste.pittimmagine.com\/\"> Taste<\/a> gli appuntamenti &#8220;off&#8221; di <strong>Fuori di Taste<\/strong>.<\/p>\n<p><em>\u201cTaste ha cambiato pelle, pur rimanendo fedele a se stesso\u201d<\/em>, sottolinea <strong>Agostino Poletto<\/strong>, direttore generale di Pitti Immagine<em>. \u201cIl passaggio dalla Stazione Leopolda alla Fortezza da Basso &#8211; <\/em>che si \u00e8 reso necessario durante la pandemia <em>&#8211; ci ha offerto l&#8217;occasione giusta per far esprimere al salone tutto il suo potenziale. La nuova scenografia \u00e8 piaciuta in primis alle aziende: il 90% dei partecipanti alla scorsa edizione torner\u00e0 nel 2023. I nuovi ingressi sono stati invece selezionati con il rigore di sempre con uno scouting diretto o valutando le oltre 250 richieste di partecipazione che ci sono pervenute\u201d.<\/em><\/p>\n<h3>Atteso il ritorno dei buyer da tutto il mondo<\/h3>\n<p><u>Annunciati 500 espositori<\/u><u>, <\/u><u>oltre 80 new entry<\/u> e una presenza sempre pi\u00f9 internazionale di buyer in arrivo anche dai mercati emergenti. Torneranno i compratori da Stati Uniti, Francia, Regno Unito, Cina ed Emirati Arabi. Sono pronti ad affacciarsi in Fortezza <strong>professionisti del food<\/strong> da Brasile, India, Polonia, Singapore e Kirghizistan.<\/p>\n<figure id=\"post-218265 media-218265\" class=\"align-none\"><img decoding=\"async\" src=\"https:\/\/www.intoscana.it\/wp-content\/uploads\/Taste-3.jpeg\" alt=\"\" \/><\/figure>\n<div class=\"titleimg\">Taste<\/div>\n<h3>Tutti i numeri della scorsa edizione<\/h3>\n<p>All\u2019ultima edizione, nel marzo 2022 &#8211; dopo un anno di stop forzato e in un periodo ancora di grandi limitazioni &#8211; Taste ha registrato la presenza di circa <strong>5.000 operatori<\/strong> e quasi <strong>7.000 visitatori<\/strong> nei tre giorni, oltre a una grande partecipazione al programma di eventi alla Fortezza e ai FuoriDiTaste in citt\u00e0.<\/p>\n<h3>Le novit\u00e0 e la pasta a Taste 2023<\/h3>\n<p>Il percorso espositivo di Taste quest&#8217;anno parte dal piano attico del <strong>Padiglione Centrale<\/strong> con i <strong>prodotti salati<\/strong>, invece al piano terra una proposta \u201cibrida\u201d dove spicca nella <strong>taste special area<\/strong> il focus dedicato agli <strong>amari per chi apprezza la mixology<\/strong>.<\/p>\n<p>Lo spazio riservato ai <strong>dolci<\/strong> sar\u00e0 nel <strong>Padiglione Cavaniglia<\/strong>.\u00a0La sezione <strong>taste tools<\/strong> si rinnova con accessori per la tavola e per la cucina, tra tecnologia e lifestyle.<\/p>\n<p>L&#8217;edizione 2023 di Taste \u00e8 dedicata alla <strong>pasta<\/strong>: <mark>alimento principe della cucina italiana. Un prodotto che esprime tradizione, tipicit\u00e0, convivialit\u00e0, nutrimento e creativit\u00e0<\/mark>. Taste offrir\u00e0 un viaggio speciale alla scoperta delle esperienze e sfaccettature del <strong>mondo della pasta<\/strong>, e dei nomi di alcuni importanti pastifici.<\/p>\n<h3>L&#8217;angolo dello shopping a Taste<\/h3>\n<p>Al termine del percorso, nel Padiglione Cavaniglia, l&#8217;immancabile appuntamento con il <strong>taste shop<\/strong> dove acquistare i prodotti scoperti durante la visita. Tra gli spazi immancabili a Taste<strong> la libreria di <a href=\"https:\/\/www.guidotommasi.it\/\">Guido Tommasi editore<\/a><\/strong> dove poter acquistare grandi classici e novit\u00e0 dal mondo del food&amp;beverage.<\/p>\n<h3>Pitti Connect, la vetrina online<\/h3>\n<p>Per conoscere e apprezzare <strong>le storie delle aziende<\/strong> che espongono si conferma un utile strumento Pitti Connect. La <a href=\"http:\/\/taste.pittimmagine.com\">piattaforma online<\/a> propone materiale di altissima qualit\u00e0 per raccontare valori e prodotti degli espositori. Contenuti che la scorsa edizione sono stati premiati da 250 mila visite e quasi <strong>1 milione di pagine viste<\/strong>, oltre che da 3.500 buyer registrati di cui il 16% proveniente dall&#8217;estero.<\/p>\n<figure id=\"post-218262 media-218262\" class=\"align-none\"><img decoding=\"async\" src=\"https:\/\/www.intoscana.it\/wp-content\/uploads\/Taste-shop.jpeg\" alt=\"\" \/><\/figure>\n<div class=\"titleimg\">Taste shop<\/div>\n<h3>I Ring con Davide Paolini<\/h3>\n<p>Torna al piano attico la <strong>UniCredit Taste Arena<\/strong>, l\u2019area del salone dedicata ai Ring curati da <strong>Davide Paolini<\/strong> e per lo speciale programma di talks, incontri e presentazioni. Il calendario propone <strong>sabato 5 febbraio<\/strong> un incontro su &#8220;<u><\/u><em>Come reperiscono le materie prime di qualit\u00e0 i grandi hotel?<\/em>&#8220;, mentre <strong>domenica 6 febbraio<\/strong> si parler\u00e0 de &#8220;<em>La rivincita della pasta secca<\/em>&#8220;.<\/p>\n<p>Tra i <strong>taste talks<\/strong> si spazia da &#8220;<em>Pasta Couture \/ Haute Cottur: Il senso della moda per la pasta<\/em>&#8221; al tema &#8220;<em>Mi dedico alla terra: storie di imprenditrici agricole, dall\u2019invisibilit\u00e0 al protagonismo delle donne in agricoltura<\/em>&#8220;.\u00a0 Infine un singolare incontro su &#8220;<em>Il cibo a tempo di musica: il suono legato al mondo dell\u2019enogastronomia<\/em>&#8220;.<\/p>\n<p>Tra gli eventi alla Fortezza da Basso la premiazione del <strong>Forchettiere Awards 2023<\/strong>, mentre il calendario <strong>FuoriDiTaste<\/strong> \u00e8 ancora in fase di elaborazione.<\/p>\n<h3>Coldiretti a Taste 2023<\/h3>\n<p>Speciale area lounge per Coldiretti, dove saranno organizzati eventi per approfondire i temi pi\u00f9 attuali dell&#8217;agroalimentare. Con la collaborazione di <a href=\"https:\/\/www.unaprol.it\/\">Unaprol<\/a>, della <a href=\"https:\/\/www.evooschool.it\/\">Fondazione Evoo School Italia<\/a> e del <a href=\"https:\/\/www.oliotoscanoigp.it\/\">Consorzio dell\u2019olio Toscano IGP<\/a> verranno proposte <strong>masterclass dedicate all&#8217;olio<\/strong> differenziate per operatori\/buyer e per visitatori\/consumatori.<\/p>\n<p><strong>Training esperienziali<\/strong> durante i quali, guidati da assaggiatori professionisti in un percorso di analisi sensoriale di <strong>diverse tipologie di oli<\/strong>, si acquisiranno i principi di base per riconoscere il fruttato, l\u2019amaro ed il piccante quali caratteristiche distintive dell\u2019olio EVO e per imparare a differenziare un olio di qualit\u00e0 da uno scadente.<\/p>\n","protected":false},"excerpt":{"rendered":"<p>Tendenze food&amp;beverage, aziende ed eccellenze gastronomiche protagoniste a Firenze, dal 4 al 6 febbraio 2023. Il calendario dei FuoriDiTaste<\/p>\n","protected":false},"author":554,"featured_media":261323,"comment_status":"open","ping_status":"open","sticky":false,"template":"","format":"standard","meta":{"_acf_changed":false,"footnotes":""},"categories":[8],"tags":[403,1622],"class_list":["post-261321","post","type-post","status-publish","format-standard","has-post-thumbnail","hentry","category-enogastronomia","tag-pitti-immagine","tag-taste"],"acf":[],"yoast_head":"<!-- This site is optimized with the Yoast SEO Premium plugin v24.2 (Yoast SEO v25.6) - https:\/\/yoast.com\/wordpress\/plugins\/seo\/ -->\n<title>Il ritorno di Taste in Fortezza tra musica, pasta e amari - intoscana<\/title>\n<meta name=\"description\" content=\"Tendenze food&amp;beverage, aziende ed eccellenze gastronomiche protagoniste a Firenze, dal 4 al 6 febbraio 2023. Il calendario dei FuoriDiTaste\" \/>\n<meta name=\"robots\" content=\"index, follow, max-snippet:-1, max-image-preview:large, max-video-preview:-1\" \/>\n<link rel=\"canonical\" href=\"https:\/\/www.intoscana.it\/it\/il-ritorno-di-taste-in-fortezza-tra-musica-pasta-e-amari\/\" \/>\n<meta property=\"og:locale\" content=\"it_IT\" \/>\n<meta property=\"og:type\" content=\"article\" \/>\n<meta property=\"og:title\" content=\"Il ritorno di Taste in Fortezza tra musica, pasta e amari\" \/>\n<meta property=\"og:description\" content=\"Tendenze food&amp;beverage, aziende ed eccellenze gastronomiche protagoniste a Firenze, dal 4 al 6 febbraio 2023. Il calendario dei FuoriDiTaste\" \/>\n<meta property=\"og:url\" content=\"https:\/\/www.intoscana.it\/it\/il-ritorno-di-taste-in-fortezza-tra-musica-pasta-e-amari\/\" \/>\n<meta property=\"og:site_name\" content=\"intoscana\" \/>\n<meta property=\"article:publisher\" content=\"https:\/\/www.facebook.com\/intoscana.it\" \/>\n<meta property=\"article:published_time\" content=\"2023-01-25T14:23:40+00:00\" \/>\n<meta property=\"article:modified_time\" content=\"2023-01-25T14:29:00+00:00\" \/>\n<meta property=\"og:image\" content=\"https:\/\/www.intoscana.it\/wp-content\/uploads\/Taste15_014-scaled.jpg\" \/>\n\t<meta property=\"og:image:width\" content=\"2048\" \/>\n\t<meta property=\"og:image:height\" content=\"1367\" \/>\n\t<meta property=\"og:image:type\" content=\"image\/jpeg\" \/>\n<meta name=\"author\" content=\"Raffaella Galamini\" \/>\n<meta name=\"twitter:card\" content=\"summary_large_image\" \/>\n<meta name=\"twitter:creator\" content=\"@orio\" \/>\n<meta name=\"twitter:site\" content=\"@intoscana\" \/>\n<meta name=\"twitter:label1\" content=\"Written by\" \/>\n\t<meta name=\"twitter:data1\" content=\"Raffaella Galamini\" \/>\n\t<meta name=\"twitter:label2\" content=\"Est. reading time\" \/>\n\t<meta name=\"twitter:data2\" content=\"4 minuti\" \/>\n<script type=\"application\/ld+json\" class=\"yoast-schema-graph\">{\"@context\":\"https:\/\/schema.org\",\"@graph\":[{\"@type\":\"WebPage\",\"@id\":\"https:\/\/www.intoscana.it\/it\/il-ritorno-di-taste-in-fortezza-tra-musica-pasta-e-amari\/\",\"url\":\"https:\/\/www.intoscana.it\/it\/il-ritorno-di-taste-in-fortezza-tra-musica-pasta-e-amari\/\",\"name\":\"Il ritorno di Taste in Fortezza tra musica, pasta e amari - intoscana\",\"isPartOf\":{\"@id\":\"https:\/\/www.intoscana.it\/it\/#website\"},\"primaryImageOfPage\":{\"@id\":\"https:\/\/www.intoscana.it\/it\/il-ritorno-di-taste-in-fortezza-tra-musica-pasta-e-amari\/#primaryimage\"},\"image\":{\"@id\":\"https:\/\/www.intoscana.it\/it\/il-ritorno-di-taste-in-fortezza-tra-musica-pasta-e-amari\/#primaryimage\"},\"thumbnailUrl\":\"https:\/\/www.intoscana.it\/wp-content\/uploads\/Taste15_014-scaled.jpg\",\"datePublished\":\"2023-01-25T14:23:40+00:00\",\"dateModified\":\"2023-01-25T14:29:00+00:00\",\"author\":{\"@id\":\"https:\/\/www.intoscana.it\/it\/#\/schema\/person\/9eb9daa846a49fe51af39a73d9d1986b\"},\"description\":\"Tendenze food&beverage, aziende ed eccellenze gastronomiche protagoniste a Firenze, dal 4 al 6 febbraio 2023. Il calendario dei FuoriDiTaste\",\"breadcrumb\":{\"@id\":\"https:\/\/www.intoscana.it\/it\/il-ritorno-di-taste-in-fortezza-tra-musica-pasta-e-amari\/#breadcrumb\"},\"inLanguage\":\"it-IT\",\"potentialAction\":[{\"@type\":\"ReadAction\",\"target\":[\"https:\/\/www.intoscana.it\/it\/il-ritorno-di-taste-in-fortezza-tra-musica-pasta-e-amari\/\"]}]},{\"@type\":\"ImageObject\",\"inLanguage\":\"it-IT\",\"@id\":\"https:\/\/www.intoscana.it\/it\/il-ritorno-di-taste-in-fortezza-tra-musica-pasta-e-amari\/#primaryimage\",\"url\":\"https:\/\/www.intoscana.it\/wp-content\/uploads\/Taste15_014-scaled.jpg\",\"contentUrl\":\"https:\/\/www.intoscana.it\/wp-content\/uploads\/Taste15_014-scaled.jpg\",\"width\":2048,\"height\":1367,\"caption\":\"Taste alla Fortezza da Basso a Firenze\"},{\"@type\":\"BreadcrumbList\",\"@id\":\"https:\/\/www.intoscana.it\/it\/il-ritorno-di-taste-in-fortezza-tra-musica-pasta-e-amari\/#breadcrumb\",\"itemListElement\":[{\"@type\":\"ListItem\",\"position\":1,\"name\":\"Home\",\"item\":\"https:\/\/www.intoscana.it\/it\/\"},{\"@type\":\"ListItem\",\"position\":2,\"name\":\"Il ritorno di Taste in Fortezza tra musica, pasta e amari\"}]},{\"@type\":\"WebSite\",\"@id\":\"https:\/\/www.intoscana.it\/it\/#website\",\"url\":\"https:\/\/www.intoscana.it\/it\/\",\"name\":\"intoscana\",\"description\":\"\",\"potentialAction\":[{\"@type\":\"SearchAction\",\"target\":{\"@type\":\"EntryPoint\",\"urlTemplate\":\"https:\/\/www.intoscana.it\/it\/?s={search_term_string}\"},\"query-input\":{\"@type\":\"PropertyValueSpecification\",\"valueRequired\":true,\"valueName\":\"search_term_string\"}}],\"inLanguage\":\"it-IT\"},{\"@type\":\"Person\",\"@id\":\"https:\/\/www.intoscana.it\/it\/#\/schema\/person\/9eb9daa846a49fe51af39a73d9d1986b\",\"name\":\"Raffaella Galamini\",\"sameAs\":[\"https:\/\/x.com\/orio\"],\"url\":\"https:\/\/www.intoscana.it\/it\/author\/r-galamini\/\"}]}<\/script>\n<!-- \/ Yoast SEO Premium plugin. -->","yoast_head_json":{"title":"Il ritorno di Taste in Fortezza tra musica, pasta e amari - intoscana","description":"Tendenze food&beverage, aziende ed eccellenze gastronomiche protagoniste a Firenze, dal 4 al 6 febbraio 2023. Il calendario dei FuoriDiTaste","robots":{"index":"index","follow":"follow","max-snippet":"max-snippet:-1","max-image-preview":"max-image-preview:large","max-video-preview":"max-video-preview:-1"},"canonical":"https:\/\/www.intoscana.it\/it\/il-ritorno-di-taste-in-fortezza-tra-musica-pasta-e-amari\/","og_locale":"it_IT","og_type":"article","og_title":"Il ritorno di Taste in Fortezza tra musica, pasta e amari","og_description":"Tendenze food&beverage, aziende ed eccellenze gastronomiche protagoniste a Firenze, dal 4 al 6 febbraio 2023. Il calendario dei FuoriDiTaste","og_url":"https:\/\/www.intoscana.it\/it\/il-ritorno-di-taste-in-fortezza-tra-musica-pasta-e-amari\/","og_site_name":"intoscana","article_publisher":"https:\/\/www.facebook.com\/intoscana.it","article_published_time":"2023-01-25T14:23:40+00:00","article_modified_time":"2023-01-25T14:29:00+00:00","og_image":[{"width":2048,"height":1367,"url":"https:\/\/www.intoscana.it\/wp-content\/uploads\/Taste15_014-scaled.jpg","type":"image\/jpeg"}],"author":"Raffaella Galamini","twitter_card":"summary_large_image","twitter_creator":"@orio","twitter_site":"@intoscana","twitter_misc":{"Written by":"Raffaella Galamini","Est. reading time":"4 minuti"},"schema":{"@context":"https:\/\/schema.org","@graph":[{"@type":"WebPage","@id":"https:\/\/www.intoscana.it\/it\/il-ritorno-di-taste-in-fortezza-tra-musica-pasta-e-amari\/","url":"https:\/\/www.intoscana.it\/it\/il-ritorno-di-taste-in-fortezza-tra-musica-pasta-e-amari\/","name":"Il ritorno di Taste in Fortezza tra musica, pasta e amari - intoscana","isPartOf":{"@id":"https:\/\/www.intoscana.it\/it\/#website"},"primaryImageOfPage":{"@id":"https:\/\/www.intoscana.it\/it\/il-ritorno-di-taste-in-fortezza-tra-musica-pasta-e-amari\/#primaryimage"},"image":{"@id":"https:\/\/www.intoscana.it\/it\/il-ritorno-di-taste-in-fortezza-tra-musica-pasta-e-amari\/#primaryimage"},"thumbnailUrl":"https:\/\/www.intoscana.it\/wp-content\/uploads\/Taste15_014-scaled.jpg","datePublished":"2023-01-25T14:23:40+00:00","dateModified":"2023-01-25T14:29:00+00:00","author":{"@id":"https:\/\/www.intoscana.it\/it\/#\/schema\/person\/9eb9daa846a49fe51af39a73d9d1986b"},"description":"Tendenze food&beverage, aziende ed eccellenze gastronomiche protagoniste a Firenze, dal 4 al 6 febbraio 2023. Il calendario dei FuoriDiTaste","breadcrumb":{"@id":"https:\/\/www.intoscana.it\/it\/il-ritorno-di-taste-in-fortezza-tra-musica-pasta-e-amari\/#breadcrumb"},"inLanguage":"it-IT","potentialAction":[{"@type":"ReadAction","target":["https:\/\/www.intoscana.it\/it\/il-ritorno-di-taste-in-fortezza-tra-musica-pasta-e-amari\/"]}]},{"@type":"ImageObject","inLanguage":"it-IT","@id":"https:\/\/www.intoscana.it\/it\/il-ritorno-di-taste-in-fortezza-tra-musica-pasta-e-amari\/#primaryimage","url":"https:\/\/www.intoscana.it\/wp-content\/uploads\/Taste15_014-scaled.jpg","contentUrl":"https:\/\/www.intoscana.it\/wp-content\/uploads\/Taste15_014-scaled.jpg","width":2048,"height":1367,"caption":"Taste alla Fortezza da Basso a Firenze"},{"@type":"BreadcrumbList","@id":"https:\/\/www.intoscana.it\/it\/il-ritorno-di-taste-in-fortezza-tra-musica-pasta-e-amari\/#breadcrumb","itemListElement":[{"@type":"ListItem","position":1,"name":"Home","item":"https:\/\/www.intoscana.it\/it\/"},{"@type":"ListItem","position":2,"name":"Il ritorno di Taste in Fortezza tra musica, pasta e amari"}]},{"@type":"WebSite","@id":"https:\/\/www.intoscana.it\/it\/#website","url":"https:\/\/www.intoscana.it\/it\/","name":"intoscana","description":"","potentialAction":[{"@type":"SearchAction","target":{"@type":"EntryPoint","urlTemplate":"https:\/\/www.intoscana.it\/it\/?s={search_term_string}"},"query-input":{"@type":"PropertyValueSpecification","valueRequired":true,"valueName":"search_term_string"}}],"inLanguage":"it-IT"},{"@type":"Person","@id":"https:\/\/www.intoscana.it\/it\/#\/schema\/person\/9eb9daa846a49fe51af39a73d9d1986b","name":"Raffaella Galamini","sameAs":["https:\/\/x.com\/orio"],"url":"https:\/\/www.intoscana.it\/it\/author\/r-galamini\/"}]}},"_links":{"self":[{"href":"https:\/\/www.intoscana.it\/it\/wp-json\/wp\/v2\/posts\/261321","targetHints":{"allow":["GET"]}}],"collection":[{"href":"https:\/\/www.intoscana.it\/it\/wp-json\/wp\/v2\/posts"}],"about":[{"href":"https:\/\/www.intoscana.it\/it\/wp-json\/wp\/v2\/types\/post"}],"author":[{"embeddable":true,"href":"https:\/\/www.intoscana.it\/it\/wp-json\/wp\/v2\/users\/554"}],"replies":[{"embeddable":true,"href":"https:\/\/www.intoscana.it\/it\/wp-json\/wp\/v2\/comments?post=261321"}],"version-history":[{"count":0,"href":"https:\/\/www.intoscana.it\/it\/wp-json\/wp\/v2\/posts\/261321\/revisions"}],"wp:featuredmedia":[{"embeddable":true,"href":"https:\/\/www.intoscana.it\/it\/wp-json\/wp\/v2\/media\/261323"}],"wp:attachment":[{"href":"https:\/\/www.intoscana.it\/it\/wp-json\/wp\/v2\/media?parent=261321"}],"wp:term":[{"taxonomy":"category","embeddable":true,"href":"https:\/\/www.intoscana.it\/it\/wp-json\/wp\/v2\/categories?post=261321"},{"taxonomy":"post_tag","embeddable":true,"href":"https:\/\/www.intoscana.it\/it\/wp-json\/wp\/v2\/tags?post=261321"}],"curies":[{"name":"wp","href":"https:\/\/api.w.org\/{rel}","templated":true}]}}