{"id":261770,"date":"2022-12-06T14:43:45","date_gmt":"2022-12-06T13:43:45","guid":{"rendered":"https:\/\/www.intoscana.it\/it\/?p=261770"},"modified":"2022-12-06T14:53:01","modified_gmt":"2022-12-06T13:53:01","slug":"renato-zero-concerto-firenze-2023","status":"publish","type":"post","link":"https:\/\/www.intoscana.it\/it\/renato-zero-concerto-firenze-2023\/","title":{"rendered":"Parte da Firenze il nuovo tour di Renato Zero con due concerti al Mandela Forum"},"content":{"rendered":"<p>Dopo i <strong>monumentali festeggiamenti al Circo Massimo<\/strong>, dove ha celebrato i <strong>70 anni e i 55 di carriera<\/strong> con <strong>sei concerti-evento tutti sold out<\/strong> da oltre <strong>100.000 spettatori<\/strong>, <strong>Renato Zero<\/strong> stupisce i suoi fan con l\u2019annuncio di <strong>una nuova tourn\u00e9e nei palasport,<\/strong> <em><strong>&#8220;ZERO A ZERO &#8211; UNA SFIDA IN MUSICA&#8221;,<\/strong><\/em> che partir\u00e0 proprio dal <strong>Mandela Forum di Firenze.<\/strong><\/p>\n<p>Per <strong>riabbracciare il suo pubblico<\/strong> che non ha mai smesso di sostenerlo, nei mesi di marzo e aprile l&#8217;indomito <strong>Renato Zero girer\u00e0 l\u2019Italia<\/strong> portando nei principali palazzi dello sport tutto il suo mondo di<strong> artista rivoluzionario, autentico catalizzatore di energia ed entusiasmo.<\/strong><\/p>\n<p><strong>Firenze, Conegliano, Torino, Mantova, Bologna, Pesaro, Milano, Livorno, Eboli, Roma<\/strong>\u00a0sono queste le citt\u00e0 che si preparano ad ospitare il tour<strong><em> ZERO A ZERO &#8211; UNA SFIDA IN MUSICA<\/em><\/strong>: 18 imperdibili appuntamenti &#8211; con numerose doppie date nelle pi\u00f9 importanti citt\u00e0 e la sua Roma a chiudere il cerchio &#8211; per condividere con i fan il nuovo atteso capitolo di questa \u201csfida in musica\u201d e regalare inedite emozioni con gli <strong>iconici brani che hanno segnato intere generazioni.<\/strong><\/p>\n<p><strong>Ha dichiarato lo stesso Renato Zero:<\/strong> <em>\u201cZERO a ZERO \u00e8 il risultato di \u201cUna sfida in musica\u201d tra i due eterni contendenti: Renato &amp; Zero.\u00a0Sar\u00e0 un tour\u2026 tutto da vivere!\u00a0Un bel pareggio ci vorrebbe proprio per mettere d\u2019accordo pubblico e privato di un Renato che ha deciso di sdoppiarsi dal 1966 fino ad oggi. Uno bazzicava vicoli, piazze, quartieri e citt\u00e0. Da nord a sud. Da est ad ovest. In abiti borghesi ovviamente, raccogliendo segreti e storie di vita di ogni genere. L\u2019altro lo attendeva per mettere nero su bianco, con parole e musica, quelle osservazioni e porzioni di umanit\u00e0 cos\u00ec necessarie allo scopo. Una scommessa difficile. Un confronto continuo. Cercando di non mettere in imbarazzo chi, ignaro di essere oggetto di una sorta di perquisizione benevola, avrebbe potuto non gradire quel tipo di stalkeraggio. Furono i pronostici, non proprio incoraggianti, a suggerire a quei due di fare \u201cditta\u201d e partire proprio da quello Zero. Oggi i due imprudenti festeggiano le nozze di smeraldo di fronte al loro amatissimo, nonch\u00e9 fedelissimo, pubblico!\u00a0Che dire: finch\u00e9 c\u2019\u00e8 Zero c\u2019\u00e8 alleanza. E quindi vinca chi avr\u00e0 pi\u00f9 costanza!!!\u00a0Buon tour incorreggibili ragazzi.\u201d<\/em><\/p>\n<figure id=\"post-261775 media-261775\" class=\"align-none\"><img decoding=\"async\" src=\"https:\/\/www.intoscana.it\/wp-content\/uploads\/foto5.png\" alt=\"\" \/><\/figure>\n<h3>Dove trovare i biglietti per il concerto di Renato Zero<\/h3>\n<p>I biglietti per i <strong>concerti di Renato Zero<\/strong> sono disponibili in prevendita su <a href=\"http:\/\/www.renatozero.com\" target=\"_blank\" rel=\"noopener\"><strong>www.renatozero.com<\/strong><\/a>, su <a href=\"https:\/\/www.vivaticket.com\/it\/ticket\/renato-zero-tour-2023-zero-a-zero-una-sfida-in-musica\/199018\" target=\"_blank\" rel=\"noopener\"><strong>www.vivaticket.com<\/strong><\/a> e in tutti i punti vendita <strong>Vivaticket.<\/strong><\/p>\n<h3>Tutti i concerti di Renato Zero<\/h3>\n<p><strong>7 marzo 2023 &#8211; Firenze @ Mandela Forum<\/strong><br \/>\n<strong>8 marzo 2023 &#8211; Firenze @ Mandela Forum<\/strong><br \/>\n14 marzo 2023 &#8211; Conegliano @ Zoppas Arena<br \/>\n17 marzo 2023 &#8211; Torino @ Pala Alpitour<br \/>\n18 marzo 2023 &#8211; Torino @ Pala Alpitour<br \/>\n21 marzo 2023 &#8211; Mantova @ Grana Padano Arena<br \/>\n22 marzo 2023 &#8211; Mantova @ Grana Padano Arena<br \/>\n25 marzo 2023 &#8211; Bologna @ Unipol Arena<br \/>\n26 marzo 2023 &#8211; Bologna @ Unipol Arena<br \/>\n7 aprile 2023 &#8211; Pesaro @ Vitrifrigo Arena<br \/>\n11 aprile 2023 &#8211; Milano @ Mediolanum Forum<br \/>\n12 aprile 2023 &#8211; Milano @ Mediolanum Forum<br \/>\n<strong>18 aprile 2023 &#8211; Livorno @ Modigliani Forum<\/strong><br \/>\n<strong>19 aprile 2023 &#8211; Livorno @ Modigliani Forum<\/strong><br \/>\n22 aprile 2023 &#8211; Eboli @ Palasele<br \/>\n23 aprile 2023 &#8211; Eboli @ Palasele<br \/>\n28 aprile 2023 &#8211; Roma @ Palazzo dello Sport<br \/>\n29 aprile 2023 &#8211; Roma @ Palazzo dello Sport<\/p>\n<figure id=\"post-261883 media-261883\" class=\"align-none\"><img decoding=\"async\" src=\"https:\/\/www.intoscana.it\/wp-content\/uploads\/RENATOZERO_tour2023_1920x768.jpg\" alt=\"\" \/><\/figure>\n","protected":false},"excerpt":{"rendered":"<p>Il 7 e 8 marzo 2023 Renato Zero sar\u00e0 in concerto al Mandela Forum di Firenze per la prime date del suo nuovo tour, ma torner\u00e0 in Toscana a Livorno anche il 18 e 19 aprile al Modigliani Forum<\/p>\n","protected":false},"author":518,"featured_media":261772,"comment_status":"open","ping_status":"open","sticky":false,"template":"","format":"standard","meta":{"_acf_changed":false,"footnotes":""},"categories":[14],"tags":[216,235,4474,202],"class_list":["post-261770","post","type-post","status-publish","format-standard","has-post-thumbnail","hentry","category-musica","tag-concerti","tag-estate","tag-eventi","tag-firenze"],"acf":[],"yoast_head":"<!-- This site is optimized with the Yoast SEO Premium plugin v24.2 (Yoast SEO v25.6) - https:\/\/yoast.com\/wordpress\/plugins\/seo\/ -->\n<title>Parte da Firenze il nuovo tour di Renato Zero con due concerti al Mandela Forum - intoscana<\/title>\n<meta name=\"description\" content=\"Il 7 e 8 marzo 2023 Renato Zero sar\u00e0 in concerto al Mandela Forum di Firenze e torner\u00e0 in Toscana a Livorno il 18 e 19 aprile\" \/>\n<meta name=\"robots\" content=\"index, follow, max-snippet:-1, max-image-preview:large, max-video-preview:-1\" \/>\n<link rel=\"canonical\" href=\"https:\/\/www.intoscana.it\/it\/renato-zero-concerto-firenze-2023\/\" \/>\n<meta property=\"og:locale\" content=\"it_IT\" \/>\n<meta property=\"og:type\" content=\"article\" \/>\n<meta property=\"og:title\" content=\"Parte da Firenze il nuovo tour di Renato Zero con due concerti al Mandela Forum\" \/>\n<meta property=\"og:description\" content=\"Il 7 e 8 marzo 2023 Renato Zero sar\u00e0 in concerto al Mandela Forum di Firenze e torner\u00e0 in Toscana a Livorno il 18 e 19 aprile\" \/>\n<meta property=\"og:url\" content=\"https:\/\/www.intoscana.it\/it\/renato-zero-concerto-firenze-2023\/\" \/>\n<meta property=\"og:site_name\" content=\"intoscana\" \/>\n<meta property=\"article:publisher\" content=\"https:\/\/www.facebook.com\/intoscana.it\" \/>\n<meta property=\"article:published_time\" content=\"2022-12-06T13:43:45+00:00\" \/>\n<meta property=\"article:modified_time\" content=\"2022-12-06T13:53:01+00:00\" \/>\n<meta property=\"og:image\" content=\"https:\/\/www.intoscana.it\/wp-content\/uploads\/foto2.png\" \/>\n\t<meta property=\"og:image:width\" content=\"2000\" \/>\n\t<meta property=\"og:image:height\" content=\"1333\" \/>\n\t<meta property=\"og:image:type\" content=\"image\/png\" \/>\n<meta name=\"author\" content=\"Costanza Baldini\" \/>\n<meta name=\"twitter:card\" content=\"summary_large_image\" \/>\n<meta name=\"twitter:creator\" content=\"@intoscana\" \/>\n<meta name=\"twitter:site\" content=\"@intoscana\" \/>\n<meta name=\"twitter:label1\" content=\"Written by\" \/>\n\t<meta name=\"twitter:data1\" content=\"Costanza Baldini\" \/>\n\t<meta name=\"twitter:label2\" content=\"Est. reading time\" \/>\n\t<meta name=\"twitter:data2\" content=\"3 minuti\" \/>\n<script type=\"application\/ld+json\" class=\"yoast-schema-graph\">{\"@context\":\"https:\/\/schema.org\",\"@graph\":[{\"@type\":\"WebPage\",\"@id\":\"https:\/\/www.intoscana.it\/it\/renato-zero-concerto-firenze-2023\/\",\"url\":\"https:\/\/www.intoscana.it\/it\/renato-zero-concerto-firenze-2023\/\",\"name\":\"Parte da Firenze il nuovo tour di Renato Zero con due concerti al Mandela Forum - intoscana\",\"isPartOf\":{\"@id\":\"https:\/\/www.intoscana.it\/it\/#website\"},\"primaryImageOfPage\":{\"@id\":\"https:\/\/www.intoscana.it\/it\/renato-zero-concerto-firenze-2023\/#primaryimage\"},\"image\":{\"@id\":\"https:\/\/www.intoscana.it\/it\/renato-zero-concerto-firenze-2023\/#primaryimage\"},\"thumbnailUrl\":\"https:\/\/www.intoscana.it\/wp-content\/uploads\/foto2.png\",\"datePublished\":\"2022-12-06T13:43:45+00:00\",\"dateModified\":\"2022-12-06T13:53:01+00:00\",\"author\":{\"@id\":\"https:\/\/www.intoscana.it\/it\/#\/schema\/person\/d469f35f09739bdf00bf5dd3f0647a82\"},\"description\":\"Il 7 e 8 marzo 2023 Renato Zero sar\u00e0 in concerto al Mandela Forum di Firenze e torner\u00e0 in Toscana a Livorno il 18 e 19 aprile\",\"breadcrumb\":{\"@id\":\"https:\/\/www.intoscana.it\/it\/renato-zero-concerto-firenze-2023\/#breadcrumb\"},\"inLanguage\":\"it-IT\",\"potentialAction\":[{\"@type\":\"ReadAction\",\"target\":[\"https:\/\/www.intoscana.it\/it\/renato-zero-concerto-firenze-2023\/\"]}]},{\"@type\":\"ImageObject\",\"inLanguage\":\"it-IT\",\"@id\":\"https:\/\/www.intoscana.it\/it\/renato-zero-concerto-firenze-2023\/#primaryimage\",\"url\":\"https:\/\/www.intoscana.it\/wp-content\/uploads\/foto2.png\",\"contentUrl\":\"https:\/\/www.intoscana.it\/wp-content\/uploads\/foto2.png\",\"width\":2000,\"height\":1333,\"caption\":\"Renato Zero\"},{\"@type\":\"BreadcrumbList\",\"@id\":\"https:\/\/www.intoscana.it\/it\/renato-zero-concerto-firenze-2023\/#breadcrumb\",\"itemListElement\":[{\"@type\":\"ListItem\",\"position\":1,\"name\":\"Home\",\"item\":\"https:\/\/www.intoscana.it\/it\/\"},{\"@type\":\"ListItem\",\"position\":2,\"name\":\"Parte da Firenze il nuovo tour di Renato Zero con due concerti al Mandela Forum\"}]},{\"@type\":\"WebSite\",\"@id\":\"https:\/\/www.intoscana.it\/it\/#website\",\"url\":\"https:\/\/www.intoscana.it\/it\/\",\"name\":\"intoscana\",\"description\":\"\",\"potentialAction\":[{\"@type\":\"SearchAction\",\"target\":{\"@type\":\"EntryPoint\",\"urlTemplate\":\"https:\/\/www.intoscana.it\/it\/?s={search_term_string}\"},\"query-input\":{\"@type\":\"PropertyValueSpecification\",\"valueRequired\":true,\"valueName\":\"search_term_string\"}}],\"inLanguage\":\"it-IT\"},{\"@type\":\"Person\",\"@id\":\"https:\/\/www.intoscana.it\/it\/#\/schema\/person\/d469f35f09739bdf00bf5dd3f0647a82\",\"name\":\"Costanza Baldini\",\"url\":\"https:\/\/www.intoscana.it\/it\/author\/costanza-baldini\/\"}]}<\/script>\n<!-- \/ Yoast SEO Premium plugin. -->","yoast_head_json":{"title":"Parte da Firenze il nuovo tour di Renato Zero con due concerti al Mandela Forum - intoscana","description":"Il 7 e 8 marzo 2023 Renato Zero sar\u00e0 in concerto al Mandela Forum di Firenze e torner\u00e0 in Toscana a Livorno il 18 e 19 aprile","robots":{"index":"index","follow":"follow","max-snippet":"max-snippet:-1","max-image-preview":"max-image-preview:large","max-video-preview":"max-video-preview:-1"},"canonical":"https:\/\/www.intoscana.it\/it\/renato-zero-concerto-firenze-2023\/","og_locale":"it_IT","og_type":"article","og_title":"Parte da Firenze il nuovo tour di Renato Zero con due concerti al Mandela Forum","og_description":"Il 7 e 8 marzo 2023 Renato Zero sar\u00e0 in concerto al Mandela Forum di Firenze e torner\u00e0 in Toscana a Livorno il 18 e 19 aprile","og_url":"https:\/\/www.intoscana.it\/it\/renato-zero-concerto-firenze-2023\/","og_site_name":"intoscana","article_publisher":"https:\/\/www.facebook.com\/intoscana.it","article_published_time":"2022-12-06T13:43:45+00:00","article_modified_time":"2022-12-06T13:53:01+00:00","og_image":[{"width":2000,"height":1333,"url":"https:\/\/www.intoscana.it\/wp-content\/uploads\/foto2.png","type":"image\/png"}],"author":"Costanza Baldini","twitter_card":"summary_large_image","twitter_creator":"@intoscana","twitter_site":"@intoscana","twitter_misc":{"Written by":"Costanza Baldini","Est. reading time":"3 minuti"},"schema":{"@context":"https:\/\/schema.org","@graph":[{"@type":"WebPage","@id":"https:\/\/www.intoscana.it\/it\/renato-zero-concerto-firenze-2023\/","url":"https:\/\/www.intoscana.it\/it\/renato-zero-concerto-firenze-2023\/","name":"Parte da Firenze il nuovo tour di Renato Zero con due concerti al Mandela Forum - intoscana","isPartOf":{"@id":"https:\/\/www.intoscana.it\/it\/#website"},"primaryImageOfPage":{"@id":"https:\/\/www.intoscana.it\/it\/renato-zero-concerto-firenze-2023\/#primaryimage"},"image":{"@id":"https:\/\/www.intoscana.it\/it\/renato-zero-concerto-firenze-2023\/#primaryimage"},"thumbnailUrl":"https:\/\/www.intoscana.it\/wp-content\/uploads\/foto2.png","datePublished":"2022-12-06T13:43:45+00:00","dateModified":"2022-12-06T13:53:01+00:00","author":{"@id":"https:\/\/www.intoscana.it\/it\/#\/schema\/person\/d469f35f09739bdf00bf5dd3f0647a82"},"description":"Il 7 e 8 marzo 2023 Renato Zero sar\u00e0 in concerto al Mandela Forum di Firenze e torner\u00e0 in Toscana a Livorno il 18 e 19 aprile","breadcrumb":{"@id":"https:\/\/www.intoscana.it\/it\/renato-zero-concerto-firenze-2023\/#breadcrumb"},"inLanguage":"it-IT","potentialAction":[{"@type":"ReadAction","target":["https:\/\/www.intoscana.it\/it\/renato-zero-concerto-firenze-2023\/"]}]},{"@type":"ImageObject","inLanguage":"it-IT","@id":"https:\/\/www.intoscana.it\/it\/renato-zero-concerto-firenze-2023\/#primaryimage","url":"https:\/\/www.intoscana.it\/wp-content\/uploads\/foto2.png","contentUrl":"https:\/\/www.intoscana.it\/wp-content\/uploads\/foto2.png","width":2000,"height":1333,"caption":"Renato Zero"},{"@type":"BreadcrumbList","@id":"https:\/\/www.intoscana.it\/it\/renato-zero-concerto-firenze-2023\/#breadcrumb","itemListElement":[{"@type":"ListItem","position":1,"name":"Home","item":"https:\/\/www.intoscana.it\/it\/"},{"@type":"ListItem","position":2,"name":"Parte da Firenze il nuovo tour di Renato Zero con due concerti al Mandela Forum"}]},{"@type":"WebSite","@id":"https:\/\/www.intoscana.it\/it\/#website","url":"https:\/\/www.intoscana.it\/it\/","name":"intoscana","description":"","potentialAction":[{"@type":"SearchAction","target":{"@type":"EntryPoint","urlTemplate":"https:\/\/www.intoscana.it\/it\/?s={search_term_string}"},"query-input":{"@type":"PropertyValueSpecification","valueRequired":true,"valueName":"search_term_string"}}],"inLanguage":"it-IT"},{"@type":"Person","@id":"https:\/\/www.intoscana.it\/it\/#\/schema\/person\/d469f35f09739bdf00bf5dd3f0647a82","name":"Costanza Baldini","url":"https:\/\/www.intoscana.it\/it\/author\/costanza-baldini\/"}]}},"_links":{"self":[{"href":"https:\/\/www.intoscana.it\/it\/wp-json\/wp\/v2\/posts\/261770","targetHints":{"allow":["GET"]}}],"collection":[{"href":"https:\/\/www.intoscana.it\/it\/wp-json\/wp\/v2\/posts"}],"about":[{"href":"https:\/\/www.intoscana.it\/it\/wp-json\/wp\/v2\/types\/post"}],"author":[{"embeddable":true,"href":"https:\/\/www.intoscana.it\/it\/wp-json\/wp\/v2\/users\/518"}],"replies":[{"embeddable":true,"href":"https:\/\/www.intoscana.it\/it\/wp-json\/wp\/v2\/comments?post=261770"}],"version-history":[{"count":0,"href":"https:\/\/www.intoscana.it\/it\/wp-json\/wp\/v2\/posts\/261770\/revisions"}],"wp:featuredmedia":[{"embeddable":true,"href":"https:\/\/www.intoscana.it\/it\/wp-json\/wp\/v2\/media\/261772"}],"wp:attachment":[{"href":"https:\/\/www.intoscana.it\/it\/wp-json\/wp\/v2\/media?parent=261770"}],"wp:term":[{"taxonomy":"category","embeddable":true,"href":"https:\/\/www.intoscana.it\/it\/wp-json\/wp\/v2\/categories?post=261770"},{"taxonomy":"post_tag","embeddable":true,"href":"https:\/\/www.intoscana.it\/it\/wp-json\/wp\/v2\/tags?post=261770"}],"curies":[{"name":"wp","href":"https:\/\/api.w.org\/{rel}","templated":true}]}}