{"id":261899,"date":"2022-12-06T15:40:09","date_gmt":"2022-12-06T14:40:09","guid":{"rendered":"https:\/\/www.intoscana.it\/it\/?p=261899"},"modified":"2022-12-06T15:40:09","modified_gmt":"2022-12-06T14:40:09","slug":"natale-a-firenze-al-via-metti-un-presepe-in-vetrina","status":"publish","type":"post","link":"https:\/\/www.intoscana.it\/it\/natale-a-firenze-al-via-metti-un-presepe-in-vetrina\/","title":{"rendered":"Natale a Firenze, al via &#8220;Metti un Presepe in vetrina&#8221;"},"content":{"rendered":"<p>&#8216;Metti un presepe in vetrina&#8217; \u00e8 l&#8217;iniziativa, giunta alla V edizione, promossa dai laici del Vicariato di San Giovanni della Diocesi di Firenze. Si inserisce nell&#8217;ambito del Cammino Sinodale sull&#8217;Evangelii Gaudium, ed \u00e8 patrocinata dal Consiglio regionale della Toscana e dal Comune di Firenze.<\/p>\n<p>Si propone ai negozianti di decorare la propria vetrina con <strong>un presepe personale<\/strong>, con una delle immagini tradizionali della <strong>nativit\u00e0 nell&#8217;arte fiorentina<\/strong>, oppure con <strong>un presepe artigianale <\/strong>offerto gratuitamente. I presepi saranno esposti nelle vetrine <strong>dall&#8217;8 dicembre<\/strong> <strong>al 6 gennaio<\/strong> 2023.<\/p>\n<p>\u201c<em>Il presepe raffigura la Nativit\u00e0, \u00e8 uno dei soggetti simbolici pi\u00f9 cari alla nostra cultura e tradizione, amato dall&#8217;arte di tutti i tempi, quello che pi\u00f9 di ogni altro evoca la dimensione intima e umana della famiglia \u2013<\/em> spiega il presidente della Regione Toscana <strong>Eugenio Giani<\/strong> \u2013. <em>Rendere le vetrine delle feste ancora pi\u00f9 belle e preziose esponendo presepi classici, artigianali o riproduzioni della Nativit\u00e0 \u00e8 un modo semplice ma efficace di riscoprire le radici della nostra cultura, abbracciare tutte le famiglie e al tempo stesso valorizzare il ruolo dei commercianti, protagonisti di questo evento<\/em>\u201d.<\/p>\n<p>Per <strong>Carla Aiello<\/strong>, una delle promotrici dell&#8217;evento il negoziante pu\u00f2 abbellire la vetrina del negozio e di riflesso le vie del centro con la <strong>nativit\u00e0 artistica<\/strong> richiamando al tempo stesso a una riflessione sul significato della festa.<\/p>\n<p>&#8220;<em>Oltre a voler riaffermare il senso profondo del Natale<\/em> &#8211; osserva <strong>Marco Stella<\/strong>, capogruppo di Forza Italia al Consiglio regionale della Toscana &#8211; <em>questa iniziativa desidera valorizzare la creativit\u00e0 dei negozianti e degli artigiani e ricordare che il presepe appartiene alla storia culturale della citt\u00e0. Nella sua bellezza di manufatto artigianale e artistico, offre un messaggio di pace e di fratellanza. Ricorda inoltre come Firenze nei secoli sia stata, e sia ancor oggi, crocevia delle genti, feconda nelle cose del commercio e dello spirito<\/em>&#8220;.<\/p>\n<p>Il direttore degli Uffizi, <strong>Eike Schmidt<\/strong>, ha concesso la riproduzione delle immagini dei quadri della <strong>Nativit\u00e0<\/strong> esposti <strong>nella Galleria degli Uffizi<\/strong> in modo che i negozianti, scegliendo il formato che trovano pi\u00f9 adatto alle loro necessit\u00e0, possano metterli nella loro vetrina.<br \/>\nAnche <strong>Roberto Giovannoni<\/strong>, intagliatore e scultore del legno, ha creato delle vere opere d&#8217;arte. Raffigurano la nativit\u00e0 o gli angeli: annunciatori di pace. Mette i suoi lavori a disposizione gratuitamente di quanti vorrebbero fare un presepe, ma non ne posseggono uno.<\/p>\n","protected":false},"excerpt":{"rendered":"<p>L&#8217;iniziativa, alla V edizione, promossa dai laici del Vicariato di San Giovanni della Diocesi di Firenze dall&#8217;8 dicembre al 6 gennaio<\/p>\n","protected":false},"author":525,"featured_media":261905,"comment_status":"open","ping_status":"open","sticky":false,"template":"","format":"standard","meta":{"_acf_changed":false,"footnotes":""},"categories":[494],"tags":[5064,4912],"class_list":["post-261899","post","type-post","status-publish","format-standard","has-post-thumbnail","hentry","category-attualita","tag-natale-a-firenze","tag-presepe"],"acf":[],"yoast_head":"<!-- This site is optimized with the Yoast SEO Premium plugin v24.2 (Yoast SEO v25.6) - https:\/\/yoast.com\/wordpress\/plugins\/seo\/ -->\n<title>Natale a Firenze, al via &quot;Metti un Presepe in vetrina&quot; - intoscana<\/title>\n<meta name=\"description\" content=\"L&#039;iniziativa, alla V edizione, promossa dai laici del Vicariato di San Giovanni della Diocesi di Firenze dall&#039;8 dicembre al 6 gennaio\" \/>\n<meta name=\"robots\" content=\"index, follow, max-snippet:-1, max-image-preview:large, max-video-preview:-1\" \/>\n<link rel=\"canonical\" href=\"https:\/\/www.intoscana.it\/it\/natale-a-firenze-al-via-metti-un-presepe-in-vetrina\/\" \/>\n<meta property=\"og:locale\" content=\"it_IT\" \/>\n<meta property=\"og:type\" content=\"article\" \/>\n<meta property=\"og:title\" content=\"Natale a Firenze, al via &quot;Metti un Presepe in vetrina&quot;\" \/>\n<meta property=\"og:description\" content=\"L&#039;iniziativa, alla V edizione, promossa dai laici del Vicariato di San Giovanni della Diocesi di Firenze dall&#039;8 dicembre al 6 gennaio\" \/>\n<meta property=\"og:url\" content=\"https:\/\/www.intoscana.it\/it\/natale-a-firenze-al-via-metti-un-presepe-in-vetrina\/\" \/>\n<meta property=\"og:site_name\" content=\"intoscana\" \/>\n<meta property=\"article:publisher\" content=\"https:\/\/www.facebook.com\/intoscana.it\" \/>\n<meta property=\"article:published_time\" content=\"2022-12-06T14:40:09+00:00\" \/>\n<meta property=\"og:image\" content=\"https:\/\/www.intoscana.it\/wp-content\/uploads\/Metti-un-presepe-in-vetrina-e1670336032475.jpeg\" \/>\n\t<meta property=\"og:image:width\" content=\"1105\" \/>\n\t<meta property=\"og:image:height\" content=\"755\" \/>\n\t<meta property=\"og:image:type\" content=\"image\/jpeg\" \/>\n<meta name=\"author\" content=\"Redazione\" \/>\n<meta name=\"twitter:card\" content=\"summary_large_image\" \/>\n<meta name=\"twitter:creator\" content=\"@intoscana\" \/>\n<meta name=\"twitter:site\" content=\"@intoscana\" \/>\n<meta name=\"twitter:label1\" content=\"Written by\" \/>\n\t<meta name=\"twitter:data1\" content=\"Redazione\" \/>\n\t<meta name=\"twitter:label2\" content=\"Est. reading time\" \/>\n\t<meta name=\"twitter:data2\" content=\"2 minuti\" \/>\n<script type=\"application\/ld+json\" class=\"yoast-schema-graph\">{\"@context\":\"https:\/\/schema.org\",\"@graph\":[{\"@type\":\"WebPage\",\"@id\":\"https:\/\/www.intoscana.it\/it\/natale-a-firenze-al-via-metti-un-presepe-in-vetrina\/\",\"url\":\"https:\/\/www.intoscana.it\/it\/natale-a-firenze-al-via-metti-un-presepe-in-vetrina\/\",\"name\":\"Natale a Firenze, al via \\\"Metti un Presepe in vetrina\\\" - intoscana\",\"isPartOf\":{\"@id\":\"https:\/\/www.intoscana.it\/it\/#website\"},\"primaryImageOfPage\":{\"@id\":\"https:\/\/www.intoscana.it\/it\/natale-a-firenze-al-via-metti-un-presepe-in-vetrina\/#primaryimage\"},\"image\":{\"@id\":\"https:\/\/www.intoscana.it\/it\/natale-a-firenze-al-via-metti-un-presepe-in-vetrina\/#primaryimage\"},\"thumbnailUrl\":\"https:\/\/www.intoscana.it\/wp-content\/uploads\/Metti-un-presepe-in-vetrina-e1670336032475.jpeg\",\"datePublished\":\"2022-12-06T14:40:09+00:00\",\"author\":{\"@id\":\"https:\/\/www.intoscana.it\/it\/#\/schema\/person\/9223810753230f20bd670fdd322661f8\"},\"description\":\"L'iniziativa, alla V edizione, promossa dai laici del Vicariato di San Giovanni della Diocesi di Firenze dall'8 dicembre al 6 gennaio\",\"breadcrumb\":{\"@id\":\"https:\/\/www.intoscana.it\/it\/natale-a-firenze-al-via-metti-un-presepe-in-vetrina\/#breadcrumb\"},\"inLanguage\":\"it-IT\",\"potentialAction\":[{\"@type\":\"ReadAction\",\"target\":[\"https:\/\/www.intoscana.it\/it\/natale-a-firenze-al-via-metti-un-presepe-in-vetrina\/\"]}]},{\"@type\":\"ImageObject\",\"inLanguage\":\"it-IT\",\"@id\":\"https:\/\/www.intoscana.it\/it\/natale-a-firenze-al-via-metti-un-presepe-in-vetrina\/#primaryimage\",\"url\":\"https:\/\/www.intoscana.it\/wp-content\/uploads\/Metti-un-presepe-in-vetrina-e1670336032475.jpeg\",\"contentUrl\":\"https:\/\/www.intoscana.it\/wp-content\/uploads\/Metti-un-presepe-in-vetrina-e1670336032475.jpeg\",\"width\":1105,\"height\":755},{\"@type\":\"BreadcrumbList\",\"@id\":\"https:\/\/www.intoscana.it\/it\/natale-a-firenze-al-via-metti-un-presepe-in-vetrina\/#breadcrumb\",\"itemListElement\":[{\"@type\":\"ListItem\",\"position\":1,\"name\":\"Home\",\"item\":\"https:\/\/www.intoscana.it\/it\/\"},{\"@type\":\"ListItem\",\"position\":2,\"name\":\"Natale a Firenze, al via &#8220;Metti un Presepe in vetrina&#8221;\"}]},{\"@type\":\"WebSite\",\"@id\":\"https:\/\/www.intoscana.it\/it\/#website\",\"url\":\"https:\/\/www.intoscana.it\/it\/\",\"name\":\"intoscana\",\"description\":\"\",\"potentialAction\":[{\"@type\":\"SearchAction\",\"target\":{\"@type\":\"EntryPoint\",\"urlTemplate\":\"https:\/\/www.intoscana.it\/it\/?s={search_term_string}\"},\"query-input\":{\"@type\":\"PropertyValueSpecification\",\"valueRequired\":true,\"valueName\":\"search_term_string\"}}],\"inLanguage\":\"it-IT\"},{\"@type\":\"Person\",\"@id\":\"https:\/\/www.intoscana.it\/it\/#\/schema\/person\/9223810753230f20bd670fdd322661f8\",\"name\":\"Redazione\",\"url\":\"https:\/\/www.intoscana.it\/it\/author\/redazione\/\"}]}<\/script>\n<!-- \/ Yoast SEO Premium plugin. -->","yoast_head_json":{"title":"Natale a Firenze, al via \"Metti un Presepe in vetrina\" - intoscana","description":"L'iniziativa, alla V edizione, promossa dai laici del Vicariato di San Giovanni della Diocesi di Firenze dall'8 dicembre al 6 gennaio","robots":{"index":"index","follow":"follow","max-snippet":"max-snippet:-1","max-image-preview":"max-image-preview:large","max-video-preview":"max-video-preview:-1"},"canonical":"https:\/\/www.intoscana.it\/it\/natale-a-firenze-al-via-metti-un-presepe-in-vetrina\/","og_locale":"it_IT","og_type":"article","og_title":"Natale a Firenze, al via \"Metti un Presepe in vetrina\"","og_description":"L'iniziativa, alla V edizione, promossa dai laici del Vicariato di San Giovanni della Diocesi di Firenze dall'8 dicembre al 6 gennaio","og_url":"https:\/\/www.intoscana.it\/it\/natale-a-firenze-al-via-metti-un-presepe-in-vetrina\/","og_site_name":"intoscana","article_publisher":"https:\/\/www.facebook.com\/intoscana.it","article_published_time":"2022-12-06T14:40:09+00:00","og_image":[{"width":1105,"height":755,"url":"https:\/\/www.intoscana.it\/wp-content\/uploads\/Metti-un-presepe-in-vetrina-e1670336032475.jpeg","type":"image\/jpeg"}],"author":"Redazione","twitter_card":"summary_large_image","twitter_creator":"@intoscana","twitter_site":"@intoscana","twitter_misc":{"Written by":"Redazione","Est. reading time":"2 minuti"},"schema":{"@context":"https:\/\/schema.org","@graph":[{"@type":"WebPage","@id":"https:\/\/www.intoscana.it\/it\/natale-a-firenze-al-via-metti-un-presepe-in-vetrina\/","url":"https:\/\/www.intoscana.it\/it\/natale-a-firenze-al-via-metti-un-presepe-in-vetrina\/","name":"Natale a Firenze, al via \"Metti un Presepe in vetrina\" - intoscana","isPartOf":{"@id":"https:\/\/www.intoscana.it\/it\/#website"},"primaryImageOfPage":{"@id":"https:\/\/www.intoscana.it\/it\/natale-a-firenze-al-via-metti-un-presepe-in-vetrina\/#primaryimage"},"image":{"@id":"https:\/\/www.intoscana.it\/it\/natale-a-firenze-al-via-metti-un-presepe-in-vetrina\/#primaryimage"},"thumbnailUrl":"https:\/\/www.intoscana.it\/wp-content\/uploads\/Metti-un-presepe-in-vetrina-e1670336032475.jpeg","datePublished":"2022-12-06T14:40:09+00:00","author":{"@id":"https:\/\/www.intoscana.it\/it\/#\/schema\/person\/9223810753230f20bd670fdd322661f8"},"description":"L'iniziativa, alla V edizione, promossa dai laici del Vicariato di San Giovanni della Diocesi di Firenze dall'8 dicembre al 6 gennaio","breadcrumb":{"@id":"https:\/\/www.intoscana.it\/it\/natale-a-firenze-al-via-metti-un-presepe-in-vetrina\/#breadcrumb"},"inLanguage":"it-IT","potentialAction":[{"@type":"ReadAction","target":["https:\/\/www.intoscana.it\/it\/natale-a-firenze-al-via-metti-un-presepe-in-vetrina\/"]}]},{"@type":"ImageObject","inLanguage":"it-IT","@id":"https:\/\/www.intoscana.it\/it\/natale-a-firenze-al-via-metti-un-presepe-in-vetrina\/#primaryimage","url":"https:\/\/www.intoscana.it\/wp-content\/uploads\/Metti-un-presepe-in-vetrina-e1670336032475.jpeg","contentUrl":"https:\/\/www.intoscana.it\/wp-content\/uploads\/Metti-un-presepe-in-vetrina-e1670336032475.jpeg","width":1105,"height":755},{"@type":"BreadcrumbList","@id":"https:\/\/www.intoscana.it\/it\/natale-a-firenze-al-via-metti-un-presepe-in-vetrina\/#breadcrumb","itemListElement":[{"@type":"ListItem","position":1,"name":"Home","item":"https:\/\/www.intoscana.it\/it\/"},{"@type":"ListItem","position":2,"name":"Natale a Firenze, al via &#8220;Metti un Presepe in vetrina&#8221;"}]},{"@type":"WebSite","@id":"https:\/\/www.intoscana.it\/it\/#website","url":"https:\/\/www.intoscana.it\/it\/","name":"intoscana","description":"","potentialAction":[{"@type":"SearchAction","target":{"@type":"EntryPoint","urlTemplate":"https:\/\/www.intoscana.it\/it\/?s={search_term_string}"},"query-input":{"@type":"PropertyValueSpecification","valueRequired":true,"valueName":"search_term_string"}}],"inLanguage":"it-IT"},{"@type":"Person","@id":"https:\/\/www.intoscana.it\/it\/#\/schema\/person\/9223810753230f20bd670fdd322661f8","name":"Redazione","url":"https:\/\/www.intoscana.it\/it\/author\/redazione\/"}]}},"_links":{"self":[{"href":"https:\/\/www.intoscana.it\/it\/wp-json\/wp\/v2\/posts\/261899","targetHints":{"allow":["GET"]}}],"collection":[{"href":"https:\/\/www.intoscana.it\/it\/wp-json\/wp\/v2\/posts"}],"about":[{"href":"https:\/\/www.intoscana.it\/it\/wp-json\/wp\/v2\/types\/post"}],"author":[{"embeddable":true,"href":"https:\/\/www.intoscana.it\/it\/wp-json\/wp\/v2\/users\/525"}],"replies":[{"embeddable":true,"href":"https:\/\/www.intoscana.it\/it\/wp-json\/wp\/v2\/comments?post=261899"}],"version-history":[{"count":0,"href":"https:\/\/www.intoscana.it\/it\/wp-json\/wp\/v2\/posts\/261899\/revisions"}],"wp:featuredmedia":[{"embeddable":true,"href":"https:\/\/www.intoscana.it\/it\/wp-json\/wp\/v2\/media\/261905"}],"wp:attachment":[{"href":"https:\/\/www.intoscana.it\/it\/wp-json\/wp\/v2\/media?parent=261899"}],"wp:term":[{"taxonomy":"category","embeddable":true,"href":"https:\/\/www.intoscana.it\/it\/wp-json\/wp\/v2\/categories?post=261899"},{"taxonomy":"post_tag","embeddable":true,"href":"https:\/\/www.intoscana.it\/it\/wp-json\/wp\/v2\/tags?post=261899"}],"curies":[{"name":"wp","href":"https:\/\/api.w.org\/{rel}","templated":true}]}}