{"id":262106,"date":"2022-12-07T16:13:31","date_gmt":"2022-12-07T15:13:31","guid":{"rendered":"https:\/\/www.intoscana.it\/it\/?p=262106"},"modified":"2022-12-07T16:16:42","modified_gmt":"2022-12-07T15:16:42","slug":"la-macchina-scenica-piu-innovativa-deuropa-al-teatro-del-maggio-fiorentino","status":"publish","type":"post","link":"https:\/\/www.intoscana.it\/it\/la-macchina-scenica-piu-innovativa-deuropa-al-teatro-del-maggio-fiorentino\/","title":{"rendered":"La macchina scenica pi\u00f9 innovativa d&#8217;Europa al Teatro del Maggio Fiorentino"},"content":{"rendered":"<p>Costa la cifra incredibile di <strong>14 milioni di euro<\/strong> e prevede <strong>4 elevatori centrali, 8 carri mobili, 1 carro girevole, <\/strong>con <strong>200 motori di azionamento<\/strong> tra scenotecnica superiore (gi\u00e0 ultimata e funzionante) e inferiore: stiamo parlando\u00a0della complessa <strong>macchina scenica<\/strong> del teatro del <strong>Maggio Musicale Fiorentino.<\/strong><\/p>\n<p>Nel palcoscenico della <strong>Sala Grande<\/strong> che ha una dimensione di <strong>2600 metri quadrati di cui 1600 (il 60%) mobili <\/strong>ci sono un palco centrale con quattro elevatori; palchi laterali con <strong>8 carri mobili;<\/strong> palco posteriore con carro girevole e ballatoi di servizio.<\/p>\n<p>In sostanza nel palcoscenico centrale si trovano oggi <strong>quattro grandi piattaforme che possono elevarsi dal piano di palco<\/strong> oppure abbassarsi creando una fossa, <strong>\u201cun baratro\u201d profondo pi\u00f9 di 4 metri.<\/strong><\/p>\n<p><strong>Questa soluzione permetter\u00e0 grandi effetti teatrali<\/strong> tra i quali anche la <strong>comparsa e scomparsa rapida di un\u2019intera scenografi<\/strong>a.<\/p>\n<p>Lo stesso vale per i palcoscenici laterali, dove si trovano da oggi<strong> carri mobili<\/strong> delle stesse dimensioni e quantit\u00e0 degli elevatori di palco che potranno spostarsi individualmente oppure a gruppi, portando la scenografia nel palco centrale quando richiesto.<\/p>\n<p>Analogamente<strong> una piattaforma di notevoli dimensioni potr\u00e0 avanzare dal fondo palco<\/strong> e al suo interno un disco girevole potr\u00e0 muoversi creando dei movimenti rototraslanti.<\/p>\n<p><em>\u201cSar\u00e0 uno spettacolo impressionante &#8211;<\/em><strong> ha sottolineato il sindaco Dario Nardella &#8211;<\/strong><em>. Sar\u00e0 come avere un moltiplicatore di palcoscenici, quinte, effetti, dimensioni che cambieranno considerevolmente qualit\u00e0 e quantit\u00e0 delle opere rappresentate. Ma questo strumento non consentir\u00e0 solo di offrire strumenti sempre pi\u00f9 efficienti a supporto dell\u2019espressivit\u00e0 teatrale, ma anche di poter utilizzare lo spazio teatrale per eventi e convegni e quindi di aumentare in maniera notevole l\u2019offerta culturale del Teatro.\u00a0<\/em><em>Un risultato straordinario, un gioiello di innovazione che fa del Teatro del Maggio di Firenze uno dei pi\u00f9 grandi del mondo con una macchina scenica che \u00e8 davvero un esempio di tecnologia unico in Europa &#8211; ha aggiunto -. Adesso davvero il nuovo Teatro pu\u00f2 dirsi completo\u201d.<\/em><\/p>\n<p>I lavori di questo terzo e ultimo stralcio del teatro <strong>sono iniziati nel 2019<\/strong>: con i<strong> 60 milioni ottenuti dallo Stato<\/strong> con lo stanziamento del <strong>CIPE Cultura del 1\u00b0 Maggio 2016<\/strong> \u00e8 stata prevista la realizzazione della scenotecnica inferiore della sala lirica (appena ultimata), il completamento della sala sinfonica (gi\u00e0 inaugurata a dicembre scorso alla presenza del presidente della Repubblica Sergio Mattarella), la realizzazione della sala coro e della sala regia e altre sale di supporto.<\/p>\n<p><strong>Il costo complessivo dell\u2019opera,<\/strong> sulla base del progetto esecutivo approvato nel 2010,<strong> ammonta a circa 262 milioni di euro<\/strong>.<\/p>\n<p>L\u2019importo dei lavori del primo stralcio \u00e8 stato pari a circa <strong>156 milioni di euro,<\/strong> il secondo stralcio \u00e8 stato pari a circa<strong> 46 milioni di euro,<\/strong> e il terzo e ultimo stralcio appena ultimato ha comportato come detto una spesa di <strong>60 milioni di euro.<\/strong><\/p>\n","protected":false},"excerpt":{"rendered":"<p>Il sindaco Nardella: \u201cUn gioiello tecnologico che ci permetter\u00e0 di sfruttare al massimo le potenzialit\u00e0 della struttura\u201d<\/p>\n","protected":false},"author":525,"featured_media":262115,"comment_status":"open","ping_status":"open","sticky":false,"template":"","format":"standard","meta":{"_acf_changed":false,"footnotes":""},"categories":[475],"tags":[369],"class_list":["post-262106","post","type-post","status-publish","format-standard","has-post-thumbnail","hentry","category-innovazione","tag-maggio-musicale-fiorentino"],"acf":[],"yoast_head":"<!-- This site is optimized with the Yoast SEO Premium plugin v24.2 (Yoast SEO v25.6) - https:\/\/yoast.com\/wordpress\/plugins\/seo\/ -->\n<title>La macchina scenica pi\u00f9 innovativa d&#039;Europa al Teatro del Maggio Fiorentino - intoscana<\/title>\n<meta name=\"robots\" content=\"index, follow, max-snippet:-1, max-image-preview:large, max-video-preview:-1\" \/>\n<link rel=\"canonical\" href=\"https:\/\/www.intoscana.it\/it\/la-macchina-scenica-piu-innovativa-deuropa-al-teatro-del-maggio-fiorentino\/\" \/>\n<meta property=\"og:locale\" content=\"it_IT\" \/>\n<meta property=\"og:type\" content=\"article\" \/>\n<meta property=\"og:title\" content=\"La macchina scenica pi\u00f9 innovativa d&#039;Europa al Teatro del Maggio Fiorentino\" \/>\n<meta property=\"og:description\" content=\"Il sindaco Nardella: \u201cUn gioiello tecnologico che ci permetter\u00e0 di sfruttare al massimo le potenzialit\u00e0 della struttura\u201d\" \/>\n<meta property=\"og:url\" content=\"https:\/\/www.intoscana.it\/it\/la-macchina-scenica-piu-innovativa-deuropa-al-teatro-del-maggio-fiorentino\/\" \/>\n<meta property=\"og:site_name\" content=\"intoscana\" \/>\n<meta property=\"article:publisher\" content=\"https:\/\/www.facebook.com\/intoscana.it\" \/>\n<meta property=\"article:published_time\" content=\"2022-12-07T15:13:31+00:00\" \/>\n<meta property=\"article:modified_time\" content=\"2022-12-07T15:16:42+00:00\" \/>\n<meta property=\"og:image\" content=\"https:\/\/www.intoscana.it\/wp-content\/uploads\/teatro2.jpg\" \/>\n\t<meta property=\"og:image:width\" content=\"1280\" \/>\n\t<meta property=\"og:image:height\" content=\"886\" \/>\n\t<meta property=\"og:image:type\" content=\"image\/jpeg\" \/>\n<meta name=\"author\" content=\"Redazione\" \/>\n<meta name=\"twitter:card\" content=\"summary_large_image\" \/>\n<meta name=\"twitter:creator\" content=\"@intoscana\" \/>\n<meta name=\"twitter:site\" content=\"@intoscana\" \/>\n<meta name=\"twitter:label1\" content=\"Written by\" \/>\n\t<meta name=\"twitter:data1\" content=\"Redazione\" \/>\n\t<meta name=\"twitter:label2\" content=\"Est. reading time\" \/>\n\t<meta name=\"twitter:data2\" content=\"2 minuti\" \/>\n<script type=\"application\/ld+json\" class=\"yoast-schema-graph\">{\"@context\":\"https:\/\/schema.org\",\"@graph\":[{\"@type\":\"WebPage\",\"@id\":\"https:\/\/www.intoscana.it\/it\/la-macchina-scenica-piu-innovativa-deuropa-al-teatro-del-maggio-fiorentino\/\",\"url\":\"https:\/\/www.intoscana.it\/it\/la-macchina-scenica-piu-innovativa-deuropa-al-teatro-del-maggio-fiorentino\/\",\"name\":\"La macchina scenica pi\u00f9 innovativa d'Europa al Teatro del Maggio Fiorentino - intoscana\",\"isPartOf\":{\"@id\":\"https:\/\/www.intoscana.it\/it\/#website\"},\"primaryImageOfPage\":{\"@id\":\"https:\/\/www.intoscana.it\/it\/la-macchina-scenica-piu-innovativa-deuropa-al-teatro-del-maggio-fiorentino\/#primaryimage\"},\"image\":{\"@id\":\"https:\/\/www.intoscana.it\/it\/la-macchina-scenica-piu-innovativa-deuropa-al-teatro-del-maggio-fiorentino\/#primaryimage\"},\"thumbnailUrl\":\"https:\/\/www.intoscana.it\/wp-content\/uploads\/teatro2.jpg\",\"datePublished\":\"2022-12-07T15:13:31+00:00\",\"dateModified\":\"2022-12-07T15:16:42+00:00\",\"author\":{\"@id\":\"https:\/\/www.intoscana.it\/it\/#\/schema\/person\/9223810753230f20bd670fdd322661f8\"},\"breadcrumb\":{\"@id\":\"https:\/\/www.intoscana.it\/it\/la-macchina-scenica-piu-innovativa-deuropa-al-teatro-del-maggio-fiorentino\/#breadcrumb\"},\"inLanguage\":\"it-IT\",\"potentialAction\":[{\"@type\":\"ReadAction\",\"target\":[\"https:\/\/www.intoscana.it\/it\/la-macchina-scenica-piu-innovativa-deuropa-al-teatro-del-maggio-fiorentino\/\"]}]},{\"@type\":\"ImageObject\",\"inLanguage\":\"it-IT\",\"@id\":\"https:\/\/www.intoscana.it\/it\/la-macchina-scenica-piu-innovativa-deuropa-al-teatro-del-maggio-fiorentino\/#primaryimage\",\"url\":\"https:\/\/www.intoscana.it\/wp-content\/uploads\/teatro2.jpg\",\"contentUrl\":\"https:\/\/www.intoscana.it\/wp-content\/uploads\/teatro2.jpg\",\"width\":1280,\"height\":886,\"caption\":\"Maggio Musicale Fiorentino\"},{\"@type\":\"BreadcrumbList\",\"@id\":\"https:\/\/www.intoscana.it\/it\/la-macchina-scenica-piu-innovativa-deuropa-al-teatro-del-maggio-fiorentino\/#breadcrumb\",\"itemListElement\":[{\"@type\":\"ListItem\",\"position\":1,\"name\":\"Home\",\"item\":\"https:\/\/www.intoscana.it\/it\/\"},{\"@type\":\"ListItem\",\"position\":2,\"name\":\"La macchina scenica pi\u00f9 innovativa d&#8217;Europa al Teatro del Maggio Fiorentino\"}]},{\"@type\":\"WebSite\",\"@id\":\"https:\/\/www.intoscana.it\/it\/#website\",\"url\":\"https:\/\/www.intoscana.it\/it\/\",\"name\":\"intoscana\",\"description\":\"\",\"potentialAction\":[{\"@type\":\"SearchAction\",\"target\":{\"@type\":\"EntryPoint\",\"urlTemplate\":\"https:\/\/www.intoscana.it\/it\/?s={search_term_string}\"},\"query-input\":{\"@type\":\"PropertyValueSpecification\",\"valueRequired\":true,\"valueName\":\"search_term_string\"}}],\"inLanguage\":\"it-IT\"},{\"@type\":\"Person\",\"@id\":\"https:\/\/www.intoscana.it\/it\/#\/schema\/person\/9223810753230f20bd670fdd322661f8\",\"name\":\"Redazione\",\"url\":\"https:\/\/www.intoscana.it\/it\/author\/redazione\/\"}]}<\/script>\n<!-- \/ Yoast SEO Premium plugin. -->","yoast_head_json":{"title":"La macchina scenica pi\u00f9 innovativa d'Europa al Teatro del Maggio Fiorentino - intoscana","robots":{"index":"index","follow":"follow","max-snippet":"max-snippet:-1","max-image-preview":"max-image-preview:large","max-video-preview":"max-video-preview:-1"},"canonical":"https:\/\/www.intoscana.it\/it\/la-macchina-scenica-piu-innovativa-deuropa-al-teatro-del-maggio-fiorentino\/","og_locale":"it_IT","og_type":"article","og_title":"La macchina scenica pi\u00f9 innovativa d'Europa al Teatro del Maggio Fiorentino","og_description":"Il sindaco Nardella: \u201cUn gioiello tecnologico che ci permetter\u00e0 di sfruttare al massimo le potenzialit\u00e0 della struttura\u201d","og_url":"https:\/\/www.intoscana.it\/it\/la-macchina-scenica-piu-innovativa-deuropa-al-teatro-del-maggio-fiorentino\/","og_site_name":"intoscana","article_publisher":"https:\/\/www.facebook.com\/intoscana.it","article_published_time":"2022-12-07T15:13:31+00:00","article_modified_time":"2022-12-07T15:16:42+00:00","og_image":[{"width":1280,"height":886,"url":"https:\/\/www.intoscana.it\/wp-content\/uploads\/teatro2.jpg","type":"image\/jpeg"}],"author":"Redazione","twitter_card":"summary_large_image","twitter_creator":"@intoscana","twitter_site":"@intoscana","twitter_misc":{"Written by":"Redazione","Est. reading time":"2 minuti"},"schema":{"@context":"https:\/\/schema.org","@graph":[{"@type":"WebPage","@id":"https:\/\/www.intoscana.it\/it\/la-macchina-scenica-piu-innovativa-deuropa-al-teatro-del-maggio-fiorentino\/","url":"https:\/\/www.intoscana.it\/it\/la-macchina-scenica-piu-innovativa-deuropa-al-teatro-del-maggio-fiorentino\/","name":"La macchina scenica pi\u00f9 innovativa d'Europa al Teatro del Maggio Fiorentino - intoscana","isPartOf":{"@id":"https:\/\/www.intoscana.it\/it\/#website"},"primaryImageOfPage":{"@id":"https:\/\/www.intoscana.it\/it\/la-macchina-scenica-piu-innovativa-deuropa-al-teatro-del-maggio-fiorentino\/#primaryimage"},"image":{"@id":"https:\/\/www.intoscana.it\/it\/la-macchina-scenica-piu-innovativa-deuropa-al-teatro-del-maggio-fiorentino\/#primaryimage"},"thumbnailUrl":"https:\/\/www.intoscana.it\/wp-content\/uploads\/teatro2.jpg","datePublished":"2022-12-07T15:13:31+00:00","dateModified":"2022-12-07T15:16:42+00:00","author":{"@id":"https:\/\/www.intoscana.it\/it\/#\/schema\/person\/9223810753230f20bd670fdd322661f8"},"breadcrumb":{"@id":"https:\/\/www.intoscana.it\/it\/la-macchina-scenica-piu-innovativa-deuropa-al-teatro-del-maggio-fiorentino\/#breadcrumb"},"inLanguage":"it-IT","potentialAction":[{"@type":"ReadAction","target":["https:\/\/www.intoscana.it\/it\/la-macchina-scenica-piu-innovativa-deuropa-al-teatro-del-maggio-fiorentino\/"]}]},{"@type":"ImageObject","inLanguage":"it-IT","@id":"https:\/\/www.intoscana.it\/it\/la-macchina-scenica-piu-innovativa-deuropa-al-teatro-del-maggio-fiorentino\/#primaryimage","url":"https:\/\/www.intoscana.it\/wp-content\/uploads\/teatro2.jpg","contentUrl":"https:\/\/www.intoscana.it\/wp-content\/uploads\/teatro2.jpg","width":1280,"height":886,"caption":"Maggio Musicale Fiorentino"},{"@type":"BreadcrumbList","@id":"https:\/\/www.intoscana.it\/it\/la-macchina-scenica-piu-innovativa-deuropa-al-teatro-del-maggio-fiorentino\/#breadcrumb","itemListElement":[{"@type":"ListItem","position":1,"name":"Home","item":"https:\/\/www.intoscana.it\/it\/"},{"@type":"ListItem","position":2,"name":"La macchina scenica pi\u00f9 innovativa d&#8217;Europa al Teatro del Maggio Fiorentino"}]},{"@type":"WebSite","@id":"https:\/\/www.intoscana.it\/it\/#website","url":"https:\/\/www.intoscana.it\/it\/","name":"intoscana","description":"","potentialAction":[{"@type":"SearchAction","target":{"@type":"EntryPoint","urlTemplate":"https:\/\/www.intoscana.it\/it\/?s={search_term_string}"},"query-input":{"@type":"PropertyValueSpecification","valueRequired":true,"valueName":"search_term_string"}}],"inLanguage":"it-IT"},{"@type":"Person","@id":"https:\/\/www.intoscana.it\/it\/#\/schema\/person\/9223810753230f20bd670fdd322661f8","name":"Redazione","url":"https:\/\/www.intoscana.it\/it\/author\/redazione\/"}]}},"_links":{"self":[{"href":"https:\/\/www.intoscana.it\/it\/wp-json\/wp\/v2\/posts\/262106","targetHints":{"allow":["GET"]}}],"collection":[{"href":"https:\/\/www.intoscana.it\/it\/wp-json\/wp\/v2\/posts"}],"about":[{"href":"https:\/\/www.intoscana.it\/it\/wp-json\/wp\/v2\/types\/post"}],"author":[{"embeddable":true,"href":"https:\/\/www.intoscana.it\/it\/wp-json\/wp\/v2\/users\/525"}],"replies":[{"embeddable":true,"href":"https:\/\/www.intoscana.it\/it\/wp-json\/wp\/v2\/comments?post=262106"}],"version-history":[{"count":0,"href":"https:\/\/www.intoscana.it\/it\/wp-json\/wp\/v2\/posts\/262106\/revisions"}],"wp:featuredmedia":[{"embeddable":true,"href":"https:\/\/www.intoscana.it\/it\/wp-json\/wp\/v2\/media\/262115"}],"wp:attachment":[{"href":"https:\/\/www.intoscana.it\/it\/wp-json\/wp\/v2\/media?parent=262106"}],"wp:term":[{"taxonomy":"category","embeddable":true,"href":"https:\/\/www.intoscana.it\/it\/wp-json\/wp\/v2\/categories?post=262106"},{"taxonomy":"post_tag","embeddable":true,"href":"https:\/\/www.intoscana.it\/it\/wp-json\/wp\/v2\/tags?post=262106"}],"curies":[{"name":"wp","href":"https:\/\/api.w.org\/{rel}","templated":true}]}}