{"id":262230,"date":"2022-12-09T11:24:28","date_gmt":"2022-12-09T10:24:28","guid":{"rendered":"https:\/\/www.intoscana.it\/it\/?p=262230"},"modified":"2022-12-09T11:32:14","modified_gmt":"2022-12-09T10:32:14","slug":"natale-volterra-si-illumina-di-poesia-con-le-parole-di-franco-arminio","status":"publish","type":"post","link":"https:\/\/www.intoscana.it\/it\/natale-volterra-si-illumina-di-poesia-con-le-parole-di-franco-arminio\/","title":{"rendered":"Natale, Volterra si illumina di poesia con le parole di Franco Arminio"},"content":{"rendered":"<p><strong>Parole d&#8217;autore<\/strong> illuminano <strong>il Natale a Volterra<\/strong>. Le poesie di <strong>Franco Arminio<\/strong> sono state scelte per accompagnare cittadini e turisti alla scoperta della <strong>citt\u00e0 dell&#8217;alabastro<\/strong> durante il periodo delle feste.<\/p>\n<p>Si tratta di un progetto speciale per <a href=\"https:\/\/volterra22.it\/\">Volterra XXII Prima Citt\u00e0 Toscana della Cultura 2022<\/a>\u00a0 da un\u2019idea del Comune di Volterra in collaborazione con il <strong>Gruppo Iren<\/strong>.<\/p>\n<p><mark><a href=\"https:\/\/casadellapaesologia.org\/\">Franco Arminio<\/a> \u00e8 scrittore, paesologo e poeta contemporaneo<\/mark> tra i pi\u00f9 autorevoli e ascoltati. Le sue parole guideranno fino all\u20198 gennaio in una passeggiata di \u201c<em>rigenerazione umana<\/em>\u201d nel centro storico della citt\u00e0.<\/p>\n<h3>Le parole di Arminio nel cuore di Volterra<\/h3>\n<p>Ad essere illuminate le <strong>cinque porte<\/strong> di Volterra, i palazzi pi\u00f9 rappresentativi in <strong>Piazza dei Priori<\/strong> e uno nel cuore di <strong>Saline di Volterra<\/strong>, con un <strong>progetto \u201cgreen\u201d<\/strong> nel rispetto della crisi energetica in atto.<\/p>\n<figure id=\"post-262232 media-262232\" class=\"align-none\"><img decoding=\"async\" src=\"https:\/\/www.intoscana.it\/wp-content\/uploads\/porta-1-credit-nico-rossi.jpg\" alt=\"\" \/><\/figure>\n<div class=\"titleimg\">Il Natale a Volterra \u2013 \u00a9 Nico Rossi<\/div>\n<p>Le frasi scelte per le installazioni luminose a cielo aperto sono state <a href=\"https:\/\/www.intoscana.it\/it\/articolo\/il-poeta-franco-arminio-a-volterra-alla-scoperta-dellanima-profonda-della-citta\/\">scritte da Franco Arminio in occasione del suo soggiorno a Volterra<\/a> nel maggio scorso. Cosi \u00e8 nato il <strong>Diario da Volterra<\/strong>: <mark>il viaggio tra persone, luoghi, scoperte e suggestioni alla ricerca della Volterra pi\u00f9 autentica<\/mark>.<\/p>\n<h3>Bella Volterra tra Saline e centro storico<\/h3>\n<p>Ma la vera protagonista \u00e8 tutta la citt\u00e0: tra <strong>il progetto poetico<\/strong> di Giuseppangela Campus, <strong>gli alberi a led<\/strong> del Centro Commerciale Naturale e <strong>la via delle favole<\/strong> dedicata ai bambini.<\/p>\n<p>Il centro storico e Saline di Volterra ospiteranno fino all&#8217;8 gennaio le immagini grafiche di <strong>Bella Volterra<\/strong>. Si tratta di un minuzioso e straordinario progetto di ricerca. Tra poesia, letteratura e musica <strong>Giuseppangela Campus <\/strong>indaga su come Volterra \u00e8 apparsa o \u00e8 stata ispiratrice nelle produzioni di artisti nelle diverse epoche.<\/p>\n<h3>La via delle favole per i pi\u00f9 piccoli<\/h3>\n<p>Via Roma sar\u00e0 <strong>la via delle favole<\/strong>, con grafiche che raccontano le pi\u00f9 belle fiabe del Natale per i bambini. Anche il <strong>Centro Commerciale Naturale di Volterra<\/strong> parteciper\u00e0 al progetto di illuminazione natalizia.<\/p>\n<p>L&#8217;associazione ha lanciato un\u2019iniziativa a cui hanno aderito gli iscritti e altre attivit\u00e0 commerciali della citt\u00e0: dall\u20198 dicembre <strong>oltre 100 negozi<\/strong> volterrani avranno al proprio ingresso <strong>un albero di Natale illuminato<\/strong>.<\/p>\n<figure id=\"post-262235 media-262235\" class=\"align-none\"><img decoding=\"async\" src=\"https:\/\/www.intoscana.it\/wp-content\/uploads\/palazzo-pretorio-credit-nico-rossi.jpg\" alt=\"\" \/><\/figure>\n<div class=\"titleimg\">Palazzo Pretorio a Volterra \u2013 \u00a9 Nico Rossi<\/div>\n<h3>Il volto poetico dell&#8217;alabastro<\/h3>\n<p>Le <strong>botteghe degli alabastrai<\/strong> saranno invece abitate dai versi poetici ispirati alla famosa <strong>pietra di luna volterrana<\/strong>. L&#8217;iniziativa rientra nel progetto <strong>Poetico Alabastro<\/strong>. Andranno ad ampliare la mostra gi\u00e0 presentata nel Sottopassaggio di San Francesco in una prima versione dalla Campus: \u00e8 stata riallestita per l\u2019occasione.<\/p>\n<h3>Giani: &#8220;Il valore della rigenerazione umana&#8221;<\/h3>\n<p>Per <strong>Eugenio Giani<\/strong>, presidente della Regione Toscana: \u201c<em>Volterra \u00e8 stata all\u2019altezza del suo ruolo di prima Citt\u00e0 toscana della cultura 2022. Durante quest\u2019anno, il progetto incentrato sulla \u2018rigenerazione umana\u2019 con cui si era candidata a Capitale italiana della cultura ha dimostrato anche nella pratica il proprio grande valore. Ne siamo orgogliosi. Non fa eccezione questa iniziativa dedicata al Natale, con la poesia di Franco Arminio e con un\u2019attenzione particolare alla condivisione del lavoro fra associazioni, commercianti e varie realt\u00e0: insieme al Comune, si sono messe a disposizione della comunit\u00e0 volterrana e, perch\u00e9 no, toscana. Il mio auspicio \u00e8 che il lavoro svolto per Volterra22 sia un punto di riferimento come minimo regionale per una programmazione strategica improntata sulla cultura<\/em>\u201d.<\/p>\n<figure id=\"post-262234 media-262234\" class=\"align-none\"><img decoding=\"async\" src=\"https:\/\/www.intoscana.it\/wp-content\/uploads\/natale-2022-a-volterra-2-credit-nico-rossi.jpg\" alt=\"\" \/><\/figure>\n<div class=\"titleimg\">La presentazione del Natale 2022 a Volterra \u2013 \u00a9 Nico Rossi<\/div>\n<h3>Santi: &#8220;Un anno speciale per Volterra&#8221;<\/h3>\n<p><strong>Giacomo Santi<\/strong>, sindaco di Volterra sottolinea come <strong>Volterra<\/strong> quest\u2019anno \u00e8 stata protagonista di importanti eventi legati alla cultura e il <strong>Natale 2022<\/strong>: &#8220;<em>attraverso le poesie di Arminio, \u00e8 in linea con quanto abbiamo fatto in questo anno speciale per la nostra comunit\u00e0. Una menzione particolare va alle associazioni e alle tante realt\u00e0 che dopo la pandemia sono ripartite e lo hanno fatto rendendo pi\u00f9 ricca questa bella occasione. Grazie anche a Franco Arminio per la grande disponibilit\u00e0: le sue parole portano luce e poesia nella nostra citt\u00e0<\/em>\u201d.<\/p>\n","protected":false},"excerpt":{"rendered":"<p>Lungo le strade della prima citt\u00e0 toscana della cultura 2022 oltre 100 alberi a led all&#8217;uscita dei negozi e la via delle favole per i bambini<\/p>\n","protected":false},"author":525,"featured_media":262231,"comment_status":"open","ping_status":"open","sticky":false,"template":"","format":"standard","meta":{"_acf_changed":false,"footnotes":""},"categories":[6],"tags":[5261,409,4934],"class_list":["post-262230","post","type-post","status-publish","format-standard","has-post-thumbnail","hentry","category-viaggi","tag-alabastro","tag-natale","tag-volterra-2022"],"acf":[],"yoast_head":"<!-- This site is optimized with the Yoast SEO Premium plugin v24.2 (Yoast SEO v25.6) - https:\/\/yoast.com\/wordpress\/plugins\/seo\/ -->\n<title>Natale, Volterra si illumina di poesia con le parole di Franco Arminio - intoscana<\/title>\n<meta name=\"description\" content=\"Lungo le strade della prima citt\u00e0 toscana della cultura 2022 oltre 100 alberi a led all&#039;uscita dei negozi e la via delle favole per i bambini\" \/>\n<meta name=\"robots\" content=\"index, follow, max-snippet:-1, max-image-preview:large, max-video-preview:-1\" \/>\n<link rel=\"canonical\" href=\"https:\/\/www.intoscana.it\/it\/natale-volterra-si-illumina-di-poesia-con-le-parole-di-franco-arminio\/\" \/>\n<meta property=\"og:locale\" content=\"it_IT\" \/>\n<meta property=\"og:type\" content=\"article\" \/>\n<meta property=\"og:title\" content=\"Natale, Volterra si illumina di poesia con le parole di Franco Arminio\" \/>\n<meta property=\"og:description\" content=\"Lungo le strade della prima citt\u00e0 toscana della cultura 2022 oltre 100 alberi a led all&#039;uscita dei negozi e la via delle favole per i bambini\" \/>\n<meta property=\"og:url\" content=\"https:\/\/www.intoscana.it\/it\/natale-volterra-si-illumina-di-poesia-con-le-parole-di-franco-arminio\/\" \/>\n<meta property=\"og:site_name\" content=\"intoscana\" \/>\n<meta property=\"article:publisher\" content=\"https:\/\/www.facebook.com\/intoscana.it\" \/>\n<meta property=\"article:published_time\" content=\"2022-12-09T10:24:28+00:00\" \/>\n<meta property=\"article:modified_time\" content=\"2022-12-09T10:32:14+00:00\" \/>\n<meta property=\"og:image\" content=\"https:\/\/www.intoscana.it\/wp-content\/uploads\/palazzo-dei-priori-1-credit-nico-rossi.jpg\" \/>\n\t<meta property=\"og:image:width\" content=\"1181\" \/>\n\t<meta property=\"og:image:height\" content=\"789\" \/>\n\t<meta property=\"og:image:type\" content=\"image\/jpeg\" \/>\n<meta name=\"author\" content=\"Redazione\" \/>\n<meta name=\"twitter:card\" content=\"summary_large_image\" \/>\n<meta name=\"twitter:creator\" content=\"@intoscana\" \/>\n<meta name=\"twitter:site\" content=\"@intoscana\" \/>\n<meta name=\"twitter:label1\" content=\"Written by\" \/>\n\t<meta name=\"twitter:data1\" content=\"Redazione\" \/>\n\t<meta name=\"twitter:label2\" content=\"Est. reading time\" \/>\n\t<meta name=\"twitter:data2\" content=\"3 minuti\" \/>\n<script type=\"application\/ld+json\" class=\"yoast-schema-graph\">{\"@context\":\"https:\/\/schema.org\",\"@graph\":[{\"@type\":\"WebPage\",\"@id\":\"https:\/\/www.intoscana.it\/it\/natale-volterra-si-illumina-di-poesia-con-le-parole-di-franco-arminio\/\",\"url\":\"https:\/\/www.intoscana.it\/it\/natale-volterra-si-illumina-di-poesia-con-le-parole-di-franco-arminio\/\",\"name\":\"Natale, Volterra si illumina di poesia con le parole di Franco Arminio - intoscana\",\"isPartOf\":{\"@id\":\"https:\/\/www.intoscana.it\/it\/#website\"},\"primaryImageOfPage\":{\"@id\":\"https:\/\/www.intoscana.it\/it\/natale-volterra-si-illumina-di-poesia-con-le-parole-di-franco-arminio\/#primaryimage\"},\"image\":{\"@id\":\"https:\/\/www.intoscana.it\/it\/natale-volterra-si-illumina-di-poesia-con-le-parole-di-franco-arminio\/#primaryimage\"},\"thumbnailUrl\":\"https:\/\/www.intoscana.it\/wp-content\/uploads\/palazzo-dei-priori-1-credit-nico-rossi.jpg\",\"datePublished\":\"2022-12-09T10:24:28+00:00\",\"dateModified\":\"2022-12-09T10:32:14+00:00\",\"author\":{\"@id\":\"https:\/\/www.intoscana.it\/it\/#\/schema\/person\/9223810753230f20bd670fdd322661f8\"},\"description\":\"Lungo le strade della prima citt\u00e0 toscana della cultura 2022 oltre 100 alberi a led all'uscita dei negozi e la via delle favole per i bambini\",\"breadcrumb\":{\"@id\":\"https:\/\/www.intoscana.it\/it\/natale-volterra-si-illumina-di-poesia-con-le-parole-di-franco-arminio\/#breadcrumb\"},\"inLanguage\":\"it-IT\",\"potentialAction\":[{\"@type\":\"ReadAction\",\"target\":[\"https:\/\/www.intoscana.it\/it\/natale-volterra-si-illumina-di-poesia-con-le-parole-di-franco-arminio\/\"]}]},{\"@type\":\"ImageObject\",\"inLanguage\":\"it-IT\",\"@id\":\"https:\/\/www.intoscana.it\/it\/natale-volterra-si-illumina-di-poesia-con-le-parole-di-franco-arminio\/#primaryimage\",\"url\":\"https:\/\/www.intoscana.it\/wp-content\/uploads\/palazzo-dei-priori-1-credit-nico-rossi.jpg\",\"contentUrl\":\"https:\/\/www.intoscana.it\/wp-content\/uploads\/palazzo-dei-priori-1-credit-nico-rossi.jpg\",\"width\":1181,\"height\":789,\"caption\":\"Palazzo dei Priori a Volterra illuminata per il Natale - \u00a9 Nico Rossi\"},{\"@type\":\"BreadcrumbList\",\"@id\":\"https:\/\/www.intoscana.it\/it\/natale-volterra-si-illumina-di-poesia-con-le-parole-di-franco-arminio\/#breadcrumb\",\"itemListElement\":[{\"@type\":\"ListItem\",\"position\":1,\"name\":\"Home\",\"item\":\"https:\/\/www.intoscana.it\/it\/\"},{\"@type\":\"ListItem\",\"position\":2,\"name\":\"Natale, Volterra si illumina di poesia con le parole di Franco Arminio\"}]},{\"@type\":\"WebSite\",\"@id\":\"https:\/\/www.intoscana.it\/it\/#website\",\"url\":\"https:\/\/www.intoscana.it\/it\/\",\"name\":\"intoscana\",\"description\":\"\",\"potentialAction\":[{\"@type\":\"SearchAction\",\"target\":{\"@type\":\"EntryPoint\",\"urlTemplate\":\"https:\/\/www.intoscana.it\/it\/?s={search_term_string}\"},\"query-input\":{\"@type\":\"PropertyValueSpecification\",\"valueRequired\":true,\"valueName\":\"search_term_string\"}}],\"inLanguage\":\"it-IT\"},{\"@type\":\"Person\",\"@id\":\"https:\/\/www.intoscana.it\/it\/#\/schema\/person\/9223810753230f20bd670fdd322661f8\",\"name\":\"Redazione\",\"url\":\"https:\/\/www.intoscana.it\/it\/author\/redazione\/\"}]}<\/script>\n<!-- \/ Yoast SEO Premium plugin. -->","yoast_head_json":{"title":"Natale, Volterra si illumina di poesia con le parole di Franco Arminio - intoscana","description":"Lungo le strade della prima citt\u00e0 toscana della cultura 2022 oltre 100 alberi a led all'uscita dei negozi e la via delle favole per i bambini","robots":{"index":"index","follow":"follow","max-snippet":"max-snippet:-1","max-image-preview":"max-image-preview:large","max-video-preview":"max-video-preview:-1"},"canonical":"https:\/\/www.intoscana.it\/it\/natale-volterra-si-illumina-di-poesia-con-le-parole-di-franco-arminio\/","og_locale":"it_IT","og_type":"article","og_title":"Natale, Volterra si illumina di poesia con le parole di Franco Arminio","og_description":"Lungo le strade della prima citt\u00e0 toscana della cultura 2022 oltre 100 alberi a led all'uscita dei negozi e la via delle favole per i bambini","og_url":"https:\/\/www.intoscana.it\/it\/natale-volterra-si-illumina-di-poesia-con-le-parole-di-franco-arminio\/","og_site_name":"intoscana","article_publisher":"https:\/\/www.facebook.com\/intoscana.it","article_published_time":"2022-12-09T10:24:28+00:00","article_modified_time":"2022-12-09T10:32:14+00:00","og_image":[{"width":1181,"height":789,"url":"https:\/\/www.intoscana.it\/wp-content\/uploads\/palazzo-dei-priori-1-credit-nico-rossi.jpg","type":"image\/jpeg"}],"author":"Redazione","twitter_card":"summary_large_image","twitter_creator":"@intoscana","twitter_site":"@intoscana","twitter_misc":{"Written by":"Redazione","Est. reading time":"3 minuti"},"schema":{"@context":"https:\/\/schema.org","@graph":[{"@type":"WebPage","@id":"https:\/\/www.intoscana.it\/it\/natale-volterra-si-illumina-di-poesia-con-le-parole-di-franco-arminio\/","url":"https:\/\/www.intoscana.it\/it\/natale-volterra-si-illumina-di-poesia-con-le-parole-di-franco-arminio\/","name":"Natale, Volterra si illumina di poesia con le parole di Franco Arminio - intoscana","isPartOf":{"@id":"https:\/\/www.intoscana.it\/it\/#website"},"primaryImageOfPage":{"@id":"https:\/\/www.intoscana.it\/it\/natale-volterra-si-illumina-di-poesia-con-le-parole-di-franco-arminio\/#primaryimage"},"image":{"@id":"https:\/\/www.intoscana.it\/it\/natale-volterra-si-illumina-di-poesia-con-le-parole-di-franco-arminio\/#primaryimage"},"thumbnailUrl":"https:\/\/www.intoscana.it\/wp-content\/uploads\/palazzo-dei-priori-1-credit-nico-rossi.jpg","datePublished":"2022-12-09T10:24:28+00:00","dateModified":"2022-12-09T10:32:14+00:00","author":{"@id":"https:\/\/www.intoscana.it\/it\/#\/schema\/person\/9223810753230f20bd670fdd322661f8"},"description":"Lungo le strade della prima citt\u00e0 toscana della cultura 2022 oltre 100 alberi a led all'uscita dei negozi e la via delle favole per i bambini","breadcrumb":{"@id":"https:\/\/www.intoscana.it\/it\/natale-volterra-si-illumina-di-poesia-con-le-parole-di-franco-arminio\/#breadcrumb"},"inLanguage":"it-IT","potentialAction":[{"@type":"ReadAction","target":["https:\/\/www.intoscana.it\/it\/natale-volterra-si-illumina-di-poesia-con-le-parole-di-franco-arminio\/"]}]},{"@type":"ImageObject","inLanguage":"it-IT","@id":"https:\/\/www.intoscana.it\/it\/natale-volterra-si-illumina-di-poesia-con-le-parole-di-franco-arminio\/#primaryimage","url":"https:\/\/www.intoscana.it\/wp-content\/uploads\/palazzo-dei-priori-1-credit-nico-rossi.jpg","contentUrl":"https:\/\/www.intoscana.it\/wp-content\/uploads\/palazzo-dei-priori-1-credit-nico-rossi.jpg","width":1181,"height":789,"caption":"Palazzo dei Priori a Volterra illuminata per il Natale - \u00a9 Nico Rossi"},{"@type":"BreadcrumbList","@id":"https:\/\/www.intoscana.it\/it\/natale-volterra-si-illumina-di-poesia-con-le-parole-di-franco-arminio\/#breadcrumb","itemListElement":[{"@type":"ListItem","position":1,"name":"Home","item":"https:\/\/www.intoscana.it\/it\/"},{"@type":"ListItem","position":2,"name":"Natale, Volterra si illumina di poesia con le parole di Franco Arminio"}]},{"@type":"WebSite","@id":"https:\/\/www.intoscana.it\/it\/#website","url":"https:\/\/www.intoscana.it\/it\/","name":"intoscana","description":"","potentialAction":[{"@type":"SearchAction","target":{"@type":"EntryPoint","urlTemplate":"https:\/\/www.intoscana.it\/it\/?s={search_term_string}"},"query-input":{"@type":"PropertyValueSpecification","valueRequired":true,"valueName":"search_term_string"}}],"inLanguage":"it-IT"},{"@type":"Person","@id":"https:\/\/www.intoscana.it\/it\/#\/schema\/person\/9223810753230f20bd670fdd322661f8","name":"Redazione","url":"https:\/\/www.intoscana.it\/it\/author\/redazione\/"}]}},"_links":{"self":[{"href":"https:\/\/www.intoscana.it\/it\/wp-json\/wp\/v2\/posts\/262230","targetHints":{"allow":["GET"]}}],"collection":[{"href":"https:\/\/www.intoscana.it\/it\/wp-json\/wp\/v2\/posts"}],"about":[{"href":"https:\/\/www.intoscana.it\/it\/wp-json\/wp\/v2\/types\/post"}],"author":[{"embeddable":true,"href":"https:\/\/www.intoscana.it\/it\/wp-json\/wp\/v2\/users\/525"}],"replies":[{"embeddable":true,"href":"https:\/\/www.intoscana.it\/it\/wp-json\/wp\/v2\/comments?post=262230"}],"version-history":[{"count":0,"href":"https:\/\/www.intoscana.it\/it\/wp-json\/wp\/v2\/posts\/262230\/revisions"}],"wp:featuredmedia":[{"embeddable":true,"href":"https:\/\/www.intoscana.it\/it\/wp-json\/wp\/v2\/media\/262231"}],"wp:attachment":[{"href":"https:\/\/www.intoscana.it\/it\/wp-json\/wp\/v2\/media?parent=262230"}],"wp:term":[{"taxonomy":"category","embeddable":true,"href":"https:\/\/www.intoscana.it\/it\/wp-json\/wp\/v2\/categories?post=262230"},{"taxonomy":"post_tag","embeddable":true,"href":"https:\/\/www.intoscana.it\/it\/wp-json\/wp\/v2\/tags?post=262230"}],"curies":[{"name":"wp","href":"https:\/\/api.w.org\/{rel}","templated":true}]}}