{"id":262488,"date":"2022-12-12T12:42:01","date_gmt":"2022-12-12T11:42:01","guid":{"rendered":"https:\/\/www.intoscana.it\/it\/?p=262488"},"modified":"2022-12-12T12:42:01","modified_gmt":"2022-12-12T11:42:01","slug":"altra-volterra-libro","status":"publish","type":"post","link":"https:\/\/www.intoscana.it\/it\/altra-volterra-libro\/","title":{"rendered":"A Volterra un processo di rigenerazione urbana per ripristinare spazi in disuso"},"content":{"rendered":"<p>Presentati a <strong>Volterra<\/strong> i risultati del processo partecipativo <em>Facciamoci spazio!<\/em>. In un volume, dal titolo \u201c<em>L\u2019Altra Volterra. Un\u2019esplorazione territoriale tra attesa e rigenerazione<\/em>\u201d, sono stati raccolti i frutti del lavoro che ha coinvolto studiosi, cittadini, associazioni e istituzioni. L\u2019obiettivo del percorso era quello di elaborare una controgeografia della citt\u00e0, una <a href=\"https:\/\/partecipa.toscana.it\/web\/facciamoci-spazio\/home\" target=\"_blank\" rel=\"noopener\">mappa georeferenziata di luoghi in stato di abbandono<\/a> con l\u2019intenzione di lavorare al loro recupero e a una riappropriazione da parte della comunit\u00e0. L\u2019esperienza, iniziata nel 2021 dall\u2019Amministrazione Comunale con il sostegno dell\u2019<strong>Autorit\u00e0 per la garanzia e la promozione della Partecipazione di Regione Toscana<\/strong>, \u00e8 in continuit\u00e0 con il progetto di Rigenerazione Umana ideato per la candidatura di Volterra a Capitale Italiana della Cultura.<\/p>\n<p>\u201c<mark>Con questo progetto abbiamo guardato dove di solito non si guarda<\/mark>, dove c\u2019\u00e8 qualcosa che non funziona. \u00c8 stata una sfida coraggiosa quella di questo Comune\u201d, ha spiegato l\u2019esperta di pianificazione e progettazione interattiva <strong>Maddalena Rossi<\/strong>, che con la societ\u00e0 <strong>Avventura Urbana<\/strong> ha lavorato all\u2019iniziativa. \u201cAbbiamo costruito anche una mappa della memoria, per ancorare il futuro a uno sviluppo che parta dalle risorse e dalle caratteristiche locali del territorio. Oltre il 60% dell\u2019Italia fa parte delle cosiddette aree interne e non possiamo non segnalare quanto servano politiche nazionali di riequilibrio territoriale\u201d.<\/p>\n<p>\u201cQuesto lavoro \u00e8 in linea con gli obiettivi che ci siamo dati in questi anni come Amministrazione\u201d, ha aggiunto <strong>Dario Danti<\/strong>, assessore alle culture del Comune di Volterra. \u201cIl volume, con la sua mappa dei luoghi in disuso, non restituisce semplicemente una fotografia della situazione attuale, ma d\u00e0 la <mark>possibilit\u00e0 di recuperare questi luoghi e di andare avanti nell\u2019opera di rigenerazione urbana e umana<\/mark>\u201d.<\/p>\n<p>\u201cQuesto \u00e8 un tentativo di fissare in un libro ben fatto una mappa profonda del territorio\u201d, come ha commentato in chiusura l\u2019assessore regionale alla partecipazione e alle infrastrutture digitali <strong>Stefano Ciuoffo<\/strong>. \u201c<mark>Con questo lavoro avete dato ai luoghi tridimensionalit\u00e0<\/mark>, \u00e8 una mappa dove non ci sono solo luoghi ma anche storie, pensieri, persone e questo pu\u00f2 aprire la strada a una nuova progettualit\u00e0. Diamo per scontato che il progresso e le mutazioni dell\u2019economia abbiano delle conseguenze inevitabili, viene da pensare che tutto quello che ci sta accadendo non poteva che accadere cos\u00ec. Se ci rassegniamo a questa lettura, \u00e8 semplice immaginare che questo processo progredir\u00e0 ancora, probabilmente con meccanismi che potrebbero addirittura accelerarlo. Il percorso partecipativo ci invita a guardarci intorno per vedere che non \u00e8 cos\u00ec vero che qua non si pu\u00f2 stare o lavorare n\u00e9 tantomeno che non pu\u00f2 esserci eccellenza. \u00c8 un po\u2019 la scommessa di questa legislatura della Regione Toscana: l\u2019idea di <mark>dare a ogni territorio e a ogni cittadino della Toscana le stesse opportunit\u00e0<\/mark>\u201d.<\/p>\n<figure id=\"post-262513 media-262513\" class=\"align-center\"><img decoding=\"async\" src=\"https:\/\/www.intoscana.it\/wp-content\/uploads\/processo-partecipativo-facciamo-spazio-scaled.jpeg\" alt=\"\" \/><\/figure>\n<div class=\"titleimg\">Momenti del processo partecipativo Facciamoci Spazio &#8211; \u00a9 Comune di Volterra<\/div>\n","protected":false},"excerpt":{"rendered":"<p>In un libro raccolti gli esiti della ricerca dei luoghi della citt\u00e0 in stato di abbandono, con l\u2019obiettivo di riattivare le aree in disuso<\/p>\n","protected":false},"author":519,"featured_media":262516,"comment_status":"open","ping_status":"open","sticky":false,"template":"","format":"standard","meta":{"_acf_changed":false,"footnotes":""},"categories":[475],"tags":[4507,5290,5145,2404],"class_list":["post-262488","post","type-post","status-publish","format-standard","has-post-thumbnail","hentry","category-innovazione","tag-partecipazione","tag-rigenerazione-urbana","tag-stefano-ciuoffo","tag-volterra"],"acf":[],"yoast_head":"<!-- This site is optimized with the Yoast SEO Premium plugin v24.2 (Yoast SEO v25.6) - https:\/\/yoast.com\/wordpress\/plugins\/seo\/ -->\n<title>Volterra, costruita una mappa per rigenerare gli spazi dismessi - intoscana<\/title>\n<meta name=\"description\" content=\"In un libro raccolti gli esiti della ricerca dei luoghi della citt\u00e0 in stato di abbandono, con l\u2019obiettivo di riattivare le aree in disuso\" \/>\n<meta name=\"robots\" content=\"index, follow, max-snippet:-1, max-image-preview:large, max-video-preview:-1\" \/>\n<link rel=\"canonical\" href=\"https:\/\/www.intoscana.it\/it\/altra-volterra-libro\/\" \/>\n<meta property=\"og:locale\" content=\"it_IT\" \/>\n<meta property=\"og:type\" content=\"article\" \/>\n<meta property=\"og:title\" content=\"A Volterra un processo di rigenerazione urbana per ripristinare spazi in disuso\" \/>\n<meta property=\"og:description\" content=\"In un libro raccolti gli esiti della ricerca dei luoghi della citt\u00e0 in stato di abbandono, con l\u2019obiettivo di riattivare le aree in disuso\" \/>\n<meta property=\"og:url\" content=\"https:\/\/www.intoscana.it\/it\/altra-volterra-libro\/\" \/>\n<meta property=\"og:site_name\" content=\"intoscana\" \/>\n<meta property=\"article:publisher\" content=\"https:\/\/www.facebook.com\/intoscana.it\" \/>\n<meta property=\"article:published_time\" content=\"2022-12-12T11:42:01+00:00\" \/>\n<meta property=\"og:image\" content=\"https:\/\/www.intoscana.it\/wp-content\/uploads\/altra-volterra-libro.jpg\" \/>\n\t<meta property=\"og:image:width\" content=\"1195\" \/>\n\t<meta property=\"og:image:height\" content=\"825\" \/>\n\t<meta property=\"og:image:type\" content=\"image\/jpeg\" \/>\n<meta name=\"author\" content=\"Eleonora Lopiano\" \/>\n<meta name=\"twitter:card\" content=\"summary_large_image\" \/>\n<meta name=\"twitter:creator\" content=\"@intoscana\" \/>\n<meta name=\"twitter:site\" content=\"@intoscana\" \/>\n<meta name=\"twitter:label1\" content=\"Written by\" \/>\n\t<meta name=\"twitter:data1\" content=\"Eleonora Lopiano\" \/>\n\t<meta name=\"twitter:label2\" content=\"Est. reading time\" \/>\n\t<meta name=\"twitter:data2\" content=\"2 minuti\" \/>\n<script type=\"application\/ld+json\" class=\"yoast-schema-graph\">{\"@context\":\"https:\/\/schema.org\",\"@graph\":[{\"@type\":\"WebPage\",\"@id\":\"https:\/\/www.intoscana.it\/it\/altra-volterra-libro\/\",\"url\":\"https:\/\/www.intoscana.it\/it\/altra-volterra-libro\/\",\"name\":\"Volterra, costruita una mappa per rigenerare gli spazi dismessi - intoscana\",\"isPartOf\":{\"@id\":\"https:\/\/www.intoscana.it\/it\/#website\"},\"primaryImageOfPage\":{\"@id\":\"https:\/\/www.intoscana.it\/it\/altra-volterra-libro\/#primaryimage\"},\"image\":{\"@id\":\"https:\/\/www.intoscana.it\/it\/altra-volterra-libro\/#primaryimage\"},\"thumbnailUrl\":\"https:\/\/www.intoscana.it\/wp-content\/uploads\/altra-volterra-libro.jpg\",\"datePublished\":\"2022-12-12T11:42:01+00:00\",\"author\":{\"@id\":\"https:\/\/www.intoscana.it\/it\/#\/schema\/person\/198d970360d832c0d976863b367b25e6\"},\"description\":\"In un libro raccolti gli esiti della ricerca dei luoghi della citt\u00e0 in stato di abbandono, con l\u2019obiettivo di riattivare le aree in disuso\",\"breadcrumb\":{\"@id\":\"https:\/\/www.intoscana.it\/it\/altra-volterra-libro\/#breadcrumb\"},\"inLanguage\":\"it-IT\",\"potentialAction\":[{\"@type\":\"ReadAction\",\"target\":[\"https:\/\/www.intoscana.it\/it\/altra-volterra-libro\/\"]}]},{\"@type\":\"ImageObject\",\"inLanguage\":\"it-IT\",\"@id\":\"https:\/\/www.intoscana.it\/it\/altra-volterra-libro\/#primaryimage\",\"url\":\"https:\/\/www.intoscana.it\/wp-content\/uploads\/altra-volterra-libro.jpg\",\"contentUrl\":\"https:\/\/www.intoscana.it\/wp-content\/uploads\/altra-volterra-libro.jpg\",\"width\":1195,\"height\":825,\"caption\":\"Presentazione del libro L'Altra Volterra\"},{\"@type\":\"BreadcrumbList\",\"@id\":\"https:\/\/www.intoscana.it\/it\/altra-volterra-libro\/#breadcrumb\",\"itemListElement\":[{\"@type\":\"ListItem\",\"position\":1,\"name\":\"Home\",\"item\":\"https:\/\/www.intoscana.it\/it\/\"},{\"@type\":\"ListItem\",\"position\":2,\"name\":\"A Volterra un processo di rigenerazione urbana per ripristinare spazi in disuso\"}]},{\"@type\":\"WebSite\",\"@id\":\"https:\/\/www.intoscana.it\/it\/#website\",\"url\":\"https:\/\/www.intoscana.it\/it\/\",\"name\":\"intoscana\",\"description\":\"\",\"potentialAction\":[{\"@type\":\"SearchAction\",\"target\":{\"@type\":\"EntryPoint\",\"urlTemplate\":\"https:\/\/www.intoscana.it\/it\/?s={search_term_string}\"},\"query-input\":{\"@type\":\"PropertyValueSpecification\",\"valueRequired\":true,\"valueName\":\"search_term_string\"}}],\"inLanguage\":\"it-IT\"},{\"@type\":\"Person\",\"@id\":\"https:\/\/www.intoscana.it\/it\/#\/schema\/person\/198d970360d832c0d976863b367b25e6\",\"name\":\"Eleonora Lopiano\",\"url\":\"https:\/\/www.intoscana.it\/it\/author\/eleonora-lopiano\/\"}]}<\/script>\n<!-- \/ Yoast SEO Premium plugin. -->","yoast_head_json":{"title":"Volterra, costruita una mappa per rigenerare gli spazi dismessi - intoscana","description":"In un libro raccolti gli esiti della ricerca dei luoghi della citt\u00e0 in stato di abbandono, con l\u2019obiettivo di riattivare le aree in disuso","robots":{"index":"index","follow":"follow","max-snippet":"max-snippet:-1","max-image-preview":"max-image-preview:large","max-video-preview":"max-video-preview:-1"},"canonical":"https:\/\/www.intoscana.it\/it\/altra-volterra-libro\/","og_locale":"it_IT","og_type":"article","og_title":"A Volterra un processo di rigenerazione urbana per ripristinare spazi in disuso","og_description":"In un libro raccolti gli esiti della ricerca dei luoghi della citt\u00e0 in stato di abbandono, con l\u2019obiettivo di riattivare le aree in disuso","og_url":"https:\/\/www.intoscana.it\/it\/altra-volterra-libro\/","og_site_name":"intoscana","article_publisher":"https:\/\/www.facebook.com\/intoscana.it","article_published_time":"2022-12-12T11:42:01+00:00","og_image":[{"width":1195,"height":825,"url":"https:\/\/www.intoscana.it\/wp-content\/uploads\/altra-volterra-libro.jpg","type":"image\/jpeg"}],"author":"Eleonora Lopiano","twitter_card":"summary_large_image","twitter_creator":"@intoscana","twitter_site":"@intoscana","twitter_misc":{"Written by":"Eleonora Lopiano","Est. reading time":"2 minuti"},"schema":{"@context":"https:\/\/schema.org","@graph":[{"@type":"WebPage","@id":"https:\/\/www.intoscana.it\/it\/altra-volterra-libro\/","url":"https:\/\/www.intoscana.it\/it\/altra-volterra-libro\/","name":"Volterra, costruita una mappa per rigenerare gli spazi dismessi - intoscana","isPartOf":{"@id":"https:\/\/www.intoscana.it\/it\/#website"},"primaryImageOfPage":{"@id":"https:\/\/www.intoscana.it\/it\/altra-volterra-libro\/#primaryimage"},"image":{"@id":"https:\/\/www.intoscana.it\/it\/altra-volterra-libro\/#primaryimage"},"thumbnailUrl":"https:\/\/www.intoscana.it\/wp-content\/uploads\/altra-volterra-libro.jpg","datePublished":"2022-12-12T11:42:01+00:00","author":{"@id":"https:\/\/www.intoscana.it\/it\/#\/schema\/person\/198d970360d832c0d976863b367b25e6"},"description":"In un libro raccolti gli esiti della ricerca dei luoghi della citt\u00e0 in stato di abbandono, con l\u2019obiettivo di riattivare le aree in disuso","breadcrumb":{"@id":"https:\/\/www.intoscana.it\/it\/altra-volterra-libro\/#breadcrumb"},"inLanguage":"it-IT","potentialAction":[{"@type":"ReadAction","target":["https:\/\/www.intoscana.it\/it\/altra-volterra-libro\/"]}]},{"@type":"ImageObject","inLanguage":"it-IT","@id":"https:\/\/www.intoscana.it\/it\/altra-volterra-libro\/#primaryimage","url":"https:\/\/www.intoscana.it\/wp-content\/uploads\/altra-volterra-libro.jpg","contentUrl":"https:\/\/www.intoscana.it\/wp-content\/uploads\/altra-volterra-libro.jpg","width":1195,"height":825,"caption":"Presentazione del libro L'Altra Volterra"},{"@type":"BreadcrumbList","@id":"https:\/\/www.intoscana.it\/it\/altra-volterra-libro\/#breadcrumb","itemListElement":[{"@type":"ListItem","position":1,"name":"Home","item":"https:\/\/www.intoscana.it\/it\/"},{"@type":"ListItem","position":2,"name":"A Volterra un processo di rigenerazione urbana per ripristinare spazi in disuso"}]},{"@type":"WebSite","@id":"https:\/\/www.intoscana.it\/it\/#website","url":"https:\/\/www.intoscana.it\/it\/","name":"intoscana","description":"","potentialAction":[{"@type":"SearchAction","target":{"@type":"EntryPoint","urlTemplate":"https:\/\/www.intoscana.it\/it\/?s={search_term_string}"},"query-input":{"@type":"PropertyValueSpecification","valueRequired":true,"valueName":"search_term_string"}}],"inLanguage":"it-IT"},{"@type":"Person","@id":"https:\/\/www.intoscana.it\/it\/#\/schema\/person\/198d970360d832c0d976863b367b25e6","name":"Eleonora Lopiano","url":"https:\/\/www.intoscana.it\/it\/author\/eleonora-lopiano\/"}]}},"_links":{"self":[{"href":"https:\/\/www.intoscana.it\/it\/wp-json\/wp\/v2\/posts\/262488","targetHints":{"allow":["GET"]}}],"collection":[{"href":"https:\/\/www.intoscana.it\/it\/wp-json\/wp\/v2\/posts"}],"about":[{"href":"https:\/\/www.intoscana.it\/it\/wp-json\/wp\/v2\/types\/post"}],"author":[{"embeddable":true,"href":"https:\/\/www.intoscana.it\/it\/wp-json\/wp\/v2\/users\/519"}],"replies":[{"embeddable":true,"href":"https:\/\/www.intoscana.it\/it\/wp-json\/wp\/v2\/comments?post=262488"}],"version-history":[{"count":0,"href":"https:\/\/www.intoscana.it\/it\/wp-json\/wp\/v2\/posts\/262488\/revisions"}],"wp:featuredmedia":[{"embeddable":true,"href":"https:\/\/www.intoscana.it\/it\/wp-json\/wp\/v2\/media\/262516"}],"wp:attachment":[{"href":"https:\/\/www.intoscana.it\/it\/wp-json\/wp\/v2\/media?parent=262488"}],"wp:term":[{"taxonomy":"category","embeddable":true,"href":"https:\/\/www.intoscana.it\/it\/wp-json\/wp\/v2\/categories?post=262488"},{"taxonomy":"post_tag","embeddable":true,"href":"https:\/\/www.intoscana.it\/it\/wp-json\/wp\/v2\/tags?post=262488"}],"curies":[{"name":"wp","href":"https:\/\/api.w.org\/{rel}","templated":true}]}}