{"id":262501,"date":"2022-12-12T12:14:14","date_gmt":"2022-12-12T11:14:14","guid":{"rendered":"https:\/\/www.intoscana.it\/it\/?p=262501"},"modified":"2022-12-12T12:38:13","modified_gmt":"2022-12-12T11:38:13","slug":"toscana-al-top-per-la-qualita-della-vita-sul-podio-firenze-siena-e-pisa","status":"publish","type":"post","link":"https:\/\/www.intoscana.it\/it\/toscana-al-top-per-la-qualita-della-vita-sul-podio-firenze-siena-e-pisa\/","title":{"rendered":"Toscana al top per la qualit\u00e0 della vita: sul podio Firenze, Siena e Pisa"},"content":{"rendered":"<p>Ambiente, servizi, cultura e, in generale,\u00a0 tutto quello che rende una citt\u00e0 vivibile. Altrimenti detto: <strong>qualit\u00e0 della vita<\/strong>. La <strong>Toscana<\/strong> resta ancora un&#8217;isola felice, nonostante la crisi che morde, il caro-energia e l&#8217;inflazione. Sullo sfondo l&#8217;incertezza della situazione politica internazionale e una percezione della sicurezza che tende al basso. Questo delinea il <mark>33esimo rapporto della Qualit\u00e0 della vita 2022 del Sole24Ore, 90 indicatori che fanno la cartina tornasole della societ\u00e0 italiana che evolve e cerca di adattarsi ai cambiamenti.<\/mark><\/p>\n<h3><em>Citt\u00e0 dove si vive meglio: Firenze \u00e8 la terza classificata<\/em><\/h3>\n<p>Nella classifica generale, la Toscana conquista il podio: prima Bologna, seguita da Bolzano e <strong>Firenze<\/strong>. Un ritorno ai vertici per la citt\u00e0 metropolitana toscana che rispetto al 2021 scala otto posizioni, ben 24 guardando al 2020. Appena fuori dall&#8217;olimpo, ma ben salda nella top 10 ecco<strong> Siena<\/strong> al quarto posto che scala 11 posizioni. Per ritrovare un&#8217;altra toscana non bisogna scorrere molto: al decimo posto ecco <strong>Pisa<\/strong> che cresce di 12 posti.<\/p>\n<h3><em>La Toscana domina per ambiente e servizi<\/em><\/h3>\n<p>Ambiente e servizi \u00e8 la sotto-classifica tra le pi\u00f9 ambite e in questo 2022 parla toscano: al vertice c&#8217;\u00e8 <mark>Pisa, segue a ruota Siena, sesta Firenze e nona Grosseto<\/mark>.<\/p>\n<p>Entrando nel dettaglio dei singoli indicatori, guardando alla <strong>digitalizzazione<\/strong> degli enti locali Firenze spicca su tutte. Siena e Firenze si distaccano dalle altre realt\u00e0 toscane per i servizi dedicati ai <strong>bambini,<\/strong> quindi asili nidi, aree giochi, pediatri e scuole accessibili. Il capoluogo \u00e8 primo anche per cultura e tempo libero. Vittoria anche per <strong>Lucca<\/strong>, che \u00e8 prima per la presenza di isole pedonali rispetto alla popolazione residente.<\/p>\n<h3><em>Firenze prima anche per la speranza di vita alla nascita: 84 anni<\/em><\/h3>\n<p>Demografia e salute sono altre sotto-categorie in cui la Toscana brilla. Dopo il primato emiliano, Pisa si piazza al quarto posto, il sesto va a Firenze e il nono a Siena. <mark>Sul fronte sanit\u00e0, la citt\u00e0 del Palio \u00e8 prima per la presenza di medici specialistici, seconda \u00e8 Pisa. La pi\u00f9 alta speranza di vita va Firence, con 84 anni.<\/mark> Prato \u00e8 invece la provincia italiana con la presenza maggiore di immigrati regolari.<\/p>\n<p>La Toscana ha per\u00f2 anche un ultimo posto, quello nella classifica dell&#8217;et\u00e0 media delle donne al primo parto: <mark>Firenze \u00e8 ultima (insieme a Milano) con una media di 33,3 anni.<\/mark><\/p>\n","protected":false},"excerpt":{"rendered":"<p>La classifica del Sole24Ore premia la regione: il capoluogo primo per speranza di vita, la citt\u00e0 del Palio eccelle per i servizi all&#8217;infanzia<\/p>\n","protected":false},"author":545,"featured_media":217079,"comment_status":"open","ping_status":"open","sticky":false,"template":"","format":"standard","meta":{"_acf_changed":false,"footnotes":""},"categories":[494],"tags":[202,203,164],"class_list":["post-262501","post","type-post","status-publish","format-standard","has-post-thumbnail","hentry","category-attualita","tag-firenze","tag-pisa","tag-siena"],"acf":[],"yoast_head":"<!-- This site is optimized with the Yoast SEO Premium plugin v24.2 (Yoast SEO v25.6) - https:\/\/yoast.com\/wordpress\/plugins\/seo\/ -->\n<title>Toscana al top per la qualit\u00e0 della vita: sul podio Firenze, Siena e Pisa - intoscana<\/title>\n<meta name=\"description\" content=\"La classifica del Sole24Ore premia la regione: il capoluogo primo per speranza di vita, la citt\u00e0 del Palio eccelle per i servizi all&#039;infanzia\" \/>\n<meta name=\"robots\" content=\"index, follow, max-snippet:-1, max-image-preview:large, max-video-preview:-1\" \/>\n<link rel=\"canonical\" href=\"https:\/\/www.intoscana.it\/it\/toscana-al-top-per-la-qualita-della-vita-sul-podio-firenze-siena-e-pisa\/\" \/>\n<meta property=\"og:locale\" content=\"it_IT\" \/>\n<meta property=\"og:type\" content=\"article\" \/>\n<meta property=\"og:title\" content=\"Toscana al top per la qualit\u00e0 della vita: sul podio Firenze, Siena e Pisa\" \/>\n<meta property=\"og:description\" content=\"La classifica del Sole24Ore premia la regione: il capoluogo primo per speranza di vita, la citt\u00e0 del Palio eccelle per i servizi all&#039;infanzia\" \/>\n<meta property=\"og:url\" content=\"https:\/\/www.intoscana.it\/it\/toscana-al-top-per-la-qualita-della-vita-sul-podio-firenze-siena-e-pisa\/\" \/>\n<meta property=\"og:site_name\" content=\"intoscana\" \/>\n<meta property=\"article:publisher\" content=\"https:\/\/www.facebook.com\/intoscana.it\" \/>\n<meta property=\"article:published_time\" content=\"2022-12-12T11:14:14+00:00\" \/>\n<meta property=\"article:modified_time\" content=\"2022-12-12T11:38:13+00:00\" \/>\n<meta property=\"og:image\" content=\"https:\/\/www.intoscana.it\/wp-content\/uploads\/IMG_6367.jpg\" \/>\n\t<meta property=\"og:image:width\" content=\"2048\" \/>\n\t<meta property=\"og:image:height\" content=\"1365\" \/>\n\t<meta property=\"og:image:type\" content=\"image\/jpeg\" \/>\n<meta name=\"author\" content=\"Clara D&#039;Acunto\" \/>\n<meta name=\"twitter:card\" content=\"summary_large_image\" \/>\n<meta name=\"twitter:creator\" content=\"@intoscana\" \/>\n<meta name=\"twitter:site\" content=\"@intoscana\" \/>\n<meta name=\"twitter:label1\" content=\"Written by\" \/>\n\t<meta name=\"twitter:data1\" content=\"Clara D&#039;Acunto\" \/>\n\t<meta name=\"twitter:label2\" content=\"Est. reading time\" \/>\n\t<meta name=\"twitter:data2\" content=\"2 minuti\" \/>\n<script type=\"application\/ld+json\" class=\"yoast-schema-graph\">{\"@context\":\"https:\/\/schema.org\",\"@graph\":[{\"@type\":\"WebPage\",\"@id\":\"https:\/\/www.intoscana.it\/it\/toscana-al-top-per-la-qualita-della-vita-sul-podio-firenze-siena-e-pisa\/\",\"url\":\"https:\/\/www.intoscana.it\/it\/toscana-al-top-per-la-qualita-della-vita-sul-podio-firenze-siena-e-pisa\/\",\"name\":\"Toscana al top per la qualit\u00e0 della vita: sul podio Firenze, Siena e Pisa - intoscana\",\"isPartOf\":{\"@id\":\"https:\/\/www.intoscana.it\/it\/#website\"},\"primaryImageOfPage\":{\"@id\":\"https:\/\/www.intoscana.it\/it\/toscana-al-top-per-la-qualita-della-vita-sul-podio-firenze-siena-e-pisa\/#primaryimage\"},\"image\":{\"@id\":\"https:\/\/www.intoscana.it\/it\/toscana-al-top-per-la-qualita-della-vita-sul-podio-firenze-siena-e-pisa\/#primaryimage\"},\"thumbnailUrl\":\"https:\/\/www.intoscana.it\/wp-content\/uploads\/IMG_6367.jpg\",\"datePublished\":\"2022-12-12T11:14:14+00:00\",\"dateModified\":\"2022-12-12T11:38:13+00:00\",\"author\":{\"@id\":\"https:\/\/www.intoscana.it\/it\/#\/schema\/person\/137419af9ef5d385bde52864a841e6ce\"},\"description\":\"La classifica del Sole24Ore premia la regione: il capoluogo primo per speranza di vita, la citt\u00e0 del Palio eccelle per i servizi all'infanzia\",\"breadcrumb\":{\"@id\":\"https:\/\/www.intoscana.it\/it\/toscana-al-top-per-la-qualita-della-vita-sul-podio-firenze-siena-e-pisa\/#breadcrumb\"},\"inLanguage\":\"it-IT\",\"potentialAction\":[{\"@type\":\"ReadAction\",\"target\":[\"https:\/\/www.intoscana.it\/it\/toscana-al-top-per-la-qualita-della-vita-sul-podio-firenze-siena-e-pisa\/\"]}]},{\"@type\":\"ImageObject\",\"inLanguage\":\"it-IT\",\"@id\":\"https:\/\/www.intoscana.it\/it\/toscana-al-top-per-la-qualita-della-vita-sul-podio-firenze-siena-e-pisa\/#primaryimage\",\"url\":\"https:\/\/www.intoscana.it\/wp-content\/uploads\/IMG_6367.jpg\",\"contentUrl\":\"https:\/\/www.intoscana.it\/wp-content\/uploads\/IMG_6367.jpg\",\"width\":2048,\"height\":1365,\"caption\":\"Piazza del Campo a Siena\"},{\"@type\":\"BreadcrumbList\",\"@id\":\"https:\/\/www.intoscana.it\/it\/toscana-al-top-per-la-qualita-della-vita-sul-podio-firenze-siena-e-pisa\/#breadcrumb\",\"itemListElement\":[{\"@type\":\"ListItem\",\"position\":1,\"name\":\"Home\",\"item\":\"https:\/\/www.intoscana.it\/it\/\"},{\"@type\":\"ListItem\",\"position\":2,\"name\":\"Toscana al top per la qualit\u00e0 della vita: sul podio Firenze, Siena e Pisa\"}]},{\"@type\":\"WebSite\",\"@id\":\"https:\/\/www.intoscana.it\/it\/#website\",\"url\":\"https:\/\/www.intoscana.it\/it\/\",\"name\":\"intoscana\",\"description\":\"\",\"potentialAction\":[{\"@type\":\"SearchAction\",\"target\":{\"@type\":\"EntryPoint\",\"urlTemplate\":\"https:\/\/www.intoscana.it\/it\/?s={search_term_string}\"},\"query-input\":{\"@type\":\"PropertyValueSpecification\",\"valueRequired\":true,\"valueName\":\"search_term_string\"}}],\"inLanguage\":\"it-IT\"},{\"@type\":\"Person\",\"@id\":\"https:\/\/www.intoscana.it\/it\/#\/schema\/person\/137419af9ef5d385bde52864a841e6ce\",\"name\":\"Clara D'Acunto\",\"url\":\"https:\/\/www.intoscana.it\/it\/author\/clara-d_acunto\/\"}]}<\/script>\n<!-- \/ Yoast SEO Premium plugin. -->","yoast_head_json":{"title":"Toscana al top per la qualit\u00e0 della vita: sul podio Firenze, Siena e Pisa - intoscana","description":"La classifica del Sole24Ore premia la regione: il capoluogo primo per speranza di vita, la citt\u00e0 del Palio eccelle per i servizi all'infanzia","robots":{"index":"index","follow":"follow","max-snippet":"max-snippet:-1","max-image-preview":"max-image-preview:large","max-video-preview":"max-video-preview:-1"},"canonical":"https:\/\/www.intoscana.it\/it\/toscana-al-top-per-la-qualita-della-vita-sul-podio-firenze-siena-e-pisa\/","og_locale":"it_IT","og_type":"article","og_title":"Toscana al top per la qualit\u00e0 della vita: sul podio Firenze, Siena e Pisa","og_description":"La classifica del Sole24Ore premia la regione: il capoluogo primo per speranza di vita, la citt\u00e0 del Palio eccelle per i servizi all'infanzia","og_url":"https:\/\/www.intoscana.it\/it\/toscana-al-top-per-la-qualita-della-vita-sul-podio-firenze-siena-e-pisa\/","og_site_name":"intoscana","article_publisher":"https:\/\/www.facebook.com\/intoscana.it","article_published_time":"2022-12-12T11:14:14+00:00","article_modified_time":"2022-12-12T11:38:13+00:00","og_image":[{"width":2048,"height":1365,"url":"https:\/\/www.intoscana.it\/wp-content\/uploads\/IMG_6367.jpg","type":"image\/jpeg"}],"author":"Clara D'Acunto","twitter_card":"summary_large_image","twitter_creator":"@intoscana","twitter_site":"@intoscana","twitter_misc":{"Written by":"Clara D'Acunto","Est. reading time":"2 minuti"},"schema":{"@context":"https:\/\/schema.org","@graph":[{"@type":"WebPage","@id":"https:\/\/www.intoscana.it\/it\/toscana-al-top-per-la-qualita-della-vita-sul-podio-firenze-siena-e-pisa\/","url":"https:\/\/www.intoscana.it\/it\/toscana-al-top-per-la-qualita-della-vita-sul-podio-firenze-siena-e-pisa\/","name":"Toscana al top per la qualit\u00e0 della vita: sul podio Firenze, Siena e Pisa - intoscana","isPartOf":{"@id":"https:\/\/www.intoscana.it\/it\/#website"},"primaryImageOfPage":{"@id":"https:\/\/www.intoscana.it\/it\/toscana-al-top-per-la-qualita-della-vita-sul-podio-firenze-siena-e-pisa\/#primaryimage"},"image":{"@id":"https:\/\/www.intoscana.it\/it\/toscana-al-top-per-la-qualita-della-vita-sul-podio-firenze-siena-e-pisa\/#primaryimage"},"thumbnailUrl":"https:\/\/www.intoscana.it\/wp-content\/uploads\/IMG_6367.jpg","datePublished":"2022-12-12T11:14:14+00:00","dateModified":"2022-12-12T11:38:13+00:00","author":{"@id":"https:\/\/www.intoscana.it\/it\/#\/schema\/person\/137419af9ef5d385bde52864a841e6ce"},"description":"La classifica del Sole24Ore premia la regione: il capoluogo primo per speranza di vita, la citt\u00e0 del Palio eccelle per i servizi all'infanzia","breadcrumb":{"@id":"https:\/\/www.intoscana.it\/it\/toscana-al-top-per-la-qualita-della-vita-sul-podio-firenze-siena-e-pisa\/#breadcrumb"},"inLanguage":"it-IT","potentialAction":[{"@type":"ReadAction","target":["https:\/\/www.intoscana.it\/it\/toscana-al-top-per-la-qualita-della-vita-sul-podio-firenze-siena-e-pisa\/"]}]},{"@type":"ImageObject","inLanguage":"it-IT","@id":"https:\/\/www.intoscana.it\/it\/toscana-al-top-per-la-qualita-della-vita-sul-podio-firenze-siena-e-pisa\/#primaryimage","url":"https:\/\/www.intoscana.it\/wp-content\/uploads\/IMG_6367.jpg","contentUrl":"https:\/\/www.intoscana.it\/wp-content\/uploads\/IMG_6367.jpg","width":2048,"height":1365,"caption":"Piazza del Campo a Siena"},{"@type":"BreadcrumbList","@id":"https:\/\/www.intoscana.it\/it\/toscana-al-top-per-la-qualita-della-vita-sul-podio-firenze-siena-e-pisa\/#breadcrumb","itemListElement":[{"@type":"ListItem","position":1,"name":"Home","item":"https:\/\/www.intoscana.it\/it\/"},{"@type":"ListItem","position":2,"name":"Toscana al top per la qualit\u00e0 della vita: sul podio Firenze, Siena e Pisa"}]},{"@type":"WebSite","@id":"https:\/\/www.intoscana.it\/it\/#website","url":"https:\/\/www.intoscana.it\/it\/","name":"intoscana","description":"","potentialAction":[{"@type":"SearchAction","target":{"@type":"EntryPoint","urlTemplate":"https:\/\/www.intoscana.it\/it\/?s={search_term_string}"},"query-input":{"@type":"PropertyValueSpecification","valueRequired":true,"valueName":"search_term_string"}}],"inLanguage":"it-IT"},{"@type":"Person","@id":"https:\/\/www.intoscana.it\/it\/#\/schema\/person\/137419af9ef5d385bde52864a841e6ce","name":"Clara D'Acunto","url":"https:\/\/www.intoscana.it\/it\/author\/clara-d_acunto\/"}]}},"_links":{"self":[{"href":"https:\/\/www.intoscana.it\/it\/wp-json\/wp\/v2\/posts\/262501","targetHints":{"allow":["GET"]}}],"collection":[{"href":"https:\/\/www.intoscana.it\/it\/wp-json\/wp\/v2\/posts"}],"about":[{"href":"https:\/\/www.intoscana.it\/it\/wp-json\/wp\/v2\/types\/post"}],"author":[{"embeddable":true,"href":"https:\/\/www.intoscana.it\/it\/wp-json\/wp\/v2\/users\/545"}],"replies":[{"embeddable":true,"href":"https:\/\/www.intoscana.it\/it\/wp-json\/wp\/v2\/comments?post=262501"}],"version-history":[{"count":0,"href":"https:\/\/www.intoscana.it\/it\/wp-json\/wp\/v2\/posts\/262501\/revisions"}],"wp:featuredmedia":[{"embeddable":true,"href":"https:\/\/www.intoscana.it\/it\/wp-json\/wp\/v2\/media\/217079"}],"wp:attachment":[{"href":"https:\/\/www.intoscana.it\/it\/wp-json\/wp\/v2\/media?parent=262501"}],"wp:term":[{"taxonomy":"category","embeddable":true,"href":"https:\/\/www.intoscana.it\/it\/wp-json\/wp\/v2\/categories?post=262501"},{"taxonomy":"post_tag","embeddable":true,"href":"https:\/\/www.intoscana.it\/it\/wp-json\/wp\/v2\/tags?post=262501"}],"curies":[{"name":"wp","href":"https:\/\/api.w.org\/{rel}","templated":true}]}}