{"id":263078,"date":"2022-12-15T15:08:43","date_gmt":"2022-12-15T14:08:43","guid":{"rendered":"https:\/\/www.intoscana.it\/it\/?p=263078"},"modified":"2022-12-15T15:13:06","modified_gmt":"2022-12-15T14:13:06","slug":"marchio-pici-celle","status":"publish","type":"post","link":"https:\/\/www.intoscana.it\/it\/marchio-pici-celle\/","title":{"rendered":"Un marchio collettivo per i Pici di Celle, il tesoro di San Casciano dei Bagni"},"content":{"rendered":"<p>Hanno conquistato il riconoscimento di &#8220;Marchio collettivo&#8221; i <strong>Pici di Celle<\/strong>, la tipica pasta allungata fatta a mano utilizzando solo di acqua e farina tipica di <strong>Celle sul Rigo,<\/strong> il borgo nel comune di <a href=\"https:\/\/www.intoscana.it\/it\/articolo\/san-casciano-dei-bagni-ritrovamento-statue\/\" target=\"_blank\" rel=\"noopener\">San Casciano dei Bagni,<\/a> in provincia di Siena, dove questo piatto storico viene preparato seguendo le <strong>antiche tradizioni culinarie<\/strong>.<\/p>\n<h3>Cercasi nuovi imprenditori per i Pici di Celle<\/h3>\n<p>Adesso arriva quindi anche un segno distintivo per contraddistinguere i Pici di Celle, un piatto garantito secondo un preciso disciplinare depositato, in base a <strong>regole segrete<\/strong> della tradizione cellese. Il Marchio, che verr\u00e0 presentato sabato 17 dicembre a Celle, \u00e8 registrato dalla Societ\u00e0 Filarmonica locale. L&#8217;obiettivo \u00e8 proseguirne la tradizione, stimolando la creazione di<strong> nuove attivit\u00e0 imprenditoriali <\/strong>legate ai pici a Celle sul Rigo, condizione indicata nel regolamento disciplinare.<\/p>\n<figure id=\"post-263080 media-263080\" class=\"align-none\">\n<p><figure style=\"width: 2600px\" class=\"wp-caption alignnone\"><img loading=\"lazy\" decoding=\"async\" src=\"https:\/\/www.intoscana.it\/wp-content\/uploads\/pici-di-celle-sul-rigo-foto-gabriele-forti-10-scaled.jpg\" alt=\"\" width=\"2600\" height=\"1733\" \/><figcaption class=\"wp-caption-text\">I Pici di Celle sul Rigo &#8211; \u00a9 Gabriele Forti<\/figcaption><\/figure><\/figure>\n<p><em>&#8220;Sebbene non sia possibile stabilire dove siano nati i pici<\/em> &#8211; spiega la presidente della Societ\u00e0 Filarmonica di Celle sul Rigo, Stefania Gori &#8211; <em>se oggi sono cos\u00ec conosciuti lo si deve a Celle e alla lungimiranza di chi all&#8217;epoca decise di valorizzarli. <mark>Investiremo sul marchio proprio per promuovere le attivit\u00e0 di Celle che continueranno a produrre questo piatto secondo la tradizione<\/em>&#8220;.<\/mark><\/p>\n<p>Dopo aver ricevuto nel 2013 il<strong> Premio Touring<\/strong>, i Pici di Celle compiono cos\u00ec un nuovo passo avanti. A ripercorrere l&#8217;iter che ha portato a questo traguardo \u00e8 la sindaca di San Casciano dei Bagni <strong>Agnese Carletti<\/strong>, che nel febbraio del 2021 chiede consiglio al ministero dell&#8217;Agricoltura per come promuovere e valorizzare al meglio il piatto tipico. Da qui il suggerimento di intraprendere il percorso che ha portato al Marchio, grazie all&#8217;aiuto di Orazio Olivieri, esperto di tutela e promozione dei prodotti tipici locali.<\/p>\n<figure id=\"post-263103 media-263103\" class=\"align-none\">\n<p><figure style=\"width: 2600px\" class=\"wp-caption alignnone\"><img loading=\"lazy\" decoding=\"async\" src=\"https:\/\/www.intoscana.it\/wp-content\/uploads\/pici-di-celle-sul-rigo-foto-gabriele-forti-14-scaled.jpg\" alt=\"\" width=\"2600\" height=\"1733\" \/><figcaption class=\"wp-caption-text\">Le donne di Celle sul Rigo realizzano i Pici a mano &#8211; \u00a9 Gabriele Forti<\/figcaption><\/figure><\/figure>\n<h3>La Sagra dei Pici<\/h3>\n<p>Era il 1970 quando la Societ\u00e0 Filarmonica per sostenere la banda e la scuola di musica decise di organizzare la <strong>Sagra dei Pici,<\/strong> che valorizzasse il piatto tipico del paese. Da allora sono passati oltre cinquant\u2019anni durante i quali l&#8217;appuntamento enogastronomico di Celle sul Rigo, che si tiene l&#8217;ultimo weekend di maggio, \u00e8 diventato sempre pi\u00f9 famoso in tutta Italia, attirando<strong> migliaia di visitatori,<\/strong> e i pici sono divenuti un elemento identitario culturale della popolazione di Celle.<\/p>\n<p>Ogni anno in occasione della sagra le donne del paese riescono ad \u201cappiciare\u201d, ovvero trasformare in pici, circa otto quintali di farina, seguendo un\u2019arte questa che si tramanda <strong>di generazione in generazione<\/strong> e vede al lavoro nonne, mamme e figlie.<\/p>\n<p>&nbsp;<\/p>\n","protected":false},"excerpt":{"rendered":"<p>La comunit\u00e0 del borgo di Celle sul Rigo per proseguire la storica tradizione culinaria ora spera di trovare\u00a0 imprenditori a cui svelare il segreto di questo piatto<\/p>\n","protected":false},"author":525,"featured_media":263079,"comment_status":"open","ping_status":"open","sticky":false,"template":"","format":"standard","meta":{"_acf_changed":false,"footnotes":""},"categories":[8],"tags":[282,436,5846],"class_list":["post-263078","post","type-post","status-publish","format-standard","has-post-thumbnail","hentry","category-enogastronomia","tag-agroalimentare","tag-prodotti-tipici","tag-san-casciano-dei-bagni"],"acf":[],"yoast_head":"<!-- This site is optimized with the Yoast SEO Premium plugin v24.2 (Yoast SEO v25.6) - https:\/\/yoast.com\/wordpress\/plugins\/seo\/ -->\n<title>Un marchio collettivo per i Pici di Celle, il tesoro di San Casciano dei Bagni<\/title>\n<meta name=\"description\" content=\"I Pici di Celle diventano un Marchio collettivo, riconoscimento importante per la pasta fatta a mano nel comune San Casciano dei Bagni.\" \/>\n<meta name=\"robots\" content=\"index, follow, max-snippet:-1, max-image-preview:large, max-video-preview:-1\" \/>\n<link rel=\"canonical\" href=\"https:\/\/www.intoscana.it\/it\/marchio-pici-celle\/\" \/>\n<meta property=\"og:locale\" content=\"it_IT\" \/>\n<meta property=\"og:type\" content=\"article\" \/>\n<meta property=\"og:title\" content=\"Un marchio collettivo per i Pici di Celle, il tesoro di San Casciano dei Bagni\" \/>\n<meta property=\"og:description\" content=\"I Pici di Celle diventano un Marchio collettivo, riconoscimento importante per la pasta fatta a mano nel comune San Casciano dei Bagni.\" \/>\n<meta property=\"og:url\" content=\"https:\/\/www.intoscana.it\/it\/marchio-pici-celle\/\" \/>\n<meta property=\"og:site_name\" content=\"intoscana\" \/>\n<meta property=\"article:publisher\" content=\"https:\/\/www.facebook.com\/intoscana.it\" \/>\n<meta property=\"article:published_time\" content=\"2022-12-15T14:08:43+00:00\" \/>\n<meta property=\"article:modified_time\" content=\"2022-12-15T14:13:06+00:00\" \/>\n<meta property=\"og:image\" content=\"https:\/\/www.intoscana.it\/wp-content\/uploads\/pici-di-celle-sul-rigo-foto-gabriele-forti-7-scaled.jpg\" \/>\n\t<meta property=\"og:image:width\" content=\"2048\" \/>\n\t<meta property=\"og:image:height\" content=\"1365\" \/>\n\t<meta property=\"og:image:type\" content=\"image\/jpeg\" \/>\n<meta name=\"author\" content=\"Redazione\" \/>\n<meta name=\"twitter:card\" content=\"summary_large_image\" \/>\n<meta name=\"twitter:creator\" content=\"@intoscana\" \/>\n<meta name=\"twitter:site\" content=\"@intoscana\" \/>\n<meta name=\"twitter:label1\" content=\"Written by\" \/>\n\t<meta name=\"twitter:data1\" content=\"Redazione\" \/>\n\t<meta name=\"twitter:label2\" content=\"Est. reading time\" \/>\n\t<meta name=\"twitter:data2\" content=\"2 minuti\" \/>\n<script type=\"application\/ld+json\" class=\"yoast-schema-graph\">{\"@context\":\"https:\/\/schema.org\",\"@graph\":[{\"@type\":\"WebPage\",\"@id\":\"https:\/\/www.intoscana.it\/it\/marchio-pici-celle\/\",\"url\":\"https:\/\/www.intoscana.it\/it\/marchio-pici-celle\/\",\"name\":\"Un marchio collettivo per i Pici di Celle, il tesoro di San Casciano dei Bagni\",\"isPartOf\":{\"@id\":\"https:\/\/www.intoscana.it\/it\/#website\"},\"primaryImageOfPage\":{\"@id\":\"https:\/\/www.intoscana.it\/it\/marchio-pici-celle\/#primaryimage\"},\"image\":{\"@id\":\"https:\/\/www.intoscana.it\/it\/marchio-pici-celle\/#primaryimage\"},\"thumbnailUrl\":\"https:\/\/www.intoscana.it\/wp-content\/uploads\/pici-di-celle-sul-rigo-foto-gabriele-forti-7-scaled.jpg\",\"datePublished\":\"2022-12-15T14:08:43+00:00\",\"dateModified\":\"2022-12-15T14:13:06+00:00\",\"author\":{\"@id\":\"https:\/\/www.intoscana.it\/it\/#\/schema\/person\/9223810753230f20bd670fdd322661f8\"},\"description\":\"I Pici di Celle diventano un Marchio collettivo, riconoscimento importante per la pasta fatta a mano nel comune San Casciano dei Bagni.\",\"breadcrumb\":{\"@id\":\"https:\/\/www.intoscana.it\/it\/marchio-pici-celle\/#breadcrumb\"},\"inLanguage\":\"it-IT\",\"potentialAction\":[{\"@type\":\"ReadAction\",\"target\":[\"https:\/\/www.intoscana.it\/it\/marchio-pici-celle\/\"]}]},{\"@type\":\"ImageObject\",\"inLanguage\":\"it-IT\",\"@id\":\"https:\/\/www.intoscana.it\/it\/marchio-pici-celle\/#primaryimage\",\"url\":\"https:\/\/www.intoscana.it\/wp-content\/uploads\/pici-di-celle-sul-rigo-foto-gabriele-forti-7-scaled.jpg\",\"contentUrl\":\"https:\/\/www.intoscana.it\/wp-content\/uploads\/pici-di-celle-sul-rigo-foto-gabriele-forti-7-scaled.jpg\",\"width\":2048,\"height\":1365,\"caption\":\"I Pici di Celle sul Rigo\"},{\"@type\":\"BreadcrumbList\",\"@id\":\"https:\/\/www.intoscana.it\/it\/marchio-pici-celle\/#breadcrumb\",\"itemListElement\":[{\"@type\":\"ListItem\",\"position\":1,\"name\":\"Home\",\"item\":\"https:\/\/www.intoscana.it\/it\/\"},{\"@type\":\"ListItem\",\"position\":2,\"name\":\"Un marchio collettivo per i Pici di Celle, il tesoro di San Casciano dei Bagni\"}]},{\"@type\":\"WebSite\",\"@id\":\"https:\/\/www.intoscana.it\/it\/#website\",\"url\":\"https:\/\/www.intoscana.it\/it\/\",\"name\":\"intoscana\",\"description\":\"\",\"potentialAction\":[{\"@type\":\"SearchAction\",\"target\":{\"@type\":\"EntryPoint\",\"urlTemplate\":\"https:\/\/www.intoscana.it\/it\/?s={search_term_string}\"},\"query-input\":{\"@type\":\"PropertyValueSpecification\",\"valueRequired\":true,\"valueName\":\"search_term_string\"}}],\"inLanguage\":\"it-IT\"},{\"@type\":\"Person\",\"@id\":\"https:\/\/www.intoscana.it\/it\/#\/schema\/person\/9223810753230f20bd670fdd322661f8\",\"name\":\"Redazione\",\"url\":\"https:\/\/www.intoscana.it\/it\/author\/redazione\/\"}]}<\/script>\n<!-- \/ Yoast SEO Premium plugin. -->","yoast_head_json":{"title":"Un marchio collettivo per i Pici di Celle, il tesoro di San Casciano dei Bagni","description":"I Pici di Celle diventano un Marchio collettivo, riconoscimento importante per la pasta fatta a mano nel comune San Casciano dei Bagni.","robots":{"index":"index","follow":"follow","max-snippet":"max-snippet:-1","max-image-preview":"max-image-preview:large","max-video-preview":"max-video-preview:-1"},"canonical":"https:\/\/www.intoscana.it\/it\/marchio-pici-celle\/","og_locale":"it_IT","og_type":"article","og_title":"Un marchio collettivo per i Pici di Celle, il tesoro di San Casciano dei Bagni","og_description":"I Pici di Celle diventano un Marchio collettivo, riconoscimento importante per la pasta fatta a mano nel comune San Casciano dei Bagni.","og_url":"https:\/\/www.intoscana.it\/it\/marchio-pici-celle\/","og_site_name":"intoscana","article_publisher":"https:\/\/www.facebook.com\/intoscana.it","article_published_time":"2022-12-15T14:08:43+00:00","article_modified_time":"2022-12-15T14:13:06+00:00","og_image":[{"width":2048,"height":1365,"url":"https:\/\/www.intoscana.it\/wp-content\/uploads\/pici-di-celle-sul-rigo-foto-gabriele-forti-7-scaled.jpg","type":"image\/jpeg"}],"author":"Redazione","twitter_card":"summary_large_image","twitter_creator":"@intoscana","twitter_site":"@intoscana","twitter_misc":{"Written by":"Redazione","Est. reading time":"2 minuti"},"schema":{"@context":"https:\/\/schema.org","@graph":[{"@type":"WebPage","@id":"https:\/\/www.intoscana.it\/it\/marchio-pici-celle\/","url":"https:\/\/www.intoscana.it\/it\/marchio-pici-celle\/","name":"Un marchio collettivo per i Pici di Celle, il tesoro di San Casciano dei Bagni","isPartOf":{"@id":"https:\/\/www.intoscana.it\/it\/#website"},"primaryImageOfPage":{"@id":"https:\/\/www.intoscana.it\/it\/marchio-pici-celle\/#primaryimage"},"image":{"@id":"https:\/\/www.intoscana.it\/it\/marchio-pici-celle\/#primaryimage"},"thumbnailUrl":"https:\/\/www.intoscana.it\/wp-content\/uploads\/pici-di-celle-sul-rigo-foto-gabriele-forti-7-scaled.jpg","datePublished":"2022-12-15T14:08:43+00:00","dateModified":"2022-12-15T14:13:06+00:00","author":{"@id":"https:\/\/www.intoscana.it\/it\/#\/schema\/person\/9223810753230f20bd670fdd322661f8"},"description":"I Pici di Celle diventano un Marchio collettivo, riconoscimento importante per la pasta fatta a mano nel comune San Casciano dei Bagni.","breadcrumb":{"@id":"https:\/\/www.intoscana.it\/it\/marchio-pici-celle\/#breadcrumb"},"inLanguage":"it-IT","potentialAction":[{"@type":"ReadAction","target":["https:\/\/www.intoscana.it\/it\/marchio-pici-celle\/"]}]},{"@type":"ImageObject","inLanguage":"it-IT","@id":"https:\/\/www.intoscana.it\/it\/marchio-pici-celle\/#primaryimage","url":"https:\/\/www.intoscana.it\/wp-content\/uploads\/pici-di-celle-sul-rigo-foto-gabriele-forti-7-scaled.jpg","contentUrl":"https:\/\/www.intoscana.it\/wp-content\/uploads\/pici-di-celle-sul-rigo-foto-gabriele-forti-7-scaled.jpg","width":2048,"height":1365,"caption":"I Pici di Celle sul Rigo"},{"@type":"BreadcrumbList","@id":"https:\/\/www.intoscana.it\/it\/marchio-pici-celle\/#breadcrumb","itemListElement":[{"@type":"ListItem","position":1,"name":"Home","item":"https:\/\/www.intoscana.it\/it\/"},{"@type":"ListItem","position":2,"name":"Un marchio collettivo per i Pici di Celle, il tesoro di San Casciano dei Bagni"}]},{"@type":"WebSite","@id":"https:\/\/www.intoscana.it\/it\/#website","url":"https:\/\/www.intoscana.it\/it\/","name":"intoscana","description":"","potentialAction":[{"@type":"SearchAction","target":{"@type":"EntryPoint","urlTemplate":"https:\/\/www.intoscana.it\/it\/?s={search_term_string}"},"query-input":{"@type":"PropertyValueSpecification","valueRequired":true,"valueName":"search_term_string"}}],"inLanguage":"it-IT"},{"@type":"Person","@id":"https:\/\/www.intoscana.it\/it\/#\/schema\/person\/9223810753230f20bd670fdd322661f8","name":"Redazione","url":"https:\/\/www.intoscana.it\/it\/author\/redazione\/"}]}},"_links":{"self":[{"href":"https:\/\/www.intoscana.it\/it\/wp-json\/wp\/v2\/posts\/263078","targetHints":{"allow":["GET"]}}],"collection":[{"href":"https:\/\/www.intoscana.it\/it\/wp-json\/wp\/v2\/posts"}],"about":[{"href":"https:\/\/www.intoscana.it\/it\/wp-json\/wp\/v2\/types\/post"}],"author":[{"embeddable":true,"href":"https:\/\/www.intoscana.it\/it\/wp-json\/wp\/v2\/users\/525"}],"replies":[{"embeddable":true,"href":"https:\/\/www.intoscana.it\/it\/wp-json\/wp\/v2\/comments?post=263078"}],"version-history":[{"count":0,"href":"https:\/\/www.intoscana.it\/it\/wp-json\/wp\/v2\/posts\/263078\/revisions"}],"wp:featuredmedia":[{"embeddable":true,"href":"https:\/\/www.intoscana.it\/it\/wp-json\/wp\/v2\/media\/263079"}],"wp:attachment":[{"href":"https:\/\/www.intoscana.it\/it\/wp-json\/wp\/v2\/media?parent=263078"}],"wp:term":[{"taxonomy":"category","embeddable":true,"href":"https:\/\/www.intoscana.it\/it\/wp-json\/wp\/v2\/categories?post=263078"},{"taxonomy":"post_tag","embeddable":true,"href":"https:\/\/www.intoscana.it\/it\/wp-json\/wp\/v2\/tags?post=263078"}],"curies":[{"name":"wp","href":"https:\/\/api.w.org\/{rel}","templated":true}]}}