{"id":263114,"date":"2022-12-15T15:49:16","date_gmt":"2022-12-15T14:49:16","guid":{"rendered":"https:\/\/www.intoscana.it\/it\/?p=263114"},"modified":"2022-12-15T15:54:05","modified_gmt":"2022-12-15T14:54:05","slug":"francobollo-natale-santa-croce","status":"publish","type":"post","link":"https:\/\/www.intoscana.it\/it\/francobollo-natale-santa-croce\/","title":{"rendered":"Francobollo di Natale: gli auguri per gli italiani partono da Santa Croce"},"content":{"rendered":"<p style=\"font-weight: 400;\">Quest\u2019anno gli auguri per tutti gli italiani partono dalla<a href=\"https:\/\/www.intoscana.it\/it\/articolo\/visite-gratuite-e-laboratori-per-bambini-alla-riscoperta-di-santa-croce\/\" target=\"_blank\" rel=\"noopener\"> <strong>basilica di Santa Croce<\/strong> a Firenze,<\/a> per celebrare la realizzazione del primo presepe della storia. Il tradizionale <strong>francobollo natalizio<\/strong> a soggetto religioso, emesso dal Ministero delle Imprese e del Made in Italy in occasione delle <strong>feste di Natale,<\/strong> ha infatti come soggetto\u00a0l\u2019immagine di<strong> San Francesco<\/strong> che istituisce il presepe a Greccio, uno dei racconti pi\u00f9 suggestivi della vita del Santo tra quelli rappresentati da\u00a0Coppo di Marcovaldo nella Tavola Bardi.<\/p>\n<h3>La prima rappresentazione della Nativit\u00e0<\/h3>\n<p style=\"font-weight: 400;\">Un\u2019immagine il cui valore simbolico \u00e8 appunto accresciuto dalla celebrazione, nel 2023, dell\u2019ottavo centenario della prima rappresentazione della <strong>Nativit\u00e0<\/strong>, origine di una tradizione popolare che ancora oggi \u00e8 condivisa da tutto il mondo cristiano.<\/p>\n<p style=\"font-weight: 400;\"><em>\u201cSiamo felici di poter condividere la bellezza e il valore simbolico delle\u00a0<strong>Storie di San Francesco<\/strong>\u00a0narrate magistralmente dalla\u00a0Tavola Bardi,\u00a0composizione pittorica che ha un\u00a0ruolo centrale nella basilica collocata com\u2019\u00e8 alla base dell\u2019altare maggiore <\/em>&#8211; sottolinea la presidente dell&#8217;Opera di Santa Croce, <strong>Cristina Acidini<\/strong> \u2013 <em><mark>l&#8217;opera ci presenta uno scenario dinotevole suggestione narrativa che parla anche ai giorni nostri,a un tempo in cui le tenebre della storia hanno la necessit\u00e0 di essere illuminate proprio dalla potenza della fraternit\u00e0. Ed \u00e8 questo l\u2019auspicio che, anche attraverso questo francobollo, desideriamo condividere\u201d.<\/mark><\/em><\/p>\n<h3>San Francesco fa rivivere l&#8217;incanto di Betlemme<\/h3>\n<p style=\"font-weight: 400;\">Nella grande tavola a fondo oro si sviluppano, attorno alla figura centrale di Francesco, <strong>venti episodi<\/strong> della vita del santo, dalla scelta della povert\u00e0 totale all\u2019approvazione della prima Regola fino alla predica agli uccelli con l\u2019attenzione speciale per tutte le creature.<\/p>\n<p style=\"font-weight: 400;\"><em>&#8220;La potentissima immagine di Dio che si fa uomo nell\u2019estrema povert\u00e0, ieri come oggi, capace di arrivare alle cuore di tutti &#8211;<\/em> spiega <strong>padre Giancarlo Corsini,<\/strong> rettore della basilica &#8211; <em>a Greccio ottocento anni fa San Francesco, con il suo amico Giovanni Velita e con la povera gente di quel borgo sperduto, rivive l\u2019incanto di Betlemme.&#8221;<\/em><\/p>\n<p style=\"font-weight: 400;\">Il francobollo ha una tiratura di <strong>315mila esemplari<\/strong> ed \u00e8 stato stampato dall\u2019Istituto Poligrafico e Zecca dello Stato. Il bozzetto \u00e8 stato curato dal Centro Filatelico. Pi\u00f9 volte Santa Croce \u00e8 stata scelta come soggetto di emissione filatelica.\u00a0L\u2019ultima nel 2021 quando, a conclusione del periodo pi\u00f9 drammatico della<strong> pandemia,<\/strong> l\u2019immagine della facciata con la piazza deserta e bellissima \u00e8 diventata uno dei soggetti della serie di sei francobolli &#8220;L\u2019Italia riparte&#8221;.<\/p>\n","protected":false},"excerpt":{"rendered":"<p>Il tradizionale francobollo natalizio ha come soggetto San Francesco che istituisce il presepe a Greccio, cos\u00ec come rappresentato nella Tavola Bardi conservata nella basilica fiorentina<\/p>\n","protected":false},"author":525,"featured_media":263121,"comment_status":"open","ping_status":"open","sticky":false,"template":"","format":"standard","meta":{"_acf_changed":false,"footnotes":""},"categories":[494],"tags":[202,409],"class_list":["post-263114","post","type-post","status-publish","format-standard","has-post-thumbnail","hentry","category-attualita","tag-firenze","tag-natale"],"acf":[],"yoast_head":"<!-- This site is optimized with the Yoast SEO Premium plugin v24.2 (Yoast SEO v25.6) - https:\/\/yoast.com\/wordpress\/plugins\/seo\/ -->\n<title>Francobollo di Natale: gli auguri per gli italiani partono da Santa Croce<\/title>\n<meta name=\"description\" content=\"Il tradizionale francobollo di Natale \u00e8 dedicato a San Francesco e il presepe, cos\u00ec come ritratto nella basilca di Santa Croce a Firenze.\" \/>\n<meta name=\"robots\" content=\"index, follow, max-snippet:-1, max-image-preview:large, max-video-preview:-1\" \/>\n<link rel=\"canonical\" href=\"https:\/\/www.intoscana.it\/it\/francobollo-natale-santa-croce\/\" \/>\n<meta property=\"og:locale\" content=\"it_IT\" \/>\n<meta property=\"og:type\" content=\"article\" \/>\n<meta property=\"og:title\" content=\"Francobollo di Natale: gli auguri per gli italiani partono da Santa Croce\" \/>\n<meta property=\"og:description\" content=\"Il tradizionale francobollo di Natale \u00e8 dedicato a San Francesco e il presepe, cos\u00ec come ritratto nella basilca di Santa Croce a Firenze.\" \/>\n<meta property=\"og:url\" content=\"https:\/\/www.intoscana.it\/it\/francobollo-natale-santa-croce\/\" \/>\n<meta property=\"og:site_name\" content=\"intoscana\" \/>\n<meta property=\"article:publisher\" content=\"https:\/\/www.facebook.com\/intoscana.it\" \/>\n<meta property=\"article:published_time\" content=\"2022-12-15T14:49:16+00:00\" \/>\n<meta property=\"article:modified_time\" content=\"2022-12-15T14:54:05+00:00\" \/>\n<meta property=\"og:image\" content=\"https:\/\/www.intoscana.it\/wp-content\/uploads\/FRANCOBOLLO-NATALE-2022.jpg\" \/>\n\t<meta property=\"og:image:width\" content=\"900\" \/>\n\t<meta property=\"og:image:height\" content=\"686\" \/>\n\t<meta property=\"og:image:type\" content=\"image\/jpeg\" \/>\n<meta name=\"author\" content=\"Redazione\" \/>\n<meta name=\"twitter:card\" content=\"summary_large_image\" \/>\n<meta name=\"twitter:creator\" content=\"@intoscana\" \/>\n<meta name=\"twitter:site\" content=\"@intoscana\" \/>\n<meta name=\"twitter:label1\" content=\"Written by\" \/>\n\t<meta name=\"twitter:data1\" content=\"Redazione\" \/>\n\t<meta name=\"twitter:label2\" content=\"Est. reading time\" \/>\n\t<meta name=\"twitter:data2\" content=\"2 minuti\" \/>\n<script type=\"application\/ld+json\" class=\"yoast-schema-graph\">{\"@context\":\"https:\/\/schema.org\",\"@graph\":[{\"@type\":\"WebPage\",\"@id\":\"https:\/\/www.intoscana.it\/it\/francobollo-natale-santa-croce\/\",\"url\":\"https:\/\/www.intoscana.it\/it\/francobollo-natale-santa-croce\/\",\"name\":\"Francobollo di Natale: gli auguri per gli italiani partono da Santa Croce\",\"isPartOf\":{\"@id\":\"https:\/\/www.intoscana.it\/it\/#website\"},\"primaryImageOfPage\":{\"@id\":\"https:\/\/www.intoscana.it\/it\/francobollo-natale-santa-croce\/#primaryimage\"},\"image\":{\"@id\":\"https:\/\/www.intoscana.it\/it\/francobollo-natale-santa-croce\/#primaryimage\"},\"thumbnailUrl\":\"https:\/\/www.intoscana.it\/wp-content\/uploads\/FRANCOBOLLO-NATALE-2022.jpg\",\"datePublished\":\"2022-12-15T14:49:16+00:00\",\"dateModified\":\"2022-12-15T14:54:05+00:00\",\"author\":{\"@id\":\"https:\/\/www.intoscana.it\/it\/#\/schema\/person\/9223810753230f20bd670fdd322661f8\"},\"description\":\"Il tradizionale francobollo di Natale \u00e8 dedicato a San Francesco e il presepe, cos\u00ec come ritratto nella basilca di Santa Croce a Firenze.\",\"breadcrumb\":{\"@id\":\"https:\/\/www.intoscana.it\/it\/francobollo-natale-santa-croce\/#breadcrumb\"},\"inLanguage\":\"it-IT\",\"potentialAction\":[{\"@type\":\"ReadAction\",\"target\":[\"https:\/\/www.intoscana.it\/it\/francobollo-natale-santa-croce\/\"]}]},{\"@type\":\"ImageObject\",\"inLanguage\":\"it-IT\",\"@id\":\"https:\/\/www.intoscana.it\/it\/francobollo-natale-santa-croce\/#primaryimage\",\"url\":\"https:\/\/www.intoscana.it\/wp-content\/uploads\/FRANCOBOLLO-NATALE-2022.jpg\",\"contentUrl\":\"https:\/\/www.intoscana.it\/wp-content\/uploads\/FRANCOBOLLO-NATALE-2022.jpg\",\"width\":900,\"height\":686,\"caption\":\"Il francobollo natalizio con San Francesco che istituisce il presepe\"},{\"@type\":\"BreadcrumbList\",\"@id\":\"https:\/\/www.intoscana.it\/it\/francobollo-natale-santa-croce\/#breadcrumb\",\"itemListElement\":[{\"@type\":\"ListItem\",\"position\":1,\"name\":\"Home\",\"item\":\"https:\/\/www.intoscana.it\/it\/\"},{\"@type\":\"ListItem\",\"position\":2,\"name\":\"Francobollo di Natale: gli auguri per gli italiani partono da Santa Croce\"}]},{\"@type\":\"WebSite\",\"@id\":\"https:\/\/www.intoscana.it\/it\/#website\",\"url\":\"https:\/\/www.intoscana.it\/it\/\",\"name\":\"intoscana\",\"description\":\"\",\"potentialAction\":[{\"@type\":\"SearchAction\",\"target\":{\"@type\":\"EntryPoint\",\"urlTemplate\":\"https:\/\/www.intoscana.it\/it\/?s={search_term_string}\"},\"query-input\":{\"@type\":\"PropertyValueSpecification\",\"valueRequired\":true,\"valueName\":\"search_term_string\"}}],\"inLanguage\":\"it-IT\"},{\"@type\":\"Person\",\"@id\":\"https:\/\/www.intoscana.it\/it\/#\/schema\/person\/9223810753230f20bd670fdd322661f8\",\"name\":\"Redazione\",\"url\":\"https:\/\/www.intoscana.it\/it\/author\/redazione\/\"}]}<\/script>\n<!-- \/ Yoast SEO Premium plugin. -->","yoast_head_json":{"title":"Francobollo di Natale: gli auguri per gli italiani partono da Santa Croce","description":"Il tradizionale francobollo di Natale \u00e8 dedicato a San Francesco e il presepe, cos\u00ec come ritratto nella basilca di Santa Croce a Firenze.","robots":{"index":"index","follow":"follow","max-snippet":"max-snippet:-1","max-image-preview":"max-image-preview:large","max-video-preview":"max-video-preview:-1"},"canonical":"https:\/\/www.intoscana.it\/it\/francobollo-natale-santa-croce\/","og_locale":"it_IT","og_type":"article","og_title":"Francobollo di Natale: gli auguri per gli italiani partono da Santa Croce","og_description":"Il tradizionale francobollo di Natale \u00e8 dedicato a San Francesco e il presepe, cos\u00ec come ritratto nella basilca di Santa Croce a Firenze.","og_url":"https:\/\/www.intoscana.it\/it\/francobollo-natale-santa-croce\/","og_site_name":"intoscana","article_publisher":"https:\/\/www.facebook.com\/intoscana.it","article_published_time":"2022-12-15T14:49:16+00:00","article_modified_time":"2022-12-15T14:54:05+00:00","og_image":[{"width":900,"height":686,"url":"https:\/\/www.intoscana.it\/wp-content\/uploads\/FRANCOBOLLO-NATALE-2022.jpg","type":"image\/jpeg"}],"author":"Redazione","twitter_card":"summary_large_image","twitter_creator":"@intoscana","twitter_site":"@intoscana","twitter_misc":{"Written by":"Redazione","Est. reading time":"2 minuti"},"schema":{"@context":"https:\/\/schema.org","@graph":[{"@type":"WebPage","@id":"https:\/\/www.intoscana.it\/it\/francobollo-natale-santa-croce\/","url":"https:\/\/www.intoscana.it\/it\/francobollo-natale-santa-croce\/","name":"Francobollo di Natale: gli auguri per gli italiani partono da Santa Croce","isPartOf":{"@id":"https:\/\/www.intoscana.it\/it\/#website"},"primaryImageOfPage":{"@id":"https:\/\/www.intoscana.it\/it\/francobollo-natale-santa-croce\/#primaryimage"},"image":{"@id":"https:\/\/www.intoscana.it\/it\/francobollo-natale-santa-croce\/#primaryimage"},"thumbnailUrl":"https:\/\/www.intoscana.it\/wp-content\/uploads\/FRANCOBOLLO-NATALE-2022.jpg","datePublished":"2022-12-15T14:49:16+00:00","dateModified":"2022-12-15T14:54:05+00:00","author":{"@id":"https:\/\/www.intoscana.it\/it\/#\/schema\/person\/9223810753230f20bd670fdd322661f8"},"description":"Il tradizionale francobollo di Natale \u00e8 dedicato a San Francesco e il presepe, cos\u00ec come ritratto nella basilca di Santa Croce a Firenze.","breadcrumb":{"@id":"https:\/\/www.intoscana.it\/it\/francobollo-natale-santa-croce\/#breadcrumb"},"inLanguage":"it-IT","potentialAction":[{"@type":"ReadAction","target":["https:\/\/www.intoscana.it\/it\/francobollo-natale-santa-croce\/"]}]},{"@type":"ImageObject","inLanguage":"it-IT","@id":"https:\/\/www.intoscana.it\/it\/francobollo-natale-santa-croce\/#primaryimage","url":"https:\/\/www.intoscana.it\/wp-content\/uploads\/FRANCOBOLLO-NATALE-2022.jpg","contentUrl":"https:\/\/www.intoscana.it\/wp-content\/uploads\/FRANCOBOLLO-NATALE-2022.jpg","width":900,"height":686,"caption":"Il francobollo natalizio con San Francesco che istituisce il presepe"},{"@type":"BreadcrumbList","@id":"https:\/\/www.intoscana.it\/it\/francobollo-natale-santa-croce\/#breadcrumb","itemListElement":[{"@type":"ListItem","position":1,"name":"Home","item":"https:\/\/www.intoscana.it\/it\/"},{"@type":"ListItem","position":2,"name":"Francobollo di Natale: gli auguri per gli italiani partono da Santa Croce"}]},{"@type":"WebSite","@id":"https:\/\/www.intoscana.it\/it\/#website","url":"https:\/\/www.intoscana.it\/it\/","name":"intoscana","description":"","potentialAction":[{"@type":"SearchAction","target":{"@type":"EntryPoint","urlTemplate":"https:\/\/www.intoscana.it\/it\/?s={search_term_string}"},"query-input":{"@type":"PropertyValueSpecification","valueRequired":true,"valueName":"search_term_string"}}],"inLanguage":"it-IT"},{"@type":"Person","@id":"https:\/\/www.intoscana.it\/it\/#\/schema\/person\/9223810753230f20bd670fdd322661f8","name":"Redazione","url":"https:\/\/www.intoscana.it\/it\/author\/redazione\/"}]}},"_links":{"self":[{"href":"https:\/\/www.intoscana.it\/it\/wp-json\/wp\/v2\/posts\/263114","targetHints":{"allow":["GET"]}}],"collection":[{"href":"https:\/\/www.intoscana.it\/it\/wp-json\/wp\/v2\/posts"}],"about":[{"href":"https:\/\/www.intoscana.it\/it\/wp-json\/wp\/v2\/types\/post"}],"author":[{"embeddable":true,"href":"https:\/\/www.intoscana.it\/it\/wp-json\/wp\/v2\/users\/525"}],"replies":[{"embeddable":true,"href":"https:\/\/www.intoscana.it\/it\/wp-json\/wp\/v2\/comments?post=263114"}],"version-history":[{"count":0,"href":"https:\/\/www.intoscana.it\/it\/wp-json\/wp\/v2\/posts\/263114\/revisions"}],"wp:featuredmedia":[{"embeddable":true,"href":"https:\/\/www.intoscana.it\/it\/wp-json\/wp\/v2\/media\/263121"}],"wp:attachment":[{"href":"https:\/\/www.intoscana.it\/it\/wp-json\/wp\/v2\/media?parent=263114"}],"wp:term":[{"taxonomy":"category","embeddable":true,"href":"https:\/\/www.intoscana.it\/it\/wp-json\/wp\/v2\/categories?post=263114"},{"taxonomy":"post_tag","embeddable":true,"href":"https:\/\/www.intoscana.it\/it\/wp-json\/wp\/v2\/tags?post=263114"}],"curies":[{"name":"wp","href":"https:\/\/api.w.org\/{rel}","templated":true}]}}