{"id":263252,"date":"2022-12-16T12:45:48","date_gmt":"2022-12-16T11:45:48","guid":{"rendered":"https:\/\/www.intoscana.it\/it\/?p=263252"},"modified":"2022-12-16T12:45:48","modified_gmt":"2022-12-16T11:45:48","slug":"sanita-a-siena-pazienti-e-volontari-insieme-per-migliorare-i-percorsi-di-cura","status":"publish","type":"post","link":"https:\/\/www.intoscana.it\/it\/sanita-a-siena-pazienti-e-volontari-insieme-per-migliorare-i-percorsi-di-cura\/","title":{"rendered":"Sanit\u00e0, a Siena pazienti e volontari insieme per migliorare i percorsi di cura"},"content":{"rendered":"<p>Dall&#8217;azienda unversitaria ospedaliera senese parte un innovativo progetto di coinvolgimento di pazienti e volontariato nei percorsi di cura: iniziative per rendere le persone protagoniste nel sistema sanitario attraverso l&#8217;informazione, la consultazione, la collaborazione e la progettazione dei servizi per migliorarne la qualit\u00e0. <mark>In totale sono 23 le iniziative previste per il 2023, alcune gi\u00e0 in corso.<\/mark> Il progetto \u00e8 stato illustrato dal direttore generale dell\u2019Azienda ospedaliero-universitaria Senese, il professor <strong>Antonio Barretta<\/strong>, insieme all\u2019assessore della Regione Toscana al Diritto alla Salute, <strong>Simone Bezzini<\/strong>, e ai rappresentanti del volontariato: il Comitato di partecipazione dell\u2019Aou Senese, coordinato da Dafne Rossi, che raccoglie 25 associazioni che collaborano con l\u2019ospedale, le associazioni di trasporto sanitario Siena Soccorso (Misericordie e Pubbliche Assistenze) e le associazioni donatori di sangue Avis Provincia di Siena, Anpas zona senese, Fratres provinciale di Siena e Gruppo Donatori di Sangue delle Contrade di Siena.<\/p>\n<p>&#8220;Saper ascoltare i cittadini attraverso le associazioni che li rappresentano, <mark>fare tesoro dei suggerimenti e risolvere insieme le criticit\u00e0 \u00e8 il metodo migliore per potenziare la sanit\u00e0 da un lato e coinvolgere i pazienti nei percorsi di cura per renderli pi\u00f9 consapevoli e partecipativi anche nelle scelte organizzative&#8221;,<\/mark> ha commentato l\u2019assessore Bezzini&#8221;.<\/p>\n<figure id=\"post-263259 media-263259\" class=\"align-none\"><img decoding=\"async\" src=\"https:\/\/www.intoscana.it\/wp-content\/uploads\/conferenza-stampa-progetti-aous-volontariato.jpg\" alt=\"\" \/><\/figure>\n<div class=\"titleimg\">conferenza stampa progetti aous volontariato<\/div>\n<p>Un progetto nato due anni fa, come spiega il direttore generale dell\u2019Aou Senese Antonio Barretta: &#8220;Abbiamo lavorato insieme a stakeholders e associazioni di volontariato per capire meglio alcune criticit\u00e0 e risolverle insieme e attivare nuovi servizi e percorsi, al fine di migliorare l\u2019accoglienza dei pazienti, i loro percorsi di cura e l\u2019umanizzazione delle cure. Abbiamo assegnato una rilevante importanza al loro coinvolgimento nel governo dell\u2019azienda promuovendo lo sviluppo e l\u2019adozione sistematica di approcci partecipativi. <mark>Gli stakeholders di riferimento sono stati posti al centro dei processi aziendali di pianificazione, progettazione e valutazione dei servizi attraverso un\u2019intensa e continua attivit\u00e0 di comunicazione, dialogo e confronto orientata al rafforzamento delle relazioni all\u2019interno dell\u2019ospedale&#8221;.<\/mark><\/p>\n<p>Partiranno dunque &#8220;molteplici nuove iniziative di coinvolgimento all\u2019interno di pi\u00f9 aree e livelli dell\u2019organizzazione, con la partecipazione attiva di professionisti, pazienti, familiari e associazioni&#8221;, conclude Barretta.<\/p>\n","protected":false},"excerpt":{"rendered":"<p>Ventitre iniziative previste il prossimo anno per coinvolgerli nel miglioramento del servizio. L&#8217;assessore regionale Bezzini: &#8220;Progetto volto al potenziamento del sistema sanitario&#8221;<\/p>\n","protected":false},"author":525,"featured_media":99846,"comment_status":"open","ping_status":"open","sticky":false,"template":"","format":"standard","meta":{"_acf_changed":false,"footnotes":""},"categories":[18],"tags":[2765,164,4883],"class_list":["post-263252","post","type-post","status-publish","format-standard","has-post-thumbnail","hentry","category-salute","tag-ospedale-santa-maria-delle-scotte","tag-siena","tag-simone-bezzini"],"acf":[],"yoast_head":"<!-- This site is optimized with the Yoast SEO Premium plugin v24.2 (Yoast SEO v25.6) - https:\/\/yoast.com\/wordpress\/plugins\/seo\/ -->\n<title>Sanit\u00e0, a Siena pazienti e volontari insieme per migliorare i percorsi di cura - intoscana<\/title>\n<meta name=\"description\" content=\"Ventitre iniziative previste il prossimo anno per coinvolgerli nel miglioramento del servizio. L&#039;assessore regionale Bezzini: &quot;Progetto volto al potenziamento del sistema sanitario&quot;\" \/>\n<meta name=\"robots\" content=\"index, follow, max-snippet:-1, max-image-preview:large, max-video-preview:-1\" \/>\n<link rel=\"canonical\" href=\"https:\/\/www.intoscana.it\/it\/sanita-a-siena-pazienti-e-volontari-insieme-per-migliorare-i-percorsi-di-cura\/\" \/>\n<meta property=\"og:locale\" content=\"it_IT\" \/>\n<meta property=\"og:type\" content=\"article\" \/>\n<meta property=\"og:title\" content=\"Sanit\u00e0, a Siena pazienti e volontari insieme per migliorare i percorsi di cura\" \/>\n<meta property=\"og:description\" content=\"Ventitre iniziative previste il prossimo anno per coinvolgerli nel miglioramento del servizio. L&#039;assessore regionale Bezzini: &quot;Progetto volto al potenziamento del sistema sanitario&quot;\" \/>\n<meta property=\"og:url\" content=\"https:\/\/www.intoscana.it\/it\/sanita-a-siena-pazienti-e-volontari-insieme-per-migliorare-i-percorsi-di-cura\/\" \/>\n<meta property=\"og:site_name\" content=\"intoscana\" \/>\n<meta property=\"article:publisher\" content=\"https:\/\/www.facebook.com\/intoscana.it\" \/>\n<meta property=\"article:published_time\" content=\"2022-12-16T11:45:48+00:00\" \/>\n<meta property=\"og:image\" content=\"https:\/\/www.intoscana.it\/wp-content\/uploads\/ospedale-le-scotte.jpg\" \/>\n\t<meta property=\"og:image:width\" content=\"710\" \/>\n\t<meta property=\"og:image:height\" content=\"472\" \/>\n\t<meta property=\"og:image:type\" content=\"image\/jpeg\" \/>\n<meta name=\"author\" content=\"Redazione\" \/>\n<meta name=\"twitter:card\" content=\"summary_large_image\" \/>\n<meta name=\"twitter:creator\" content=\"@intoscana\" \/>\n<meta name=\"twitter:site\" content=\"@intoscana\" \/>\n<meta name=\"twitter:label1\" content=\"Written by\" \/>\n\t<meta name=\"twitter:data1\" content=\"Redazione\" \/>\n\t<meta name=\"twitter:label2\" content=\"Est. reading time\" \/>\n\t<meta name=\"twitter:data2\" content=\"2 minuti\" \/>\n<script type=\"application\/ld+json\" class=\"yoast-schema-graph\">{\"@context\":\"https:\/\/schema.org\",\"@graph\":[{\"@type\":\"WebPage\",\"@id\":\"https:\/\/www.intoscana.it\/it\/sanita-a-siena-pazienti-e-volontari-insieme-per-migliorare-i-percorsi-di-cura\/\",\"url\":\"https:\/\/www.intoscana.it\/it\/sanita-a-siena-pazienti-e-volontari-insieme-per-migliorare-i-percorsi-di-cura\/\",\"name\":\"Sanit\u00e0, a Siena pazienti e volontari insieme per migliorare i percorsi di cura - intoscana\",\"isPartOf\":{\"@id\":\"https:\/\/www.intoscana.it\/it\/#website\"},\"primaryImageOfPage\":{\"@id\":\"https:\/\/www.intoscana.it\/it\/sanita-a-siena-pazienti-e-volontari-insieme-per-migliorare-i-percorsi-di-cura\/#primaryimage\"},\"image\":{\"@id\":\"https:\/\/www.intoscana.it\/it\/sanita-a-siena-pazienti-e-volontari-insieme-per-migliorare-i-percorsi-di-cura\/#primaryimage\"},\"thumbnailUrl\":\"https:\/\/www.intoscana.it\/wp-content\/uploads\/ospedale-le-scotte.jpg\",\"datePublished\":\"2022-12-16T11:45:48+00:00\",\"author\":{\"@id\":\"https:\/\/www.intoscana.it\/it\/#\/schema\/person\/9223810753230f20bd670fdd322661f8\"},\"description\":\"Ventitre iniziative previste il prossimo anno per coinvolgerli nel miglioramento del servizio. L'assessore regionale Bezzini: \\\"Progetto volto al potenziamento del sistema sanitario\\\"\",\"breadcrumb\":{\"@id\":\"https:\/\/www.intoscana.it\/it\/sanita-a-siena-pazienti-e-volontari-insieme-per-migliorare-i-percorsi-di-cura\/#breadcrumb\"},\"inLanguage\":\"it-IT\",\"potentialAction\":[{\"@type\":\"ReadAction\",\"target\":[\"https:\/\/www.intoscana.it\/it\/sanita-a-siena-pazienti-e-volontari-insieme-per-migliorare-i-percorsi-di-cura\/\"]}]},{\"@type\":\"ImageObject\",\"inLanguage\":\"it-IT\",\"@id\":\"https:\/\/www.intoscana.it\/it\/sanita-a-siena-pazienti-e-volontari-insieme-per-migliorare-i-percorsi-di-cura\/#primaryimage\",\"url\":\"https:\/\/www.intoscana.it\/wp-content\/uploads\/ospedale-le-scotte.jpg\",\"contentUrl\":\"https:\/\/www.intoscana.it\/wp-content\/uploads\/ospedale-le-scotte.jpg\",\"width\":710,\"height\":472},{\"@type\":\"BreadcrumbList\",\"@id\":\"https:\/\/www.intoscana.it\/it\/sanita-a-siena-pazienti-e-volontari-insieme-per-migliorare-i-percorsi-di-cura\/#breadcrumb\",\"itemListElement\":[{\"@type\":\"ListItem\",\"position\":1,\"name\":\"Home\",\"item\":\"https:\/\/www.intoscana.it\/it\/\"},{\"@type\":\"ListItem\",\"position\":2,\"name\":\"Sanit\u00e0, a Siena pazienti e volontari insieme per migliorare i percorsi di cura\"}]},{\"@type\":\"WebSite\",\"@id\":\"https:\/\/www.intoscana.it\/it\/#website\",\"url\":\"https:\/\/www.intoscana.it\/it\/\",\"name\":\"intoscana\",\"description\":\"\",\"potentialAction\":[{\"@type\":\"SearchAction\",\"target\":{\"@type\":\"EntryPoint\",\"urlTemplate\":\"https:\/\/www.intoscana.it\/it\/?s={search_term_string}\"},\"query-input\":{\"@type\":\"PropertyValueSpecification\",\"valueRequired\":true,\"valueName\":\"search_term_string\"}}],\"inLanguage\":\"it-IT\"},{\"@type\":\"Person\",\"@id\":\"https:\/\/www.intoscana.it\/it\/#\/schema\/person\/9223810753230f20bd670fdd322661f8\",\"name\":\"Redazione\",\"url\":\"https:\/\/www.intoscana.it\/it\/author\/redazione\/\"}]}<\/script>\n<!-- \/ Yoast SEO Premium plugin. -->","yoast_head_json":{"title":"Sanit\u00e0, a Siena pazienti e volontari insieme per migliorare i percorsi di cura - intoscana","description":"Ventitre iniziative previste il prossimo anno per coinvolgerli nel miglioramento del servizio. L'assessore regionale Bezzini: \"Progetto volto al potenziamento del sistema sanitario\"","robots":{"index":"index","follow":"follow","max-snippet":"max-snippet:-1","max-image-preview":"max-image-preview:large","max-video-preview":"max-video-preview:-1"},"canonical":"https:\/\/www.intoscana.it\/it\/sanita-a-siena-pazienti-e-volontari-insieme-per-migliorare-i-percorsi-di-cura\/","og_locale":"it_IT","og_type":"article","og_title":"Sanit\u00e0, a Siena pazienti e volontari insieme per migliorare i percorsi di cura","og_description":"Ventitre iniziative previste il prossimo anno per coinvolgerli nel miglioramento del servizio. L'assessore regionale Bezzini: \"Progetto volto al potenziamento del sistema sanitario\"","og_url":"https:\/\/www.intoscana.it\/it\/sanita-a-siena-pazienti-e-volontari-insieme-per-migliorare-i-percorsi-di-cura\/","og_site_name":"intoscana","article_publisher":"https:\/\/www.facebook.com\/intoscana.it","article_published_time":"2022-12-16T11:45:48+00:00","og_image":[{"width":710,"height":472,"url":"https:\/\/www.intoscana.it\/wp-content\/uploads\/ospedale-le-scotte.jpg","type":"image\/jpeg"}],"author":"Redazione","twitter_card":"summary_large_image","twitter_creator":"@intoscana","twitter_site":"@intoscana","twitter_misc":{"Written by":"Redazione","Est. reading time":"2 minuti"},"schema":{"@context":"https:\/\/schema.org","@graph":[{"@type":"WebPage","@id":"https:\/\/www.intoscana.it\/it\/sanita-a-siena-pazienti-e-volontari-insieme-per-migliorare-i-percorsi-di-cura\/","url":"https:\/\/www.intoscana.it\/it\/sanita-a-siena-pazienti-e-volontari-insieme-per-migliorare-i-percorsi-di-cura\/","name":"Sanit\u00e0, a Siena pazienti e volontari insieme per migliorare i percorsi di cura - intoscana","isPartOf":{"@id":"https:\/\/www.intoscana.it\/it\/#website"},"primaryImageOfPage":{"@id":"https:\/\/www.intoscana.it\/it\/sanita-a-siena-pazienti-e-volontari-insieme-per-migliorare-i-percorsi-di-cura\/#primaryimage"},"image":{"@id":"https:\/\/www.intoscana.it\/it\/sanita-a-siena-pazienti-e-volontari-insieme-per-migliorare-i-percorsi-di-cura\/#primaryimage"},"thumbnailUrl":"https:\/\/www.intoscana.it\/wp-content\/uploads\/ospedale-le-scotte.jpg","datePublished":"2022-12-16T11:45:48+00:00","author":{"@id":"https:\/\/www.intoscana.it\/it\/#\/schema\/person\/9223810753230f20bd670fdd322661f8"},"description":"Ventitre iniziative previste il prossimo anno per coinvolgerli nel miglioramento del servizio. L'assessore regionale Bezzini: \"Progetto volto al potenziamento del sistema sanitario\"","breadcrumb":{"@id":"https:\/\/www.intoscana.it\/it\/sanita-a-siena-pazienti-e-volontari-insieme-per-migliorare-i-percorsi-di-cura\/#breadcrumb"},"inLanguage":"it-IT","potentialAction":[{"@type":"ReadAction","target":["https:\/\/www.intoscana.it\/it\/sanita-a-siena-pazienti-e-volontari-insieme-per-migliorare-i-percorsi-di-cura\/"]}]},{"@type":"ImageObject","inLanguage":"it-IT","@id":"https:\/\/www.intoscana.it\/it\/sanita-a-siena-pazienti-e-volontari-insieme-per-migliorare-i-percorsi-di-cura\/#primaryimage","url":"https:\/\/www.intoscana.it\/wp-content\/uploads\/ospedale-le-scotte.jpg","contentUrl":"https:\/\/www.intoscana.it\/wp-content\/uploads\/ospedale-le-scotte.jpg","width":710,"height":472},{"@type":"BreadcrumbList","@id":"https:\/\/www.intoscana.it\/it\/sanita-a-siena-pazienti-e-volontari-insieme-per-migliorare-i-percorsi-di-cura\/#breadcrumb","itemListElement":[{"@type":"ListItem","position":1,"name":"Home","item":"https:\/\/www.intoscana.it\/it\/"},{"@type":"ListItem","position":2,"name":"Sanit\u00e0, a Siena pazienti e volontari insieme per migliorare i percorsi di cura"}]},{"@type":"WebSite","@id":"https:\/\/www.intoscana.it\/it\/#website","url":"https:\/\/www.intoscana.it\/it\/","name":"intoscana","description":"","potentialAction":[{"@type":"SearchAction","target":{"@type":"EntryPoint","urlTemplate":"https:\/\/www.intoscana.it\/it\/?s={search_term_string}"},"query-input":{"@type":"PropertyValueSpecification","valueRequired":true,"valueName":"search_term_string"}}],"inLanguage":"it-IT"},{"@type":"Person","@id":"https:\/\/www.intoscana.it\/it\/#\/schema\/person\/9223810753230f20bd670fdd322661f8","name":"Redazione","url":"https:\/\/www.intoscana.it\/it\/author\/redazione\/"}]}},"_links":{"self":[{"href":"https:\/\/www.intoscana.it\/it\/wp-json\/wp\/v2\/posts\/263252","targetHints":{"allow":["GET"]}}],"collection":[{"href":"https:\/\/www.intoscana.it\/it\/wp-json\/wp\/v2\/posts"}],"about":[{"href":"https:\/\/www.intoscana.it\/it\/wp-json\/wp\/v2\/types\/post"}],"author":[{"embeddable":true,"href":"https:\/\/www.intoscana.it\/it\/wp-json\/wp\/v2\/users\/525"}],"replies":[{"embeddable":true,"href":"https:\/\/www.intoscana.it\/it\/wp-json\/wp\/v2\/comments?post=263252"}],"version-history":[{"count":0,"href":"https:\/\/www.intoscana.it\/it\/wp-json\/wp\/v2\/posts\/263252\/revisions"}],"wp:featuredmedia":[{"embeddable":true,"href":"https:\/\/www.intoscana.it\/it\/wp-json\/wp\/v2\/media\/99846"}],"wp:attachment":[{"href":"https:\/\/www.intoscana.it\/it\/wp-json\/wp\/v2\/media?parent=263252"}],"wp:term":[{"taxonomy":"category","embeddable":true,"href":"https:\/\/www.intoscana.it\/it\/wp-json\/wp\/v2\/categories?post=263252"},{"taxonomy":"post_tag","embeddable":true,"href":"https:\/\/www.intoscana.it\/it\/wp-json\/wp\/v2\/tags?post=263252"}],"curies":[{"name":"wp","href":"https:\/\/api.w.org\/{rel}","templated":true}]}}