{"id":263394,"date":"2022-12-17T08:54:03","date_gmt":"2022-12-17T07:54:03","guid":{"rendered":"https:\/\/www.intoscana.it\/it\/?p=263394"},"modified":"2022-12-17T08:54:03","modified_gmt":"2022-12-17T07:54:03","slug":"opere-tardo-barocche-del-museo-ginori-in-mostra-a-palazzo-fenzi-a-firenze","status":"publish","type":"post","link":"https:\/\/www.intoscana.it\/it\/opere-tardo-barocche-del-museo-ginori-in-mostra-a-palazzo-fenzi-a-firenze\/","title":{"rendered":"Opere tardo barocche del Museo Ginori in mostra a Palazzo Fenzi a Firenze"},"content":{"rendered":"<p>Dal 16 dicembre al 17 febbraio le magnifiche sale affrescate di <strong>Palazzo Marucelli- Fenzi<\/strong> in via San Gallo, 10 a Firenze, oggi sede del Dipartimento di Storia, Archeologia, Geografia, Arte e Spettacolo (Sagas) dell&#8217;Universit\u00e0 di Firenze, ospitano la mostra <em><strong>&#8220;Arti in dialogo. Echi tardo barocchi nelle sculture del Museo Ginori&#8221;.<\/strong><\/em><\/p>\n<p>L&#8217;esposizione curata da Cristiano Giometti (Universit\u00e0 di Firenze), Andrea Di Lorenzo (direttore del Museo Ginori) e Rita Balleri (Museo Ginori), mette a confronto la teatralit\u00e0 degli affreschi e dei <strong>dipinti settecenteschi di Sebastiano Ricci<\/strong> e degli <strong>stucchi di Giovanni Baratta,<\/strong> che decorano le sale, con le sculture realizzate o acquisite nel Settecento dalla <strong>Manifattura Ginori<\/strong> grazie all&#8217;attivit\u00e0 di collezionismo &#8220;ad uso della fabbrica&#8221; del suo fondatore, <strong>Carlo Ginori,<\/strong> che rendeva omaggio alla grande tradizione del tardo barocco fiorentino traducendo in porcellana le composizioni degli scultori <strong>Giovan Battista Foggini, Massimiliano Soldani Benzi, Giuseppe Piamontini, Antonio Montauti e Agostino Cornacchini.<\/strong><\/p>\n<p>Nelle sale di <strong>Palazzo Marucelli-Fenzi,<\/strong> eccezionalmente aperte al pubblico per l&#8217;occasione, una selezione di <strong>sculture in porcellana e i modelli in terracotta e in cera<\/strong> fatti realizzare dal marchese Ginori dialogano in modo del tutto nuovo con le decorazioni delle sale, realizzate da Ricci e Baratta tra il 1705 e il 1706.<\/p>\n<figure id=\"post-263367 media-263367\" class=\"align-none\"><img decoding=\"async\" src=\"https:\/\/www.intoscana.it\/wp-content\/uploads\/1-Manifattura-Ginoriinv.-924-Endimione-da-Cornacchini-2-scaled.jpg\" alt=\"\" \/><\/figure>\n<p>Particolarmente interessante e suggestivo \u00e8 l&#8217;accostamento degli<strong> stucchi di Baratta con tre calchi in cera<\/strong> che riproducono altrettante opere dello stesso scultore.<\/p>\n<p>Realizzati dalla <strong>Manifattura Ginori negli Anni Quaranta del Settecento<\/strong> e qui riuniti per la prima volta dal 1965, i calchi appartengono al <a href=\"https:\/\/www.intoscana.it\/it\/articolo\/il-giardino-del-museo-ginori-riapre-al-pubblico-in-manifattura-anche-un-nuovo-negozio\/\" target=\"_blank\" rel=\"noopener\"><strong>Museo Ginori<\/strong><\/a> (Euridice e Allegoria della Prudenza) e al <strong>Museo Nazionale del Bargello<\/strong> (Allegoria della Ricchezza).<\/p>\n<p>Organizzata dal Dipartimento di Storia, Archeologia, Geografia, Arte e Spettacolo (Sagas) dell&#8217;Universit\u00e0 degli Studi di Firenze insieme al Museo Ginori, la mostra \u00e8 stata realizzata in collaborazione con la <strong>Direzione regionale musei della Toscana e l&#8217;Opificio delle Pietre Dure<\/strong> e con il sostegno dell&#8217;Associazione Amici di Doccia.<\/p>\n<p><strong>L&#8217;accesso all&#8217;esposizione \u00e8 possibile su prenotazione<\/strong> (all&#8217;indirizzo e-mail mostra.fenzi@gmail.com) nei giorni di marted\u00ec, gioved\u00ec e venerd\u00ec, con visite guidate gratuite per gruppi di 10 persone, della durata di 45 minuti.<\/p>\n<p><strong>La mostra sar\u00e0 chiusa dal 23 dicembre all&#8217;8 gennaio<\/strong>, a eccezione dei giorni 27 e 29 dicembre, durante i quali sar\u00e0 possibile visitarla dalle 10 alle 13.<\/p>\n<figure id=\"post-263371 media-263371\" class=\"align-none\"><img decoding=\"async\" src=\"https:\/\/www.intoscana.it\/wp-content\/uploads\/3-Manifattura-Ginori-inv-940-putti-con-acquilotto-da-Piamontini-3-scaled.jpg\" alt=\"\" \/><\/figure>\n<div class=\"titleimg\">3 -Manifattura Ginori, inv 940 \u2013 putti con acquilotto da Piamontini 3<\/div>\n","protected":false},"excerpt":{"rendered":"<p>Dal 16 dicembre 2022 al 17 febbraio 2023 un&#8217;esposizione inedita a cura dell&#8217;Universit\u00e0 di Firenze e del Museo Ginori di Sesto Fiorentino<\/p>\n","protected":false},"author":525,"featured_media":263360,"comment_status":"open","ping_status":"open","sticky":false,"template":"","format":"standard","meta":{"_acf_changed":false,"footnotes":""},"categories":[493],"tags":[202,222,4566],"class_list":["post-263394","post","type-post","status-publish","format-standard","has-post-thumbnail","hentry","category-cultura","tag-firenze","tag-mostre","tag-richard-ginori"],"acf":[],"yoast_head":"<!-- This site is optimized with the Yoast SEO Premium plugin v24.2 (Yoast SEO v25.6) - https:\/\/yoast.com\/wordpress\/plugins\/seo\/ -->\n<title>Opere tardo barocche del Museo Ginori in mostra a Palazzo Fenzi a Firenze - intoscana<\/title>\n<meta name=\"description\" content=\"Dal 16 dicembre 2022 al 17 febbraio 2023 un&#039;esposizione inedita a cura dell&#039;Universit\u00e0 di Firenze e del Museo Ginori di Sesto Fiorentino\" \/>\n<meta name=\"robots\" content=\"index, follow, max-snippet:-1, max-image-preview:large, max-video-preview:-1\" \/>\n<link rel=\"canonical\" href=\"https:\/\/www.intoscana.it\/it\/opere-tardo-barocche-del-museo-ginori-in-mostra-a-palazzo-fenzi-a-firenze\/\" \/>\n<meta property=\"og:locale\" content=\"it_IT\" \/>\n<meta property=\"og:type\" content=\"article\" \/>\n<meta property=\"og:title\" content=\"Opere tardo barocche del Museo Ginori in mostra a Palazzo Fenzi a Firenze\" \/>\n<meta property=\"og:description\" content=\"Dal 16 dicembre 2022 al 17 febbraio 2023 un&#039;esposizione inedita a cura dell&#039;Universit\u00e0 di Firenze e del Museo Ginori di Sesto Fiorentino\" \/>\n<meta property=\"og:url\" content=\"https:\/\/www.intoscana.it\/it\/opere-tardo-barocche-del-museo-ginori-in-mostra-a-palazzo-fenzi-a-firenze\/\" \/>\n<meta property=\"og:site_name\" content=\"intoscana\" \/>\n<meta property=\"article:publisher\" content=\"https:\/\/www.facebook.com\/intoscana.it\" \/>\n<meta property=\"article:published_time\" content=\"2022-12-17T07:54:03+00:00\" \/>\n<meta property=\"og:image\" content=\"https:\/\/www.intoscana.it\/wp-content\/uploads\/palazzo-marucelli-fenzi72.jpeg\" \/>\n\t<meta property=\"og:image:width\" content=\"1280\" \/>\n\t<meta property=\"og:image:height\" content=\"853\" \/>\n\t<meta property=\"og:image:type\" content=\"image\/jpeg\" \/>\n<meta name=\"author\" content=\"Redazione\" \/>\n<meta name=\"twitter:card\" content=\"summary_large_image\" \/>\n<meta name=\"twitter:creator\" content=\"@intoscana\" \/>\n<meta name=\"twitter:site\" content=\"@intoscana\" \/>\n<meta name=\"twitter:label1\" content=\"Written by\" \/>\n\t<meta name=\"twitter:data1\" content=\"Redazione\" \/>\n\t<meta name=\"twitter:label2\" content=\"Est. reading time\" \/>\n\t<meta name=\"twitter:data2\" content=\"2 minuti\" \/>\n<script type=\"application\/ld+json\" class=\"yoast-schema-graph\">{\"@context\":\"https:\/\/schema.org\",\"@graph\":[{\"@type\":\"WebPage\",\"@id\":\"https:\/\/www.intoscana.it\/it\/opere-tardo-barocche-del-museo-ginori-in-mostra-a-palazzo-fenzi-a-firenze\/\",\"url\":\"https:\/\/www.intoscana.it\/it\/opere-tardo-barocche-del-museo-ginori-in-mostra-a-palazzo-fenzi-a-firenze\/\",\"name\":\"Opere tardo barocche del Museo Ginori in mostra a Palazzo Fenzi a Firenze - intoscana\",\"isPartOf\":{\"@id\":\"https:\/\/www.intoscana.it\/it\/#website\"},\"primaryImageOfPage\":{\"@id\":\"https:\/\/www.intoscana.it\/it\/opere-tardo-barocche-del-museo-ginori-in-mostra-a-palazzo-fenzi-a-firenze\/#primaryimage\"},\"image\":{\"@id\":\"https:\/\/www.intoscana.it\/it\/opere-tardo-barocche-del-museo-ginori-in-mostra-a-palazzo-fenzi-a-firenze\/#primaryimage\"},\"thumbnailUrl\":\"https:\/\/www.intoscana.it\/wp-content\/uploads\/palazzo-marucelli-fenzi72.jpeg\",\"datePublished\":\"2022-12-17T07:54:03+00:00\",\"author\":{\"@id\":\"https:\/\/www.intoscana.it\/it\/#\/schema\/person\/9223810753230f20bd670fdd322661f8\"},\"description\":\"Dal 16 dicembre 2022 al 17 febbraio 2023 un'esposizione inedita a cura dell'Universit\u00e0 di Firenze e del Museo Ginori di Sesto Fiorentino\",\"breadcrumb\":{\"@id\":\"https:\/\/www.intoscana.it\/it\/opere-tardo-barocche-del-museo-ginori-in-mostra-a-palazzo-fenzi-a-firenze\/#breadcrumb\"},\"inLanguage\":\"it-IT\",\"potentialAction\":[{\"@type\":\"ReadAction\",\"target\":[\"https:\/\/www.intoscana.it\/it\/opere-tardo-barocche-del-museo-ginori-in-mostra-a-palazzo-fenzi-a-firenze\/\"]}]},{\"@type\":\"ImageObject\",\"inLanguage\":\"it-IT\",\"@id\":\"https:\/\/www.intoscana.it\/it\/opere-tardo-barocche-del-museo-ginori-in-mostra-a-palazzo-fenzi-a-firenze\/#primaryimage\",\"url\":\"https:\/\/www.intoscana.it\/wp-content\/uploads\/palazzo-marucelli-fenzi72.jpeg\",\"contentUrl\":\"https:\/\/www.intoscana.it\/wp-content\/uploads\/palazzo-marucelli-fenzi72.jpeg\",\"width\":1280,\"height\":853},{\"@type\":\"BreadcrumbList\",\"@id\":\"https:\/\/www.intoscana.it\/it\/opere-tardo-barocche-del-museo-ginori-in-mostra-a-palazzo-fenzi-a-firenze\/#breadcrumb\",\"itemListElement\":[{\"@type\":\"ListItem\",\"position\":1,\"name\":\"Home\",\"item\":\"https:\/\/www.intoscana.it\/it\/\"},{\"@type\":\"ListItem\",\"position\":2,\"name\":\"Opere tardo barocche del Museo Ginori in mostra a Palazzo Fenzi a Firenze\"}]},{\"@type\":\"WebSite\",\"@id\":\"https:\/\/www.intoscana.it\/it\/#website\",\"url\":\"https:\/\/www.intoscana.it\/it\/\",\"name\":\"intoscana\",\"description\":\"\",\"potentialAction\":[{\"@type\":\"SearchAction\",\"target\":{\"@type\":\"EntryPoint\",\"urlTemplate\":\"https:\/\/www.intoscana.it\/it\/?s={search_term_string}\"},\"query-input\":{\"@type\":\"PropertyValueSpecification\",\"valueRequired\":true,\"valueName\":\"search_term_string\"}}],\"inLanguage\":\"it-IT\"},{\"@type\":\"Person\",\"@id\":\"https:\/\/www.intoscana.it\/it\/#\/schema\/person\/9223810753230f20bd670fdd322661f8\",\"name\":\"Redazione\",\"url\":\"https:\/\/www.intoscana.it\/it\/author\/redazione\/\"}]}<\/script>\n<!-- \/ Yoast SEO Premium plugin. -->","yoast_head_json":{"title":"Opere tardo barocche del Museo Ginori in mostra a Palazzo Fenzi a Firenze - intoscana","description":"Dal 16 dicembre 2022 al 17 febbraio 2023 un'esposizione inedita a cura dell'Universit\u00e0 di Firenze e del Museo Ginori di Sesto Fiorentino","robots":{"index":"index","follow":"follow","max-snippet":"max-snippet:-1","max-image-preview":"max-image-preview:large","max-video-preview":"max-video-preview:-1"},"canonical":"https:\/\/www.intoscana.it\/it\/opere-tardo-barocche-del-museo-ginori-in-mostra-a-palazzo-fenzi-a-firenze\/","og_locale":"it_IT","og_type":"article","og_title":"Opere tardo barocche del Museo Ginori in mostra a Palazzo Fenzi a Firenze","og_description":"Dal 16 dicembre 2022 al 17 febbraio 2023 un'esposizione inedita a cura dell'Universit\u00e0 di Firenze e del Museo Ginori di Sesto Fiorentino","og_url":"https:\/\/www.intoscana.it\/it\/opere-tardo-barocche-del-museo-ginori-in-mostra-a-palazzo-fenzi-a-firenze\/","og_site_name":"intoscana","article_publisher":"https:\/\/www.facebook.com\/intoscana.it","article_published_time":"2022-12-17T07:54:03+00:00","og_image":[{"width":1280,"height":853,"url":"https:\/\/www.intoscana.it\/wp-content\/uploads\/palazzo-marucelli-fenzi72.jpeg","type":"image\/jpeg"}],"author":"Redazione","twitter_card":"summary_large_image","twitter_creator":"@intoscana","twitter_site":"@intoscana","twitter_misc":{"Written by":"Redazione","Est. reading time":"2 minuti"},"schema":{"@context":"https:\/\/schema.org","@graph":[{"@type":"WebPage","@id":"https:\/\/www.intoscana.it\/it\/opere-tardo-barocche-del-museo-ginori-in-mostra-a-palazzo-fenzi-a-firenze\/","url":"https:\/\/www.intoscana.it\/it\/opere-tardo-barocche-del-museo-ginori-in-mostra-a-palazzo-fenzi-a-firenze\/","name":"Opere tardo barocche del Museo Ginori in mostra a Palazzo Fenzi a Firenze - intoscana","isPartOf":{"@id":"https:\/\/www.intoscana.it\/it\/#website"},"primaryImageOfPage":{"@id":"https:\/\/www.intoscana.it\/it\/opere-tardo-barocche-del-museo-ginori-in-mostra-a-palazzo-fenzi-a-firenze\/#primaryimage"},"image":{"@id":"https:\/\/www.intoscana.it\/it\/opere-tardo-barocche-del-museo-ginori-in-mostra-a-palazzo-fenzi-a-firenze\/#primaryimage"},"thumbnailUrl":"https:\/\/www.intoscana.it\/wp-content\/uploads\/palazzo-marucelli-fenzi72.jpeg","datePublished":"2022-12-17T07:54:03+00:00","author":{"@id":"https:\/\/www.intoscana.it\/it\/#\/schema\/person\/9223810753230f20bd670fdd322661f8"},"description":"Dal 16 dicembre 2022 al 17 febbraio 2023 un'esposizione inedita a cura dell'Universit\u00e0 di Firenze e del Museo Ginori di Sesto Fiorentino","breadcrumb":{"@id":"https:\/\/www.intoscana.it\/it\/opere-tardo-barocche-del-museo-ginori-in-mostra-a-palazzo-fenzi-a-firenze\/#breadcrumb"},"inLanguage":"it-IT","potentialAction":[{"@type":"ReadAction","target":["https:\/\/www.intoscana.it\/it\/opere-tardo-barocche-del-museo-ginori-in-mostra-a-palazzo-fenzi-a-firenze\/"]}]},{"@type":"ImageObject","inLanguage":"it-IT","@id":"https:\/\/www.intoscana.it\/it\/opere-tardo-barocche-del-museo-ginori-in-mostra-a-palazzo-fenzi-a-firenze\/#primaryimage","url":"https:\/\/www.intoscana.it\/wp-content\/uploads\/palazzo-marucelli-fenzi72.jpeg","contentUrl":"https:\/\/www.intoscana.it\/wp-content\/uploads\/palazzo-marucelli-fenzi72.jpeg","width":1280,"height":853},{"@type":"BreadcrumbList","@id":"https:\/\/www.intoscana.it\/it\/opere-tardo-barocche-del-museo-ginori-in-mostra-a-palazzo-fenzi-a-firenze\/#breadcrumb","itemListElement":[{"@type":"ListItem","position":1,"name":"Home","item":"https:\/\/www.intoscana.it\/it\/"},{"@type":"ListItem","position":2,"name":"Opere tardo barocche del Museo Ginori in mostra a Palazzo Fenzi a Firenze"}]},{"@type":"WebSite","@id":"https:\/\/www.intoscana.it\/it\/#website","url":"https:\/\/www.intoscana.it\/it\/","name":"intoscana","description":"","potentialAction":[{"@type":"SearchAction","target":{"@type":"EntryPoint","urlTemplate":"https:\/\/www.intoscana.it\/it\/?s={search_term_string}"},"query-input":{"@type":"PropertyValueSpecification","valueRequired":true,"valueName":"search_term_string"}}],"inLanguage":"it-IT"},{"@type":"Person","@id":"https:\/\/www.intoscana.it\/it\/#\/schema\/person\/9223810753230f20bd670fdd322661f8","name":"Redazione","url":"https:\/\/www.intoscana.it\/it\/author\/redazione\/"}]}},"_links":{"self":[{"href":"https:\/\/www.intoscana.it\/it\/wp-json\/wp\/v2\/posts\/263394","targetHints":{"allow":["GET"]}}],"collection":[{"href":"https:\/\/www.intoscana.it\/it\/wp-json\/wp\/v2\/posts"}],"about":[{"href":"https:\/\/www.intoscana.it\/it\/wp-json\/wp\/v2\/types\/post"}],"author":[{"embeddable":true,"href":"https:\/\/www.intoscana.it\/it\/wp-json\/wp\/v2\/users\/525"}],"replies":[{"embeddable":true,"href":"https:\/\/www.intoscana.it\/it\/wp-json\/wp\/v2\/comments?post=263394"}],"version-history":[{"count":0,"href":"https:\/\/www.intoscana.it\/it\/wp-json\/wp\/v2\/posts\/263394\/revisions"}],"wp:featuredmedia":[{"embeddable":true,"href":"https:\/\/www.intoscana.it\/it\/wp-json\/wp\/v2\/media\/263360"}],"wp:attachment":[{"href":"https:\/\/www.intoscana.it\/it\/wp-json\/wp\/v2\/media?parent=263394"}],"wp:term":[{"taxonomy":"category","embeddable":true,"href":"https:\/\/www.intoscana.it\/it\/wp-json\/wp\/v2\/categories?post=263394"},{"taxonomy":"post_tag","embeddable":true,"href":"https:\/\/www.intoscana.it\/it\/wp-json\/wp\/v2\/tags?post=263394"}],"curies":[{"name":"wp","href":"https:\/\/api.w.org\/{rel}","templated":true}]}}