{"id":263398,"date":"2022-12-17T09:13:33","date_gmt":"2022-12-17T08:13:33","guid":{"rendered":"https:\/\/www.intoscana.it\/it\/?p=263398"},"modified":"2022-12-17T09:13:33","modified_gmt":"2022-12-17T08:13:33","slug":"a-forte-dei-marmi-in-mostra-i-celebri-manifesti-strappati-di-mimmo-rotella","status":"publish","type":"post","link":"https:\/\/www.intoscana.it\/it\/a-forte-dei-marmi-in-mostra-i-celebri-manifesti-strappati-di-mimmo-rotella\/","title":{"rendered":"A Forte dei Marmi in mostra i celebri manifesti strappati di Mimmo Rotella"},"content":{"rendered":"<p>Nella <strong>Oblong Contemporary Art Gallery<\/strong> di <strong>Forte dei Marmi<\/strong>\u00a0(via Carducci 45) fino al <strong>23 gennaio 2023,<\/strong> saranno esposte quindici opere di grande valore storico e artistico che rappresentano l\u2019unicit\u00e0 dell\u2019espressione e della poetica del <strong>Maestro Mimmo Rotella,<\/strong> tra i pi\u00f9 grandi esponenti del Nouveau R\u00e9alisme e della Pop Art, le cui opere sono esposte in tutti i musei d\u2019arte contemporanea pi\u00f9 importanti al mondo quali il <strong>Centre Pompidou di Parigi, il Solomon Guggenheim Museum, il MoMA di New York, la National Gallery di Washington e la Tate Modern di Londra.<\/strong><\/p>\n<p>La mostra, dal titolo<em><strong> &#8220;Preludio&#8221;<\/strong><\/em> \u00e8 un\u2019anteprima della grande antologica che verr\u00e0 realizzata dalla primavera all\u2019estate a Forte dei Marmi in stretta collaborazione con la <strong>Fondazione Mimmo Rotella,<\/strong> che sar\u00e0 composta da <strong>oltre centocinquanta opere<\/strong> e rappresenter\u00e0 per la citt\u00e0 della Versilia il pi\u00f9 grande evento d\u2019arte mai realizzato.<\/p>\n<p><strong>La Gallerista Paola Marucci<\/strong> ha presentato l\u2019iniziativa con queste parole: <em>\u201cIl nostro \u00e8 un obiettivo ambizioso: raccontare nuovamente uno degli artisti italiani pi\u00f9 importanti della seconda met\u00e0 del \u2018900. Rotella ha saputo guardare alla contemporaneit\u00e0 come pochi altri, innovando attraverso le sue tecniche e una visione del tutto nuova la rinascita dell\u2019arte negli anni del boom economico. \u00c8 stato un vero artista internazionale, la sua amicizia con Pollock, Rauschenberg, Twombly, e la frequentazione degli ambienti artistici europei e d&#8217;oltreoceano hanno contribuito all\u2019accrescimento della sua visione artistica e a quelle numerose sperimentazioni che lo hanno reso celebre. Oblong e la Fondazione Mimmo Rotella inaugurano questo nucleo di opere in preparazione della grande antologica che porter\u00e0 nel 2023 a Forte dei Marmi un percorso estremamente vivido del Pop Artist italiano\u201d.<\/em><\/p>\n<figure id=\"post-263098 media-263098\" class=\"align-none\"><img decoding=\"async\" src=\"https:\/\/www.intoscana.it\/wp-content\/uploads\/OBLONG_Mimmo_Rotella_1990_STROMBOLI.jpg\" alt=\"\" \/><\/figure>\n<div class=\"titleimg\"><em>OBLONG, Mimmo Rotella, 1990, STROMBOLI<\/em><\/div>\n<p><strong>Mimmo Rotella<\/strong> nel 1953 sperimenta i primi <strong>d\u00e9collages, manifesti strappati dai muri<\/strong> e ulteriormente lacerati nel suo studio: una tecnica unica che lo rende famoso e molto apprezzato da critici, galleristi, collezionisti.<\/p>\n<p>Una produzione che fa volare le sue opere da Zurigo a Londra, da New York a Tokyo, dal Per\u00f9 al Messico. <strong>Nel 1964 \u00e8 a Parigi<\/strong> e nello stesso anno la Biennale di Venezia gli dedica una sala personale. Rotella viaggia in tutto il mondo, nel \u201967 \u00e8 a New York dove<strong> conosce Andy Warhol<\/strong> ed \u00e8 ospite degli artisti <strong>Jeanne Claude e Christo<\/strong> che, come lui, erano parte del movimento del Nouveau R\u00e9alisme di Pierre Restany.<\/p>\n<p><strong>Mimmo Rotella \u00e8 particolarmente famoso per i d\u00e9collages<\/strong>, la serie che nasce come gesto di protesta contro la societ\u00e0 dei consumi i cui manifesti pubblicitari Rotella<strong> recupera, strappa e trasforma in opere emblematiche<\/strong>.<\/p>\n<p>Passando dalla pubblicit\u00e0 al mito Rotella celebra a pi\u00f9 riprese <strong>l\u2019icona per eccellenza, Marilyn Monroe,<\/strong> la cui immagine \u2013 ancora oggi \u2013 viene declinata all\u2019infinito. Con i d\u00e9collages figurativi <strong>Mimmo Rotella<\/strong> si sofferma nel mondo del cinema, da cui \u00e8 particolarmente affascinato, per celebrare i miti e i divi della celluloide.<\/p>\n<figure id=\"post-263099 media-263099\" class=\"align-none\"><img decoding=\"async\" src=\"https:\/\/www.intoscana.it\/wp-content\/uploads\/OBLONG_Mimmo_Rotella_2004_AUTODIFESA.jpg\" alt=\"\" \/><\/figure>\n<div class=\"titleimg\">OBLONG, Mimmo Rotella, 2004, AUTODIFESA<\/div>\n<h3>Le opere di Mimmo Rotella in mostra a Forte dei Marmi<\/h3>\n<p>Tra le opere esposte a Forte dei Marmi <strong>tre di importanti d\u00e9collages degli anni \u201960:<\/strong> Collage,<strong> Commercio e Unit\u00e0 e Dux,<\/strong> cui si aggiungono opere come<strong> Stromboli<\/strong> (1990) che celebra Ingrid Bergman; Con tutti (1995); Scandalo internazionale (1998), omaggio a Marlene Dietrich; Love me (2000) e Marilyn Forever (2004) dedicate a Marilyn Monroe; Autodifesa (2004) dal film con John Wayne; Western (2005) una delle ultime opere che ancora racconta la passione di Rotella per il cinema.<\/p>\n<p>\u00c8 del 1949 l\u2019opera <strong>Composizione<\/strong>, una delle prime opere del Maestro, dalla quale emerge una netta ispirazione alla matrice cubista, che trover\u00e0 nei d\u00e9collages del Maestro quella suggestione per i piani scomposti, intersecati e compenetrati.<\/p>\n<p>Tra le altre opere esposte, realizzate con tecniche diverse, troviamo<strong> De Chirico,<\/strong> una pittura su lamiera di ferro che Rotella dedica al Maestro italiano della Metafisica. A seguire, Reverde (1973) e Ritratto (1976), rispettivamente un Artypo e una tela emulsionata.<\/p>\n<p>Da non perdere \u00e8 l\u2019opera <strong>The assassination of Kennedy<\/strong> del 1963, dello stesso anno in cui il Presidente degli Stati Uniti viene barbaramente assassinato, evento che scuote il mondo intero. Rotella realizza la sua opera con i giornali dell\u2019epoca utilizzando la tecnica del riporto fotografico su tela emulsionata.<\/p>\n<p><em>&#8220;Da quando sono Presidente<\/em> &#8211; ha dichiarato <strong>Nicola Canal, Presidente della Fondazione Mimmo Rotella<\/strong> &#8211; <em>abbiamo rilanciato la Fondazione dopo lo stop dovuto al Covid. Abbiamo realizzato delle mostre a Londra e attivato la collaborazione con Oblong Contemporary Art Gallery, con la quale inauguriamo questo nucleo di opere a Forte dei Marmi in vista della nuova stagione che vedr\u00e0 la grande esposizione dedicata a Rotella. La mostra verr\u00e0 portata successivamente anche nella Galleria Oblong di Dubai, per celebrare un maestro degno di essere considerato tra i grandi del Novecento su piano mondiale. Questa collaborazione \u00e8 il primo passo per generare un forte e stretto rapporto con il gruppo di gallerie nazionali e internazionali che sono parte di Oblong, da Forte dei Marmi a Firenze e Dubai, che porteranno secondo me grande valore all\u2019opera del Maestro dal punto di vista culturale\u201d.<\/em><\/p>\n<figure id=\"post-263100 media-263100\" class=\"align-none\"><img decoding=\"async\" src=\"https:\/\/www.intoscana.it\/wp-content\/uploads\/OBLONG_Mimmo_Rotella_2005_WESTERN.jpg\" alt=\"\" \/><\/figure>\n<div class=\"titleimg\">OBLONG, Mimmo Rotella, 2005, WESTERN<\/div>\n","protected":false},"excerpt":{"rendered":"<p>La mostra dal titolo &#8220;Preludio&#8221; \u00e8 un\u2019anteprima della grande antologica che verr\u00e0 realizzata in primavera in collaborazione con la Fondazione Mimmo Rotella, che sar\u00e0 composta da oltre centocinquanta opere<\/p>\n","protected":false},"author":525,"featured_media":263097,"comment_status":"open","ping_status":"open","sticky":false,"template":"","format":"standard","meta":{"_acf_changed":false,"footnotes":""},"categories":[493],"tags":[174,4474,4562,222],"class_list":["post-263398","post","type-post","status-publish","format-standard","has-post-thumbnail","hentry","category-cultura","tag-arte","tag-eventi","tag-forte-dei-marmi","tag-mostre"],"acf":[],"yoast_head":"<!-- This site is optimized with the Yoast SEO Premium plugin v24.2 (Yoast SEO v25.6) - https:\/\/yoast.com\/wordpress\/plugins\/seo\/ -->\n<title>A Forte dei Marmi in mostra i celebri manifesti strappati di Mimmo Rotella - intoscana<\/title>\n<meta name=\"description\" content=\"La mostra dal titolo &quot;Preludio&quot; \u00e8 un\u2019anteprima della grande antologica che verr\u00e0 realizzata in primavera che sar\u00e0 composta da 150 opere\" \/>\n<meta name=\"robots\" content=\"index, follow, max-snippet:-1, max-image-preview:large, max-video-preview:-1\" \/>\n<link rel=\"canonical\" href=\"https:\/\/www.intoscana.it\/it\/a-forte-dei-marmi-in-mostra-i-celebri-manifesti-strappati-di-mimmo-rotella\/\" \/>\n<meta property=\"og:locale\" content=\"it_IT\" \/>\n<meta property=\"og:type\" content=\"article\" \/>\n<meta property=\"og:title\" content=\"A Forte dei Marmi in mostra i celebri manifesti strappati di Mimmo Rotella\" \/>\n<meta property=\"og:description\" content=\"La mostra dal titolo &quot;Preludio&quot; \u00e8 un\u2019anteprima della grande antologica che verr\u00e0 realizzata in primavera che sar\u00e0 composta da 150 opere\" \/>\n<meta property=\"og:url\" content=\"https:\/\/www.intoscana.it\/it\/a-forte-dei-marmi-in-mostra-i-celebri-manifesti-strappati-di-mimmo-rotella\/\" \/>\n<meta property=\"og:site_name\" content=\"intoscana\" \/>\n<meta property=\"article:publisher\" content=\"https:\/\/www.facebook.com\/intoscana.it\" \/>\n<meta property=\"article:published_time\" content=\"2022-12-17T08:13:33+00:00\" \/>\n<meta property=\"og:image\" content=\"https:\/\/www.intoscana.it\/wp-content\/uploads\/OBLONG_Mimmo_Rotella_1962_DUX.jpg\" \/>\n\t<meta property=\"og:image:width\" content=\"869\" \/>\n\t<meta property=\"og:image:height\" content=\"590\" \/>\n\t<meta property=\"og:image:type\" content=\"image\/jpeg\" \/>\n<meta name=\"author\" content=\"Redazione\" \/>\n<meta name=\"twitter:card\" content=\"summary_large_image\" \/>\n<meta name=\"twitter:creator\" content=\"@intoscana\" \/>\n<meta name=\"twitter:site\" content=\"@intoscana\" \/>\n<meta name=\"twitter:label1\" content=\"Written by\" \/>\n\t<meta name=\"twitter:data1\" content=\"Redazione\" \/>\n\t<meta name=\"twitter:label2\" content=\"Est. reading time\" \/>\n\t<meta name=\"twitter:data2\" content=\"4 minuti\" \/>\n<script type=\"application\/ld+json\" class=\"yoast-schema-graph\">{\"@context\":\"https:\/\/schema.org\",\"@graph\":[{\"@type\":\"WebPage\",\"@id\":\"https:\/\/www.intoscana.it\/it\/a-forte-dei-marmi-in-mostra-i-celebri-manifesti-strappati-di-mimmo-rotella\/\",\"url\":\"https:\/\/www.intoscana.it\/it\/a-forte-dei-marmi-in-mostra-i-celebri-manifesti-strappati-di-mimmo-rotella\/\",\"name\":\"A Forte dei Marmi in mostra i celebri manifesti strappati di Mimmo Rotella - intoscana\",\"isPartOf\":{\"@id\":\"https:\/\/www.intoscana.it\/it\/#website\"},\"primaryImageOfPage\":{\"@id\":\"https:\/\/www.intoscana.it\/it\/a-forte-dei-marmi-in-mostra-i-celebri-manifesti-strappati-di-mimmo-rotella\/#primaryimage\"},\"image\":{\"@id\":\"https:\/\/www.intoscana.it\/it\/a-forte-dei-marmi-in-mostra-i-celebri-manifesti-strappati-di-mimmo-rotella\/#primaryimage\"},\"thumbnailUrl\":\"https:\/\/www.intoscana.it\/wp-content\/uploads\/OBLONG_Mimmo_Rotella_1962_DUX.jpg\",\"datePublished\":\"2022-12-17T08:13:33+00:00\",\"author\":{\"@id\":\"https:\/\/www.intoscana.it\/it\/#\/schema\/person\/9223810753230f20bd670fdd322661f8\"},\"description\":\"La mostra dal titolo \\\"Preludio\\\" \u00e8 un\u2019anteprima della grande antologica che verr\u00e0 realizzata in primavera che sar\u00e0 composta da 150 opere\",\"breadcrumb\":{\"@id\":\"https:\/\/www.intoscana.it\/it\/a-forte-dei-marmi-in-mostra-i-celebri-manifesti-strappati-di-mimmo-rotella\/#breadcrumb\"},\"inLanguage\":\"it-IT\",\"potentialAction\":[{\"@type\":\"ReadAction\",\"target\":[\"https:\/\/www.intoscana.it\/it\/a-forte-dei-marmi-in-mostra-i-celebri-manifesti-strappati-di-mimmo-rotella\/\"]}]},{\"@type\":\"ImageObject\",\"inLanguage\":\"it-IT\",\"@id\":\"https:\/\/www.intoscana.it\/it\/a-forte-dei-marmi-in-mostra-i-celebri-manifesti-strappati-di-mimmo-rotella\/#primaryimage\",\"url\":\"https:\/\/www.intoscana.it\/wp-content\/uploads\/OBLONG_Mimmo_Rotella_1962_DUX.jpg\",\"contentUrl\":\"https:\/\/www.intoscana.it\/wp-content\/uploads\/OBLONG_Mimmo_Rotella_1962_DUX.jpg\",\"width\":869,\"height\":590,\"caption\":\"OBLONG, Mimmo Rotella, 1962, DUX\"},{\"@type\":\"BreadcrumbList\",\"@id\":\"https:\/\/www.intoscana.it\/it\/a-forte-dei-marmi-in-mostra-i-celebri-manifesti-strappati-di-mimmo-rotella\/#breadcrumb\",\"itemListElement\":[{\"@type\":\"ListItem\",\"position\":1,\"name\":\"Home\",\"item\":\"https:\/\/www.intoscana.it\/it\/\"},{\"@type\":\"ListItem\",\"position\":2,\"name\":\"A Forte dei Marmi in mostra i celebri manifesti strappati di Mimmo Rotella\"}]},{\"@type\":\"WebSite\",\"@id\":\"https:\/\/www.intoscana.it\/it\/#website\",\"url\":\"https:\/\/www.intoscana.it\/it\/\",\"name\":\"intoscana\",\"description\":\"\",\"potentialAction\":[{\"@type\":\"SearchAction\",\"target\":{\"@type\":\"EntryPoint\",\"urlTemplate\":\"https:\/\/www.intoscana.it\/it\/?s={search_term_string}\"},\"query-input\":{\"@type\":\"PropertyValueSpecification\",\"valueRequired\":true,\"valueName\":\"search_term_string\"}}],\"inLanguage\":\"it-IT\"},{\"@type\":\"Person\",\"@id\":\"https:\/\/www.intoscana.it\/it\/#\/schema\/person\/9223810753230f20bd670fdd322661f8\",\"name\":\"Redazione\",\"url\":\"https:\/\/www.intoscana.it\/it\/author\/redazione\/\"}]}<\/script>\n<!-- \/ Yoast SEO Premium plugin. -->","yoast_head_json":{"title":"A Forte dei Marmi in mostra i celebri manifesti strappati di Mimmo Rotella - intoscana","description":"La mostra dal titolo \"Preludio\" \u00e8 un\u2019anteprima della grande antologica che verr\u00e0 realizzata in primavera che sar\u00e0 composta da 150 opere","robots":{"index":"index","follow":"follow","max-snippet":"max-snippet:-1","max-image-preview":"max-image-preview:large","max-video-preview":"max-video-preview:-1"},"canonical":"https:\/\/www.intoscana.it\/it\/a-forte-dei-marmi-in-mostra-i-celebri-manifesti-strappati-di-mimmo-rotella\/","og_locale":"it_IT","og_type":"article","og_title":"A Forte dei Marmi in mostra i celebri manifesti strappati di Mimmo Rotella","og_description":"La mostra dal titolo \"Preludio\" \u00e8 un\u2019anteprima della grande antologica che verr\u00e0 realizzata in primavera che sar\u00e0 composta da 150 opere","og_url":"https:\/\/www.intoscana.it\/it\/a-forte-dei-marmi-in-mostra-i-celebri-manifesti-strappati-di-mimmo-rotella\/","og_site_name":"intoscana","article_publisher":"https:\/\/www.facebook.com\/intoscana.it","article_published_time":"2022-12-17T08:13:33+00:00","og_image":[{"width":869,"height":590,"url":"https:\/\/www.intoscana.it\/wp-content\/uploads\/OBLONG_Mimmo_Rotella_1962_DUX.jpg","type":"image\/jpeg"}],"author":"Redazione","twitter_card":"summary_large_image","twitter_creator":"@intoscana","twitter_site":"@intoscana","twitter_misc":{"Written by":"Redazione","Est. reading time":"4 minuti"},"schema":{"@context":"https:\/\/schema.org","@graph":[{"@type":"WebPage","@id":"https:\/\/www.intoscana.it\/it\/a-forte-dei-marmi-in-mostra-i-celebri-manifesti-strappati-di-mimmo-rotella\/","url":"https:\/\/www.intoscana.it\/it\/a-forte-dei-marmi-in-mostra-i-celebri-manifesti-strappati-di-mimmo-rotella\/","name":"A Forte dei Marmi in mostra i celebri manifesti strappati di Mimmo Rotella - intoscana","isPartOf":{"@id":"https:\/\/www.intoscana.it\/it\/#website"},"primaryImageOfPage":{"@id":"https:\/\/www.intoscana.it\/it\/a-forte-dei-marmi-in-mostra-i-celebri-manifesti-strappati-di-mimmo-rotella\/#primaryimage"},"image":{"@id":"https:\/\/www.intoscana.it\/it\/a-forte-dei-marmi-in-mostra-i-celebri-manifesti-strappati-di-mimmo-rotella\/#primaryimage"},"thumbnailUrl":"https:\/\/www.intoscana.it\/wp-content\/uploads\/OBLONG_Mimmo_Rotella_1962_DUX.jpg","datePublished":"2022-12-17T08:13:33+00:00","author":{"@id":"https:\/\/www.intoscana.it\/it\/#\/schema\/person\/9223810753230f20bd670fdd322661f8"},"description":"La mostra dal titolo \"Preludio\" \u00e8 un\u2019anteprima della grande antologica che verr\u00e0 realizzata in primavera che sar\u00e0 composta da 150 opere","breadcrumb":{"@id":"https:\/\/www.intoscana.it\/it\/a-forte-dei-marmi-in-mostra-i-celebri-manifesti-strappati-di-mimmo-rotella\/#breadcrumb"},"inLanguage":"it-IT","potentialAction":[{"@type":"ReadAction","target":["https:\/\/www.intoscana.it\/it\/a-forte-dei-marmi-in-mostra-i-celebri-manifesti-strappati-di-mimmo-rotella\/"]}]},{"@type":"ImageObject","inLanguage":"it-IT","@id":"https:\/\/www.intoscana.it\/it\/a-forte-dei-marmi-in-mostra-i-celebri-manifesti-strappati-di-mimmo-rotella\/#primaryimage","url":"https:\/\/www.intoscana.it\/wp-content\/uploads\/OBLONG_Mimmo_Rotella_1962_DUX.jpg","contentUrl":"https:\/\/www.intoscana.it\/wp-content\/uploads\/OBLONG_Mimmo_Rotella_1962_DUX.jpg","width":869,"height":590,"caption":"OBLONG, Mimmo Rotella, 1962, DUX"},{"@type":"BreadcrumbList","@id":"https:\/\/www.intoscana.it\/it\/a-forte-dei-marmi-in-mostra-i-celebri-manifesti-strappati-di-mimmo-rotella\/#breadcrumb","itemListElement":[{"@type":"ListItem","position":1,"name":"Home","item":"https:\/\/www.intoscana.it\/it\/"},{"@type":"ListItem","position":2,"name":"A Forte dei Marmi in mostra i celebri manifesti strappati di Mimmo Rotella"}]},{"@type":"WebSite","@id":"https:\/\/www.intoscana.it\/it\/#website","url":"https:\/\/www.intoscana.it\/it\/","name":"intoscana","description":"","potentialAction":[{"@type":"SearchAction","target":{"@type":"EntryPoint","urlTemplate":"https:\/\/www.intoscana.it\/it\/?s={search_term_string}"},"query-input":{"@type":"PropertyValueSpecification","valueRequired":true,"valueName":"search_term_string"}}],"inLanguage":"it-IT"},{"@type":"Person","@id":"https:\/\/www.intoscana.it\/it\/#\/schema\/person\/9223810753230f20bd670fdd322661f8","name":"Redazione","url":"https:\/\/www.intoscana.it\/it\/author\/redazione\/"}]}},"_links":{"self":[{"href":"https:\/\/www.intoscana.it\/it\/wp-json\/wp\/v2\/posts\/263398","targetHints":{"allow":["GET"]}}],"collection":[{"href":"https:\/\/www.intoscana.it\/it\/wp-json\/wp\/v2\/posts"}],"about":[{"href":"https:\/\/www.intoscana.it\/it\/wp-json\/wp\/v2\/types\/post"}],"author":[{"embeddable":true,"href":"https:\/\/www.intoscana.it\/it\/wp-json\/wp\/v2\/users\/525"}],"replies":[{"embeddable":true,"href":"https:\/\/www.intoscana.it\/it\/wp-json\/wp\/v2\/comments?post=263398"}],"version-history":[{"count":0,"href":"https:\/\/www.intoscana.it\/it\/wp-json\/wp\/v2\/posts\/263398\/revisions"}],"wp:featuredmedia":[{"embeddable":true,"href":"https:\/\/www.intoscana.it\/it\/wp-json\/wp\/v2\/media\/263097"}],"wp:attachment":[{"href":"https:\/\/www.intoscana.it\/it\/wp-json\/wp\/v2\/media?parent=263398"}],"wp:term":[{"taxonomy":"category","embeddable":true,"href":"https:\/\/www.intoscana.it\/it\/wp-json\/wp\/v2\/categories?post=263398"},{"taxonomy":"post_tag","embeddable":true,"href":"https:\/\/www.intoscana.it\/it\/wp-json\/wp\/v2\/tags?post=263398"}],"curies":[{"name":"wp","href":"https:\/\/api.w.org\/{rel}","templated":true}]}}