{"id":263531,"date":"2022-12-19T11:36:44","date_gmt":"2022-12-19T10:36:44","guid":{"rendered":"https:\/\/www.intoscana.it\/it\/?p=263531"},"modified":"2022-12-19T13:32:02","modified_gmt":"2022-12-19T12:32:02","slug":"paolo-virzi-a-la-compagnia-parla-di-sostenibilita","status":"publish","type":"post","link":"https:\/\/www.intoscana.it\/it\/paolo-virzi-a-la-compagnia-parla-di-sostenibilita\/","title":{"rendered":"Paolo Virz\u00ec in cattedra per parlare di sostenibilit\u00e0. Sul suo film: &#8220;Siccit\u00e0? Racconto di vite parallele&#8221;"},"content":{"rendered":"<p>Dopo la presentazione, fuori concorso, all\u2019ultimo Festival di Venezia e l\u2019uscita nei cinema italiani dallo scorso settembre, l\u2019ultimo film di <strong>Paolo Virz\u00ec, <em>Siccit\u00e0<\/em><\/strong>, \u00e8 stato di nuovo presentato in sala, a La Compagnia di Firenze, dallo stesso regista. La proiezione \u00e8 stata lo spunto per parlare di ambiente e sostenibilit\u00e0, grazie all\u2019iniziativa organizzata dal Dipartimento di Architettura (Dida) dell\u2019<strong>Universit\u00e0 di Firenze <\/strong>e dal <strong>Dottorato in Sostenibilit\u00e0 e Innovazione<\/strong> per il progetto dell\u2019ambiente costruito e del sistema prodotto, alla quale hanno preso parte il delegato Unifi al dottorato di ricerca Stefano Cannicci, il direttore del Dida Giuseppe De Luca, il coordinatore del dottorato Giuseppe Lotti ed Elisabetta Cianfanelli, referente del curriculum Design.<\/p>\n<p>La trama del film di Virz\u00ec \u00e8 un ottimo spunto per parlare di cambiamenti climatici e di una delle minacce pi\u00f9 pericolose dell&#8217;et\u00e0 contemporanea: la siccit\u00e0, il cui verificarsi \u00e8 aleggiato nel mondo gi\u00e0 la scorsa estate. Nel film siamo infatti in una Roma di oggi, ma in uno scenario distopico: nella capitale non piove da tre anni e le persone portano all\u2019estremo paure, comportamenti atipici, tic e nevrosi, dove predominano le tecnologie e la mania per i social. Ad accompagnare il tutto, proteste di piazza di chi non ci sta e vede nelle nuove restrizioni nell\u2019uso dell\u2019acqua una forma di vessazione. Insomma tutta una serie di comportamenti e situazioni viste e vissute nel corso della pandemia, al quale, indubbiamente, il film si ispira.<\/p>\n<p>La coralit\u00e0 di personaggi, ognuno di cerca di salvezza, \u00e8 indice del disagio esistenziale contemporaneo: <em>\u201cTutti parlano di solitudine nel mio film \u2013<\/em> ha dichiarato Virz\u00ec <em>\u2013 di relazioni tossiche: si tratta di un grande affresco del nostro tempo<\/em>\u201d. \u201c<em>Sono raccontate vite parallele, apparentemente diverse una dall\u2019altra ma in realt\u00e0 legate tra loro. Il mio \u2013 <\/em>ha aggiunto il regista <em>\u2013 era il desiderio di raccontare le nostre vite in questi ultimi anni, con gravitas, ma anche con ironia e grande empatia\u201d.<\/em><\/p>\n<p><em>\u201cCome comunit\u00e0 universitaria e come istituzione che forma le giovani generazioni, abbiamo deciso<\/em> \u2013 ha spiegato il prof. Giuseppe Lotti \u2013 <em>di affrontare con la forza del cinema il tema attualissimo della crisi ambientale e sociale che ci attraversa\u201d.<\/em><\/p>\n<p><iframe loading=\"lazy\" title=\"YouTube video player\" src=\"https:\/\/www.youtube.com\/embed\/8pAe_KD3sGg\" width=\"860\" height=\"615\" frameborder=\"0\" allowfullscreen=\"allowfullscreen\"><span style=\"display: inline-block; width: 0px; overflow: hidden; line-height: 0;\" data-mce-type=\"bookmark\" class=\"mce_SELRES_start\">\ufeff<\/span><\/iframe><\/p>\n<p>&nbsp;<\/p>\n<p>&nbsp;<\/p>\n","protected":false},"excerpt":{"rendered":"<p>Nei giorni scorsi il regista toscano ha presentato il suo ultimo film al Cinema La Compagnia di Firenze, nel corso di un&#039;iniziativa sul tema dell&#039;ambiente organizzata dal Dipartimento di Architettura dell\u2019ateneo<\/p>\n","protected":false},"author":492,"featured_media":85341,"comment_status":"open","ping_status":"open","sticky":false,"template":"","format":"standard","meta":{"_acf_changed":false,"footnotes":""},"categories":[493],"tags":[188,4579,6543],"class_list":["post-263531","post","type-post","status-publish","format-standard","has-post-thumbnail","hentry","category-cultura","tag-cinema","tag-cinema-la-compagnia","tag-paolo-virzi"],"acf":[],"yoast_head":"<!-- This site is optimized with the Yoast SEO Premium plugin v24.2 (Yoast SEO v25.6) - https:\/\/yoast.com\/wordpress\/plugins\/seo\/ -->\n<title>Paolo Virz\u00ec in cattedra per parlare di sostenibilit\u00e0. Sul suo film: &quot;Siccit\u00e0? Racconto di vite parallele&quot; - intoscana<\/title>\n<meta name=\"description\" content=\"Gioved\u00ec 15 dicembre Paolo Virz\u00ec ha presentato a La Compagnia &quot;Siccit\u00e0&quot;, in un&#039;iniziativa dell&#039;Universit\u00e0 di Firenze\" \/>\n<meta name=\"robots\" content=\"index, follow, max-snippet:-1, max-image-preview:large, max-video-preview:-1\" \/>\n<link rel=\"canonical\" href=\"https:\/\/www.intoscana.it\/it\/paolo-virzi-a-la-compagnia-parla-di-sostenibilita\/\" \/>\n<meta property=\"og:locale\" content=\"it_IT\" \/>\n<meta property=\"og:type\" content=\"article\" \/>\n<meta property=\"og:title\" content=\"Paolo Virz\u00ec in cattedra per parlare di sostenibilit\u00e0. Sul suo film: &quot;Siccit\u00e0? Racconto di vite parallele&quot;\" \/>\n<meta property=\"og:description\" content=\"Gioved\u00ec 15 dicembre Paolo Virz\u00ec ha presentato a La Compagnia &quot;Siccit\u00e0&quot;, in un&#039;iniziativa dell&#039;Universit\u00e0 di Firenze\" \/>\n<meta property=\"og:url\" content=\"https:\/\/www.intoscana.it\/it\/paolo-virzi-a-la-compagnia-parla-di-sostenibilita\/\" \/>\n<meta property=\"og:site_name\" content=\"intoscana\" \/>\n<meta property=\"article:publisher\" content=\"https:\/\/www.facebook.com\/intoscana.it\" \/>\n<meta property=\"article:published_time\" content=\"2022-12-19T10:36:44+00:00\" \/>\n<meta property=\"article:modified_time\" content=\"2022-12-19T12:32:02+00:00\" \/>\n<meta property=\"og:image\" content=\"https:\/\/www.intoscana.it\/wp-content\/uploads\/notti-magiche-paolo-virzi-berlino.jpg\" \/>\n\t<meta property=\"og:image:width\" content=\"1280\" \/>\n\t<meta property=\"og:image:height\" content=\"720\" \/>\n\t<meta property=\"og:image:type\" content=\"image\/jpeg\" \/>\n<meta name=\"author\" content=\"Elisabetta Vagaggini\" \/>\n<meta name=\"twitter:card\" content=\"summary_large_image\" \/>\n<meta name=\"twitter:creator\" content=\"@intoscana\" \/>\n<meta name=\"twitter:site\" content=\"@intoscana\" \/>\n<meta name=\"twitter:label1\" content=\"Written by\" \/>\n\t<meta name=\"twitter:data1\" content=\"Elisabetta Vagaggini\" \/>\n\t<meta name=\"twitter:label2\" content=\"Est. reading time\" \/>\n\t<meta name=\"twitter:data2\" content=\"2 minuti\" \/>\n<script type=\"application\/ld+json\" class=\"yoast-schema-graph\">{\"@context\":\"https:\/\/schema.org\",\"@graph\":[{\"@type\":\"WebPage\",\"@id\":\"https:\/\/www.intoscana.it\/it\/paolo-virzi-a-la-compagnia-parla-di-sostenibilita\/\",\"url\":\"https:\/\/www.intoscana.it\/it\/paolo-virzi-a-la-compagnia-parla-di-sostenibilita\/\",\"name\":\"Paolo Virz\u00ec in cattedra per parlare di sostenibilit\u00e0. Sul suo film: \\\"Siccit\u00e0? Racconto di vite parallele\\\" - intoscana\",\"isPartOf\":{\"@id\":\"https:\/\/www.intoscana.it\/it\/#website\"},\"primaryImageOfPage\":{\"@id\":\"https:\/\/www.intoscana.it\/it\/paolo-virzi-a-la-compagnia-parla-di-sostenibilita\/#primaryimage\"},\"image\":{\"@id\":\"https:\/\/www.intoscana.it\/it\/paolo-virzi-a-la-compagnia-parla-di-sostenibilita\/#primaryimage\"},\"thumbnailUrl\":\"https:\/\/www.intoscana.it\/wp-content\/uploads\/notti-magiche-paolo-virzi-berlino.jpg\",\"datePublished\":\"2022-12-19T10:36:44+00:00\",\"dateModified\":\"2022-12-19T12:32:02+00:00\",\"author\":{\"@id\":\"https:\/\/www.intoscana.it\/it\/#\/schema\/person\/20956e1a83baf96027b69e776f754e43\"},\"description\":\"Gioved\u00ec 15 dicembre Paolo Virz\u00ec ha presentato a La Compagnia \\\"Siccit\u00e0\\\", in un'iniziativa dell'Universit\u00e0 di Firenze\",\"breadcrumb\":{\"@id\":\"https:\/\/www.intoscana.it\/it\/paolo-virzi-a-la-compagnia-parla-di-sostenibilita\/#breadcrumb\"},\"inLanguage\":\"it-IT\",\"potentialAction\":[{\"@type\":\"ReadAction\",\"target\":[\"https:\/\/www.intoscana.it\/it\/paolo-virzi-a-la-compagnia-parla-di-sostenibilita\/\"]}]},{\"@type\":\"ImageObject\",\"inLanguage\":\"it-IT\",\"@id\":\"https:\/\/www.intoscana.it\/it\/paolo-virzi-a-la-compagnia-parla-di-sostenibilita\/#primaryimage\",\"url\":\"https:\/\/www.intoscana.it\/wp-content\/uploads\/notti-magiche-paolo-virzi-berlino.jpg\",\"contentUrl\":\"https:\/\/www.intoscana.it\/wp-content\/uploads\/notti-magiche-paolo-virzi-berlino.jpg\",\"width\":1280,\"height\":720,\"caption\":\"Paolo Virz\u00ec\"},{\"@type\":\"BreadcrumbList\",\"@id\":\"https:\/\/www.intoscana.it\/it\/paolo-virzi-a-la-compagnia-parla-di-sostenibilita\/#breadcrumb\",\"itemListElement\":[{\"@type\":\"ListItem\",\"position\":1,\"name\":\"Home\",\"item\":\"https:\/\/www.intoscana.it\/it\/\"},{\"@type\":\"ListItem\",\"position\":2,\"name\":\"Paolo Virz\u00ec in cattedra per parlare di sostenibilit\u00e0. Sul suo film: &#8220;Siccit\u00e0? Racconto di vite parallele&#8221;\"}]},{\"@type\":\"WebSite\",\"@id\":\"https:\/\/www.intoscana.it\/it\/#website\",\"url\":\"https:\/\/www.intoscana.it\/it\/\",\"name\":\"intoscana\",\"description\":\"\",\"potentialAction\":[{\"@type\":\"SearchAction\",\"target\":{\"@type\":\"EntryPoint\",\"urlTemplate\":\"https:\/\/www.intoscana.it\/it\/?s={search_term_string}\"},\"query-input\":{\"@type\":\"PropertyValueSpecification\",\"valueRequired\":true,\"valueName\":\"search_term_string\"}}],\"inLanguage\":\"it-IT\"},{\"@type\":\"Person\",\"@id\":\"https:\/\/www.intoscana.it\/it\/#\/schema\/person\/20956e1a83baf96027b69e776f754e43\",\"name\":\"Elisabetta Vagaggini\",\"url\":\"https:\/\/www.intoscana.it\/it\/author\/elisabetta-vagaggini\/\"}]}<\/script>\n<!-- \/ Yoast SEO Premium plugin. -->","yoast_head_json":{"title":"Paolo Virz\u00ec in cattedra per parlare di sostenibilit\u00e0. Sul suo film: \"Siccit\u00e0? Racconto di vite parallele\" - intoscana","description":"Gioved\u00ec 15 dicembre Paolo Virz\u00ec ha presentato a La Compagnia \"Siccit\u00e0\", in un'iniziativa dell'Universit\u00e0 di Firenze","robots":{"index":"index","follow":"follow","max-snippet":"max-snippet:-1","max-image-preview":"max-image-preview:large","max-video-preview":"max-video-preview:-1"},"canonical":"https:\/\/www.intoscana.it\/it\/paolo-virzi-a-la-compagnia-parla-di-sostenibilita\/","og_locale":"it_IT","og_type":"article","og_title":"Paolo Virz\u00ec in cattedra per parlare di sostenibilit\u00e0. Sul suo film: \"Siccit\u00e0? Racconto di vite parallele\"","og_description":"Gioved\u00ec 15 dicembre Paolo Virz\u00ec ha presentato a La Compagnia \"Siccit\u00e0\", in un'iniziativa dell'Universit\u00e0 di Firenze","og_url":"https:\/\/www.intoscana.it\/it\/paolo-virzi-a-la-compagnia-parla-di-sostenibilita\/","og_site_name":"intoscana","article_publisher":"https:\/\/www.facebook.com\/intoscana.it","article_published_time":"2022-12-19T10:36:44+00:00","article_modified_time":"2022-12-19T12:32:02+00:00","og_image":[{"width":1280,"height":720,"url":"https:\/\/www.intoscana.it\/wp-content\/uploads\/notti-magiche-paolo-virzi-berlino.jpg","type":"image\/jpeg"}],"author":"Elisabetta Vagaggini","twitter_card":"summary_large_image","twitter_creator":"@intoscana","twitter_site":"@intoscana","twitter_misc":{"Written by":"Elisabetta Vagaggini","Est. reading time":"2 minuti"},"schema":{"@context":"https:\/\/schema.org","@graph":[{"@type":"WebPage","@id":"https:\/\/www.intoscana.it\/it\/paolo-virzi-a-la-compagnia-parla-di-sostenibilita\/","url":"https:\/\/www.intoscana.it\/it\/paolo-virzi-a-la-compagnia-parla-di-sostenibilita\/","name":"Paolo Virz\u00ec in cattedra per parlare di sostenibilit\u00e0. Sul suo film: \"Siccit\u00e0? Racconto di vite parallele\" - intoscana","isPartOf":{"@id":"https:\/\/www.intoscana.it\/it\/#website"},"primaryImageOfPage":{"@id":"https:\/\/www.intoscana.it\/it\/paolo-virzi-a-la-compagnia-parla-di-sostenibilita\/#primaryimage"},"image":{"@id":"https:\/\/www.intoscana.it\/it\/paolo-virzi-a-la-compagnia-parla-di-sostenibilita\/#primaryimage"},"thumbnailUrl":"https:\/\/www.intoscana.it\/wp-content\/uploads\/notti-magiche-paolo-virzi-berlino.jpg","datePublished":"2022-12-19T10:36:44+00:00","dateModified":"2022-12-19T12:32:02+00:00","author":{"@id":"https:\/\/www.intoscana.it\/it\/#\/schema\/person\/20956e1a83baf96027b69e776f754e43"},"description":"Gioved\u00ec 15 dicembre Paolo Virz\u00ec ha presentato a La Compagnia \"Siccit\u00e0\", in un'iniziativa dell'Universit\u00e0 di Firenze","breadcrumb":{"@id":"https:\/\/www.intoscana.it\/it\/paolo-virzi-a-la-compagnia-parla-di-sostenibilita\/#breadcrumb"},"inLanguage":"it-IT","potentialAction":[{"@type":"ReadAction","target":["https:\/\/www.intoscana.it\/it\/paolo-virzi-a-la-compagnia-parla-di-sostenibilita\/"]}]},{"@type":"ImageObject","inLanguage":"it-IT","@id":"https:\/\/www.intoscana.it\/it\/paolo-virzi-a-la-compagnia-parla-di-sostenibilita\/#primaryimage","url":"https:\/\/www.intoscana.it\/wp-content\/uploads\/notti-magiche-paolo-virzi-berlino.jpg","contentUrl":"https:\/\/www.intoscana.it\/wp-content\/uploads\/notti-magiche-paolo-virzi-berlino.jpg","width":1280,"height":720,"caption":"Paolo Virz\u00ec"},{"@type":"BreadcrumbList","@id":"https:\/\/www.intoscana.it\/it\/paolo-virzi-a-la-compagnia-parla-di-sostenibilita\/#breadcrumb","itemListElement":[{"@type":"ListItem","position":1,"name":"Home","item":"https:\/\/www.intoscana.it\/it\/"},{"@type":"ListItem","position":2,"name":"Paolo Virz\u00ec in cattedra per parlare di sostenibilit\u00e0. Sul suo film: &#8220;Siccit\u00e0? Racconto di vite parallele&#8221;"}]},{"@type":"WebSite","@id":"https:\/\/www.intoscana.it\/it\/#website","url":"https:\/\/www.intoscana.it\/it\/","name":"intoscana","description":"","potentialAction":[{"@type":"SearchAction","target":{"@type":"EntryPoint","urlTemplate":"https:\/\/www.intoscana.it\/it\/?s={search_term_string}"},"query-input":{"@type":"PropertyValueSpecification","valueRequired":true,"valueName":"search_term_string"}}],"inLanguage":"it-IT"},{"@type":"Person","@id":"https:\/\/www.intoscana.it\/it\/#\/schema\/person\/20956e1a83baf96027b69e776f754e43","name":"Elisabetta Vagaggini","url":"https:\/\/www.intoscana.it\/it\/author\/elisabetta-vagaggini\/"}]}},"_links":{"self":[{"href":"https:\/\/www.intoscana.it\/it\/wp-json\/wp\/v2\/posts\/263531","targetHints":{"allow":["GET"]}}],"collection":[{"href":"https:\/\/www.intoscana.it\/it\/wp-json\/wp\/v2\/posts"}],"about":[{"href":"https:\/\/www.intoscana.it\/it\/wp-json\/wp\/v2\/types\/post"}],"author":[{"embeddable":true,"href":"https:\/\/www.intoscana.it\/it\/wp-json\/wp\/v2\/users\/492"}],"replies":[{"embeddable":true,"href":"https:\/\/www.intoscana.it\/it\/wp-json\/wp\/v2\/comments?post=263531"}],"version-history":[{"count":0,"href":"https:\/\/www.intoscana.it\/it\/wp-json\/wp\/v2\/posts\/263531\/revisions"}],"wp:featuredmedia":[{"embeddable":true,"href":"https:\/\/www.intoscana.it\/it\/wp-json\/wp\/v2\/media\/85341"}],"wp:attachment":[{"href":"https:\/\/www.intoscana.it\/it\/wp-json\/wp\/v2\/media?parent=263531"}],"wp:term":[{"taxonomy":"category","embeddable":true,"href":"https:\/\/www.intoscana.it\/it\/wp-json\/wp\/v2\/categories?post=263531"},{"taxonomy":"post_tag","embeddable":true,"href":"https:\/\/www.intoscana.it\/it\/wp-json\/wp\/v2\/tags?post=263531"}],"curies":[{"name":"wp","href":"https:\/\/api.w.org\/{rel}","templated":true}]}}