{"id":263635,"date":"2022-12-19T15:10:41","date_gmt":"2022-12-19T14:10:41","guid":{"rendered":"https:\/\/www.intoscana.it\/it\/?p=263635"},"modified":"2022-12-19T15:13:32","modified_gmt":"2022-12-19T14:13:32","slug":"no-women-no-panel-firenze","status":"publish","type":"post","link":"https:\/\/www.intoscana.it\/it\/no-women-no-panel-firenze\/","title":{"rendered":"No Women No Panel: a Firenze un protocollo per dar voce alle donne"},"content":{"rendered":"<p>Firenze aderisce a \u201c<strong>No Women No Panel<\/strong> &#8211; Senza donne non se ne parla\u201d, la campagna europea lanciata dalla Rai per promuovere una partecipazione bilanciata e plurale di donne e uomini negli eventi di comunicazione. Oggi <strong>l&#8217;Universit\u00e0 di Firenze<\/strong> e i 41 comuni della <strong>Citt\u00e0 Metropolitana<\/strong> hanno firmato con la Rai un protocollo d&#8217;intesa della durata triennale che ha <mark>l\u2019obiettivo di garantire e diffondere modelli e messaggi comunicativi garantendo parit\u00e0 di accesso e intervento negli spazi formativi di comunicazione, rispetto della dignit\u00e0 personale, culturale e professionale della donna<\/mark>, e di valorizzare una rappresentazione reale e non stereotipata della molteplicit\u00e0 dei ruoli assunti dalle donne nella societ\u00e0.<\/p>\n<p>L\u2019intesa \u00e8 stata siglata oggi in <strong>Palazzo Medici Riccardi<\/strong> dal sindaco della Citt\u00e0 Metropolitana di Firenze Dario Nardella, dalla presidente della Rai Marinella Soldi e dalla rettrice Alessandra Petrucci. In occasione della firma del protocollo si \u00e8 svolto il convegno \u201cLa misura della democrazia paritaria: quando le donne contano\u201d.<\/p>\n<p><em>&#8220;Le pari opportunit\u00e0 non sono uno slogan ma un&#8217;educazione al rispetto e alla promozione di tutti e tutte nella vita civica, familiare e professionale<\/em> &#8211; ha sottolineato il <strong>sindaco\u00a0Nardella<\/strong> &#8211; <em>anche a questo scopo \u00e8 importante l&#8217;attenzione ai numeri e alla presenza femminile nei confronti e nei dibattiti: l&#8217;intesa che firmiamo con la Rai e con l&#8217;Universit\u00e0 ha un grande valore perch\u00e9 va in questa direzione e concretizza un orientamento preciso e verificabile\u201d.<\/em><\/p>\n<h3>L&#8217;impegno dell&#8217;Universit\u00e0 di Firenze per l&#8217;equilibrio di genere<\/h3>\n<p>L\u2019Universit\u00e0 di Firenze, che gi\u00e0 ha adottato delle linee guida per <strong>l\u2019equilibrio di genere<\/strong> negli eventi organizzati dall\u2019Ateneo, aderisce al protocollo impegnandosi a raccogliere e condividere con la Rai i dati relativi alle proprie iniziative di comunicazione e disseminazione scientifica.<\/p>\n<p><em>&#8220;Le storie delle donne hanno fatto la storia del nostro Paese<\/em> \u2013 ha spiegato la rettrice, <strong>Alessandra Petrucci<\/strong> &#8211; <mark>le donne hanno costruito il volto di chi siamo oggi e gettano le basi per disegnare il nostro progetto di futuro. Qualunque circostanza che non consenta, direttamente o indirettamente, di dar voce alle donne inibisce lo stesso sviluppo del Paese <\/mark>e tacita una dialettica, che, sola, \u00e8 garanzia di democrazia e di crescita, ma la parit\u00e0 di genere non si deve elargire o concedere, bens\u00ec deve essere costruita, passo dopo passo, conquista dopo conquista, riconoscimento dopo riconoscimento. In un sistema politico democratico, la parit\u00e0 di genere deve essere elemento strutturale e, per questo, \u00e8 assunta come obiettivo strategico del Next Generation EU e di tutte le attivit\u00e0 del nostro Ateneo, intesa come un investimento e non come un atto di giustizia sociale&#8221;.<\/em><\/p>\n","protected":false},"excerpt":{"rendered":"<p>L&#8217;Universit\u00e0 di Firenze e i 41 comuni della Citt\u00e0 Metropolitana hanno aderito alla campagna europea della Rai per promuovere una partecipazione bilanciata negli eventi di comunicazione<\/p>\n","protected":false},"author":525,"featured_media":214917,"comment_status":"open","ping_status":"open","sticky":false,"template":"","format":"standard","meta":{"_acf_changed":false,"footnotes":""},"categories":[494],"tags":[411,202,353],"class_list":["post-263635","post","type-post","status-publish","format-standard","has-post-thumbnail","hentry","category-attualita","tag-donne","tag-firenze","tag-universita-di-firenze"],"acf":[],"yoast_head":"<!-- This site is optimized with the Yoast SEO Premium plugin v24.2 (Yoast SEO v25.6) - https:\/\/yoast.com\/wordpress\/plugins\/seo\/ -->\n<title>No Women No Panel: a Firenze un protocollo per dar voce alle donne - intoscana<\/title>\n<meta name=\"description\" content=\"A Firenze l&#039;Universit\u00e0 e i comuni della Citt\u00e0 Metropolitana hanno firmato il protocollo con la Rai per le donne &quot;No women no panel&quot;\" \/>\n<meta name=\"robots\" content=\"index, follow, max-snippet:-1, max-image-preview:large, max-video-preview:-1\" \/>\n<link rel=\"canonical\" href=\"https:\/\/www.intoscana.it\/it\/no-women-no-panel-firenze\/\" \/>\n<meta property=\"og:locale\" content=\"it_IT\" \/>\n<meta property=\"og:type\" content=\"article\" \/>\n<meta property=\"og:title\" content=\"No Women No Panel: a Firenze un protocollo per dar voce alle donne\" \/>\n<meta property=\"og:description\" content=\"A Firenze l&#039;Universit\u00e0 e i comuni della Citt\u00e0 Metropolitana hanno firmato il protocollo con la Rai per le donne &quot;No women no panel&quot;\" \/>\n<meta property=\"og:url\" content=\"https:\/\/www.intoscana.it\/it\/no-women-no-panel-firenze\/\" \/>\n<meta property=\"og:site_name\" content=\"intoscana\" \/>\n<meta property=\"article:publisher\" content=\"https:\/\/www.facebook.com\/intoscana.it\" \/>\n<meta property=\"article:published_time\" content=\"2022-12-19T14:10:41+00:00\" \/>\n<meta property=\"article:modified_time\" content=\"2022-12-19T14:13:32+00:00\" \/>\n<meta property=\"og:image\" content=\"https:\/\/www.intoscana.it\/wp-content\/uploads\/donne-6-scaled.jpg\" \/>\n\t<meta property=\"og:image:width\" content=\"2048\" \/>\n\t<meta property=\"og:image:height\" content=\"1367\" \/>\n\t<meta property=\"og:image:type\" content=\"image\/jpeg\" \/>\n<meta name=\"author\" content=\"Redazione\" \/>\n<meta name=\"twitter:card\" content=\"summary_large_image\" \/>\n<meta name=\"twitter:creator\" content=\"@intoscana\" \/>\n<meta name=\"twitter:site\" content=\"@intoscana\" \/>\n<meta name=\"twitter:label1\" content=\"Written by\" \/>\n\t<meta name=\"twitter:data1\" content=\"Redazione\" \/>\n\t<meta name=\"twitter:label2\" content=\"Est. reading time\" \/>\n\t<meta name=\"twitter:data2\" content=\"2 minuti\" \/>\n<script type=\"application\/ld+json\" class=\"yoast-schema-graph\">{\"@context\":\"https:\/\/schema.org\",\"@graph\":[{\"@type\":\"WebPage\",\"@id\":\"https:\/\/www.intoscana.it\/it\/no-women-no-panel-firenze\/\",\"url\":\"https:\/\/www.intoscana.it\/it\/no-women-no-panel-firenze\/\",\"name\":\"No Women No Panel: a Firenze un protocollo per dar voce alle donne - intoscana\",\"isPartOf\":{\"@id\":\"https:\/\/www.intoscana.it\/it\/#website\"},\"primaryImageOfPage\":{\"@id\":\"https:\/\/www.intoscana.it\/it\/no-women-no-panel-firenze\/#primaryimage\"},\"image\":{\"@id\":\"https:\/\/www.intoscana.it\/it\/no-women-no-panel-firenze\/#primaryimage\"},\"thumbnailUrl\":\"https:\/\/www.intoscana.it\/wp-content\/uploads\/donne-6-scaled.jpg\",\"datePublished\":\"2022-12-19T14:10:41+00:00\",\"dateModified\":\"2022-12-19T14:13:32+00:00\",\"author\":{\"@id\":\"https:\/\/www.intoscana.it\/it\/#\/schema\/person\/9223810753230f20bd670fdd322661f8\"},\"description\":\"A Firenze l'Universit\u00e0 e i comuni della Citt\u00e0 Metropolitana hanno firmato il protocollo con la Rai per le donne \\\"No women no panel\\\"\",\"breadcrumb\":{\"@id\":\"https:\/\/www.intoscana.it\/it\/no-women-no-panel-firenze\/#breadcrumb\"},\"inLanguage\":\"it-IT\",\"potentialAction\":[{\"@type\":\"ReadAction\",\"target\":[\"https:\/\/www.intoscana.it\/it\/no-women-no-panel-firenze\/\"]}]},{\"@type\":\"ImageObject\",\"inLanguage\":\"it-IT\",\"@id\":\"https:\/\/www.intoscana.it\/it\/no-women-no-panel-firenze\/#primaryimage\",\"url\":\"https:\/\/www.intoscana.it\/wp-content\/uploads\/donne-6-scaled.jpg\",\"contentUrl\":\"https:\/\/www.intoscana.it\/wp-content\/uploads\/donne-6-scaled.jpg\",\"width\":2048,\"height\":1367,\"caption\":\"Donne\"},{\"@type\":\"BreadcrumbList\",\"@id\":\"https:\/\/www.intoscana.it\/it\/no-women-no-panel-firenze\/#breadcrumb\",\"itemListElement\":[{\"@type\":\"ListItem\",\"position\":1,\"name\":\"Home\",\"item\":\"https:\/\/www.intoscana.it\/it\/\"},{\"@type\":\"ListItem\",\"position\":2,\"name\":\"No Women No Panel: a Firenze un protocollo per dar voce alle donne\"}]},{\"@type\":\"WebSite\",\"@id\":\"https:\/\/www.intoscana.it\/it\/#website\",\"url\":\"https:\/\/www.intoscana.it\/it\/\",\"name\":\"intoscana\",\"description\":\"\",\"potentialAction\":[{\"@type\":\"SearchAction\",\"target\":{\"@type\":\"EntryPoint\",\"urlTemplate\":\"https:\/\/www.intoscana.it\/it\/?s={search_term_string}\"},\"query-input\":{\"@type\":\"PropertyValueSpecification\",\"valueRequired\":true,\"valueName\":\"search_term_string\"}}],\"inLanguage\":\"it-IT\"},{\"@type\":\"Person\",\"@id\":\"https:\/\/www.intoscana.it\/it\/#\/schema\/person\/9223810753230f20bd670fdd322661f8\",\"name\":\"Redazione\",\"url\":\"https:\/\/www.intoscana.it\/it\/author\/redazione\/\"}]}<\/script>\n<!-- \/ Yoast SEO Premium plugin. -->","yoast_head_json":{"title":"No Women No Panel: a Firenze un protocollo per dar voce alle donne - intoscana","description":"A Firenze l'Universit\u00e0 e i comuni della Citt\u00e0 Metropolitana hanno firmato il protocollo con la Rai per le donne \"No women no panel\"","robots":{"index":"index","follow":"follow","max-snippet":"max-snippet:-1","max-image-preview":"max-image-preview:large","max-video-preview":"max-video-preview:-1"},"canonical":"https:\/\/www.intoscana.it\/it\/no-women-no-panel-firenze\/","og_locale":"it_IT","og_type":"article","og_title":"No Women No Panel: a Firenze un protocollo per dar voce alle donne","og_description":"A Firenze l'Universit\u00e0 e i comuni della Citt\u00e0 Metropolitana hanno firmato il protocollo con la Rai per le donne \"No women no panel\"","og_url":"https:\/\/www.intoscana.it\/it\/no-women-no-panel-firenze\/","og_site_name":"intoscana","article_publisher":"https:\/\/www.facebook.com\/intoscana.it","article_published_time":"2022-12-19T14:10:41+00:00","article_modified_time":"2022-12-19T14:13:32+00:00","og_image":[{"width":2048,"height":1367,"url":"https:\/\/www.intoscana.it\/wp-content\/uploads\/donne-6-scaled.jpg","type":"image\/jpeg"}],"author":"Redazione","twitter_card":"summary_large_image","twitter_creator":"@intoscana","twitter_site":"@intoscana","twitter_misc":{"Written by":"Redazione","Est. reading time":"2 minuti"},"schema":{"@context":"https:\/\/schema.org","@graph":[{"@type":"WebPage","@id":"https:\/\/www.intoscana.it\/it\/no-women-no-panel-firenze\/","url":"https:\/\/www.intoscana.it\/it\/no-women-no-panel-firenze\/","name":"No Women No Panel: a Firenze un protocollo per dar voce alle donne - intoscana","isPartOf":{"@id":"https:\/\/www.intoscana.it\/it\/#website"},"primaryImageOfPage":{"@id":"https:\/\/www.intoscana.it\/it\/no-women-no-panel-firenze\/#primaryimage"},"image":{"@id":"https:\/\/www.intoscana.it\/it\/no-women-no-panel-firenze\/#primaryimage"},"thumbnailUrl":"https:\/\/www.intoscana.it\/wp-content\/uploads\/donne-6-scaled.jpg","datePublished":"2022-12-19T14:10:41+00:00","dateModified":"2022-12-19T14:13:32+00:00","author":{"@id":"https:\/\/www.intoscana.it\/it\/#\/schema\/person\/9223810753230f20bd670fdd322661f8"},"description":"A Firenze l'Universit\u00e0 e i comuni della Citt\u00e0 Metropolitana hanno firmato il protocollo con la Rai per le donne \"No women no panel\"","breadcrumb":{"@id":"https:\/\/www.intoscana.it\/it\/no-women-no-panel-firenze\/#breadcrumb"},"inLanguage":"it-IT","potentialAction":[{"@type":"ReadAction","target":["https:\/\/www.intoscana.it\/it\/no-women-no-panel-firenze\/"]}]},{"@type":"ImageObject","inLanguage":"it-IT","@id":"https:\/\/www.intoscana.it\/it\/no-women-no-panel-firenze\/#primaryimage","url":"https:\/\/www.intoscana.it\/wp-content\/uploads\/donne-6-scaled.jpg","contentUrl":"https:\/\/www.intoscana.it\/wp-content\/uploads\/donne-6-scaled.jpg","width":2048,"height":1367,"caption":"Donne"},{"@type":"BreadcrumbList","@id":"https:\/\/www.intoscana.it\/it\/no-women-no-panel-firenze\/#breadcrumb","itemListElement":[{"@type":"ListItem","position":1,"name":"Home","item":"https:\/\/www.intoscana.it\/it\/"},{"@type":"ListItem","position":2,"name":"No Women No Panel: a Firenze un protocollo per dar voce alle donne"}]},{"@type":"WebSite","@id":"https:\/\/www.intoscana.it\/it\/#website","url":"https:\/\/www.intoscana.it\/it\/","name":"intoscana","description":"","potentialAction":[{"@type":"SearchAction","target":{"@type":"EntryPoint","urlTemplate":"https:\/\/www.intoscana.it\/it\/?s={search_term_string}"},"query-input":{"@type":"PropertyValueSpecification","valueRequired":true,"valueName":"search_term_string"}}],"inLanguage":"it-IT"},{"@type":"Person","@id":"https:\/\/www.intoscana.it\/it\/#\/schema\/person\/9223810753230f20bd670fdd322661f8","name":"Redazione","url":"https:\/\/www.intoscana.it\/it\/author\/redazione\/"}]}},"_links":{"self":[{"href":"https:\/\/www.intoscana.it\/it\/wp-json\/wp\/v2\/posts\/263635","targetHints":{"allow":["GET"]}}],"collection":[{"href":"https:\/\/www.intoscana.it\/it\/wp-json\/wp\/v2\/posts"}],"about":[{"href":"https:\/\/www.intoscana.it\/it\/wp-json\/wp\/v2\/types\/post"}],"author":[{"embeddable":true,"href":"https:\/\/www.intoscana.it\/it\/wp-json\/wp\/v2\/users\/525"}],"replies":[{"embeddable":true,"href":"https:\/\/www.intoscana.it\/it\/wp-json\/wp\/v2\/comments?post=263635"}],"version-history":[{"count":0,"href":"https:\/\/www.intoscana.it\/it\/wp-json\/wp\/v2\/posts\/263635\/revisions"}],"wp:featuredmedia":[{"embeddable":true,"href":"https:\/\/www.intoscana.it\/it\/wp-json\/wp\/v2\/media\/214917"}],"wp:attachment":[{"href":"https:\/\/www.intoscana.it\/it\/wp-json\/wp\/v2\/media?parent=263635"}],"wp:term":[{"taxonomy":"category","embeddable":true,"href":"https:\/\/www.intoscana.it\/it\/wp-json\/wp\/v2\/categories?post=263635"},{"taxonomy":"post_tag","embeddable":true,"href":"https:\/\/www.intoscana.it\/it\/wp-json\/wp\/v2\/tags?post=263635"}],"curies":[{"name":"wp","href":"https:\/\/api.w.org\/{rel}","templated":true}]}}