{"id":263781,"date":"2022-12-20T12:53:21","date_gmt":"2022-12-20T11:53:21","guid":{"rendered":"https:\/\/www.intoscana.it\/it\/?p=263781"},"modified":"2022-12-20T14:35:10","modified_gmt":"2022-12-20T13:35:10","slug":"servizi-socio-sanitari-la-regione-vara-la-riforma-in-toscana","status":"publish","type":"post","link":"https:\/\/www.intoscana.it\/it\/servizi-socio-sanitari-la-regione-vara-la-riforma-in-toscana\/","title":{"rendered":"Servizi socio-sanitari, la Regione vara la riforma in Toscana"},"content":{"rendered":"<p>Tre i pilastri della <mark>nuova assistenza socio-sanitaria territoriale: case di comunit\u00e0, ospedali di comunit\u00e0 e centrali operative territoriali<\/mark>. La riforma andr\u00e0 a regime entro i prossimi tre anni. Va oltre la semplice riorganizzazione dei <strong>sistemi sanitari, socio-sanitari e sociali<\/strong> la delibera approvata dalla Regione Toscana.<\/p>\n<p>Nel recepire il Dm 77, come sottolineato dal presidente, <strong>Eugenio Giani<\/strong> &#8220;<em>la Toscana non si \u00e8 limitata ad un semplice adempimento burocratico e ci ha aggiunto un pensiero ed un programma<\/em>\u201d. <mark>\u201c<em>Il risultato<\/em> \u2013 sottolineano presidente ed assessori \u2013 <em>\u00e8 un sistema che migliorer\u00e0 la capacit\u00e0 di risposta ai bisogni dei cittadini<\/em>\u201d<\/mark>.<\/p>\n<figure id=\"post-262138 media-262138\" class=\"align-none\"><img decoding=\"async\" src=\"https:\/\/www.intoscana.it\/wp-content\/uploads\/Eugenio_Giani.jpg\" alt=\"\" \/><\/figure>\n<div class=\"titleimg\">Eugenio Giani<\/div>\n<h3>I punti chiave della riforma<\/h3>\n<p>Si punta sull\u2019integrazione e il potenziamento delle <strong>cure domiciliari<\/strong>, sullo sviluppo della <strong>sanit\u00e0 di iniziativa<\/strong> (ovvero percorsi di prevenzione per gestire meglio le malattie croniche) e sulla <strong>presa in carico sul territorio<\/strong>. Un ruolo importante l\u2019avranno <mark> l\u2019innovazione e i servizi digitalizzati, la telemedicina e il telemonitoraggio<\/mark>.<\/p>\n<p><mark>Un modo per ridurre gli accessi impropri nei pronto soccorsi<\/mark>.<\/p>\n<p>\u201c<em>Questa riorganizzazione<\/em> &#8211; evidenzia l\u2019assessore alla sanit\u00e0, <strong>Simone Bezzini<\/strong> &#8211; <em>mette in campo un progetto toscano che costruisce nuovi pezzi di welfare e stato sociale nella nostre regione<\/em>\u201d. La Toscana \u00e8 stata spesso all\u2019<strong>avanguardia nella sanit\u00e0 territoriale<\/strong>: &#8220;<em>dalle case della salute all\u2019infermiere di comunit\u00e0 e di famiglia, tanto per fare qualche esempio. Abbiamo fatto tesoro di quanto realizzato ed andiamo ancora avanti<\/em>\u201d aggiunge Bezzini.<\/p>\n<h3>Sanit\u00e0, una risposta integrata<\/h3>\n<p>[\/mark]Centralit\u00e0 dei territori, servizi di prossimit\u00e0 e case di comunit\u00e0[\/mark] per dare una risposta sempre pi\u00f9 integrata ai bisogni di salute e di protezione sociale delle persone, soprattutto in un momento difficile come quello che stiamo vivendo.<\/p>\n<p>\u201c<em>La capacit\u00e0 di fare rete sul territorio e di lavorare in maniera sinergica tra le diverse professionalit\u00e0 e i vari servizi coinvolti, con le amministrazioni locali e il terzo settore sar\u00e0 decisiva per rispondere a bisogni sempre pi\u00f9 complessi, riconoscere i diritti, generare opportunit\u00e0 di inclusione sociale e qualificare cos\u00ec un rinnovato modello toscano di integrazione sociosanitaria e socioassistenziale<\/em>\u201d prosegue l\u2019assessora ai servizi sociali <strong>Serena Spinelli<\/strong>.<\/p>\n<h3>Le centrali operative territoriali<\/h3>\n<p>Ma cosa cambier\u00e0 in pratica dopo la riforma? Il cittadino continuer\u00e0 ad accedere al sistema attraverso <strong>il 116117<\/strong> (il numero unico per cure non urgenti). La novit\u00e0 \u00e8 costituita dalle <strong>centrali operative territoriali<\/strong>: un medico e cinque infermieri in servizio in ognuna, aperte dodici ore al giorno per sei giorni alla settimana, una a turno anche la notte e la domenica.<\/p>\n<p>Funzioneranno in back-office come <strong>una sorta di cabina di regia<\/strong> smistando percorsi e bisogni in base alle esigenze del cittadino: non solo in uscita dagli ospedali come oggi fanno le Acot, ma anche in entrata, dai territori agli ospedali od anche tra i vari servizi del territorio.<\/p>\n<h3>Il ruolo delle case di comunit\u00e0<\/h3>\n<p>Nasceranno con la riforma <strong>le case di comunit\u00e0<\/strong>, da 70 a 77 in tutta la regione, per specialisti di base, medici di famiglia, pediatri, infermieri di comunit\u00e0 e assistenti sociali. Offriranno assistenza in raccordo con la rete ospedaliera.<\/p>\n<p>Un sistema a rete, con <strong>il soccorso delle Uca<\/strong> \u2013 evoluzione delle unit\u00e0 mobili di distretto Usca tenute a battesimo durante la fase pi\u00f9 acuta della pandemia \u2013 che offriranno aiuto ad esempio nel caso di emergenze organizzative o di focolaio, attivabili dai medici di famiglia.<\/p>\n<h3>I compiti degli ospedali di comunit\u00e0<\/h3>\n<p>Nasceranno anche <strong>gli ospedali di comunit\u00e0<\/strong>\u00a0per <strong>le cure intermedie<\/strong> di persone fragili o anziane o con patologie croniche che necessitano di <strong>interventi a bassa intensit\u00e0<\/strong>, se non trattabili a domicilio. \u00a0Ci sar\u00e0 almeno un ospedale di comunit\u00e0 in ogni zona distretto o per societ\u00e0 della salute, con circa venti posti letto ogni 50 mila abitanti.<\/p>\n","protected":false},"excerpt":{"rendered":"<p>Tre i pilastri della nuova assistenza: centrali operative territoriali, case e ospedali di comunit\u00e0. Presidente ed assessori: \u201cMigliorer\u00e0 la capacit\u00e0 di risposta ai bisogni dei cittadini\u201d<\/p>\n","protected":false},"author":554,"featured_media":235679,"comment_status":"open","ping_status":"open","sticky":false,"template":"","format":"standard","meta":{"_acf_changed":false,"footnotes":""},"categories":[494],"tags":[158,151,349,4822,4883],"class_list":["post-263781","post","type-post","status-publish","format-standard","has-post-thumbnail","hentry","category-attualita","tag-eugenio-giani","tag-regione-toscana","tag-sanita","tag-serena-spinelli","tag-simone-bezzini"],"acf":[],"yoast_head":"<!-- This site is optimized with the Yoast SEO Premium plugin v24.2 (Yoast SEO v25.6) - https:\/\/yoast.com\/wordpress\/plugins\/seo\/ -->\n<title>Servizi socio-sanitari, la Regione vara la riforma in Toscana - intoscana<\/title>\n<meta name=\"description\" content=\"Tre i pilastri della nuova assistenza: centrali operative territoriali, case e ospedali di comunit\u00e0 per una risposta ai bisogli dei cittadini\" \/>\n<meta name=\"robots\" content=\"index, follow, max-snippet:-1, max-image-preview:large, max-video-preview:-1\" \/>\n<link rel=\"canonical\" href=\"https:\/\/www.intoscana.it\/it\/servizi-socio-sanitari-la-regione-vara-la-riforma-in-toscana\/\" \/>\n<meta property=\"og:locale\" content=\"it_IT\" \/>\n<meta property=\"og:type\" content=\"article\" \/>\n<meta property=\"og:title\" content=\"Servizi socio-sanitari, la Regione vara la riforma in Toscana\" \/>\n<meta property=\"og:description\" content=\"Tre i pilastri della nuova assistenza: centrali operative territoriali, case e ospedali di comunit\u00e0 per una risposta ai bisogli dei cittadini\" \/>\n<meta property=\"og:url\" content=\"https:\/\/www.intoscana.it\/it\/servizi-socio-sanitari-la-regione-vara-la-riforma-in-toscana\/\" \/>\n<meta property=\"og:site_name\" content=\"intoscana\" \/>\n<meta property=\"article:publisher\" content=\"https:\/\/www.facebook.com\/intoscana.it\" \/>\n<meta property=\"article:published_time\" content=\"2022-12-20T11:53:21+00:00\" \/>\n<meta property=\"article:modified_time\" content=\"2022-12-20T13:35:10+00:00\" \/>\n<meta property=\"og:image\" content=\"https:\/\/www.intoscana.it\/wp-content\/uploads\/sanita\u0300-Monster-Ztudio-scaled.jpg\" \/>\n\t<meta property=\"og:image:width\" content=\"2048\" \/>\n\t<meta property=\"og:image:height\" content=\"1366\" \/>\n\t<meta property=\"og:image:type\" content=\"image\/jpeg\" \/>\n<meta name=\"author\" content=\"Raffaella Galamini\" \/>\n<meta name=\"twitter:card\" content=\"summary_large_image\" \/>\n<meta name=\"twitter:creator\" content=\"@orio\" \/>\n<meta name=\"twitter:site\" content=\"@intoscana\" \/>\n<meta name=\"twitter:label1\" content=\"Written by\" \/>\n\t<meta name=\"twitter:data1\" content=\"Raffaella Galamini\" \/>\n\t<meta name=\"twitter:label2\" content=\"Est. reading time\" \/>\n\t<meta name=\"twitter:data2\" content=\"3 minuti\" \/>\n<script type=\"application\/ld+json\" class=\"yoast-schema-graph\">{\"@context\":\"https:\/\/schema.org\",\"@graph\":[{\"@type\":\"WebPage\",\"@id\":\"https:\/\/www.intoscana.it\/it\/servizi-socio-sanitari-la-regione-vara-la-riforma-in-toscana\/\",\"url\":\"https:\/\/www.intoscana.it\/it\/servizi-socio-sanitari-la-regione-vara-la-riforma-in-toscana\/\",\"name\":\"Servizi socio-sanitari, la Regione vara la riforma in Toscana - intoscana\",\"isPartOf\":{\"@id\":\"https:\/\/www.intoscana.it\/it\/#website\"},\"primaryImageOfPage\":{\"@id\":\"https:\/\/www.intoscana.it\/it\/servizi-socio-sanitari-la-regione-vara-la-riforma-in-toscana\/#primaryimage\"},\"image\":{\"@id\":\"https:\/\/www.intoscana.it\/it\/servizi-socio-sanitari-la-regione-vara-la-riforma-in-toscana\/#primaryimage\"},\"thumbnailUrl\":\"https:\/\/www.intoscana.it\/wp-content\/uploads\/sanita\u0300-Monster-Ztudio-scaled.jpg\",\"datePublished\":\"2022-12-20T11:53:21+00:00\",\"dateModified\":\"2022-12-20T13:35:10+00:00\",\"author\":{\"@id\":\"https:\/\/www.intoscana.it\/it\/#\/schema\/person\/9eb9daa846a49fe51af39a73d9d1986b\"},\"description\":\"Tre i pilastri della nuova assistenza: centrali operative territoriali, case e ospedali di comunit\u00e0 per una risposta ai bisogli dei cittadini\",\"breadcrumb\":{\"@id\":\"https:\/\/www.intoscana.it\/it\/servizi-socio-sanitari-la-regione-vara-la-riforma-in-toscana\/#breadcrumb\"},\"inLanguage\":\"it-IT\",\"potentialAction\":[{\"@type\":\"ReadAction\",\"target\":[\"https:\/\/www.intoscana.it\/it\/servizi-socio-sanitari-la-regione-vara-la-riforma-in-toscana\/\"]}]},{\"@type\":\"ImageObject\",\"inLanguage\":\"it-IT\",\"@id\":\"https:\/\/www.intoscana.it\/it\/servizi-socio-sanitari-la-regione-vara-la-riforma-in-toscana\/#primaryimage\",\"url\":\"https:\/\/www.intoscana.it\/wp-content\/uploads\/sanita\u0300-Monster-Ztudio-scaled.jpg\",\"contentUrl\":\"https:\/\/www.intoscana.it\/wp-content\/uploads\/sanita\u0300-Monster-Ztudio-scaled.jpg\",\"width\":2048,\"height\":1366,\"caption\":\"Sanit\u00e0, benessere, medicina, salute\"},{\"@type\":\"BreadcrumbList\",\"@id\":\"https:\/\/www.intoscana.it\/it\/servizi-socio-sanitari-la-regione-vara-la-riforma-in-toscana\/#breadcrumb\",\"itemListElement\":[{\"@type\":\"ListItem\",\"position\":1,\"name\":\"Home\",\"item\":\"https:\/\/www.intoscana.it\/it\/\"},{\"@type\":\"ListItem\",\"position\":2,\"name\":\"Servizi socio-sanitari, la Regione vara la riforma in Toscana\"}]},{\"@type\":\"WebSite\",\"@id\":\"https:\/\/www.intoscana.it\/it\/#website\",\"url\":\"https:\/\/www.intoscana.it\/it\/\",\"name\":\"intoscana\",\"description\":\"\",\"potentialAction\":[{\"@type\":\"SearchAction\",\"target\":{\"@type\":\"EntryPoint\",\"urlTemplate\":\"https:\/\/www.intoscana.it\/it\/?s={search_term_string}\"},\"query-input\":{\"@type\":\"PropertyValueSpecification\",\"valueRequired\":true,\"valueName\":\"search_term_string\"}}],\"inLanguage\":\"it-IT\"},{\"@type\":\"Person\",\"@id\":\"https:\/\/www.intoscana.it\/it\/#\/schema\/person\/9eb9daa846a49fe51af39a73d9d1986b\",\"name\":\"Raffaella Galamini\",\"sameAs\":[\"https:\/\/x.com\/orio\"],\"url\":\"https:\/\/www.intoscana.it\/it\/author\/r-galamini\/\"}]}<\/script>\n<!-- \/ Yoast SEO Premium plugin. -->","yoast_head_json":{"title":"Servizi socio-sanitari, la Regione vara la riforma in Toscana - intoscana","description":"Tre i pilastri della nuova assistenza: centrali operative territoriali, case e ospedali di comunit\u00e0 per una risposta ai bisogli dei cittadini","robots":{"index":"index","follow":"follow","max-snippet":"max-snippet:-1","max-image-preview":"max-image-preview:large","max-video-preview":"max-video-preview:-1"},"canonical":"https:\/\/www.intoscana.it\/it\/servizi-socio-sanitari-la-regione-vara-la-riforma-in-toscana\/","og_locale":"it_IT","og_type":"article","og_title":"Servizi socio-sanitari, la Regione vara la riforma in Toscana","og_description":"Tre i pilastri della nuova assistenza: centrali operative territoriali, case e ospedali di comunit\u00e0 per una risposta ai bisogli dei cittadini","og_url":"https:\/\/www.intoscana.it\/it\/servizi-socio-sanitari-la-regione-vara-la-riforma-in-toscana\/","og_site_name":"intoscana","article_publisher":"https:\/\/www.facebook.com\/intoscana.it","article_published_time":"2022-12-20T11:53:21+00:00","article_modified_time":"2022-12-20T13:35:10+00:00","og_image":[{"width":2048,"height":1366,"url":"https:\/\/www.intoscana.it\/wp-content\/uploads\/sanita\u0300-Monster-Ztudio-scaled.jpg","type":"image\/jpeg"}],"author":"Raffaella Galamini","twitter_card":"summary_large_image","twitter_creator":"@orio","twitter_site":"@intoscana","twitter_misc":{"Written by":"Raffaella Galamini","Est. reading time":"3 minuti"},"schema":{"@context":"https:\/\/schema.org","@graph":[{"@type":"WebPage","@id":"https:\/\/www.intoscana.it\/it\/servizi-socio-sanitari-la-regione-vara-la-riforma-in-toscana\/","url":"https:\/\/www.intoscana.it\/it\/servizi-socio-sanitari-la-regione-vara-la-riforma-in-toscana\/","name":"Servizi socio-sanitari, la Regione vara la riforma in Toscana - intoscana","isPartOf":{"@id":"https:\/\/www.intoscana.it\/it\/#website"},"primaryImageOfPage":{"@id":"https:\/\/www.intoscana.it\/it\/servizi-socio-sanitari-la-regione-vara-la-riforma-in-toscana\/#primaryimage"},"image":{"@id":"https:\/\/www.intoscana.it\/it\/servizi-socio-sanitari-la-regione-vara-la-riforma-in-toscana\/#primaryimage"},"thumbnailUrl":"https:\/\/www.intoscana.it\/wp-content\/uploads\/sanita\u0300-Monster-Ztudio-scaled.jpg","datePublished":"2022-12-20T11:53:21+00:00","dateModified":"2022-12-20T13:35:10+00:00","author":{"@id":"https:\/\/www.intoscana.it\/it\/#\/schema\/person\/9eb9daa846a49fe51af39a73d9d1986b"},"description":"Tre i pilastri della nuova assistenza: centrali operative territoriali, case e ospedali di comunit\u00e0 per una risposta ai bisogli dei cittadini","breadcrumb":{"@id":"https:\/\/www.intoscana.it\/it\/servizi-socio-sanitari-la-regione-vara-la-riforma-in-toscana\/#breadcrumb"},"inLanguage":"it-IT","potentialAction":[{"@type":"ReadAction","target":["https:\/\/www.intoscana.it\/it\/servizi-socio-sanitari-la-regione-vara-la-riforma-in-toscana\/"]}]},{"@type":"ImageObject","inLanguage":"it-IT","@id":"https:\/\/www.intoscana.it\/it\/servizi-socio-sanitari-la-regione-vara-la-riforma-in-toscana\/#primaryimage","url":"https:\/\/www.intoscana.it\/wp-content\/uploads\/sanita\u0300-Monster-Ztudio-scaled.jpg","contentUrl":"https:\/\/www.intoscana.it\/wp-content\/uploads\/sanita\u0300-Monster-Ztudio-scaled.jpg","width":2048,"height":1366,"caption":"Sanit\u00e0, benessere, medicina, salute"},{"@type":"BreadcrumbList","@id":"https:\/\/www.intoscana.it\/it\/servizi-socio-sanitari-la-regione-vara-la-riforma-in-toscana\/#breadcrumb","itemListElement":[{"@type":"ListItem","position":1,"name":"Home","item":"https:\/\/www.intoscana.it\/it\/"},{"@type":"ListItem","position":2,"name":"Servizi socio-sanitari, la Regione vara la riforma in Toscana"}]},{"@type":"WebSite","@id":"https:\/\/www.intoscana.it\/it\/#website","url":"https:\/\/www.intoscana.it\/it\/","name":"intoscana","description":"","potentialAction":[{"@type":"SearchAction","target":{"@type":"EntryPoint","urlTemplate":"https:\/\/www.intoscana.it\/it\/?s={search_term_string}"},"query-input":{"@type":"PropertyValueSpecification","valueRequired":true,"valueName":"search_term_string"}}],"inLanguage":"it-IT"},{"@type":"Person","@id":"https:\/\/www.intoscana.it\/it\/#\/schema\/person\/9eb9daa846a49fe51af39a73d9d1986b","name":"Raffaella Galamini","sameAs":["https:\/\/x.com\/orio"],"url":"https:\/\/www.intoscana.it\/it\/author\/r-galamini\/"}]}},"_links":{"self":[{"href":"https:\/\/www.intoscana.it\/it\/wp-json\/wp\/v2\/posts\/263781","targetHints":{"allow":["GET"]}}],"collection":[{"href":"https:\/\/www.intoscana.it\/it\/wp-json\/wp\/v2\/posts"}],"about":[{"href":"https:\/\/www.intoscana.it\/it\/wp-json\/wp\/v2\/types\/post"}],"author":[{"embeddable":true,"href":"https:\/\/www.intoscana.it\/it\/wp-json\/wp\/v2\/users\/554"}],"replies":[{"embeddable":true,"href":"https:\/\/www.intoscana.it\/it\/wp-json\/wp\/v2\/comments?post=263781"}],"version-history":[{"count":0,"href":"https:\/\/www.intoscana.it\/it\/wp-json\/wp\/v2\/posts\/263781\/revisions"}],"wp:featuredmedia":[{"embeddable":true,"href":"https:\/\/www.intoscana.it\/it\/wp-json\/wp\/v2\/media\/235679"}],"wp:attachment":[{"href":"https:\/\/www.intoscana.it\/it\/wp-json\/wp\/v2\/media?parent=263781"}],"wp:term":[{"taxonomy":"category","embeddable":true,"href":"https:\/\/www.intoscana.it\/it\/wp-json\/wp\/v2\/categories?post=263781"},{"taxonomy":"post_tag","embeddable":true,"href":"https:\/\/www.intoscana.it\/it\/wp-json\/wp\/v2\/tags?post=263781"}],"curies":[{"name":"wp","href":"https:\/\/api.w.org\/{rel}","templated":true}]}}